{"id":72246,"date":"2023-12-28T07:14:53","date_gmt":"2023-12-28T11:14:53","guid":{"rendered":"https:\/\/lasprimeras.com.do\/?p=72246"},"modified":"2023-12-28T07:14:55","modified_gmt":"2023-12-28T11:14:55","slug":"camara-de-diputados-aprueba-emision-de-bonos-por-344000-millones-de-pesos","status":"publish","type":"post","link":"https:\/\/lasprimeras.com.do\/index.php\/2023\/12\/28\/camara-de-diputados-aprueba-emision-de-bonos-por-344000-millones-de-pesos\/","title":{"rendered":"C\u00e1mara de Diputados aprueba emisi\u00f3n de bonos por 344,000 millones de pesos"},"content":{"rendered":"\n<p>Santo Domingo.-A los fines de sustentar el presupuesto del pr\u00f3ximo a\u00f1o 2024, los diputados del oficialista Partido Revolucionario Moderno (PRM), lograron ayer sancionar favorablemente un nuevo pr\u00e9stamo y un proyecto de ley que autoriza al poder Ejecutivo a emitir y colocar valores de deuda p\u00fablica.<\/p>\n\n\n\n<p>Ambas piezas contaron con el rechazo de los legisladores de oposici\u00f3n, quienes finalmente abandonaron el hemiciclo al estar en contra de las piezas conocidas ayer.<\/p>\n\n\n\n<p>En el caso del proyecto de ley que autoriza al Poder Ejecutivo a emitir y colocar valores de deuda p\u00fablica por un monto superior a los 344 mil millones de pesos, la C\u00e1mara de Diputados lo aprob\u00f3 en primera lectura, aunque no tuviera informa.<\/p>\n\n\n\n<p>La pieza, que lleg\u00f3 recientemente desde el Poder Ejecutivo fue, a solicitud del presidente de la C\u00e1mara de Diputados, liberada de ir a comisi\u00f3n para ser conocida en primera lectura, pedido que fue sancionado favorablemente a pesar de no contar con el voto de los opositores.<\/p>\n\n\n\n<p>De igual manera, el proyecto fue declarado de urgencia y remitido a una comisi\u00f3n que tendr\u00e1 hasta el ma\u00f1ana viernes para rendir un informe, el cual ser\u00e1 conocido en segunda lectura.<\/p>\n\n\n\n<p>La pieza forma parte de la Ley de Presupuesto del Estado para el a\u00f1o 2024, ya que se contempla esa partida dentro del dinero que pretende ingresar el Estado para el siguiente a\u00f1o.<\/p>\n\n\n\n<p>En una carta remitida por el presidente de la Rep\u00fablica, Luis Abinader, al presidente de la C\u00e1mara de Diputados, Alfredo Pacheco, este le indic\u00f3 que \u201catendiendo a la favorabilidad de las condiciones financieras del mercado\u201d el Ministerio de Hacienda dispondr\u00eda la colocaci\u00f3n y emisi\u00f3n de los referidos valores de deuda p\u00fablica en los mercados internacionales o dom\u00e9sticos.<\/p>\n\n\n\n<p>\u201cAsimismo, este proyecto de ley autoriza al Poder Ejecutivo a trav\u00e9s del Ministerio de Hacienda, a realizar operaciones de manejo, administraci\u00f3n o gesti\u00f3n de pasivos durante el a\u00f1o 2024 hasta el diez por ciento del balance de la deuda del sector p\u00fablico no financiero, que tengan como objetivo reducir el monto o el servicio de la deuda externa e interna del sector p\u00fablico no financiero\u201d, establece la misiva.<\/p>\n\n\n\n<p>Tambi\u00e9n, el mandatario indic\u00f3 que, de acuerdo con la Ley de Presupuesto General del Estado para el a\u00f1o 2024, \u201cse autoriza al Poder Ejecutivo, a trav\u00e9s del Ministerio de Hacienda, a realizar las modificaciones presupuestarias correspondientes a las aplicaciones financieras producto de cualquier operaci\u00f3n de administraci\u00f3n de pasivo\u201d.<\/p>\n\n\n\n<p>Aprueban un nuevo pr\u00e9stamo<\/p>\n\n\n\n<p>Por otro lado, y ya sin los legisladores de oposici\u00f3n presentes en el hemiciclo, la C\u00e1mara de Diputados aprob\u00f3 un nuevo pr\u00e9stamo por un monto de 100 millones de d\u00f3lares.<\/p>\n\n\n\n<p>El endeudamiento fue firmado entre el pa\u00eds y el Banco Internacional de Reconstrucci\u00f3n y Fomento (Birf), el pasado 24 de agosto del presente a\u00f1o.<\/p>\n\n\n\n<p>Seg\u00fan explica el contrato del pr\u00e9stamo, el dinero ser\u00eda utilizado en el financiamiento del proyecto de apoyo a la implementaci\u00f3n de las Estrategias del Programa Sup\u00e9rate y el Fortalecimiento del Sistema de Protecci\u00f3n Social, iniciativa que ser\u00e1 ejecutada por el Programa Sup\u00e9rate.<\/p>\n\n\n\n<p>Diputados sesionar\u00e1n ma\u00f1ana<\/p>\n\n\n\n<p>El presidente de la C\u00e1mara de Diputados, Alfredo Pacheco, logr\u00f3 reunir cu\u00f3rum suficiente, luego de la salida de los legisladores de oposici\u00f3n, para sancionar favorablemente un nuevo pr\u00e9stamo, que ahora pasar\u00e1 al Senado de la Rep\u00fablica.<\/p>\n\n\n\n<p>La C\u00e1mara de Diputados volver\u00e1 a sesionar ma\u00f1ana viernes, donde se podr\u00eda conocer en segunda lectura el proyecto de ley que autoriza al Poder Ejecutivo a emitir y colocar valores de deuda p\u00fablica.<\/p>\n","protected":false},"excerpt":{"rendered":"<p>Santo Domingo.-A los fines de sustentar el presupuesto del pr\u00f3ximo a\u00f1o 2024, los diputados del oficialista Partido Revolucionario Moderno (PRM), lograron ayer sancionar favorablemente un nuevo pr\u00e9stamo y un proyecto&hellip;<\/p>\n","protected":false},"author":3,"featured_media":72247,"comment_status":"open","ping_status":"open","sticky":false,"template":"","format":"standard","meta":{"content-type":"","jetpack_post_was_ever_published":false,"_jetpack_newsletter_access":"","_jetpack_dont_email_post_to_subs":false,"_jetpack_newsletter_tier_id":0,"_jetpack_memberships_contains_paywalled_content":false,"_jetpack_memberships_contains_paid_content":false,"footnotes":""},"categories":[35],"tags":[],"class_list":["post-72246","post","type-post","status-publish","format-standard","has-post-thumbnail","hentry","category-nacionales"],"jetpack_featured_media_url":"https:\/\/lasprimeras.com.do\/wp-content\/uploads\/2023\/12\/El-texto-del-parrafo-6.jpg","jetpack-related-posts":[{"id":72263,"url":"https:\/\/lasprimeras.com.do\/index.php\/2023\/12\/28\/diputados-aprueban-colocar-bonos-por-mas-de-rd340-mil-millones\/","url_meta":{"origin":72246,"position":0},"title":"Diputados aprueban colocar bonos por m\u00e1s de RD$340 mil millones","author":"Nelson Feliz","date":"28 de diciembre de 2023","format":false,"excerpt":"Tambi\u00e9n la ley de tasa cero a alimentos, el proyecto para crear el Sistema Nacional de Inteligencia y un pr\u00e9stamo por US$100 millones. En su sesi\u00f3n ordinaria de este mi\u00e9rcoles, la C\u00e1mara de Diputados sancion\u00f3 varios proyectos que incluyen la colocaci\u00f3n de bonos soberanos de deuda p\u00fablica, la ley que\u2026","rel":"","context":"En \u00abECONOM\u00cdA\u00bb","block_context":{"text":"ECONOM\u00cdA","link":"https:\/\/lasprimeras.com.do\/index.php\/category\/economia\/"},"img":{"alt_text":"Alfredo Pacheco","src":"https:\/\/i0.wp.com\/lasprimeras.com.do\/wp-content\/uploads\/2023\/12\/Alfredo-Pacheco.jpg?resize=350%2C200&ssl=1","width":350,"height":200,"srcset":"https:\/\/i0.wp.com\/lasprimeras.com.do\/wp-content\/uploads\/2023\/12\/Alfredo-Pacheco.jpg?resize=350%2C200&ssl=1 1x, https:\/\/i0.wp.com\/lasprimeras.com.do\/wp-content\/uploads\/2023\/12\/Alfredo-Pacheco.jpg?resize=525%2C300&ssl=1 1.5x, https:\/\/i0.wp.com\/lasprimeras.com.do\/wp-content\/uploads\/2023\/12\/Alfredo-Pacheco.jpg?resize=700%2C400&ssl=1 2x"},"classes":[]},{"id":109353,"url":"https:\/\/lasprimeras.com.do\/index.php\/2025\/09\/16\/congreso-aumenta-en-rd10627-millones-el-limite-de-emision-de-deuda-publica-del-gobierno-este-ano\/","url_meta":{"origin":72246,"position":1},"title":"Congreso aumenta en RD$10,627 millones el l\u00edmite de emisi\u00f3n de deuda p\u00fablica del Gobierno este a\u00f1o","author":"Nelson Feliz","date":"16 de septiembre de 2025","format":false,"excerpt":"Tras un ef\u00edmero recorrido de siete d\u00edas en el Congreso Nacional, la C\u00e1mara de Diputados convirti\u00f3 en ley el proyecto que incrementa en m\u00e1s de 10,627 millones de pesos el tope de autorizaci\u00f3n del Ministerio de Hacienda y Econom\u00eda para emitir y colocar valores de deuda p\u00fablica durante este a\u00f1o.\u2026","rel":"","context":"En \u00abECONOM\u00cdA\u00bb","block_context":{"text":"ECONOM\u00cdA","link":"https:\/\/lasprimeras.com.do\/index.php\/category\/economia\/"},"img":{"alt_text":"","src":"https:\/\/i0.wp.com\/lasprimeras.com.do\/wp-content\/uploads\/2025\/09\/Alfredo-Pacheco.jpg?resize=350%2C200&ssl=1","width":350,"height":200,"srcset":"https:\/\/i0.wp.com\/lasprimeras.com.do\/wp-content\/uploads\/2025\/09\/Alfredo-Pacheco.jpg?resize=350%2C200&ssl=1 1x, https:\/\/i0.wp.com\/lasprimeras.com.do\/wp-content\/uploads\/2025\/09\/Alfredo-Pacheco.jpg?resize=525%2C300&ssl=1 1.5x, https:\/\/i0.wp.com\/lasprimeras.com.do\/wp-content\/uploads\/2025\/09\/Alfredo-Pacheco.jpg?resize=700%2C400&ssl=1 2x"},"classes":[]},{"id":72446,"url":"https:\/\/lasprimeras.com.do\/index.php\/2023\/12\/29\/perremeistas-se-aprestan-aprobar-en-segunda-lectura-emision-de-bonos\/","url_meta":{"origin":72246,"position":2},"title":"Perreme\u00edstas se aprestan aprobar en segunda lectura emisi\u00f3n de bonos","author":"BIMARY DE JES\u00daS Matos","date":"29 de diciembre de 2023","format":false,"excerpt":"SANTO DOMINGO.- Con el rechazo de la oposici\u00f3n, que est\u00e1 dispuesta a someter un informe disidente en la sesi\u00f3n, los perreme\u00edstas se aprestan a aprobar este viernes en segunda lectura en la C\u00e1mara de Diputados la emisi\u00f3n de unos 344 mil millones de pesos en bonos y la eliminaci\u00f3n de\u2026","rel":"","context":"En \u00abSin categor\u00eda\u00bb","block_context":{"text":"Sin categor\u00eda","link":"https:\/\/lasprimeras.com.do\/index.php\/category\/sin-categoria\/"},"img":{"alt_text":"","src":"https:\/\/i0.wp.com\/lasprimeras.com.do\/wp-content\/uploads\/2023\/12\/Noticias-de-energia-2023-12-29T121341.489.webp?resize=350%2C200&ssl=1","width":350,"height":200,"srcset":"https:\/\/i0.wp.com\/lasprimeras.com.do\/wp-content\/uploads\/2023\/12\/Noticias-de-energia-2023-12-29T121341.489.webp?resize=350%2C200&ssl=1 1x, https:\/\/i0.wp.com\/lasprimeras.com.do\/wp-content\/uploads\/2023\/12\/Noticias-de-energia-2023-12-29T121341.489.webp?resize=525%2C300&ssl=1 1.5x"},"classes":[]},{"id":109244,"url":"https:\/\/lasprimeras.com.do\/index.php\/2025\/09\/15\/el-senado-aprueba-de-urgencia-aumento-de-mas-de-rd10-mil-millones-en-deuda-publica\/","url_meta":{"origin":72246,"position":3},"title":"El Senado aprueba de urgencia aumento de m\u00e1s de RD$10 mil millones en deuda p\u00fablica","author":"Nelson Feliz","date":"15 de septiembre de 2025","format":false,"excerpt":"Abinader justific\u00f3 la necesidad de la medida en que \u201cresponde a la expansi\u00f3n del gasto de capital prevista en la modificaci\u00f3n del presupuesto\". El Senado declar\u00f3 de urgencia y aprob\u00f3 este lunes en dos lecturas consecutivas el proyecto que modifica la Ley 90-24, del 20 de diciembre de 2024, para\u2026","rel":"","context":"En \u00abECONOM\u00cdA\u00bb","block_context":{"text":"ECONOM\u00cdA","link":"https:\/\/lasprimeras.com.do\/index.php\/category\/economia\/"},"img":{"alt_text":"","src":"https:\/\/i0.wp.com\/lasprimeras.com.do\/wp-content\/uploads\/2025\/09\/el-senado-aprueba-de-urgencia-aumento-de-mas-de-rd10-mil-millones-en-deuda-publica.jpg?resize=350%2C200&ssl=1","width":350,"height":200},"classes":[]},{"id":91889,"url":"https:\/\/lasprimeras.com.do\/index.php\/2024\/12\/05\/senado-aprueba-presupuesto-del-estado-por-16-billones-de-pesos\/","url_meta":{"origin":72246,"position":4},"title":"Senado aprueba Presupuesto del Estado por 1,6 billones de pesos","author":"Nelson Feliz","date":"5 de diciembre de 2024","format":false,"excerpt":"Santo Domingo,(EFE).- El Senado de la Rep\u00fablica aprob\u00f3 este jueves el Proyecto de Ley del Presupuesto General del Estado por un monto de algo m\u00e1s de 1,6 billones de pesos, que pasa al Poder Ejecutivo para su promulgaci\u00f3n. La iniciativa fue aprobada en una sesi\u00f3n extraordinaria, luego de que fuera\u2026","rel":"","context":"En \u00abECONOM\u00cdA\u00bb","block_context":{"text":"ECONOM\u00cdA","link":"https:\/\/lasprimeras.com.do\/index.php\/category\/economia\/"},"img":{"alt_text":"","src":"https:\/\/i0.wp.com\/lasprimeras.com.do\/wp-content\/uploads\/2024\/12\/senado-1.jpeg?resize=350%2C200&ssl=1","width":350,"height":200,"srcset":"https:\/\/i0.wp.com\/lasprimeras.com.do\/wp-content\/uploads\/2024\/12\/senado-1.jpeg?resize=350%2C200&ssl=1 1x, https:\/\/i0.wp.com\/lasprimeras.com.do\/wp-content\/uploads\/2024\/12\/senado-1.jpeg?resize=525%2C300&ssl=1 1.5x, https:\/\/i0.wp.com\/lasprimeras.com.do\/wp-content\/uploads\/2024\/12\/senado-1.jpeg?resize=700%2C400&ssl=1 2x, https:\/\/i0.wp.com\/lasprimeras.com.do\/wp-content\/uploads\/2024\/12\/senado-1.jpeg?resize=1050%2C600&ssl=1 3x, https:\/\/i0.wp.com\/lasprimeras.com.do\/wp-content\/uploads\/2024\/12\/senado-1.jpeg?resize=1400%2C800&ssl=1 4x"},"classes":[]},{"id":73447,"url":"https:\/\/lasprimeras.com.do\/index.php\/2024\/01\/11\/senado-convierte-en-ley-proyecto-crea-la-direccion-nacional-de-inteligencia-dni\/","url_meta":{"origin":72246,"position":5},"title":"Senado convierte en Ley proyecto crea la Direcci\u00f3n Nacional de Inteligencia (DNI)","author":"BIMARY DE JES\u00daS Matos","date":"11 de enero de 2024","format":false,"excerpt":"SANTO DOMINGO.- El Senado de la Rep\u00fablica aprob\u00f3 en dos sesiones consecutivas y convirti\u00f3 en ley el proyecto que crea la Direcci\u00f3n Nacional de Inteligencia (DNI), cuyo objetivo es la protecci\u00f3n de los intereses de la naci\u00f3n y evaluar amenazas internas y externas contra el Estado. El senador Dionis S\u00e1nchez,\u2026","rel":"","context":"En \u00abNACIONALES\u00bb","block_context":{"text":"NACIONALES","link":"https:\/\/lasprimeras.com.do\/index.php\/category\/nacionales\/"},"img":{"alt_text":"","src":"https:\/\/i0.wp.com\/lasprimeras.com.do\/wp-content\/uploads\/2024\/01\/WhatsApp-Image-2024-01-10-at-11.22.13-PM-2.jpeg?resize=350%2C200&ssl=1","width":350,"height":200,"srcset":"https:\/\/i0.wp.com\/lasprimeras.com.do\/wp-content\/uploads\/2024\/01\/WhatsApp-Image-2024-01-10-at-11.22.13-PM-2.jpeg?resize=350%2C200&ssl=1 1x, https:\/\/i0.wp.com\/lasprimeras.com.do\/wp-content\/uploads\/2024\/01\/WhatsApp-Image-2024-01-10-at-11.22.13-PM-2.jpeg?resize=525%2C300&ssl=1 1.5x"},"classes":[]}],"jetpack_sharing_enabled":true,"_links":{"self":[{"href":"https:\/\/lasprimeras.com.do\/index.php\/wp-json\/wp\/v2\/posts\/72246","targetHints":{"allow":["GET"]}}],"collection":[{"href":"https:\/\/lasprimeras.com.do\/index.php\/wp-json\/wp\/v2\/posts"}],"about":[{"href":"https:\/\/lasprimeras.com.do\/index.php\/wp-json\/wp\/v2\/types\/post"}],"author":[{"embeddable":true,"href":"https:\/\/lasprimeras.com.do\/index.php\/wp-json\/wp\/v2\/users\/3"}],"replies":[{"embeddable":true,"href":"https:\/\/lasprimeras.com.do\/index.php\/wp-json\/wp\/v2\/comments?post=72246"}],"version-history":[{"count":1,"href":"https:\/\/lasprimeras.com.do\/index.php\/wp-json\/wp\/v2\/posts\/72246\/revisions"}],"predecessor-version":[{"id":72248,"href":"https:\/\/lasprimeras.com.do\/index.php\/wp-json\/wp\/v2\/posts\/72246\/revisions\/72248"}],"wp:featuredmedia":[{"embeddable":true,"href":"https:\/\/lasprimeras.com.do\/index.php\/wp-json\/wp\/v2\/media\/72247"}],"wp:attachment":[{"href":"https:\/\/lasprimeras.com.do\/index.php\/wp-json\/wp\/v2\/media?parent=72246"}],"wp:term":[{"taxonomy":"category","embeddable":true,"href":"https:\/\/lasprimeras.com.do\/index.php\/wp-json\/wp\/v2\/categories?post=72246"},{"taxonomy":"post_tag","embeddable":true,"href":"https:\/\/lasprimeras.com.do\/index.php\/wp-json\/wp\/v2\/tags?post=72246"}],"curies":[{"name":"wp","href":"https:\/\/api.w.org\/{rel}","templated":true}]}}