{"id":72249,"date":"2023-12-28T07:16:47","date_gmt":"2023-12-28T11:16:47","guid":{"rendered":"https:\/\/lasprimeras.com.do\/?p=72249"},"modified":"2023-12-28T07:16:48","modified_gmt":"2023-12-28T11:16:48","slug":"director-digesett-se-une-al-foro-sobre-movilidad-urbana","status":"publish","type":"post","link":"https:\/\/lasprimeras.com.do\/index.php\/2023\/12\/28\/director-digesett-se-une-al-foro-sobre-movilidad-urbana\/","title":{"rendered":"Director Digesett se une al Foro sobre Movilidad Urbana"},"content":{"rendered":"\n<p>Santo Domingo.-El director general de Seguridad de Tr\u00e1nsito y Transporte Terrestre (Digesett), general Francisco Osoria de la Cruz, manifest\u00f3 su respaldo al Foro sobre Movilidad Urbana que se realizar\u00e1 en el pa\u00eds el 16 de enero pr\u00f3ximo, y se\u00f1al\u00f3 que el mismo ser\u00e1 de gran aporte en la b\u00fasqueda de soluciones a los principales problemas que afectan el tr\u00e1nsito y la movilidad.<\/p>\n\n\n\n<p>En visita de cortes\u00eda girada al director de List\u00edn Diario, Miguel Franjul, el director de la Digesett dijo que dos de los problemas m\u00e1s acuciantes que afectan el tr\u00e1nsito y aportan mayor cantidad de lesionados y muertes, son los motociclistas y conducir bajo los efectos de alcohol, y que su soluci\u00f3n requiere de intervenciones conjuntas entre autoridad y sociedad.<\/p>\n\n\n\n<p>El general Osoria de la Cruz salud\u00f3 la iniciativa de List\u00edn Diario de convocar a ese foro de discusi\u00f3n y solicit\u00f3 el concurso de toda la sociedad para que el pa\u00eds pueda salir del ranking de los primeros lugares en muertes y lesionados por accidentes de tr\u00e1nsito.<\/p>\n\n\n\n<p>Destac\u00f3 que es importante hacer \u00e9nfasis en las motocicletas, ya que de 19 fallecidos reportados por el Centro de Operaciones de Emergencias (COE) durante el asueto de Navidad 17 fueron motociclistas y el 73% de los lesionados tambi\u00e9n fueron personas que se trasladaban en motocicletas, muchos de ellos sin utilizar el casco protector.<\/p>\n\n\n\n<p>Ocho de la noche<\/p>\n\n\n\n<p>Explic\u00f3 que se ha dedicado a estudiar el fen\u00f3meno de muertes y lesionados por accidentes de tr\u00e1nsito y que los datos indican que la mayor\u00eda de los casos ocurren entre ocho de la noche y cuatro de la madrugada, los fines de semana, en motocicletas y personas en estado de embriaguez.<\/p>\n\n\n\n<p>Inform\u00f3 que el conducir bajo los efectos del alcohol es otro gran problema y que se enviaron 19 j\u00f3venes a capacitarse en M\u00e9xico en alcohol\u00edmetro.<\/p>\n\n\n\n<p>Inform\u00f3 que ha estado desarrollando jornadas de educaci\u00f3n, orientaci\u00f3n y entrega de casco protector, la cual encabez\u00f3 en el fin de semana de navidad en el peaje de la Autopista Duarte y este s\u00e1bado estar\u00e1 haciendo lo propio en Bayaguana, Sabana Grande de Boy\u00e1 y Saman\u00e1.<\/p>\n\n\n\n<p>Las acciones educativas, explic\u00f3, abarcar\u00e1n a principios del pr\u00f3ximo a\u00f1o a propietarios y conductores de veh\u00edculos pesados.<\/p>\n\n\n\n<p>En su visita , el director de la Digesett estuvo acompa\u00f1ado del coronel Miguel Balbuena \u00c1lvarez de la Polic\u00eda Nacional, director de Comunicaciones de la Digesett y el coronel de la Polic\u00eda Nacional Iv\u00e1n Mateo, enlace de medios de comunicaci\u00f3n y el organismo.<\/p>\n\n\n\n<p>16 de enero<\/p>\n\n\n\n<p>El Foro sobre la Movilidad Urbana, que procura discutir soluciones inmediatas al caos de los taponamientos del tr\u00e1nsito en las v\u00edas p\u00fablicas, ser\u00e1 celebrado el martes 16 de enero del 2024.<\/p>\n\n\n\n<p>El espacio de discusi\u00f3n propuesto por List\u00edn Diario tendr\u00e1 como sede el centro de convenciones del Ministerio de Relaciones Exteriores, a partir de las 9:00 de la ma\u00f1ana, con la participaci\u00f3n de los sectores vinculados al sistema de tr\u00e1nsito y transporte del pa\u00eds.<\/p>\n\n\n\n<p>Cuenta con el copatrocinio del Instituto Tecnol\u00f3gico de Santo Domingo (INTEC), la Universidad Nacional Pedro Henr\u00edquez Ure\u00f1a (UNPHU) y el Ministerio de la Presidencia a trav\u00e9s del Instituto Nacional de Tr\u00e1nsito y Transporte (INTRANT).<\/p>\n\n\n\n<p>Busca reunir en un mismo espacio a expertos y a todos los actores del sistema en busca de soluciones de corto plazo que permitan enfrentar el grave problema de tr\u00e1nsito y movilidad que afecta a la provincia de Santo Domingo.<\/p>\n\n\n\n<p>Para su puesta en marcha se han realizado diferentes reuniones de trabajo y se ha creado un comit\u00e9 t\u00e9cnico conformado por representantes de seis instituciones para afinar los aspectos m\u00e1s relevantes que deben ser atendidos en lo inmediato, as\u00ed como a mediano y largo plazo.<\/p>\n\n\n\n<p>Todos los actores<\/p>\n\n\n\n<p>Los principales representantes de las instituciones y de los gremios de transporte de cargas y pasajeros, autobuses, veh\u00edculos livianos, motores, camiones y patanas, as\u00ed como expertos en movilidad de Intec, Unphu y otras universidades, expondr\u00e1n sus ideas en ese evento.<\/p>\n\n\n\n<p>Igualmente, las alcald\u00edas del Gran Santo Domingo, juntas de vecinos, instituciones gubernamentales vinculadas , empresas privadas, ONGs y entidades de la sociedad civil , Procuradur\u00eda General, fiscales, Suprema Corte de Justicia y miembros del Congreso Nacional.<\/p>\n\n\n\n<p>Mesas de trabajo<\/p>\n\n\n\n<p>Para abarcar la mayor diversidad de causas de los problemas que afectan la movilidad, se constituir\u00e1n seis mesas de trabajo, cuyas recomendaciones formar\u00e1n parte de un plan de emergencia de corto plazo para enfrentar la crisis.<\/p>\n\n\n\n<p>Las mesas abordar\u00e1n el aspecto general, la fiscalizaci\u00f3n y cumplimiento, la tecnolog\u00eda, la accesibilidad y equidad, la planificaci\u00f3n urbana sostenible y desarrollo de las infraestructuras necesarias.<\/p>\n\n\n\n<p>Este ser\u00e1 el tercer foro nacional que patrocina el List\u00edn Diario para promover el examen de asuntos nacionales de inter\u00e9s y la adopci\u00f3n de estrategias y pol\u00edticas p\u00fablicas respectivas.<\/p>\n\n\n\n<p>Este a\u00f1o organiz\u00f3 el foro sobre el COVID y el de la salud y la Inteligencia Artificial, ambos patrocinados por la Pontificia Universidad Cat\u00f3lica Madre y Maestra y el Ministerio de Salud P\u00fablica.<\/p>\n","protected":false},"excerpt":{"rendered":"<p>Santo Domingo.-El director general de Seguridad de Tr\u00e1nsito y Transporte Terrestre (Digesett), general Francisco Osoria de la Cruz, manifest\u00f3 su respaldo al Foro sobre Movilidad Urbana que se realizar\u00e1 en&hellip;<\/p>\n","protected":false},"author":3,"featured_media":72250,"comment_status":"open","ping_status":"open","sticky":false,"template":"","format":"standard","meta":{"content-type":"","jetpack_post_was_ever_published":false,"_jetpack_newsletter_access":"","_jetpack_dont_email_post_to_subs":false,"_jetpack_newsletter_tier_id":0,"_jetpack_memberships_contains_paywalled_content":false,"_jetpack_memberships_contains_paid_content":false,"footnotes":""},"categories":[35],"tags":[244],"class_list":["post-72249","post","type-post","status-publish","format-standard","has-post-thumbnail","hentry","category-nacionales","tag-digesett"],"jetpack_featured_media_url":"https:\/\/lasprimeras.com.do\/wp-content\/uploads\/2023\/12\/El-texto-del-parrafo-7.jpg","jetpack-related-posts":[{"id":104289,"url":"https:\/\/lasprimeras.com.do\/index.php\/2025\/07\/23\/digesett-escucha-inquietudes-de-transportistas-y-verifica-puntos-criticos-de-transito-en-santiago\/","url_meta":{"origin":72249,"position":0},"title":"DIGESETT escucha inquietudes de transportistas y verifica puntos cr\u00edticos de tr\u00e1nsito en Santiago","author":"Nelson Feliz","date":"23 de julio de 2025","format":false,"excerpt":"El director de la Direcci\u00f3n General de Seguridad de Tr\u00e1nsito y Transporte Terrestre (DIGESETT), general Pascual Cruz M\u00e9ndez, junto al director regional de Santiago, coronel Leuribis A. Urb\u00e1ez Mancebo, sostuvo un encuentro con dirigentes del transporte local con el objetivo de escuchar sus inquietudes y avanzar en soluciones concretas para\u2026","rel":"","context":"En \u00abNACIONALES\u00bb","block_context":{"text":"NACIONALES","link":"https:\/\/lasprimeras.com.do\/index.php\/category\/nacionales\/"},"img":{"alt_text":"","src":"https:\/\/i0.wp.com\/lasprimeras.com.do\/wp-content\/uploads\/2025\/07\/S4.jpg?resize=350%2C200&ssl=1","width":350,"height":200,"srcset":"https:\/\/i0.wp.com\/lasprimeras.com.do\/wp-content\/uploads\/2025\/07\/S4.jpg?resize=350%2C200&ssl=1 1x, https:\/\/i0.wp.com\/lasprimeras.com.do\/wp-content\/uploads\/2025\/07\/S4.jpg?resize=525%2C300&ssl=1 1.5x, https:\/\/i0.wp.com\/lasprimeras.com.do\/wp-content\/uploads\/2025\/07\/S4.jpg?resize=700%2C400&ssl=1 2x"},"classes":[]},{"id":79080,"url":"https:\/\/lasprimeras.com.do\/index.php\/2024\/03\/23\/digesett-sigue-firme-con-los-operativos-para-hacer-cumplir-la-ley-de-transito\/","url_meta":{"origin":72249,"position":1},"title":"Digesett sigue firme con los operativos para hacer cumplir la ley de tr\u00e1nsito","author":"Juana Mercedes","date":"23 de marzo de 2024","format":false,"excerpt":"El director de la Direcci\u00f3n General de Seguridad de Tr\u00e1nsito y Transperrestre\u00a0(Digesett) general\u00a0Francisco Osoria de la Cruz,\u00a0garantiz\u00f3 que la entidad, implementa\u00a0operativos\u00a0para disminuir los\u00a0accidentes de tr\u00e1nsito\u00a0y hacer cumplir la\u00a0Ley 63-17 en la Rep\u00fablica Dominicana. La entidad revel\u00f3 en datos estad\u00edsticos que en los operativos realizados por los agentes de la Digesett\u2026","rel":"","context":"En \u00abMILITARES\u00bb","block_context":{"text":"MILITARES","link":"https:\/\/lasprimeras.com.do\/index.php\/category\/militares\/"},"img":{"alt_text":"Francisco Osoria de la Cruz","src":"https:\/\/i0.wp.com\/lasprimeras.com.do\/wp-content\/uploads\/2023\/12\/Francisco-Osoria-de-la-Cruz.jpg?resize=350%2C200&ssl=1","width":350,"height":200,"srcset":"https:\/\/i0.wp.com\/lasprimeras.com.do\/wp-content\/uploads\/2023\/12\/Francisco-Osoria-de-la-Cruz.jpg?resize=350%2C200&ssl=1 1x, https:\/\/i0.wp.com\/lasprimeras.com.do\/wp-content\/uploads\/2023\/12\/Francisco-Osoria-de-la-Cruz.jpg?resize=525%2C300&ssl=1 1.5x, https:\/\/i0.wp.com\/lasprimeras.com.do\/wp-content\/uploads\/2023\/12\/Francisco-Osoria-de-la-Cruz.jpg?resize=700%2C400&ssl=1 2x"},"classes":[]},{"id":124792,"url":"https:\/\/lasprimeras.com.do\/index.php\/2026\/03\/17\/camara-de-comercio-sdn-y-digesett-se-unen-por-el-transito-local\/","url_meta":{"origin":72249,"position":2},"title":"C\u00e1mara de Comercio SDN y DIGESETT se unen por el tr\u00e1nsito local","author":"Nelson Feliz","date":"17 de marzo de 2026","format":false,"excerpt":"La C\u00e1mara de Comercio Empresarial de Santo Domingo Norte sostuvo un encuentro institucional con el general Pascual Cruz M\u00e9ndez, director regional de la Direcci\u00f3n General de Seguridad de Tr\u00e1nsito y Transporte Terrestre (DIGESETT), con el prop\u00f3sito de mejorar el tr\u00e1nsito y fortalecer la seguridad vial en el municipio Santo Domingo\u2026","rel":"","context":"En \u00abNACIONALES\u00bb","block_context":{"text":"NACIONALES","link":"https:\/\/lasprimeras.com.do\/index.php\/category\/nacionales\/"},"img":{"alt_text":"","src":"https:\/\/i0.wp.com\/lasprimeras.com.do\/wp-content\/uploads\/2026\/03\/alianza.jpg?resize=350%2C200&ssl=1","width":350,"height":200,"srcset":"https:\/\/i0.wp.com\/lasprimeras.com.do\/wp-content\/uploads\/2026\/03\/alianza.jpg?resize=350%2C200&ssl=1 1x, https:\/\/i0.wp.com\/lasprimeras.com.do\/wp-content\/uploads\/2026\/03\/alianza.jpg?resize=525%2C300&ssl=1 1.5x, https:\/\/i0.wp.com\/lasprimeras.com.do\/wp-content\/uploads\/2026\/03\/alianza.jpg?resize=700%2C400&ssl=1 2x"},"classes":[]},{"id":95436,"url":"https:\/\/lasprimeras.com.do\/index.php\/2025\/03\/13\/digesett-y-la-cntu-se-reunen-para-abordar-temas-de-seguridad-vial\/","url_meta":{"origin":72249,"position":3},"title":"DIGESETT y la CNTU se re\u00fanen para abordar temas de seguridad vial","author":"Nelson Feliz","date":"13 de marzo de 2025","format":false,"excerpt":"CNTU presenta veh\u00edculos el\u00e9ctricos destinados al transporte p\u00fablico de pasajeros. La Direcci\u00f3n General de Seguridad de Tr\u00e1nsito y Transporte Terrestre (DIGESETT), encabezada por su director, el general Francisco Osoria de la Cruz, recibi\u00f3 la visita del presidente de la Central Nacional de Transportistas Unidos (CNTU), Williams P\u00e9rez Figuereo, as\u00ed como\u2026","rel":"","context":"En \u00abNACIONALES\u00bb","block_context":{"text":"NACIONALES","link":"https:\/\/lasprimeras.com.do\/index.php\/category\/nacionales\/"},"img":{"alt_text":"Osoria de la Cruz y Williams P\u00e9rez Figuereo","src":"https:\/\/i0.wp.com\/lasprimeras.com.do\/wp-content\/uploads\/2025\/03\/Osoria-de-la-Cruz-y-Williams-Perez-Figuereo.jpg?resize=350%2C200&ssl=1","width":350,"height":200,"srcset":"https:\/\/i0.wp.com\/lasprimeras.com.do\/wp-content\/uploads\/2025\/03\/Osoria-de-la-Cruz-y-Williams-Perez-Figuereo.jpg?resize=350%2C200&ssl=1 1x, https:\/\/i0.wp.com\/lasprimeras.com.do\/wp-content\/uploads\/2025\/03\/Osoria-de-la-Cruz-y-Williams-Perez-Figuereo.jpg?resize=525%2C300&ssl=1 1.5x"},"classes":[]},{"id":113097,"url":"https:\/\/lasprimeras.com.do\/index.php\/2025\/10\/29\/digesett-habilita-nuevo-contraflujo-en-la-avenida-abraham-lincoln\/","url_meta":{"origin":72249,"position":4},"title":"DIGESETT habilita nuevo contraflujo en la avenida Abraham Lincoln","author":"Nelson Feliz","date":"29 de octubre de 2025","format":false,"excerpt":"La Direcci\u00f3n General de Seguridad de Tr\u00e1nsito y Transporte Terrestre (DIGESETT) habilit\u00f3 desde el lunes un nuevo contraflujo en la avenida Abraham Lincoln, con el prop\u00f3sito de descongestionar el tr\u00e1nsito y optimizar la movilidad en una de las zonas m\u00e1s transitadas del Distrito Nacional. El director de la DIGESETT, general\u2026","rel":"","context":"En \u00abNACIONALES\u00bb","block_context":{"text":"NACIONALES","link":"https:\/\/lasprimeras.com.do\/index.php\/category\/nacionales\/"},"img":{"alt_text":"","src":"https:\/\/i0.wp.com\/lasprimeras.com.do\/wp-content\/uploads\/2025\/10\/avenida-Abraham-Lincoln.jpg?resize=350%2C200&ssl=1","width":350,"height":200,"srcset":"https:\/\/i0.wp.com\/lasprimeras.com.do\/wp-content\/uploads\/2025\/10\/avenida-Abraham-Lincoln.jpg?resize=350%2C200&ssl=1 1x, https:\/\/i0.wp.com\/lasprimeras.com.do\/wp-content\/uploads\/2025\/10\/avenida-Abraham-Lincoln.jpg?resize=525%2C300&ssl=1 1.5x"},"classes":[]},{"id":89783,"url":"https:\/\/lasprimeras.com.do\/index.php\/2024\/10\/05\/digesett-implementa-patrullaje-en-patinetas-para-agilizar-movilidad-en-la-zona-colonial\/","url_meta":{"origin":72249,"position":5},"title":"DIGESETT implementa patrullaje en patinetas para agilizar movilidad en la Zona Colonial","author":"Paola Castillo","date":"5 de octubre de 2024","format":false,"excerpt":"SANTO DOMINGO. - Con el prop\u00f3sito de eficientizar la movilidad y agilizar el tr\u00e1nsito en la Zona Colonial, la Direcci\u00f3n General de Seguridad de Tr\u00e1nsito y Transporte Terrestre (DIGESETT) ha relanzado varios agentes en patinetas el\u00e9ctricas, quienes estar\u00e1n diseminados en diferentes puntos estrat\u00e9gicos para dar respuesta r\u00e1pida a cualquier eventualidad\u2026","rel":"","context":"En \u00abNACIONALES\u00bb","block_context":{"text":"NACIONALES","link":"https:\/\/lasprimeras.com.do\/index.php\/category\/nacionales\/"},"img":{"alt_text":"","src":"https:\/\/i0.wp.com\/lasprimeras.com.do\/wp-content\/uploads\/2024\/10\/WhatsApp-Image-2024-10-05-at-3.26.01-PM.jpeg?resize=350%2C200&ssl=1","width":350,"height":200,"srcset":"https:\/\/i0.wp.com\/lasprimeras.com.do\/wp-content\/uploads\/2024\/10\/WhatsApp-Image-2024-10-05-at-3.26.01-PM.jpeg?resize=350%2C200&ssl=1 1x, https:\/\/i0.wp.com\/lasprimeras.com.do\/wp-content\/uploads\/2024\/10\/WhatsApp-Image-2024-10-05-at-3.26.01-PM.jpeg?resize=525%2C300&ssl=1 1.5x, https:\/\/i0.wp.com\/lasprimeras.com.do\/wp-content\/uploads\/2024\/10\/WhatsApp-Image-2024-10-05-at-3.26.01-PM.jpeg?resize=700%2C400&ssl=1 2x, https:\/\/i0.wp.com\/lasprimeras.com.do\/wp-content\/uploads\/2024\/10\/WhatsApp-Image-2024-10-05-at-3.26.01-PM.jpeg?resize=1050%2C600&ssl=1 3x, https:\/\/i0.wp.com\/lasprimeras.com.do\/wp-content\/uploads\/2024\/10\/WhatsApp-Image-2024-10-05-at-3.26.01-PM.jpeg?resize=1400%2C800&ssl=1 4x"},"classes":[]}],"jetpack_sharing_enabled":true,"_links":{"self":[{"href":"https:\/\/lasprimeras.com.do\/index.php\/wp-json\/wp\/v2\/posts\/72249","targetHints":{"allow":["GET"]}}],"collection":[{"href":"https:\/\/lasprimeras.com.do\/index.php\/wp-json\/wp\/v2\/posts"}],"about":[{"href":"https:\/\/lasprimeras.com.do\/index.php\/wp-json\/wp\/v2\/types\/post"}],"author":[{"embeddable":true,"href":"https:\/\/lasprimeras.com.do\/index.php\/wp-json\/wp\/v2\/users\/3"}],"replies":[{"embeddable":true,"href":"https:\/\/lasprimeras.com.do\/index.php\/wp-json\/wp\/v2\/comments?post=72249"}],"version-history":[{"count":1,"href":"https:\/\/lasprimeras.com.do\/index.php\/wp-json\/wp\/v2\/posts\/72249\/revisions"}],"predecessor-version":[{"id":72251,"href":"https:\/\/lasprimeras.com.do\/index.php\/wp-json\/wp\/v2\/posts\/72249\/revisions\/72251"}],"wp:featuredmedia":[{"embeddable":true,"href":"https:\/\/lasprimeras.com.do\/index.php\/wp-json\/wp\/v2\/media\/72250"}],"wp:attachment":[{"href":"https:\/\/lasprimeras.com.do\/index.php\/wp-json\/wp\/v2\/media?parent=72249"}],"wp:term":[{"taxonomy":"category","embeddable":true,"href":"https:\/\/lasprimeras.com.do\/index.php\/wp-json\/wp\/v2\/categories?post=72249"},{"taxonomy":"post_tag","embeddable":true,"href":"https:\/\/lasprimeras.com.do\/index.php\/wp-json\/wp\/v2\/tags?post=72249"}],"curies":[{"name":"wp","href":"https:\/\/api.w.org\/{rel}","templated":true}]}}