{"id":72255,"date":"2023-12-28T07:19:51","date_gmt":"2023-12-28T11:19:51","guid":{"rendered":"https:\/\/lasprimeras.com.do\/?p=72255"},"modified":"2023-12-28T07:19:53","modified_gmt":"2023-12-28T11:19:53","slug":"papa-recemos-por-el-final-de-las-guerras","status":"publish","type":"post","link":"https:\/\/lasprimeras.com.do\/index.php\/2023\/12\/28\/papa-recemos-por-el-final-de-las-guerras\/","title":{"rendered":"Papa: \u201cRecemos por el final de las guerras\u201d"},"content":{"rendered":"\n<p>Ciudad del Vaticano. El papa Francisco pidi\u00f3 rezar para que terminen las guerras y afirm\u00f3: \u201cLa guerra es un mal\u201d, durante la audiencia general celebrada en el aula Pablo VI del Vaticano.<\/p>\n\n\n\n<p>\u201cPor favor no olvidemos rezar por todos los que sufren las terribles consecuencias de la violencia y la guerra, especialmente recemos por la martirizada Ucrania y por el pueblo de Israel y Palestina\u201d, dijo el papa en un nuevo llamamiento.<\/p>\n\n\n\n<p>Y agreg\u00f3: \u201cLa guerra es un mal. Recemos por el fin de las guerras\u201d.<\/p>\n\n\n\n<p>Como en todas las ocasiones p\u00fablicas, el papa aprovech\u00f3 para pedir el fin de las guerras y este martes, durante el rezo del \u00e1ngelus, tambi\u00e9n inst\u00f3 a luchar por la paz ante el \u201cdesierto de muerte\u201d en Siria, Gaza y Ucrania.<\/p>\n\n\n\n<p>\u201cA la intercesi\u00f3n del primer m\u00e1rtir tambi\u00e9n pedimos la invocaci\u00f3n de la paz de los pueblos desgarrados por la guerra\u201d, dijo el papa asomado a la ventana del palacio apost\u00f3lico.<\/p>\n\n\n\n<p>Y a\u00f1adi\u00f3: \u201cLos medios de comunicaci\u00f3n nos muestran lo que produce la guerra. Lo hemos visto en Siria, en Gaza, lo vemos en la martirizada Ucrania. Un desierto de muerte y \u00bfeso es lo que queremos?\u201d.<\/p>\n\n\n\n<p>\u201cLos pueblos quieren la paz. Recemos por la paz, luchemos por la paz\u201d, concluy\u00f3 su llamamiento.<\/p>\n\n\n\n<p>En otro orden, el papa afirm\u00f3 que \u201ccon el diablo nunca se dialoga\u201d y que \u201ccuando lleguen las tentaciones no se debe dialogar y hay que cerrar la puerta\u201d, durante su catequesis en la audiencia general celebrada en el aula Pablo VI del Vaticano. <\/p>\n\n\n\n<p>\u201cCon el diablo nunca hay que dialogar. Jes\u00fas nunca dialog\u00f3 con el diablo, lo ahuyent\u00f3. (\u2026) Tened cuidado. <\/p>\n\n\n\n<p>El diablo es un seductor\u201d, dijo Francisco durante su catequesis dedicada a los vicios y las virtudes.<\/p>\n","protected":false},"excerpt":{"rendered":"<p>Ciudad del Vaticano. El papa Francisco pidi\u00f3 rezar para que terminen las guerras y afirm\u00f3: \u201cLa guerra es un mal\u201d, durante la audiencia general celebrada en el aula Pablo VI&hellip;<\/p>\n","protected":false},"author":3,"featured_media":72256,"comment_status":"open","ping_status":"open","sticky":false,"template":"","format":"standard","meta":{"content-type":"","jetpack_post_was_ever_published":false,"_jetpack_newsletter_access":"","_jetpack_dont_email_post_to_subs":false,"_jetpack_newsletter_tier_id":0,"_jetpack_memberships_contains_paywalled_content":false,"_jetpack_memberships_contains_paid_content":false,"footnotes":""},"categories":[1],"tags":[1388],"class_list":["post-72255","post","type-post","status-publish","format-standard","has-post-thumbnail","hentry","category-sin-categoria","tag-papa-francisco"],"jetpack_featured_media_url":"https:\/\/lasprimeras.com.do\/wp-content\/uploads\/2023\/12\/El-texto-del-parrafo-8.jpg","jetpack-related-posts":[{"id":89319,"url":"https:\/\/lasprimeras.com.do\/index.php\/2024\/09\/22\/el-papa-reclama-que-se-oiga-la-voz-de-los-pueblos-que-piden-la-paz\/","url_meta":{"origin":72255,"position":0},"title":"El papa reclama que &#8220;se oiga la voz de los pueblos que piden la paz&#8221;","author":"Nelson Feliz","date":"22 de septiembre de 2024","format":false,"excerpt":"Ciudad del Vaticano,(EFE).- El papa Francisco pidi\u00f3 este domingo que se escuche la voz de quienes piden la paz y lament\u00f3 \"que en los frentes de guerra la tensi\u00f3n es muy alta\", en un nuevo llamamiento despu\u00e9s del rezo del \u00e1ngelus desde la ventana del palacio apost\u00f3lico. \"Seguimos rezando por\u2026","rel":"","context":"En \u00abSin categor\u00eda\u00bb","block_context":{"text":"Sin categor\u00eda","link":"https:\/\/lasprimeras.com.do\/index.php\/category\/sin-categoria\/"},"img":{"alt_text":"El papa Francisco","src":"https:\/\/i0.wp.com\/lasprimeras.com.do\/wp-content\/uploads\/2024\/09\/El-papa-Francisco.jpg?resize=350%2C200&ssl=1","width":350,"height":200,"srcset":"https:\/\/i0.wp.com\/lasprimeras.com.do\/wp-content\/uploads\/2024\/09\/El-papa-Francisco.jpg?resize=350%2C200&ssl=1 1x, https:\/\/i0.wp.com\/lasprimeras.com.do\/wp-content\/uploads\/2024\/09\/El-papa-Francisco.jpg?resize=525%2C300&ssl=1 1.5x"},"classes":[]},{"id":87826,"url":"https:\/\/lasprimeras.com.do\/index.php\/2024\/08\/18\/el-papa-insta-al-dialogo-absteniendose-de-reacciones-violentas-en-o-medio-y-ucrania\/","url_meta":{"origin":72255,"position":1},"title":"El papa insta al di\u00e1logo &#8220;absteni\u00e9ndose de reacciones violentas&#8221; en O. Medio y Ucrania","author":"Nelson Feliz","date":"18 de agosto de 2024","format":false,"excerpt":"Ciudad del Vaticano, (EFE).- El papa Francisco inst\u00f3 al \"di\u00e1logo y negociaci\u00f3n, y absteni\u00e9ndose de reacciones violentas\" para llegar a la paz en Oriente Medio, Ucrania y en otros lugares donde hay guerras, en un llamamiento tras el rezo del \u00e1ngelus dominical. \"Sigamos rezando para que se abran caminos de\u2026","rel":"","context":"En \u00abSin categor\u00eda\u00bb","block_context":{"text":"Sin categor\u00eda","link":"https:\/\/lasprimeras.com.do\/index.php\/category\/sin-categoria\/"},"img":{"alt_text":"El papa","src":"https:\/\/i0.wp.com\/lasprimeras.com.do\/wp-content\/uploads\/2024\/08\/El-papa.jpg?resize=350%2C200&ssl=1","width":350,"height":200,"srcset":"https:\/\/i0.wp.com\/lasprimeras.com.do\/wp-content\/uploads\/2024\/08\/El-papa.jpg?resize=350%2C200&ssl=1 1x, https:\/\/i0.wp.com\/lasprimeras.com.do\/wp-content\/uploads\/2024\/08\/El-papa.jpg?resize=525%2C300&ssl=1 1.5x, https:\/\/i0.wp.com\/lasprimeras.com.do\/wp-content\/uploads\/2024\/08\/El-papa.jpg?resize=700%2C400&ssl=1 2x"},"classes":[]},{"id":71876,"url":"https:\/\/lasprimeras.com.do\/index.php\/2023\/12\/24\/el-papa-pide-no-confundir-la-fiesta-en-navidad-con-el-consumismo\/","url_meta":{"origin":72255,"position":2},"title":"El papa pide no confundir la fiesta en Navidad con el consumismo","author":"Nelson Feliz","date":"24 de diciembre de 2023","format":false,"excerpt":"Francisco tambi\u00e9n pidi\u00f3 recordar en esta Navidad a \"nuestros hermanos que sufren la guerra\" y \"pensar en Palestina, Israel y Ucrania y en los que sufren la miseria, el hambre y la esclavitud\". Ciudad del Vaticano, EFE.-. El papa Francisco pidi\u00f3 en ocasi\u00f3n de la Navidad \"no confundir la fiesta\u2026","rel":"","context":"En \u00abSin categor\u00eda\u00bb","block_context":{"text":"Sin categor\u00eda","link":"https:\/\/lasprimeras.com.do\/index.php\/category\/sin-categoria\/"},"img":{"alt_text":"El Papa Francisco asiste a su audiencia general semanal en el sal\u00f3n Papa Pablo VI en el Vaticano, el mi\u00e9rcoles 6 de diciembre de 2023ANDREW MEDICHINI","src":"https:\/\/i0.wp.com\/lasprimeras.com.do\/wp-content\/uploads\/2023\/12\/El-Papa-Francisco.jpeg?resize=350%2C200&ssl=1","width":350,"height":200,"srcset":"https:\/\/i0.wp.com\/lasprimeras.com.do\/wp-content\/uploads\/2023\/12\/El-Papa-Francisco.jpeg?resize=350%2C200&ssl=1 1x, https:\/\/i0.wp.com\/lasprimeras.com.do\/wp-content\/uploads\/2023\/12\/El-Papa-Francisco.jpeg?resize=525%2C300&ssl=1 1.5x, https:\/\/i0.wp.com\/lasprimeras.com.do\/wp-content\/uploads\/2023\/12\/El-Papa-Francisco.jpeg?resize=700%2C400&ssl=1 2x"},"classes":[]},{"id":100523,"url":"https:\/\/lasprimeras.com.do\/index.php\/2025\/06\/08\/el-papa-critica-el-nacionalismo-politico-y-reza-por-la-reconciliacion\/","url_meta":{"origin":72255,"position":3},"title":"El papa critica el nacionalismo pol\u00edtico y reza por la reconciliaci\u00f3n","author":"Nelson Feliz","date":"8 de junio de 2025","format":false,"excerpt":"CIUDAD DEL VATICANO (AP) \u2014 El papa Le\u00f3n XIV critic\u00f3 el domingo el aumento de los movimientos pol\u00edticos nacionalistas en el mundo y rez\u00f3 por la reconciliaci\u00f3n y el di\u00e1logo, un mensaje en l\u00ednea con sus promesas de hacer de la Iglesia Cat\u00f3lica un s\u00edmbolo de paz. El papa celebr\u00f3\u2026","rel":"","context":"En \u00abINTERNACIONALES\u00bb","block_context":{"text":"INTERNACIONALES","link":"https:\/\/lasprimeras.com.do\/index.php\/category\/sin-categoria\/internacionales\/"},"img":{"alt_text":"","src":"https:\/\/i0.wp.com\/lasprimeras.com.do\/wp-content\/uploads\/2025\/06\/PAPA.jpg?resize=350%2C200&ssl=1","width":350,"height":200,"srcset":"https:\/\/i0.wp.com\/lasprimeras.com.do\/wp-content\/uploads\/2025\/06\/PAPA.jpg?resize=350%2C200&ssl=1 1x, https:\/\/i0.wp.com\/lasprimeras.com.do\/wp-content\/uploads\/2025\/06\/PAPA.jpg?resize=525%2C300&ssl=1 1.5x, https:\/\/i0.wp.com\/lasprimeras.com.do\/wp-content\/uploads\/2025\/06\/PAPA.jpg?resize=700%2C400&ssl=1 2x"},"classes":[]},{"id":49710,"url":"https:\/\/lasprimeras.com.do\/index.php\/2023\/05\/13\/zelenski-y-el-papa-francisco-se-reunieron-este-sabado-en-el-vaticano\/","url_meta":{"origin":72255,"position":4},"title":"Zelenski y el papa Francisco se reunieron este s\u00e1bado en el Vaticano","author":"prenxa100","date":"13 de mayo de 2023","format":false,"excerpt":"El Vaticano.-. El presidente ucraniano, Volodimir Zelenski, y el papa Francisco se reunieron este s\u00e1bado en el Vaticano durante unos 40 minutos, en un esperado encuentro que se produjo despu\u00e9s que el pont\u00edfice revelase que est\u00e1 en marcha una misi\u00f3n para poder poner fin a la guerra en Ucrania de\u2026","rel":"","context":"En \u00abSin categor\u00eda\u00bb","block_context":{"text":"Sin categor\u00eda","link":"https:\/\/lasprimeras.com.do\/index.php\/category\/sin-categoria\/"},"img":{"alt_text":"","src":"","width":0,"height":0},"classes":[]},{"id":71090,"url":"https:\/\/lasprimeras.com.do\/index.php\/2023\/12\/17\/el-papa-denuncia-el-ataque-a-una-parroquia-en-gaza-con-civiles-inermes\/","url_meta":{"origin":72255,"position":5},"title":"El papa denuncia el ataque a una parroquia en Gaza con &#8220;civiles inermes&#8221;","author":"Nelson Feliz","date":"17 de diciembre de 2023","format":false,"excerpt":"El pont\u00edfice argentino denunci\u00f3 el asesinato de una madre y su hija, cuyos nombres pronunci\u00f3 p\u00fablicamente, \"mientras iban al ba\u00f1o\". Ciudad del Vaticano, EFE.-. El papa Francisco denunci\u00f3 el ataque a la parroquia de la Sagrada Familia de la Franja de Gaza en el que fueron asesinadas dos mujeres y\u2026","rel":"","context":"En \u00abSin categor\u00eda\u00bb","block_context":{"text":"Sin categor\u00eda","link":"https:\/\/lasprimeras.com.do\/index.php\/category\/sin-categoria\/"},"img":{"alt_text":"El papa Francisco asiste a la audiencia general semanal en el aula Pablo VI en el Vaticano, 23 de agosto de 2023.(AP FOTO\/ANDREW MEDICHINI, FILE)","src":"https:\/\/i0.wp.com\/lasprimeras.com.do\/wp-content\/uploads\/2023\/09\/El-papa-Francisco.jpeg?resize=350%2C200&ssl=1","width":350,"height":200,"srcset":"https:\/\/i0.wp.com\/lasprimeras.com.do\/wp-content\/uploads\/2023\/09\/El-papa-Francisco.jpeg?resize=350%2C200&ssl=1 1x, https:\/\/i0.wp.com\/lasprimeras.com.do\/wp-content\/uploads\/2023\/09\/El-papa-Francisco.jpeg?resize=525%2C300&ssl=1 1.5x, https:\/\/i0.wp.com\/lasprimeras.com.do\/wp-content\/uploads\/2023\/09\/El-papa-Francisco.jpeg?resize=700%2C400&ssl=1 2x"},"classes":[]}],"jetpack_sharing_enabled":true,"_links":{"self":[{"href":"https:\/\/lasprimeras.com.do\/index.php\/wp-json\/wp\/v2\/posts\/72255","targetHints":{"allow":["GET"]}}],"collection":[{"href":"https:\/\/lasprimeras.com.do\/index.php\/wp-json\/wp\/v2\/posts"}],"about":[{"href":"https:\/\/lasprimeras.com.do\/index.php\/wp-json\/wp\/v2\/types\/post"}],"author":[{"embeddable":true,"href":"https:\/\/lasprimeras.com.do\/index.php\/wp-json\/wp\/v2\/users\/3"}],"replies":[{"embeddable":true,"href":"https:\/\/lasprimeras.com.do\/index.php\/wp-json\/wp\/v2\/comments?post=72255"}],"version-history":[{"count":1,"href":"https:\/\/lasprimeras.com.do\/index.php\/wp-json\/wp\/v2\/posts\/72255\/revisions"}],"predecessor-version":[{"id":72257,"href":"https:\/\/lasprimeras.com.do\/index.php\/wp-json\/wp\/v2\/posts\/72255\/revisions\/72257"}],"wp:featuredmedia":[{"embeddable":true,"href":"https:\/\/lasprimeras.com.do\/index.php\/wp-json\/wp\/v2\/media\/72256"}],"wp:attachment":[{"href":"https:\/\/lasprimeras.com.do\/index.php\/wp-json\/wp\/v2\/media?parent=72255"}],"wp:term":[{"taxonomy":"category","embeddable":true,"href":"https:\/\/lasprimeras.com.do\/index.php\/wp-json\/wp\/v2\/categories?post=72255"},{"taxonomy":"post_tag","embeddable":true,"href":"https:\/\/lasprimeras.com.do\/index.php\/wp-json\/wp\/v2\/tags?post=72255"}],"curies":[{"name":"wp","href":"https:\/\/api.w.org\/{rel}","templated":true}]}}