{"id":72258,"date":"2023-12-28T07:22:07","date_gmt":"2023-12-28T11:22:07","guid":{"rendered":"https:\/\/lasprimeras.com.do\/?p=72258"},"modified":"2023-12-28T07:22:09","modified_gmt":"2023-12-28T11:22:09","slug":"los-leones-pierden-a-cordero-lopez-y-calixte-para-la-semifinal","status":"publish","type":"post","link":"https:\/\/lasprimeras.com.do\/index.php\/2023\/12\/28\/los-leones-pierden-a-cordero-lopez-y-calixte-para-la-semifinal\/","title":{"rendered":"Los Leones pierden a Cordero, L\u00f3pez y Calixte para la semifinal"},"content":{"rendered":"\n<p>SANTO DOMINGO.- Los Leones del Escogido informaron de que no podr\u00e1n contar con los servicios del cerrador Jimmy Cordero y los jugadores del cuadro interior Otto L\u00f3pez y Orlando Calixte para la semifinal del campeonato de b\u00e9isbol invernal dominicano que comienza este mi\u00e9rcoles.<\/p>\n\n\n\n<p>El conjunto capitalino se\u00f1al\u00f3 que los jugadores no podr\u00e1n continuar accionando con el equipo debido a que han sido impedidos de hacerlo por sus equipos profesionales en las Grandes Ligas y de la Liga Japonesa de B\u00e9isbol Profesional.<\/p>\n\n\n\n<p>Cordero, quien pertenece a los Marinos de Chiba Lotte en Jap\u00f3n, fue el pilar del relevo en el equipo escarlata, logrando completar las 11 oportunidades de salvamento en las que lanz\u00f3 en la temporada regular de la Liga de B\u00e9isbol Profesional de la Rep\u00fablica Dominicana (Lidom).<\/p>\n\n\n\n<p>En total, Cordero lanz\u00f3 en 19 encuentros, en los que ponch\u00f3 a 12 bateadores en 19 entradas y culmin\u00f3 con promedio de carreras limpias permitidas de 2.37.<\/p>\n\n\n\n<p>Ante la ausencia de Cordero, los Leones tendr\u00e1n al diestro Richard Rodr\u00edguez, escogido en el sorteo de reingreso, como una opci\u00f3n para ocupar el puesto de cerrador.<\/p>\n","protected":false},"excerpt":{"rendered":"<p>SANTO DOMINGO.- Los Leones del Escogido informaron de que no podr\u00e1n contar con los servicios del cerrador Jimmy Cordero y los jugadores del cuadro interior Otto L\u00f3pez y Orlando Calixte&hellip;<\/p>\n","protected":false},"author":3,"featured_media":72259,"comment_status":"open","ping_status":"open","sticky":false,"template":"","format":"standard","meta":{"content-type":"","jetpack_post_was_ever_published":false,"_jetpack_newsletter_access":"","_jetpack_dont_email_post_to_subs":false,"_jetpack_newsletter_tier_id":0,"_jetpack_memberships_contains_paywalled_content":false,"_jetpack_memberships_contains_paid_content":false,"footnotes":""},"categories":[1],"tags":[8694],"class_list":["post-72258","post","type-post","status-publish","format-standard","has-post-thumbnail","hentry","category-sin-categoria","tag-leones-del-escogido"],"jetpack_featured_media_url":"https:\/\/lasprimeras.com.do\/wp-content\/uploads\/2023\/12\/El-texto-del-parrafo-1.png","jetpack-related-posts":[{"id":120808,"url":"https:\/\/lasprimeras.com.do\/index.php\/2026\/01\/28\/banreservas-entrega-copa-a-los-leones-del-escogido-campeones-de-la-serie-final-de-lidom-25-26\/","url_meta":{"origin":72258,"position":0},"title":"Banreservas entrega copa a los Leones del Escogido, campeones de la Serie Final de LIDOM 25-26","author":"Nelson Feliz","date":"28 de enero de 2026","format":false,"excerpt":"La instituci\u00f3n financiera reafirma su compromiso con la Liga de B\u00e9isbol Profesional de la Rep\u00fablica Dominicana y el deporte nacional. El Banco de Reservas entreg\u00f3 la copa de campeones a los Leones del Escogido, ganadores de la Serie Final del Torneo de B\u00e9isbol Oto\u00f1o-Invierno Dominicano (LIDOM) 2025-2026, reafirmando as\u00ed su\u2026","rel":"","context":"En \u00abDEPORTES\u00bb","block_context":{"text":"DEPORTES","link":"https:\/\/lasprimeras.com.do\/index.php\/category\/deportes\/"},"img":{"alt_text":"","src":"https:\/\/i0.wp.com\/lasprimeras.com.do\/wp-content\/uploads\/2026\/01\/IMG-20260127-WA0909.jpg?resize=350%2C200&ssl=1","width":350,"height":200,"srcset":"https:\/\/i0.wp.com\/lasprimeras.com.do\/wp-content\/uploads\/2026\/01\/IMG-20260127-WA0909.jpg?resize=350%2C200&ssl=1 1x, https:\/\/i0.wp.com\/lasprimeras.com.do\/wp-content\/uploads\/2026\/01\/IMG-20260127-WA0909.jpg?resize=525%2C300&ssl=1 1.5x, https:\/\/i0.wp.com\/lasprimeras.com.do\/wp-content\/uploads\/2026\/01\/IMG-20260127-WA0909.jpg?resize=700%2C400&ssl=1 2x, https:\/\/i0.wp.com\/lasprimeras.com.do\/wp-content\/uploads\/2026\/01\/IMG-20260127-WA0909.jpg?resize=1050%2C600&ssl=1 3x"},"classes":[]},{"id":73754,"url":"https:\/\/lasprimeras.com.do\/index.php\/2024\/01\/16\/fernando-tatis-jr-no-seguira-con-estrellas-esta-temporada\/","url_meta":{"origin":72258,"position":1},"title":"Fernando Tatis Jr. no seguir\u00e1 con Estrellas esta temporada","author":"BIMARY DE JES\u00daS Matos","date":"16 de enero de 2024","format":false,"excerpt":"SAN PEDRO DE MACOR\u00cdS.- El estelar jardinero de Grandes Ligas Fernando Tatis Jr. no seguir\u00e1 con las Estrellas el resto de la actual temporada, inform\u00f3 el equipo de la Liga de B\u00e9isbol Profesional de la Rep\u00fablica Dominicana, por medio a un despacho de prensa. Las Estrellas manifestaron que Tatis Jr.\u2026","rel":"","context":"En \u00abSin categor\u00eda\u00bb","block_context":{"text":"Sin categor\u00eda","link":"https:\/\/lasprimeras.com.do\/index.php\/category\/sin-categoria\/"},"img":{"alt_text":"","src":"https:\/\/i0.wp.com\/lasprimeras.com.do\/wp-content\/uploads\/2024\/01\/Noticias-de-energia-13-3.webp?resize=350%2C200&ssl=1","width":350,"height":200,"srcset":"https:\/\/i0.wp.com\/lasprimeras.com.do\/wp-content\/uploads\/2024\/01\/Noticias-de-energia-13-3.webp?resize=350%2C200&ssl=1 1x, https:\/\/i0.wp.com\/lasprimeras.com.do\/wp-content\/uploads\/2024\/01\/Noticias-de-energia-13-3.webp?resize=525%2C300&ssl=1 1.5x"},"classes":[]},{"id":70336,"url":"https:\/\/lasprimeras.com.do\/index.php\/2023\/12\/11\/leones-ganan-tercero-seguido-y-empatan-con-estrellas-en-segundo-lugar\/","url_meta":{"origin":72258,"position":2},"title":"Leones ganan tercero seguido y empatan con Estrellas en segundo lugar","author":"Nelson Feliz","date":"11 de diciembre de 2023","format":false,"excerpt":"La victoria de los Leones (22-18), tercera en l\u00ednea, los empata en segundo lugar con las Estrellas Orientales y colocar su r\u00e9cord en casa en 10-10. Otto L\u00f3pez dio su segundo jonr\u00f3n de la temporada para contribuir a la victoria de los Leones del Escogido 4-3 ante los Toros del\u2026","rel":"","context":"En \u00abSin categor\u00eda\u00bb","block_context":{"text":"Sin categor\u00eda","link":"https:\/\/lasprimeras.com.do\/index.php\/category\/sin-categoria\/"},"img":{"alt_text":"Leones ganan tercero seguido y empatan con Estrellas en segundo lugar","src":"https:\/\/i0.wp.com\/lasprimeras.com.do\/wp-content\/uploads\/2023\/12\/leones.jpg?resize=350%2C200&ssl=1","width":350,"height":200,"srcset":"https:\/\/i0.wp.com\/lasprimeras.com.do\/wp-content\/uploads\/2023\/12\/leones.jpg?resize=350%2C200&ssl=1 1x, https:\/\/i0.wp.com\/lasprimeras.com.do\/wp-content\/uploads\/2023\/12\/leones.jpg?resize=525%2C300&ssl=1 1.5x, https:\/\/i0.wp.com\/lasprimeras.com.do\/wp-content\/uploads\/2023\/12\/leones.jpg?resize=700%2C400&ssl=1 2x"},"classes":[]},{"id":79060,"url":"https:\/\/lasprimeras.com.do\/index.php\/2024\/03\/23\/leones-renuevan-su-acuerdo-con-el-grande-ligas-jose-ramirez\/","url_meta":{"origin":72258,"position":3},"title":"Leones renuevan su acuerdo con el Grande Ligas Jos\u00e9 Ram\u00edrez","author":"BIMARY DE JES\u00daS Matos","date":"23 de marzo de 2024","format":false,"excerpt":"Santo Domingo.- Los Leones del Escogido anunciaron que han renovado su acuerdo con el tercera base Jos\u00e9 Ram\u00edrez, quien juega para los Guardianes de Cleveland en las Grandes Ligas, garantizando su continuidad con el equipo en la Liga de B\u00e9isbol Profesional Dominicana. La firma de Ram\u00edrez encabez\u00f3 los movimientos realizados\u2026","rel":"","context":"En \u00abSin categor\u00eda\u00bb","block_context":{"text":"Sin categor\u00eda","link":"https:\/\/lasprimeras.com.do\/index.php\/category\/sin-categoria\/"},"img":{"alt_text":"","src":"https:\/\/i0.wp.com\/lasprimeras.com.do\/wp-content\/uploads\/2024\/03\/WhatsApp-Image-2024-03-22-at-4.47.43-PM-3.jpeg?resize=350%2C200&ssl=1","width":350,"height":200},"classes":[]},{"id":120973,"url":"https:\/\/lasprimeras.com.do\/index.php\/2026\/01\/29\/abinader-entrega-la-bandera-dominicana-a-los-leones-del-escogido-para-la-serie-del-caribe-2026\/","url_meta":{"origin":72258,"position":4},"title":"Abinader entrega la bandera dominicana a los Leones del Escogido para la Serie del Caribe 2026","author":"Nelson Feliz","date":"29 de enero de 2026","format":false,"excerpt":"Mandatario exhorta al equipo dominicano a competir con disciplina, entrega y compromiso patri\u00f3tico en suelo mexicano. El presidente Luis Abinader recibi\u00f3 este jueves a los Leones del Escogido, campeones de la Liga de B\u00e9isbol Profesional de la Rep\u00fablica Dominicana (Lidom) en la temporada 2025-2026, quienes representar\u00e1n al pa\u00eds en la\u2026","rel":"","context":"En \u00abDEPORTES\u00bb","block_context":{"text":"DEPORTES","link":"https:\/\/lasprimeras.com.do\/index.php\/category\/deportes\/"},"img":{"alt_text":"","src":"https:\/\/i0.wp.com\/lasprimeras.com.do\/wp-content\/uploads\/2026\/01\/Luis-Escog.jpg?resize=350%2C200&ssl=1","width":350,"height":200,"srcset":"https:\/\/i0.wp.com\/lasprimeras.com.do\/wp-content\/uploads\/2026\/01\/Luis-Escog.jpg?resize=350%2C200&ssl=1 1x, https:\/\/i0.wp.com\/lasprimeras.com.do\/wp-content\/uploads\/2026\/01\/Luis-Escog.jpg?resize=525%2C300&ssl=1 1.5x, https:\/\/i0.wp.com\/lasprimeras.com.do\/wp-content\/uploads\/2026\/01\/Luis-Escog.jpg?resize=700%2C400&ssl=1 2x"},"classes":[]},{"id":62718,"url":"https:\/\/lasprimeras.com.do\/index.php\/2023\/10\/06\/escogido-revela-estructura-de-operaciones-temporada-2023-24\/","url_meta":{"origin":72258,"position":5},"title":"Escogido revela estructura de operaciones temporada 2023-24","author":"BIMARY DE JES\u00daS Matos","date":"6 de octubre de 2023","format":false,"excerpt":"SANTO DOMINGO.- Los Leones del Escogido dieron a conocer la estructura de su Departamento de Operaciones de B\u00e9isbol, que encabeza el gerente general Luis Rojas, para la temporada oto\u00f1o-invernal 2023-24 de la Liga de B\u00e9isbol Profesional de la Rep\u00fablica Dominicana. Jaylon Pimentel se mantiene como Director de Operaciones, en la\u2026","rel":"","context":"En \u00abSin categor\u00eda\u00bb","block_context":{"text":"Sin categor\u00eda","link":"https:\/\/lasprimeras.com.do\/index.php\/category\/sin-categoria\/"},"img":{"alt_text":"","src":"https:\/\/i0.wp.com\/lasprimeras.com.do\/wp-content\/uploads\/2023\/10\/WhatsApp-Image-2023-10-05-at-9.43.40-PM-13.jpeg?resize=350%2C200&ssl=1","width":350,"height":200,"srcset":"https:\/\/i0.wp.com\/lasprimeras.com.do\/wp-content\/uploads\/2023\/10\/WhatsApp-Image-2023-10-05-at-9.43.40-PM-13.jpeg?resize=350%2C200&ssl=1 1x, https:\/\/i0.wp.com\/lasprimeras.com.do\/wp-content\/uploads\/2023\/10\/WhatsApp-Image-2023-10-05-at-9.43.40-PM-13.jpeg?resize=525%2C300&ssl=1 1.5x"},"classes":[]}],"jetpack_sharing_enabled":true,"_links":{"self":[{"href":"https:\/\/lasprimeras.com.do\/index.php\/wp-json\/wp\/v2\/posts\/72258","targetHints":{"allow":["GET"]}}],"collection":[{"href":"https:\/\/lasprimeras.com.do\/index.php\/wp-json\/wp\/v2\/posts"}],"about":[{"href":"https:\/\/lasprimeras.com.do\/index.php\/wp-json\/wp\/v2\/types\/post"}],"author":[{"embeddable":true,"href":"https:\/\/lasprimeras.com.do\/index.php\/wp-json\/wp\/v2\/users\/3"}],"replies":[{"embeddable":true,"href":"https:\/\/lasprimeras.com.do\/index.php\/wp-json\/wp\/v2\/comments?post=72258"}],"version-history":[{"count":1,"href":"https:\/\/lasprimeras.com.do\/index.php\/wp-json\/wp\/v2\/posts\/72258\/revisions"}],"predecessor-version":[{"id":72260,"href":"https:\/\/lasprimeras.com.do\/index.php\/wp-json\/wp\/v2\/posts\/72258\/revisions\/72260"}],"wp:featuredmedia":[{"embeddable":true,"href":"https:\/\/lasprimeras.com.do\/index.php\/wp-json\/wp\/v2\/media\/72259"}],"wp:attachment":[{"href":"https:\/\/lasprimeras.com.do\/index.php\/wp-json\/wp\/v2\/media?parent=72258"}],"wp:term":[{"taxonomy":"category","embeddable":true,"href":"https:\/\/lasprimeras.com.do\/index.php\/wp-json\/wp\/v2\/categories?post=72258"},{"taxonomy":"post_tag","embeddable":true,"href":"https:\/\/lasprimeras.com.do\/index.php\/wp-json\/wp\/v2\/tags?post=72258"}],"curies":[{"name":"wp","href":"https:\/\/api.w.org\/{rel}","templated":true}]}}