{"id":72263,"date":"2023-12-28T07:46:09","date_gmt":"2023-12-28T11:46:09","guid":{"rendered":"https:\/\/lasprimeras.com.do\/?p=72263"},"modified":"2023-12-28T07:46:11","modified_gmt":"2023-12-28T11:46:11","slug":"diputados-aprueban-colocar-bonos-por-mas-de-rd340-mil-millones","status":"publish","type":"post","link":"https:\/\/lasprimeras.com.do\/index.php\/2023\/12\/28\/diputados-aprueban-colocar-bonos-por-mas-de-rd340-mil-millones\/","title":{"rendered":"Diputados aprueban colocar bonos por m\u00e1s de RD$340 mil millones"},"content":{"rendered":"\n<p><strong>Tambi\u00e9n la ley de tasa cero a alimentos, el proyecto para crear el Sistema Nacional de Inteligencia y un pr\u00e9stamo por US$100 millones.<\/strong><\/p>\n\n\n\n<p>En su sesi\u00f3n ordinaria de este mi\u00e9rcoles, la C\u00e1mara de Diputados sancion\u00f3 varios proyectos que incluyen la colocaci\u00f3n de bonos soberanos de deuda p\u00fablica, la ley que aplicar\u00eda tasa cero a alimentos en casos de emergencia, el proyecto para crear el Sistema Nacional de Inteligencia y un nuevo pr\u00e9stamo por 100 millones de d\u00f3lares para programas sociales.<\/p>\n\n\n\n<p>Durante los trabajos legislativos, el pleno de los diputados aprob\u00f3 en primera lectura el proyecto de ley que autoriza al Poder Ejecutivo a efectuar la emisi\u00f3n y colocaci\u00f3n de valores de deuda p\u00fablica por un monto m\u00e1ximo de 344,980,212,118 millones de pesos o su equivalente en moneda extranjera.<\/p>\n\n\n\n<p>El presidente de la C\u00e1mara de Diputados, Alfredo Pacheco, sugiri\u00f3 que el proyecto fuera liberado de lectura y que no vaya a estudio de comisi\u00f3n. El procedimiento permitir\u00e1 que, antes de aprobarse en segunda lectura, la comisi\u00f3n de Hacienda lo estudie y rinda un informe sobre la iniciativa antes del viernes.<\/p>\n\n\n\n<p>&#8220;Lo \u00fanico que se busca con la tasa cero es destruir a los productores nacionales y retirarles el apoy&#8221;<br>Luis Henr\u00edquez<br>Vocero del PLD<\/p>\n\n\n\n<p>El proyecto de ley fue aprobado por la mayor\u00eda perreme\u00edsta que componen la C\u00e1mara de Diputados, mientras que los legisladores del Partido de la Liberaci\u00f3n Dominicano (PLD) y la Fuerza del Pueblo se opusieron y registraron su voto en contra.<\/p>\n\n\n\n<p>Mercados extranjeros<\/p>\n\n\n\n<p>De acuerdo con el proyecto, el Poder Ejecutivo podr\u00e1 disponer de la emisi\u00f3n y colocaci\u00f3n de una parte o de la totalidad de los referidos valores de deuda p\u00fablica en los mercados internacionales. La emisi\u00f3n y colocaci\u00f3n de deuda p\u00fablica es el proceso de creaci\u00f3n, oferta y distribuci\u00f3n de t\u00edtulos o valores por parte del gobierno con el fin de obtener recursos.<\/p>\n\n\n\n<p>Importar a tasa cero<\/p>\n\n\n\n<p>Tambi\u00e9n, el \u00f3rgano legislativo aprob\u00f3 en primera lectura el proyecto de ley que autoriza al Poder Ejecutivo a permitir la importaci\u00f3n de alimentos sin el pago de aranceles en casos de emergencia o desastres naturales.<\/p>\n\n\n\n<p>Los diputados aprobaron el proyecto con 101 votos a favor registrados generalmente por los legisladores del PRM y sus aliados, mientras que los opositores se retiraron del hemiciclo en rechazo a la pieza.<\/p>\n\n\n\n<p>El proyecto, en sus objetivos generales, plantea que el Poder Ejecutivo pueda permitir la importaci\u00f3n de alimentos en situaciones de emergencia, desabasto o desastres naturales que generen escasez de bienes que componen la canasta familiar.<\/p>\n\n\n\n<p>El proyecto de ley original que deposit\u00f3 en octubre el Poder Ejecutivo dispon\u00eda que la tasa cero era esencialmente para importar az\u00facar, pero la comisi\u00f3n de diputados acord\u00f3 excluir el az\u00facar y permitir la importaci\u00f3n de los dem\u00e1s alimentos.<\/p>\n\n\n\n<p>La iniciativa ordena a los ministerios de Salud P\u00fablica y Agricultura que revisen los alimentos importados para que as\u00ed garanticen el derecho a la salud y a la seguridad alimentaria de las personas.<\/p>\n\n\n\n<p>No obstante, Luis Henr\u00edquez, vocero del PLD, dijo: &#8220;Lo \u00fanico que se busca con la tasa cero es destruir a los productores nacionales y retirarles el apoyo.&#8221;<\/p>\n\n\n\n<p>Sistema de Inteligencia<\/p>\n\n\n\n<p>La C\u00e1mara de Diputados aprob\u00f3 este mi\u00e9rcoles en primera lectura el proyecto de ley que busca crear el Sistema Nacional de Inteligencia, un proyecto proveniente del Poder Ejecutivo que hab\u00eda perimido dos veces por falta de informe.<\/p>\n\n\n\n<p>El pleno de los diputados decidi\u00f3 aprobar la pieza en primera lectura y reenviarla a la comisi\u00f3n de las Fuerzas Armadas para que se le introduzcan nuevos puntos antes de aprobarse en segunda lectura. El proyecto, una iniciativa refundida de tres piezas similares, establece la creaci\u00f3n de un Sistema Nacional de Inteligencia integrado por el DNI, la DNCD, la Polic\u00eda Nacional y otros \u00f3rganos.<\/p>\n\n\n\n<p>US$100 millones a Sup\u00e9rate<\/p>\n\n\n\n<p>En la misma sesi\u00f3n, los congresistas aprobaron en \u00fanica lectura un nuevo pr\u00e9stamo por 100 millones de d\u00f3lares que servir\u00e1n para fortalecer los proyectos sociales que ejecuta el programa Sup\u00e9rate.<\/p>\n\n\n\n<p>El pr\u00e9stamo solo fue aprobado por los diputados del Partido Revolucionario Moderno (PRM) y sus aliados, ya que los opositores se hab\u00edan retirado del hemiciclo durante la votaci\u00f3n de otro proyecto en rechazo a medidas sometidas por el Gobierno al Congreso.<\/p>\n\n\n\n<p>El pr\u00e9stamo de 100 millones de d\u00f3lares fue suscrito con el Banco Internacional de Reconstrucci\u00f3n y Fomento y con el dinero se busca integrar un \u00fanico servicio de protecci\u00f3n social.<\/p>\n\n\n\n<p>El contrato puntualiza que los fondos servir\u00e1n para promover la inclusi\u00f3n econ\u00f3mica y el acceso a las asistencias que responden a crisis. Los recursos ser\u00edan usados para las personas en extrema pobreza y en cualquier caso de emergencia.<\/p>\n\n\n\n<p>El informe que aprob\u00f3 la comisi\u00f3n de Hacienda de la C\u00e1mara de Diputados establece que el proyecto social beneficiar\u00e1 a 1.4 millones de hogares incorporados en el programa social Sup\u00e9rate. Estas familias tendr\u00e1n inversi\u00f3n del Estado en salud, educaci\u00f3n y productividad.<\/p>\n\n\n\n<p>Fuente Diario Libre<\/p>\n","protected":false},"excerpt":{"rendered":"<p>Tambi\u00e9n la ley de tasa cero a alimentos, el proyecto para crear el Sistema Nacional de Inteligencia y un pr\u00e9stamo por US$100 millones. En su sesi\u00f3n ordinaria de este mi\u00e9rcoles,&hellip;<\/p>\n","protected":false},"author":2,"featured_media":72264,"comment_status":"open","ping_status":"open","sticky":false,"template":"","format":"standard","meta":{"content-type":"","jetpack_post_was_ever_published":false,"_jetpack_newsletter_access":"","_jetpack_dont_email_post_to_subs":false,"_jetpack_newsletter_tier_id":0,"_jetpack_memberships_contains_paywalled_content":false,"_jetpack_memberships_contains_paid_content":false,"footnotes":""},"categories":[39],"tags":[273,10757,4219,274],"class_list":["post-72263","post","type-post","status-publish","format-standard","has-post-thumbnail","hentry","category-economia","tag-aprueban","tag-bonos-soberanos","tag-deuda-publica","tag-diputados"],"jetpack_featured_media_url":"https:\/\/lasprimeras.com.do\/wp-content\/uploads\/2023\/12\/Alfredo-Pacheco.jpg","jetpack-related-posts":[{"id":72246,"url":"https:\/\/lasprimeras.com.do\/index.php\/2023\/12\/28\/camara-de-diputados-aprueba-emision-de-bonos-por-344000-millones-de-pesos\/","url_meta":{"origin":72263,"position":0},"title":"C\u00e1mara de Diputados aprueba emisi\u00f3n de bonos por 344,000 millones de pesos","author":"BIMARY DE JES\u00daS Matos","date":"28 de diciembre de 2023","format":false,"excerpt":"Santo Domingo.-A los fines de sustentar el presupuesto del pr\u00f3ximo a\u00f1o 2024, los diputados del oficialista Partido Revolucionario Moderno (PRM), lograron ayer sancionar favorablemente un nuevo pr\u00e9stamo y un proyecto de ley que autoriza al poder Ejecutivo a emitir y colocar valores de deuda p\u00fablica. Ambas piezas contaron con el\u2026","rel":"","context":"En \u00abNACIONALES\u00bb","block_context":{"text":"NACIONALES","link":"https:\/\/lasprimeras.com.do\/index.php\/category\/nacionales\/"},"img":{"alt_text":"","src":"https:\/\/i0.wp.com\/lasprimeras.com.do\/wp-content\/uploads\/2023\/12\/El-texto-del-parrafo-6.jpg?resize=350%2C200&ssl=1","width":350,"height":200,"srcset":"https:\/\/i0.wp.com\/lasprimeras.com.do\/wp-content\/uploads\/2023\/12\/El-texto-del-parrafo-6.jpg?resize=350%2C200&ssl=1 1x, https:\/\/i0.wp.com\/lasprimeras.com.do\/wp-content\/uploads\/2023\/12\/El-texto-del-parrafo-6.jpg?resize=525%2C300&ssl=1 1.5x"},"classes":[]},{"id":72446,"url":"https:\/\/lasprimeras.com.do\/index.php\/2023\/12\/29\/perremeistas-se-aprestan-aprobar-en-segunda-lectura-emision-de-bonos\/","url_meta":{"origin":72263,"position":1},"title":"Perreme\u00edstas se aprestan aprobar en segunda lectura emisi\u00f3n de bonos","author":"BIMARY DE JES\u00daS Matos","date":"29 de diciembre de 2023","format":false,"excerpt":"SANTO DOMINGO.- Con el rechazo de la oposici\u00f3n, que est\u00e1 dispuesta a someter un informe disidente en la sesi\u00f3n, los perreme\u00edstas se aprestan a aprobar este viernes en segunda lectura en la C\u00e1mara de Diputados la emisi\u00f3n de unos 344 mil millones de pesos en bonos y la eliminaci\u00f3n de\u2026","rel":"","context":"En \u00abSin categor\u00eda\u00bb","block_context":{"text":"Sin categor\u00eda","link":"https:\/\/lasprimeras.com.do\/index.php\/category\/sin-categoria\/"},"img":{"alt_text":"","src":"https:\/\/i0.wp.com\/lasprimeras.com.do\/wp-content\/uploads\/2023\/12\/Noticias-de-energia-2023-12-29T121341.489.webp?resize=350%2C200&ssl=1","width":350,"height":200,"srcset":"https:\/\/i0.wp.com\/lasprimeras.com.do\/wp-content\/uploads\/2023\/12\/Noticias-de-energia-2023-12-29T121341.489.webp?resize=350%2C200&ssl=1 1x, https:\/\/i0.wp.com\/lasprimeras.com.do\/wp-content\/uploads\/2023\/12\/Noticias-de-energia-2023-12-29T121341.489.webp?resize=525%2C300&ssl=1 1.5x"},"classes":[]},{"id":90561,"url":"https:\/\/lasprimeras.com.do\/index.php\/2024\/10\/23\/comienza-la-fiesta-diputados-aprueban-prestamos-por-us625-millones-para-enfrentar-apagones-y-el-cambio-climatico\/","url_meta":{"origin":72263,"position":2},"title":"Comienza la fiesta: Diputados aprueban pr\u00e9stamos por US$625 millones para enfrentar apagones y el cambio clim\u00e1tico","author":"Nelson Feliz","date":"23 de octubre de 2024","format":false,"excerpt":"La oposici\u00f3n vot\u00f3 en contra de los endeudamientos por considerarlos innecesarios. En su sesi\u00f3n ordinaria de este mi\u00e9rcoles, la C\u00e1mara de Diputados aprob\u00f3 tres contratos de pr\u00e9stamos que totalizan los 625 millones de d\u00f3lares para programas de acci\u00f3n clim\u00e1tica y de combate a los apagones en la Rep\u00fablica Dominicana. Los\u2026","rel":"","context":"En \u00abECONOM\u00cdA\u00bb","block_context":{"text":"ECONOM\u00cdA","link":"https:\/\/lasprimeras.com.do\/index.php\/category\/economia\/"},"img":{"alt_text":"C\u00e1mara de Diputados","src":"https:\/\/i0.wp.com\/lasprimeras.com.do\/wp-content\/uploads\/2023\/08\/Camara-de-Diputados-1.jpg?resize=350%2C200&ssl=1","width":350,"height":200,"srcset":"https:\/\/i0.wp.com\/lasprimeras.com.do\/wp-content\/uploads\/2023\/08\/Camara-de-Diputados-1.jpg?resize=350%2C200&ssl=1 1x, https:\/\/i0.wp.com\/lasprimeras.com.do\/wp-content\/uploads\/2023\/08\/Camara-de-Diputados-1.jpg?resize=525%2C300&ssl=1 1.5x, https:\/\/i0.wp.com\/lasprimeras.com.do\/wp-content\/uploads\/2023\/08\/Camara-de-Diputados-1.jpg?resize=700%2C400&ssl=1 2x"},"classes":[]},{"id":112787,"url":"https:\/\/lasprimeras.com.do\/index.php\/2025\/10\/27\/republica-dominicana-concreta-emision-bonos-soberanos-por-usd-1600-millones-a-10-anos\/","url_meta":{"origin":72263,"position":3},"title":"Rep\u00fablica Dominicana concreta emisi\u00f3n bonos soberanos por USD 1,600 millones a 10 a\u00f1os","author":"Nelson Feliz","date":"27 de octubre de 2025","format":false,"excerpt":"La transacci\u00f3n se logr\u00f3 a una tasa altamente competitiva de 5.875 %, resaltando la credibilidad de inversionistas en la econom\u00eda dominicana. El Gobierno de la Rep\u00fablica Dominicana, a trav\u00e9s del Ministerio de Hacienda y Econom\u00eda, realiz\u00f3, de manera exitosa, una emisi\u00f3n de bonos soberanos en los mercados internacionales por un\u2026","rel":"","context":"En \u00abECONOM\u00cdA\u00bb","block_context":{"text":"ECONOM\u00cdA","link":"https:\/\/lasprimeras.com.do\/index.php\/category\/economia\/"},"img":{"alt_text":"Ministerio de Hacienda","src":"https:\/\/i0.wp.com\/lasprimeras.com.do\/wp-content\/uploads\/2023\/08\/Ministerio-de-Hacienda.jpg?resize=350%2C200&ssl=1","width":350,"height":200,"srcset":"https:\/\/i0.wp.com\/lasprimeras.com.do\/wp-content\/uploads\/2023\/08\/Ministerio-de-Hacienda.jpg?resize=350%2C200&ssl=1 1x, https:\/\/i0.wp.com\/lasprimeras.com.do\/wp-content\/uploads\/2023\/08\/Ministerio-de-Hacienda.jpg?resize=525%2C300&ssl=1 1.5x, https:\/\/i0.wp.com\/lasprimeras.com.do\/wp-content\/uploads\/2023\/08\/Ministerio-de-Hacienda.jpg?resize=700%2C400&ssl=1 2x"},"classes":[]},{"id":72369,"url":"https:\/\/lasprimeras.com.do\/index.php\/2023\/12\/28\/fp-rechaza-nuevo-proyecto-de-ley-tasa-cero\/","url_meta":{"origin":72263,"position":4},"title":"FP rechaza nuevo Proyecto de Ley &#8220;Tasa Cero&#8221;","author":"Nelson Feliz","date":"28 de diciembre de 2023","format":false,"excerpt":"FP asegura Abinader pretende seguir favoreciendo grandes empresarios y allegados pol\u00edticos. Anterior Ley de Tasa Cero, de Abinader, caus\u00f3 impacto negativo en los productores agropecuarios. El partido Fuerza del Pueblo (FP) sali\u00f3 al frente esta tarde, rechazando el nuevo Proyecto de Ley Tasa Cero que quiere aprobar el gobierno, por\u2026","rel":"","context":"En \u00abPORTADA\u00bb","block_context":{"text":"PORTADA","link":"https:\/\/lasprimeras.com.do\/index.php\/category\/portada\/"},"img":{"alt_text":"casa fp","src":"https:\/\/i0.wp.com\/lasprimeras.com.do\/wp-content\/uploads\/2023\/12\/casa-fp.jpg?resize=350%2C200&ssl=1","width":350,"height":200,"srcset":"https:\/\/i0.wp.com\/lasprimeras.com.do\/wp-content\/uploads\/2023\/12\/casa-fp.jpg?resize=350%2C200&ssl=1 1x, https:\/\/i0.wp.com\/lasprimeras.com.do\/wp-content\/uploads\/2023\/12\/casa-fp.jpg?resize=525%2C300&ssl=1 1.5x, https:\/\/i0.wp.com\/lasprimeras.com.do\/wp-content\/uploads\/2023\/12\/casa-fp.jpg?resize=700%2C400&ssl=1 2x, https:\/\/i0.wp.com\/lasprimeras.com.do\/wp-content\/uploads\/2023\/12\/casa-fp.jpg?resize=1050%2C600&ssl=1 3x, https:\/\/i0.wp.com\/lasprimeras.com.do\/wp-content\/uploads\/2023\/12\/casa-fp.jpg?resize=1400%2C800&ssl=1 4x"},"classes":[]},{"id":85251,"url":"https:\/\/lasprimeras.com.do\/index.php\/2024\/06\/26\/gobierno-dominicano-concluye-con-exito-su-primera-emision-de-bonos-verdes\/","url_meta":{"origin":72263,"position":5},"title":"Gobierno dominicano concluye con \u00e9xito su primera emisi\u00f3n de bonos verdes","author":"Nelson Feliz","date":"26 de junio de 2024","format":false,"excerpt":"Los fondos estar\u00e1n asociados a diversos proyectos y programas con impacto directo en el medioambiente, la protecci\u00f3n social y el desarrollo del pa\u00eds. El Gobierno dominicano, a trav\u00e9s del Ministerio de Hacienda, emiti\u00f3 por primera vez en su historia bonos verdes, operaci\u00f3n que ascendi\u00f3 a US$750.0 millones, logrando una tasa\u2026","rel":"","context":"En \u00abECONOM\u00cdA\u00bb","block_context":{"text":"ECONOM\u00cdA","link":"https:\/\/lasprimeras.com.do\/index.php\/category\/economia\/"},"img":{"alt_text":"Ministerio de Hacienda","src":"https:\/\/i0.wp.com\/lasprimeras.com.do\/wp-content\/uploads\/2023\/08\/Ministerio-de-Hacienda.jpg?resize=350%2C200&ssl=1","width":350,"height":200,"srcset":"https:\/\/i0.wp.com\/lasprimeras.com.do\/wp-content\/uploads\/2023\/08\/Ministerio-de-Hacienda.jpg?resize=350%2C200&ssl=1 1x, https:\/\/i0.wp.com\/lasprimeras.com.do\/wp-content\/uploads\/2023\/08\/Ministerio-de-Hacienda.jpg?resize=525%2C300&ssl=1 1.5x, https:\/\/i0.wp.com\/lasprimeras.com.do\/wp-content\/uploads\/2023\/08\/Ministerio-de-Hacienda.jpg?resize=700%2C400&ssl=1 2x"},"classes":[]}],"jetpack_sharing_enabled":true,"_links":{"self":[{"href":"https:\/\/lasprimeras.com.do\/index.php\/wp-json\/wp\/v2\/posts\/72263","targetHints":{"allow":["GET"]}}],"collection":[{"href":"https:\/\/lasprimeras.com.do\/index.php\/wp-json\/wp\/v2\/posts"}],"about":[{"href":"https:\/\/lasprimeras.com.do\/index.php\/wp-json\/wp\/v2\/types\/post"}],"author":[{"embeddable":true,"href":"https:\/\/lasprimeras.com.do\/index.php\/wp-json\/wp\/v2\/users\/2"}],"replies":[{"embeddable":true,"href":"https:\/\/lasprimeras.com.do\/index.php\/wp-json\/wp\/v2\/comments?post=72263"}],"version-history":[{"count":1,"href":"https:\/\/lasprimeras.com.do\/index.php\/wp-json\/wp\/v2\/posts\/72263\/revisions"}],"predecessor-version":[{"id":72265,"href":"https:\/\/lasprimeras.com.do\/index.php\/wp-json\/wp\/v2\/posts\/72263\/revisions\/72265"}],"wp:featuredmedia":[{"embeddable":true,"href":"https:\/\/lasprimeras.com.do\/index.php\/wp-json\/wp\/v2\/media\/72264"}],"wp:attachment":[{"href":"https:\/\/lasprimeras.com.do\/index.php\/wp-json\/wp\/v2\/media?parent=72263"}],"wp:term":[{"taxonomy":"category","embeddable":true,"href":"https:\/\/lasprimeras.com.do\/index.php\/wp-json\/wp\/v2\/categories?post=72263"},{"taxonomy":"post_tag","embeddable":true,"href":"https:\/\/lasprimeras.com.do\/index.php\/wp-json\/wp\/v2\/tags?post=72263"}],"curies":[{"name":"wp","href":"https:\/\/api.w.org\/{rel}","templated":true}]}}