{"id":72266,"date":"2023-12-28T08:10:05","date_gmt":"2023-12-28T12:10:05","guid":{"rendered":"https:\/\/lasprimeras.com.do\/?p=72266"},"modified":"2023-12-28T08:10:07","modified_gmt":"2023-12-28T12:10:07","slug":"el-gasto-en-subsidios-para-mitigar-la-inflacion-aumento-un-112-5","status":"publish","type":"post","link":"https:\/\/lasprimeras.com.do\/index.php\/2023\/12\/28\/el-gasto-en-subsidios-para-mitigar-la-inflacion-aumento-un-112-5\/","title":{"rendered":"El gasto en subsidios para mitigar la inflaci\u00f3n aument\u00f3 un 112.5 %"},"content":{"rendered":"\n<p>Los recursos del Estado otorgados para programas subsidiarios, como medida para mitigar el impacto de la inflaci\u00f3n, aumentaron 112.5 % en este a\u00f1o, siendo el sector el\u00e9ctrico el que m\u00e1s dinero ha agotado.<\/p>\n\n\n\n<p>De enero al 9 de diciembre del 2022, el balance destinado a los programas de ayuda a diversos sectores para contrarrestar la inflaci\u00f3n, acumulaba 62,320.1 millones de pesos. En cambio, desde enero al 8 de diciembre del 2023, era de 132,482.5 millones de pesos, para un aumento absoluto de 70,162.4 millones de pesos.<\/p>\n\n\n\n<p>Los subsidios destinados a mitigar la inflaci\u00f3n ascendieron a 132,482.5 millones de pesos, &#8220;lo que equivale al 1.9 % del Producto Interno Bruto (PIB)&#8221;, precisa el Ministerio de Econom\u00eda, Planificaci\u00f3n y Desarrollo (MEPyD), en su m\u00e1s reciente informe mensual de situaci\u00f3n macroecon\u00f3mica.<\/p>\n\n\n\n<p>Detalla que, de enero al 8 de diciembre del presente a\u00f1o, el sector el\u00e9ctrico acaparaba el 53.9 % del total designado para los subsidios de mitigaci\u00f3n de la inflaci\u00f3n, con 71,415 millones de pesos. Dicho rubro supera el monto total de los subsidios del 2022 en igual periodo.<\/p>\n\n\n\n<p>Le siguen las transferencias para el programa Sup\u00e9rate, al que el gobierno ha erogado 45,588.8 millones de pesos a la primera semana de diciembre de este 2023, representando el 34.4 % de los subsidios otorgados.<\/p>\n\n\n\n<p>El porcentaje restante se distribuy\u00f3 entre subsidios para combustibles, con 11,195.8 millones de pesos (8.5 %), transporte con 2,177.6 millones de pesos (1.6 %), alimentos con 1,106.2 millones de pesos (0.8 %) y fertilizantes con 999.1 millones de pesos (0.8 %).<\/p>\n\n\n\n<p>Los programas sociales<\/p>\n\n\n\n<p>Adicionalmente, el gobierno ejecut\u00f3 41,931.2 millones de pesos en programas de subsidios sociales al 8 de diciembre del 2023. Alim\u00e9ntate acapar\u00f3 el 70.3 % (29.5 mil millones de pesos) del gasto.<\/p>\n\n\n\n<p>El subsidio al gas licuado de petr\u00f3leo (GLP) a hogares represent\u00f3 una participaci\u00f3n del 16.7 % (7.0 mil millones de pesos), y Bono Luz el 8.6 % (3.6 mil millones de pesos) de la ejecuci\u00f3n. Estos tres programas representan el 95.6 % de la ejecuci\u00f3n total en subsidios sociales.<\/p>\n\n\n\n<p>Organismos advierten<\/p>\n\n\n\n<p>Los subsidios se han convertido en una preocupaci\u00f3n, al menos para el Banco Mundial (BM) y el Fondo Monetario Internacional (FMI), quienes han alertado al gobierno de que su continuidad afecta las finanzas p\u00fablicas.<\/p>\n\n\n\n<p>La valoraci\u00f3n m\u00e1s reciente la realiz\u00f3 el BM, destacando que el sector energ\u00e9tico ejerce una importante presi\u00f3n de recursos sobre el Estado, con una participaci\u00f3n promedio en el gasto total del 8 % entre 2008 y 2022, equivalentes a una transferencia promedio del 1.4 % PIB (entre 2010 y 2022).<\/p>\n\n\n\n<p>En su informe de avance de las proyecciones macroecon\u00f3micas y fiscales 2024, el gobierno explic\u00f3 por qu\u00e9 se aumentaron los valores en electricidad, subrayando el desarrollo de algunas condiciones menos favorables en relaci\u00f3n con el contexto del presupuesto inicial del 2023.<\/p>\n\n\n\n<p>&#8220;Han surgido nuevos compromisos por parte del gobierno. En este sentido, durante el primer semestre del a\u00f1o se realizaron mayores transferencias destinadas a apoyar las operaciones del sector el\u00e9ctrico, el cual ha sido impactado coyunturalmente por el congelamiento tarifario y otras condiciones externas que han presionado al alza su estructura de costos&#8221;, apunt\u00f3 en un documento explicativo a principio del segundo semestre.<\/p>\n\n\n\n<p>Raz\u00f3n de los subsidios<\/p>\n\n\n\n<p>Los subsidios extraordinarios surgieron en marzo del 2022 por una ca\u00edda de las perspectivas econ\u00f3micas en los \u00edndices internacionales influidas por la invasi\u00f3n rusa a Ucrania, situaci\u00f3n que afectaba en gran medida el contexto local.<\/p>\n\n\n\n<p>El 8 de marzo del a\u00f1o pasado, el presidente Luis Abinader anunci\u00f3 varias medidas para mitigar el impacto inflacionario, entre ellas: aranceles a tasa cero para la importaci\u00f3n de productos b\u00e1sicos y subvenci\u00f3n de hasta 10 % de materias primas.<\/p>\n\n\n\n<p>Se decidi\u00f3 congelar los precios de los combustibles, siempre y cuando el precio del barril del petr\u00f3leo se mantuviera entre 85 y 115 d\u00f3lares.<\/p>\n\n\n\n<p>Tambi\u00e9n, aumentar el subsidio al sector transporte y la aplicaci\u00f3n de precios de referencia para los principales productos que componen la canasta familiar.<\/p>\n\n\n\n<p>Inflaci\u00f3n en su rango<\/p>\n\n\n\n<p>El Banco Central inform\u00f3 el 6 de diciembre de este a\u00f1o que la inflaci\u00f3n se mantuvo en su rango meta de 4.0 % \u00b1 1.0 %, tras registrar una variaci\u00f3n de 0.14 % en noviembre.<\/p>\n\n\n\n<p>Con este resultado, la inflaci\u00f3n interanual medida desde noviembre de 2022 hasta noviembre de 2023 disminuy\u00f3 a 4.00 %, con proyecci\u00f3n de permanecer estable hasta el pr\u00f3ximo a\u00f1o, se\u00f1al\u00f3 la entidad.<\/p>\n\n\n\n<p>En el documento se explica que la inflaci\u00f3n subyacente acumulada reflej\u00f3 una ca\u00edda de 281 puntos b\u00e1sicos en comparaci\u00f3n con el m\u00e1ximo del 7.29 % registrado en mayo del 2022, situ\u00e1ndose dentro del objetivo establecido por el \u00f3rgano monetario.<\/p>\n\n\n\n<p>Fuente Diario Libre<\/p>\n","protected":false},"excerpt":{"rendered":"<p>Los recursos del Estado otorgados para programas subsidiarios, como medida para mitigar el impacto de la inflaci\u00f3n, aumentaron 112.5 % en este a\u00f1o, siendo el sector el\u00e9ctrico el que m\u00e1s&hellip;<\/p>\n","protected":false},"author":2,"featured_media":72267,"comment_status":"open","ping_status":"open","sticky":false,"template":"","format":"standard","meta":{"content-type":"","jetpack_post_was_ever_published":false,"_jetpack_newsletter_access":"","_jetpack_dont_email_post_to_subs":false,"_jetpack_newsletter_tier_id":0,"_jetpack_memberships_contains_paywalled_content":false,"_jetpack_memberships_contains_paid_content":false,"footnotes":""},"categories":[39],"tags":[1068,6312,1295,10758,10759,6055,5945],"class_list":["post-72266","post","type-post","status-publish","format-standard","has-post-thumbnail","hentry","category-economia","tag-estado","tag-gasto","tag-inflacion","tag-mitigar","tag-producto-interno-bruto","tag-sector-electrico","tag-subsidios"],"jetpack_featured_media_url":"https:\/\/lasprimeras.com.do\/wp-content\/uploads\/2023\/12\/Sector-electrico-absorbe-53.9-de-los-subsidios.jpg","jetpack-related-posts":[{"id":57020,"url":"https:\/\/lasprimeras.com.do\/index.php\/2023\/08\/07\/politica-de-subsidios-sociales-del-gobierno-contribuyo-a-contener-la-inflacion-importada\/","url_meta":{"origin":72266,"position":0},"title":"Pol\u00edtica de subsidios sociales del Gobierno contribuy\u00f3 a contener la inflaci\u00f3n importada","author":"Nelson Feliz","date":"7 de agosto de 2023","format":false,"excerpt":"Entre los factores determinantes para llegar al mes de julio de 2023 con una inflaci\u00f3n interanual de 3.95%, una de las m\u00e1s bajas del continente, se encuentran los programas de subsidios a los alimentos, los combustibles y la pol\u00edtica monetaria del Gobierno, destac\u00f3 una nota de la Direcci\u00f3n General del\u2026","rel":"","context":"En \u00abECONOM\u00cdA\u00bb","block_context":{"text":"ECONOM\u00cdA","link":"https:\/\/lasprimeras.com.do\/index.php\/category\/economia\/"},"img":{"alt_text":"Banco Central de la Rep\u00fablica Dominicana.","src":"https:\/\/i0.wp.com\/lasprimeras.com.do\/wp-content\/uploads\/2023\/06\/Banco-Central-de-la-Republica-Dominicana.jpeg?resize=350%2C200&ssl=1","width":350,"height":200,"srcset":"https:\/\/i0.wp.com\/lasprimeras.com.do\/wp-content\/uploads\/2023\/06\/Banco-Central-de-la-Republica-Dominicana.jpeg?resize=350%2C200&ssl=1 1x, https:\/\/i0.wp.com\/lasprimeras.com.do\/wp-content\/uploads\/2023\/06\/Banco-Central-de-la-Republica-Dominicana.jpeg?resize=525%2C300&ssl=1 1.5x, https:\/\/i0.wp.com\/lasprimeras.com.do\/wp-content\/uploads\/2023\/06\/Banco-Central-de-la-Republica-Dominicana.jpeg?resize=700%2C400&ssl=1 2x"},"classes":[]},{"id":49955,"url":"https:\/\/lasprimeras.com.do\/index.php\/2023\/05\/15\/abinader-dice-que-alzas-en-los-alimentos-han-sido-menor-en-rd-que-en-otros-paises\/","url_meta":{"origin":72266,"position":1},"title":"Abinader dice que alzas en los alimentos han sido menor en RD que en otros pa\u00edses","author":"prenxa100","date":"15 de mayo de 2023","format":false,"excerpt":"Santo Domingo, RD.-. El presidente Luis Abinader afirm\u00f3 este lunes que los efectos de la inflaci\u00f3n mundial, post pandemia, son menores en Rep\u00fablica Dominicana que en otros pa\u00edses, al tiempo que se\u00f1al\u00f3 que se trata de una inflaci\u00f3n \u201cinnegable\u201d y se ha sentido \u201cen todo el mundo\u201d. \u201cHay una inflaci\u00f3n\u2026","rel":"","context":"En \u00abECONOM\u00cdA\u00bb","block_context":{"text":"ECONOM\u00cdA","link":"https:\/\/lasprimeras.com.do\/index.php\/category\/economia\/"},"img":{"alt_text":"","src":"","width":0,"height":0},"classes":[]},{"id":70605,"url":"https:\/\/lasprimeras.com.do\/index.php\/2023\/12\/12\/gobierno-de-milei-devalua-la-moneda-argentina-mas-de-50-a-800-pesos-por-dolar\/","url_meta":{"origin":72266,"position":2},"title":"Gobierno de Milei deval\u00faa la moneda Argentina m\u00e1s de 50 %, a 800 pesos por d\u00f3lar","author":"Nelson Feliz","date":"12 de diciembre de 2023","format":false,"excerpt":"Argentina sufre una grave crisis econ\u00f3mica, con inflaci\u00f3n anualizada de m\u00e1s de 140 % y una tasa de pobreza que supera 40 % de la poblaci\u00f3n Buenos Aires,AFP -El gobierno del ultraliberal Javier Milei devalu\u00f3 m\u00e1s de 5 0% la moneda, al establecer el tipo de cambio oficial en 800\u2026","rel":"","context":"En \u00abECONOM\u00cdA\u00bb","block_context":{"text":"ECONOM\u00cdA","link":"https:\/\/lasprimeras.com.do\/index.php\/category\/economia\/"},"img":{"alt_text":"Javier Milei","src":"https:\/\/i0.wp.com\/lasprimeras.com.do\/wp-content\/uploads\/2023\/12\/Javier-Milei.jpg?resize=350%2C200&ssl=1","width":350,"height":200,"srcset":"https:\/\/i0.wp.com\/lasprimeras.com.do\/wp-content\/uploads\/2023\/12\/Javier-Milei.jpg?resize=350%2C200&ssl=1 1x, https:\/\/i0.wp.com\/lasprimeras.com.do\/wp-content\/uploads\/2023\/12\/Javier-Milei.jpg?resize=525%2C300&ssl=1 1.5x, https:\/\/i0.wp.com\/lasprimeras.com.do\/wp-content\/uploads\/2023\/12\/Javier-Milei.jpg?resize=700%2C400&ssl=1 2x"},"classes":[]},{"id":62071,"url":"https:\/\/lasprimeras.com.do\/index.php\/2023\/10\/02\/haivanjoe-estima-cantidad-obras-del-gobierno-no-se-corresponde-con-el-nivel-gastos\/","url_meta":{"origin":72266,"position":3},"title":"Haivanjoe estima cantidad obras del gobierno no se corresponde con el nivel gastos","author":"Nelson Feliz","date":"2 de octubre de 2023","format":false,"excerpt":"El economista Haivanjoe Ng Corti\u00f1a estim\u00f3 que el pueblo le dar\u00e1 un voto de castigo al presidente Luis Abinader, porque en los tres a\u00f1os de gesti\u00f3n ha gastado m\u00e1s de RD$3.3 billones de pesos, y no tiene un sola obra importante que exhibir ante la sociedad. El tambi\u00e9n miembro de\u2026","rel":"","context":"En \u00abECONOM\u00cdA\u00bb","block_context":{"text":"ECONOM\u00cdA","link":"https:\/\/lasprimeras.com.do\/index.php\/category\/economia\/"},"img":{"alt_text":"","src":"https:\/\/i0.wp.com\/lasprimeras.com.do\/wp-content\/uploads\/2023\/10\/Ng-Cortinas.jpg?resize=350%2C200&ssl=1","width":350,"height":200,"srcset":"https:\/\/i0.wp.com\/lasprimeras.com.do\/wp-content\/uploads\/2023\/10\/Ng-Cortinas.jpg?resize=350%2C200&ssl=1 1x, https:\/\/i0.wp.com\/lasprimeras.com.do\/wp-content\/uploads\/2023\/10\/Ng-Cortinas.jpg?resize=525%2C300&ssl=1 1.5x"},"classes":[]},{"id":73757,"url":"https:\/\/lasprimeras.com.do\/index.php\/2024\/01\/16\/abinader-destaca-estabilidad-de-rd\/","url_meta":{"origin":72266,"position":4},"title":"Abinader destaca estabilidad de RD","author":"BIMARY DE JES\u00daS Matos","date":"16 de enero de 2024","format":false,"excerpt":"Santo Domingo.-El presidente Luis Abinader asegur\u00f3 ayer que la Rep\u00fablica Dominicana es la s\u00e9ptima econom\u00eda m\u00e1s grande de Am\u00e9rica Latina, y que gracias a la pol\u00edtica monetaria y fiscal de su gobierno en t\u00e9rminos generales, la inflaci\u00f3n fue controlada durante el 2023. Al encabezar su acostumbrado encuentro \u201cLA Semanal con\u2026","rel":"","context":"En \u00abNACIONALES\u00bb","block_context":{"text":"NACIONALES","link":"https:\/\/lasprimeras.com.do\/index.php\/category\/nacionales\/"},"img":{"alt_text":"","src":"https:\/\/i0.wp.com\/lasprimeras.com.do\/wp-content\/uploads\/2024\/01\/Noticias-de-energia-13-1.jpg?resize=350%2C200&ssl=1","width":350,"height":200,"srcset":"https:\/\/i0.wp.com\/lasprimeras.com.do\/wp-content\/uploads\/2024\/01\/Noticias-de-energia-13-1.jpg?resize=350%2C200&ssl=1 1x, https:\/\/i0.wp.com\/lasprimeras.com.do\/wp-content\/uploads\/2024\/01\/Noticias-de-energia-13-1.jpg?resize=525%2C300&ssl=1 1.5x"},"classes":[]},{"id":89889,"url":"https:\/\/lasprimeras.com.do\/index.php\/2024\/10\/06\/la-inflacion-interanual-bajo-a-3-29-en-septiembre-segun-el-banco-central\/","url_meta":{"origin":72266,"position":5},"title":"La inflaci\u00f3n interanual baj\u00f3 a 3.29 % en septiembre, seg\u00fan el Banco Central","author":"Nelson Feliz","date":"6 de octubre de 2024","format":false,"excerpt":"Se registr\u00f3 incremento en las tarifas de los colegios privados, platos del d\u00eda y cerveza envasada El \u00edndice de precios al consumidor (IPC) registr\u00f3 una variaci\u00f3n interanual de 3.29 % en septiembre de 2024, menor a las tasas de 3.54 % en julio y 3.42 % en agosto, inform\u00f3 hoy\u2026","rel":"","context":"En \u00abECONOM\u00cdA\u00bb","block_context":{"text":"ECONOM\u00cdA","link":"https:\/\/lasprimeras.com.do\/index.php\/category\/economia\/"},"img":{"alt_text":"Banco Central","src":"https:\/\/i0.wp.com\/lasprimeras.com.do\/wp-content\/uploads\/2023\/08\/Banco-Central.jpg?resize=350%2C200&ssl=1","width":350,"height":200,"srcset":"https:\/\/i0.wp.com\/lasprimeras.com.do\/wp-content\/uploads\/2023\/08\/Banco-Central.jpg?resize=350%2C200&ssl=1 1x, https:\/\/i0.wp.com\/lasprimeras.com.do\/wp-content\/uploads\/2023\/08\/Banco-Central.jpg?resize=525%2C300&ssl=1 1.5x"},"classes":[]}],"jetpack_sharing_enabled":true,"_links":{"self":[{"href":"https:\/\/lasprimeras.com.do\/index.php\/wp-json\/wp\/v2\/posts\/72266","targetHints":{"allow":["GET"]}}],"collection":[{"href":"https:\/\/lasprimeras.com.do\/index.php\/wp-json\/wp\/v2\/posts"}],"about":[{"href":"https:\/\/lasprimeras.com.do\/index.php\/wp-json\/wp\/v2\/types\/post"}],"author":[{"embeddable":true,"href":"https:\/\/lasprimeras.com.do\/index.php\/wp-json\/wp\/v2\/users\/2"}],"replies":[{"embeddable":true,"href":"https:\/\/lasprimeras.com.do\/index.php\/wp-json\/wp\/v2\/comments?post=72266"}],"version-history":[{"count":1,"href":"https:\/\/lasprimeras.com.do\/index.php\/wp-json\/wp\/v2\/posts\/72266\/revisions"}],"predecessor-version":[{"id":72268,"href":"https:\/\/lasprimeras.com.do\/index.php\/wp-json\/wp\/v2\/posts\/72266\/revisions\/72268"}],"wp:featuredmedia":[{"embeddable":true,"href":"https:\/\/lasprimeras.com.do\/index.php\/wp-json\/wp\/v2\/media\/72267"}],"wp:attachment":[{"href":"https:\/\/lasprimeras.com.do\/index.php\/wp-json\/wp\/v2\/media?parent=72266"}],"wp:term":[{"taxonomy":"category","embeddable":true,"href":"https:\/\/lasprimeras.com.do\/index.php\/wp-json\/wp\/v2\/categories?post=72266"},{"taxonomy":"post_tag","embeddable":true,"href":"https:\/\/lasprimeras.com.do\/index.php\/wp-json\/wp\/v2\/tags?post=72266"}],"curies":[{"name":"wp","href":"https:\/\/api.w.org\/{rel}","templated":true}]}}