{"id":72269,"date":"2023-12-28T08:19:52","date_gmt":"2023-12-28T12:19:52","guid":{"rendered":"https:\/\/lasprimeras.com.do\/?p=72269"},"modified":"2023-12-28T08:19:54","modified_gmt":"2023-12-28T12:19:54","slug":"locutor-de-bonao-que-aspira-a-regidor-emitio-emotivo-mensaje-de-fin-de-ano","status":"publish","type":"post","link":"https:\/\/lasprimeras.com.do\/index.php\/2023\/12\/28\/locutor-de-bonao-que-aspira-a-regidor-emitio-emotivo-mensaje-de-fin-de-ano\/","title":{"rendered":"Locutor de Bonao que aspira a regidor emiti\u00f3 emotivo mensaje de fin de a\u00f1o"},"content":{"rendered":"\n<p>Por Aquiles Rojas<\/p>\n\n\n\n<p>El candidato a regidor por el Partido Revolucionario Dominicano (PRD) en la ciudad de Bonao, Manuel Fabre, comparti\u00f3 un emotivo mensaje en un audiovisual que circula en las redes sociales.<\/p>\n\n\n\n<p>\u201cEn estas fiestas y para el nuevo a\u00f1o, que nazca en nosotros el esp\u00edritu de esa primera y humilde voz que puede cambiar nuestro mundo. Felicidades, de tu amigo de siempre El S\u00faper Pana,\u201d se escucha en la voz de Fabre.<\/p>\n\n\n\n<p>El \u201c spot \u201c del talentoso locutor se ha escuchado en diversas plataformas digitales, donde se aprecia su estilo \u00fanico de profesional del micr\u00f3fono.<\/p>\n\n\n\n<p>Fabre, quien en los medios de comunicaci\u00f3n es ampliamente conocido por el seud\u00f3nimo del \u201c S\u00faper Pana\u201d, ha manifestado que su mayor vocaci\u00f3n de servicio es estar en favor de los buscan una mejor oportunidad.<\/p>\n\n\n\n<p>El \u201cM\u00e1s Querido\u201d como tambi\u00e9n se conoce al popular artista de la palabra hablada ha recibido el respaldo de la mayor\u00eda de sus colegas del micr\u00f3fono, quienes le han externado de manera p\u00fablica su apoyo incondicional.<\/p>\n\n\n\n<p>El audio que utiliza una imagen de Fabre tiene una edici\u00f3n creada con un \u00e1rbol de navidad con los colores verde y dorado, las letras de su nombre en may\u00fascula, S\u00faper Pana, con el su eslogan \u201cEl M\u00e1s Querido por Bonao\u201d, el logo del jacho prendido del PRD (Partido Revolucionario Dominicano.<\/p>\n\n\n\n<p>\u201cLos locutores debemos empoderarnos, ocupar lugares en la pol\u00edtica desde una curul, debemos de asumir la responsabilidad y el compromiso con nuestro pueblo, somos parte importante del desarrollo de los pueblos, somos las voces de las campa\u00f1as y empresas publicitar\u00edas\u201d, escribi\u00f3.<\/p>\n\n\n\n<p>\u201cLocutor an\u00edmate t\u00fa puedes ser voz en las salas capitulares de los que no tienen voz, no te limites s\u00f3lo hablar por una emisora, locutor alza tu voz y ser\u00e1s escuchado, por los m\u00e1s necesitados, vamos t\u00fa puedes\u201d.<\/p>\n\n\n\n<p>Las elecciones municipales en la Rep\u00fablica Dominicana se llevar\u00e1n a cabo en febrero del a\u00f1o 2024 , que est\u00e1 a solo d\u00edas de iniciar.<\/p>\n","protected":false},"excerpt":{"rendered":"<p>Por Aquiles Rojas El candidato a regidor por el Partido Revolucionario Dominicano (PRD) en la ciudad de Bonao, Manuel Fabre, comparti\u00f3 un emotivo mensaje en un audiovisual que circula en&hellip;<\/p>\n","protected":false},"author":2,"featured_media":72270,"comment_status":"open","ping_status":"open","sticky":false,"template":"","format":"standard","meta":{"content-type":"","jetpack_post_was_ever_published":false,"_jetpack_newsletter_access":"","_jetpack_dont_email_post_to_subs":false,"_jetpack_newsletter_tier_id":0,"_jetpack_memberships_contains_paywalled_content":false,"_jetpack_memberships_contains_paid_content":false,"footnotes":""},"categories":[1],"tags":[899,10730,7960,6558,32],"class_list":["post-72269","post","type-post","status-publish","format-standard","has-post-thumbnail","hentry","category-sin-categoria","tag-bonao","tag-fin-de-ano","tag-locutor","tag-mensaje","tag-regidor"],"jetpack_featured_media_url":"https:\/\/lasprimeras.com.do\/wp-content\/uploads\/2023\/12\/Manuel-Fabre.jpg","jetpack-related-posts":[{"id":76614,"url":"https:\/\/lasprimeras.com.do\/index.php\/2024\/02\/12\/el-super-pana-cerrara-campana-con-moto-caravana-este-martes\/","url_meta":{"origin":72269,"position":0},"title":"El S\u00faper Pana cerrar\u00e1 campa\u00f1a con Moto Caravana \u00e9ste Martes","author":"Nelson Feliz","date":"12 de febrero de 2024","format":false,"excerpt":"Por Vicente Balbuena El destacado animador de radio y televisi\u00f3n, Manuel de Jes\u00fas Fabre Pe\u00f1a, \"S\u00faper Pana\", inform\u00f3 que cerrar\u00e1 \u00e9ste martes, su campa\u00f1a pol\u00edtica a regidor de Bonao por el Partido Revolucionario Dominicano. Fabre Pe\u00f1a, anunci\u00f3 que realizar\u00e1 una Moto Caravana, que recorrer\u00e1 calles y avenidas de los barrios\u2026","rel":"","context":"En \u00abSin categor\u00eda\u00bb","block_context":{"text":"Sin categor\u00eda","link":"https:\/\/lasprimeras.com.do\/index.php\/category\/sin-categoria\/"},"img":{"alt_text":"Super Pana","src":"https:\/\/i0.wp.com\/lasprimeras.com.do\/wp-content\/uploads\/2024\/02\/Super-Pana.png?resize=350%2C200&ssl=1","width":350,"height":200,"srcset":"https:\/\/i0.wp.com\/lasprimeras.com.do\/wp-content\/uploads\/2024\/02\/Super-Pana.png?resize=350%2C200&ssl=1 1x, https:\/\/i0.wp.com\/lasprimeras.com.do\/wp-content\/uploads\/2024\/02\/Super-Pana.png?resize=525%2C300&ssl=1 1.5x"},"classes":[]},{"id":127348,"url":"https:\/\/lasprimeras.com.do\/index.php\/2026\/04\/10\/bonao-se-moviliza-mas-de-2000-personas-dialogan-en-encuentro-con-superate-para-fortalecer-su-bienestar\/","url_meta":{"origin":72269,"position":1},"title":"Bonao se moviliza: M\u00e1s de 2000 personas dialogan en encuentro con Sup\u00e9rate para fortalecer su bienestar","author":"Nelson Feliz","date":"10 de abril de 2026","format":false,"excerpt":"Los diferentes subsidios otorgados por la entidad impactan la calidad de vida de m\u00e1s de 22 mil familias en la provincia Monse\u00f1or Nouel. La Direcci\u00f3n de Desarrollo Social Sup\u00e9rate desarroll\u00f3 este viernes un encuentro con familias beneficiarias de los programas de protecci\u00f3n social en el municipio de Bonao, provincia Monse\u00f1or\u2026","rel":"","context":"En \u00abECONOM\u00cdA\u00bb","block_context":{"text":"ECONOM\u00cdA","link":"https:\/\/lasprimeras.com.do\/index.php\/category\/economia\/"},"img":{"alt_text":"La directora general de Sup\u00e9rate, Mayra Jim\u00e9nez, junto al senador de la provincia H\u00e9ctor Acosta, autoridades locales y comunitarios durante encuentro comunitario en Bonao.","src":"https:\/\/i0.wp.com\/lasprimeras.com.do\/wp-content\/uploads\/2026\/04\/La-directora-general-de-Superate-Mayra-Jimenez-junto-al-senador-de-la-provincia-Hector-Acosta-autoridades-locales-y-comunitarios-durante-encuentro-comunitario-en-Bonao.jpg?resize=350%2C200&ssl=1","width":350,"height":200,"srcset":"https:\/\/i0.wp.com\/lasprimeras.com.do\/wp-content\/uploads\/2026\/04\/La-directora-general-de-Superate-Mayra-Jimenez-junto-al-senador-de-la-provincia-Hector-Acosta-autoridades-locales-y-comunitarios-durante-encuentro-comunitario-en-Bonao.jpg?resize=350%2C200&ssl=1 1x, https:\/\/i0.wp.com\/lasprimeras.com.do\/wp-content\/uploads\/2026\/04\/La-directora-general-de-Superate-Mayra-Jimenez-junto-al-senador-de-la-provincia-Hector-Acosta-autoridades-locales-y-comunitarios-durante-encuentro-comunitario-en-Bonao.jpg?resize=525%2C300&ssl=1 1.5x, https:\/\/i0.wp.com\/lasprimeras.com.do\/wp-content\/uploads\/2026\/04\/La-directora-general-de-Superate-Mayra-Jimenez-junto-al-senador-de-la-provincia-Hector-Acosta-autoridades-locales-y-comunitarios-durante-encuentro-comunitario-en-Bonao.jpg?resize=700%2C400&ssl=1 2x"},"classes":[]},{"id":49341,"url":"https:\/\/lasprimeras.com.do\/index.php\/2023\/05\/10\/profesional-del-habla-advierte-sobre-la-influencia-del-broadcast-en-la-locucion\/","url_meta":{"origin":72269,"position":2},"title":"Profesional del habla advierte sobre la influencia del broadcast en la locuci\u00f3n","author":"prenxa100","date":"10 de mayo de 2023","format":false,"excerpt":"Santo Domingo. La locuci\u00f3n en lo adelante debe ser cercana, natural y rec\u00edproca al mensaje que se env\u00eda a trav\u00e9s del esfuerzo broadcast que hacen el profesional de la comunicaci\u00f3n y los radioescuchas, seg\u00fan el locutor Mart\u00edn Alc\u00e1ntara. Alc\u00e1ntara, con 30 a\u00f1os de carrera profesional, entiende que el locutor de\u2026","rel":"","context":"En \u00abENTRETENIMIENTO\u00bb","block_context":{"text":"ENTRETENIMIENTO","link":"https:\/\/lasprimeras.com.do\/index.php\/category\/entretenimiento\/"},"img":{"alt_text":"","src":"","width":0,"height":0},"classes":[]},{"id":103234,"url":"https:\/\/lasprimeras.com.do\/index.php\/2025\/07\/13\/leonel-fernandez-desde-bonao-el-gobierno-del-prm-tiene-el-motor-fundido\/","url_meta":{"origin":72269,"position":3},"title":"Leonel Fern\u00e1ndez desde Bonao: el gobierno del PRM tiene el \u201cmotor fundido\u201d","author":"Nelson Feliz","date":"13 de julio de 2025","format":false,"excerpt":"El presidente de la Fuerza del Pueblo y expresidente de la Rep\u00fablica Dominicana, Leonel Fern\u00e1ndez, asegur\u00f3 en un acto pol\u00edtico en esta provincia que el gobierno del Partido Revolucionario Moderno (PRM) tiene, \u201cel motor fundido\u201d. La expresi\u00f3n, que se convirti\u00f3 en el eje del discurso de Fern\u00e1ndez, fue utilizada originalmente\u2026","rel":"","context":"En \u00abPOLITICA\u00bb","block_context":{"text":"POLITICA","link":"https:\/\/lasprimeras.com.do\/index.php\/category\/politica\/"},"img":{"alt_text":"","src":"https:\/\/i0.wp.com\/lasprimeras.com.do\/wp-content\/uploads\/2025\/07\/leonel-2.jpg?resize=350%2C200&ssl=1","width":350,"height":200,"srcset":"https:\/\/i0.wp.com\/lasprimeras.com.do\/wp-content\/uploads\/2025\/07\/leonel-2.jpg?resize=350%2C200&ssl=1 1x, https:\/\/i0.wp.com\/lasprimeras.com.do\/wp-content\/uploads\/2025\/07\/leonel-2.jpg?resize=525%2C300&ssl=1 1.5x, https:\/\/i0.wp.com\/lasprimeras.com.do\/wp-content\/uploads\/2025\/07\/leonel-2.jpg?resize=700%2C400&ssl=1 2x"},"classes":[]},{"id":97336,"url":"https:\/\/lasprimeras.com.do\/index.php\/2025\/04\/18\/pld-felicita-a-los-locutores-dominicanos-en-la-celebracion-de-su-dia\/","url_meta":{"origin":72269,"position":4},"title":"PLD felicita a los locutores dominicanos en la celebraci\u00f3n de su D\u00eda","author":"Nelson Feliz","date":"18 de abril de 2025","format":false,"excerpt":"Con motivo de la celebraci\u00f3n del D\u00eda del Locutor, el Partido de la Liberaci\u00f3n Dominicana (PLD), env\u00eda un mensaje de felicitaci\u00f3n a las y los profesionales del micr\u00f3fono por la labor social y su rol como orientador y de motivaci\u00f3n. En el segmento de efem\u00e9rides de Vanguardia del Pueblo y\u2026","rel":"","context":"En \u00abENTRETENIMIENTO\u00bb","block_context":{"text":"ENTRETENIMIENTO","link":"https:\/\/lasprimeras.com.do\/index.php\/category\/entretenimiento\/"},"img":{"alt_text":"","src":"https:\/\/i0.wp.com\/lasprimeras.com.do\/wp-content\/uploads\/2025\/04\/locutor.jpg?resize=350%2C200&ssl=1","width":350,"height":200,"srcset":"https:\/\/i0.wp.com\/lasprimeras.com.do\/wp-content\/uploads\/2025\/04\/locutor.jpg?resize=350%2C200&ssl=1 1x, https:\/\/i0.wp.com\/lasprimeras.com.do\/wp-content\/uploads\/2025\/04\/locutor.jpg?resize=525%2C300&ssl=1 1.5x"},"classes":[]},{"id":53052,"url":"https:\/\/lasprimeras.com.do\/index.php\/2023\/06\/23\/pld-presenta-fiordaliza-pichardo-candidata-a-la-alcaldia-de-bonao\/","url_meta":{"origin":72269,"position":5},"title":"PLD presenta Fiordaliza Pichardo candidata a la Alcald\u00eda de Bonao","author":"Nelson Feliz","date":"23 de junio de 2023","format":false,"excerpt":"El Partido de la Liberaci\u00f3n Dominicana (PLD) present\u00f3 a la actual regidora Fiordaliza Pichardo como su candidata a la Alcald\u00eda de Bonao, provincia Monse\u00f1or Nouel. El presidente local del PLD, Carlos Veras, destac\u00f3 que por su experiencia en la municipalidad y el buen desempe\u00f1o en el ayuntamiento, Pichardo ha sido\u2026","rel":"","context":"En \u00abSin categor\u00eda\u00bb","block_context":{"text":"Sin categor\u00eda","link":"https:\/\/lasprimeras.com.do\/index.php\/category\/sin-categoria\/"},"img":{"alt_text":"Fiordaliza Pichardo","src":"https:\/\/i0.wp.com\/lasprimeras.com.do\/wp-content\/uploads\/2023\/06\/Fiordaliza-Pichardo.jpg?resize=350%2C200&ssl=1","width":350,"height":200,"srcset":"https:\/\/i0.wp.com\/lasprimeras.com.do\/wp-content\/uploads\/2023\/06\/Fiordaliza-Pichardo.jpg?resize=350%2C200&ssl=1 1x, https:\/\/i0.wp.com\/lasprimeras.com.do\/wp-content\/uploads\/2023\/06\/Fiordaliza-Pichardo.jpg?resize=525%2C300&ssl=1 1.5x"},"classes":[]}],"jetpack_sharing_enabled":true,"_links":{"self":[{"href":"https:\/\/lasprimeras.com.do\/index.php\/wp-json\/wp\/v2\/posts\/72269","targetHints":{"allow":["GET"]}}],"collection":[{"href":"https:\/\/lasprimeras.com.do\/index.php\/wp-json\/wp\/v2\/posts"}],"about":[{"href":"https:\/\/lasprimeras.com.do\/index.php\/wp-json\/wp\/v2\/types\/post"}],"author":[{"embeddable":true,"href":"https:\/\/lasprimeras.com.do\/index.php\/wp-json\/wp\/v2\/users\/2"}],"replies":[{"embeddable":true,"href":"https:\/\/lasprimeras.com.do\/index.php\/wp-json\/wp\/v2\/comments?post=72269"}],"version-history":[{"count":1,"href":"https:\/\/lasprimeras.com.do\/index.php\/wp-json\/wp\/v2\/posts\/72269\/revisions"}],"predecessor-version":[{"id":72271,"href":"https:\/\/lasprimeras.com.do\/index.php\/wp-json\/wp\/v2\/posts\/72269\/revisions\/72271"}],"wp:featuredmedia":[{"embeddable":true,"href":"https:\/\/lasprimeras.com.do\/index.php\/wp-json\/wp\/v2\/media\/72270"}],"wp:attachment":[{"href":"https:\/\/lasprimeras.com.do\/index.php\/wp-json\/wp\/v2\/media?parent=72269"}],"wp:term":[{"taxonomy":"category","embeddable":true,"href":"https:\/\/lasprimeras.com.do\/index.php\/wp-json\/wp\/v2\/categories?post=72269"},{"taxonomy":"post_tag","embeddable":true,"href":"https:\/\/lasprimeras.com.do\/index.php\/wp-json\/wp\/v2\/tags?post=72269"}],"curies":[{"name":"wp","href":"https:\/\/api.w.org\/{rel}","templated":true}]}}