{"id":72272,"date":"2023-12-28T08:38:03","date_gmt":"2023-12-28T12:38:03","guid":{"rendered":"https:\/\/lasprimeras.com.do\/?p=72272"},"modified":"2023-12-28T08:38:05","modified_gmt":"2023-12-28T12:38:05","slug":"dominicanos-encabezan-inauguracion-apple-bank-en-el-alto-manhattan","status":"publish","type":"post","link":"https:\/\/lasprimeras.com.do\/index.php\/2023\/12\/28\/dominicanos-encabezan-inauguracion-apple-bank-en-el-alto-manhattan\/","title":{"rendered":"Dominicanos encabezan inauguraci\u00f3n Apple Bank en el Alto Manhattan"},"content":{"rendered":"\n<p>Por Aquiles Rojas<\/p>\n\n\n\n<p><strong>NUEVA YORK. &#8211;<\/strong>Con la asistencia de los legisladores locales, fue inaugurada en el Alto Manhattan una nueva sucursal del banco \u201c The Apple Bank\u201d.<\/p>\n\n\n\n<p>\u201cSomos, como dice nuestro eslogan, el banco m\u00e1s conveniente en su vecindario, con un compromiso de servir de forma personalizada y lo m\u00e1s importante que nos adaptamos a nuestros clientes, eso es el Apple Bank\u201d, dijo un representante de la instituci\u00f3n financiera.<\/p>\n\n\n\n<p>La entidad bancaria, que apera en ingl\u00e9s y espa\u00f1ol, funcionar\u00e1 en el primer nivel del edificio marcado con el 604 W de la calle 181, con tel\u00e9fono 212-927-6440.<\/p>\n\n\n\n<p>Nosotros brindamos nuestros servicios de de lunes a viernes desde las 9:00 AM-4:00 P.M., los s\u00e1bados de 9:00 -1:00 PM y los domingos estamos cerrados pero siempre estamos con los servicios en l\u00ednea \u201c online \u201c las 24 horas del d\u00eda .<\/p>\n\n\n\n<p>Entre los asistentes a la inauguraci\u00f3n oficial estuvieron el director de relaciones p\u00fablicas del Departamento de Transporte, Eleazar Bueno, en representaci\u00f3n del comisionado Ydanis Rodr\u00edguez; el senador estatal Robert Jackson, asamble\u00edsta estatal, Al Taylor; la concejal Carmen De la Rosa entre otros miembros de la comunidad y personalidades del mundo de los negocios.<\/p>\n\n\n\n<p>\u201cEl Apple Bank tiene un nuevo hogar en Washington Heights, despu\u00e9s de 60 a\u00f1os. Felicidades al gerente de la franquicia, Rafael Fern\u00e1ndez y todo el resto de su equipo. Esperamos seguir trabajando juntos para beneficio de toda nuestra comunidad\u201d, escribi\u00f3 la representante por el distrito 10 ante el Consejo Municipal.<\/p>\n\n\n\n<figure class=\"wp-block-image size-full is-resized\"><img decoding=\"async\" width=\"700\" height=\"517\" src=\"https:\/\/lasprimeras.com.do\/wp-content\/uploads\/2023\/12\/Apple-Bank-1.jpg\" alt=\"\" class=\"wp-image-72274\" style=\"width:840px;height:auto\" srcset=\"https:\/\/lasprimeras.com.do\/wp-content\/uploads\/2023\/12\/Apple-Bank-1.jpg 700w, https:\/\/lasprimeras.com.do\/wp-content\/uploads\/2023\/12\/Apple-Bank-1-300x222.jpg 300w\" sizes=\"(max-width: 700px) 100vw, 700px\" \/><\/figure>\n\n\n\n<p><strong>La historia reciente del Apple Bank<\/strong><\/p>\n\n\n\n<p>En 1989, \u201cApple Bank \u201c se expandi\u00f3 al este de Long Island mediante la adquisici\u00f3n del hist\u00f3rico Sag Harbor Savings Bank, para la la d\u00e9cada de 1990 y en el nuevo milenio, el banco continu\u00f3 creciendo con otras adquisiciones y nuevas aperturas de sucursales en los cinco distritos de la ciudad de Nueva York, Long Island y el condado de Westchester.<\/p>\n\n\n\n<p>En 2013, la adquisici\u00f3n por parte de Apple Bank de 29 sucursales de Emigrant Bank ampli\u00f3 significativamente nuestra presencia en el \u00e1rea metropolitana de Nueva York.<\/p>\n\n\n\n<p><strong>Su visi\u00f3n<\/strong><\/p>\n\n\n\n<p>Con una gesti\u00f3n financiera conservadora y una fuerte calidad de cr\u00e9dito, Apple Bank marc\u00f3 su 31 a\u00f1o consecutivo de rentabilidad ininterrumpida.<\/p>\n\n\n\n<p>Hoy en d\u00eda, Apple Bank es una instituci\u00f3n de servicio completo que ofrece productos de calidad y atenci\u00f3n personalizada a los clientes, dirigida por banqueros que viven en las \u00e1reas a las que servimos y entienden a fondo las necesidades de las personas y las empresas.<\/p>\n\n\n\n<p>Continuando con la orgullosa herencia que comenz\u00f3 en Harlem en 1863, Apple Bank sigue comprometido con la banca principal del vecindario. Ofrecemos una gama completa de servicios de banca minorista a individuos y empresas en el \u00e1rea metropolitana de Nueva York y Nueva Jersey a trav\u00e9s de nuestras 82 sucursales, as\u00ed como a trav\u00e9s de la banca en l\u00ednea y otros canales alternativos.<\/p>\n\n\n\n<p>Apple Bank es un prestamista hipotecario activo en nuestra regi\u00f3n, que cubre tanto el mercado de propiedades multifamiliares como comerciales. Las actividades de pr\u00e9stamos comerciales del Apple Bank incluyen financiaci\u00f3n comercial garantizada por el gobierno para el sector de la aviaci\u00f3n comercial y otros segmentos especializados.<\/p>\n\n\n\n<p>Trabajamos duro para satisfacer las necesidades financieras de nuestros clientes y nos esforzamos por mejorar la calidad de vida en nuestras comunidades. Esperamos un futuro lleno de oportunidades, al tiempo que siempre ponemos los mejores intereses de nuestros clientes en primer lugar.<\/p>\n","protected":false},"excerpt":{"rendered":"<p>Por Aquiles Rojas NUEVA YORK. &#8211;Con la asistencia de los legisladores locales, fue inaugurada en el Alto Manhattan una nueva sucursal del banco \u201c The Apple Bank\u201d. \u201cSomos, como dice&hellip;<\/p>\n","protected":false},"author":2,"featured_media":72273,"comment_status":"open","ping_status":"open","sticky":false,"template":"","format":"standard","meta":{"content-type":"","jetpack_post_was_ever_published":false,"_jetpack_newsletter_access":"","_jetpack_dont_email_post_to_subs":false,"_jetpack_newsletter_tier_id":0,"_jetpack_memberships_contains_paywalled_content":false,"_jetpack_memberships_contains_paid_content":false,"footnotes":""},"categories":[39],"tags":[7883,10760,487],"class_list":["post-72272","post","type-post","status-publish","format-standard","has-post-thumbnail","hentry","category-economia","tag-alto-manhattan","tag-apple-bank","tag-dominicanos"],"jetpack_featured_media_url":"https:\/\/lasprimeras.com.do\/wp-content\/uploads\/2023\/12\/Apple-Bank.jpg","jetpack-related-posts":[{"id":125243,"url":"https:\/\/lasprimeras.com.do\/index.php\/2026\/03\/20\/leonardo-aguilera-realiza-visita-al-state-bank-of-india-en-ny-para-fortalecer-relaciones-internacionales\/","url_meta":{"origin":72272,"position":0},"title":"Leonardo Aguilera realiza visita al State Bank of India en NY para fortalecer relaciones internacionales","author":"Nelson Feliz","date":"20 de marzo de 2026","format":false,"excerpt":"Nueva York.\u2013 El presidente ejecutivo del Banco de Reservas de la Rep\u00fablica Dominicana, doctor Leonardo Aguilera, realiz\u00f3 una visita de cortes\u00eda a las oficinas del State Bank of India en la ciudad de Nueva York, como parte de su agenda en el marco de la Tercera Feria Inmobiliaria dirigida a\u2026","rel":"","context":"En \u00abECONOM\u00cdA\u00bb","block_context":{"text":"ECONOM\u00cdA","link":"https:\/\/lasprimeras.com.do\/index.php\/category\/economia\/"},"img":{"alt_text":"Leonardo Aguilera","src":"https:\/\/i0.wp.com\/lasprimeras.com.do\/wp-content\/uploads\/2026\/03\/Leonardo-Aguilera-1.jpg?resize=350%2C200&ssl=1","width":350,"height":200,"srcset":"https:\/\/i0.wp.com\/lasprimeras.com.do\/wp-content\/uploads\/2026\/03\/Leonardo-Aguilera-1.jpg?resize=350%2C200&ssl=1 1x, https:\/\/i0.wp.com\/lasprimeras.com.do\/wp-content\/uploads\/2026\/03\/Leonardo-Aguilera-1.jpg?resize=525%2C300&ssl=1 1.5x, https:\/\/i0.wp.com\/lasprimeras.com.do\/wp-content\/uploads\/2026\/03\/Leonardo-Aguilera-1.jpg?resize=700%2C400&ssl=1 2x"},"classes":[]},{"id":118202,"url":"https:\/\/lasprimeras.com.do\/index.php\/2025\/12\/22\/velaran-este-lunes-en-el-alto-manhattan-restos-hermana-del-comisionado-ydanis-rodriguez\/","url_meta":{"origin":72272,"position":1},"title":"Velar\u00e1n este lunes en el Alto Manhattan restos hermana del comisionado Ydanis Rodr\u00edguez","author":"Nelson Feliz","date":"22 de diciembre de 2025","format":false,"excerpt":"Por Ram\u00f3n Mercedes NUEVA YORK.- Ser\u00e1n velados este lunes 22 de diciembre en el Alto Manhattan, los restos de la se\u00f1ora Ramona Rodr\u00edguez Garc\u00eda, hermana del comisionado del Departamentro de Transporte de la ciudad (DOT), el dominicano Ydanis Rodr\u00edguez. La dama falleci\u00f3 el pasado jueves tras permanecer interna por varios\u2026","rel":"","context":"En \u00abINTERNACIONALES\u00bb","block_context":{"text":"INTERNACIONALES","link":"https:\/\/lasprimeras.com.do\/index.php\/category\/sin-categoria\/internacionales\/"},"img":{"alt_text":"Velar\u00e1n este lunes en el Alto Manhattan restos hermana del comisionado Ydanis Rodr\u00edguez","src":"https:\/\/i0.wp.com\/lasprimeras.com.do\/wp-content\/uploads\/2025\/12\/WhatsApp-Image-2025-12-22-at-7.39.05-AM-1.jpeg?resize=350%2C200&ssl=1","width":350,"height":200},"classes":[]},{"id":99899,"url":"https:\/\/lasprimeras.com.do\/index.php\/2025\/05\/28\/periodista-dominicano-fallecido-nyc-sera-expuesto-proximo-lunes-en-funeraria-rivera-alto-manhattan\/","url_meta":{"origin":72272,"position":2},"title":"Periodista dominicano fallecido NYC ser\u00e1 expuesto pr\u00f3ximo lunes en Funeraria Rivera Alto Manhattan","author":"Nelson Feliz","date":"28 de mayo de 2025","format":false,"excerpt":"Por Ram\u00f3n Mercedes NUEVA YORK.- El periodista dominicano Miguel Cruz Tejada, quien falleciera de forma natural el pasado jueves en el Hospital Presbiteriano Medical Center, ser\u00e1 expuesto el pr\u00f3ximo lunes, de 4:00 a 8:00 PM, en la Funeraria Rivera, ubicada en el 1260 de la Avenida Saint Nicholas con la\u2026","rel":"","context":"En \u00abINTERNACIONALES\u00bb","block_context":{"text":"INTERNACIONALES","link":"https:\/\/lasprimeras.com.do\/index.php\/category\/sin-categoria\/internacionales\/"},"img":{"alt_text":"","src":"https:\/\/i0.wp.com\/lasprimeras.com.do\/wp-content\/uploads\/2025\/05\/WhatsApp-Image-2025-05-28-at-6.00.55-AM.jpeg?resize=350%2C200&ssl=1","width":350,"height":200},"classes":[]},{"id":125077,"url":"https:\/\/lasprimeras.com.do\/index.php\/2026\/03\/19\/alta-asistencia-de-dominicanos-a-feria-inmobiliaria-banreservas-en-el-alto-manhattan\/","url_meta":{"origin":72272,"position":3},"title":"Alta asistencia de dominicanos a Feria Inmobiliaria Banreservas en Manhattan","author":"Nelson Feliz","date":"19 de marzo de 2026","format":false,"excerpt":"https:\/\/www.youtube.com\/watch?v=sH7fTxeOAIU Por Ram\u00f3n Mercedes NUEVA YORK.- Cerca de dos mil dominicanos residentes en esta ciudad, as\u00ed como en Nueva Jersey, Connecticut y Pensilvania, asistieron este mi\u00e9rcoles a la inauguraci\u00f3n de la Tercera Feria Inmobiliaria Banreservas, celebrada Radio Hotel, en el Alto Manhattan. Los asistentes manifestaron que acudieron motivados por las\u2026","rel":"","context":"En \u00abECONOM\u00cdA\u00bb","block_context":{"text":"ECONOM\u00cdA","link":"https:\/\/lasprimeras.com.do\/index.php\/category\/economia\/"},"img":{"alt_text":"","src":"https:\/\/i0.wp.com\/lasprimeras.com.do\/wp-content\/uploads\/2026\/03\/IMG-20260319-WA0050.jpg?resize=350%2C200&ssl=1","width":350,"height":200},"classes":[]},{"id":102854,"url":"https:\/\/lasprimeras.com.do\/index.php\/2025\/07\/09\/fallecido-comunicador-rd-ny-sera-velado-este-jueves-funeraria-ortiz-en-alto-manhattan\/","url_meta":{"origin":72272,"position":4},"title":"Fallecido comunicador RD-NY ser\u00e1 velado este jueves Funeraria Ortiz en Alto Manhattan","author":"Nelson Feliz","date":"9 de julio de 2025","format":false,"excerpt":"Por Ram\u00f3n Mercedes NUEVA YORK.- El comunicador dominicano en esta ciudad, Pedro Joaqu\u00edn Aguiar, de 68 a\u00f1os, quien falleciera de un infarto la madrugada del pasado s\u00e1bado, ser\u00e1 velado este jueves, desde las 5:00 hasta las 8:00 p.m. en la Funeraria Ortiz, ubicada en Broadway con la calle 192, en\u2026","rel":"","context":"En \u00abINTERNACIONALES\u00bb","block_context":{"text":"INTERNACIONALES","link":"https:\/\/lasprimeras.com.do\/index.php\/category\/sin-categoria\/internacionales\/"},"img":{"alt_text":"","src":"https:\/\/i0.wp.com\/lasprimeras.com.do\/wp-content\/uploads\/2025\/07\/WhatsApp-Image-2025-07-09-at-5.35.20-AM.jpeg?resize=350%2C200&ssl=1","width":350,"height":200,"srcset":"https:\/\/i0.wp.com\/lasprimeras.com.do\/wp-content\/uploads\/2025\/07\/WhatsApp-Image-2025-07-09-at-5.35.20-AM.jpeg?resize=350%2C200&ssl=1 1x, https:\/\/i0.wp.com\/lasprimeras.com.do\/wp-content\/uploads\/2025\/07\/WhatsApp-Image-2025-07-09-at-5.35.20-AM.jpeg?resize=525%2C300&ssl=1 1.5x"},"classes":[]},{"id":61180,"url":"https:\/\/lasprimeras.com.do\/index.php\/2023\/09\/22\/las-transacciones-bancarias-que-podras-realizar-en-la-sucursal-de-banreservas-en-nueva-york\/","url_meta":{"origin":72272,"position":5},"title":"Las transacciones bancarias que podr\u00e1s realizar en la sucursal de Banreservas en Nueva York","author":"Nelson Feliz","date":"22 de septiembre de 2023","format":false,"excerpt":"Servicios disponibles en la oficina de representaci\u00f3n de Banreservas en el Alto Manhattan. El Banco de Reservas de la Rep\u00fablica Dominicana dej\u00f3 inaugurada ayer mi\u00e9rcoles su primera oficina de representaci\u00f3n en Estados Unidos, la cual est\u00e1 ubicada en el 2420 de la avenida \u00c1msterdam en el Alto Manhattan, en la\u2026","rel":"","context":"En \u00abECONOM\u00cdA\u00bb","block_context":{"text":"ECONOM\u00cdA","link":"https:\/\/lasprimeras.com.do\/index.php\/category\/economia\/"},"img":{"alt_text":"Banco de Reservas de Nueva York","src":"https:\/\/i0.wp.com\/lasprimeras.com.do\/wp-content\/uploads\/2023\/09\/Banco-de-Reservas-de-Nueva-York.jpg?resize=350%2C200&ssl=1","width":350,"height":200,"srcset":"https:\/\/i0.wp.com\/lasprimeras.com.do\/wp-content\/uploads\/2023\/09\/Banco-de-Reservas-de-Nueva-York.jpg?resize=350%2C200&ssl=1 1x, https:\/\/i0.wp.com\/lasprimeras.com.do\/wp-content\/uploads\/2023\/09\/Banco-de-Reservas-de-Nueva-York.jpg?resize=525%2C300&ssl=1 1.5x, https:\/\/i0.wp.com\/lasprimeras.com.do\/wp-content\/uploads\/2023\/09\/Banco-de-Reservas-de-Nueva-York.jpg?resize=700%2C400&ssl=1 2x"},"classes":[]}],"jetpack_sharing_enabled":true,"_links":{"self":[{"href":"https:\/\/lasprimeras.com.do\/index.php\/wp-json\/wp\/v2\/posts\/72272","targetHints":{"allow":["GET"]}}],"collection":[{"href":"https:\/\/lasprimeras.com.do\/index.php\/wp-json\/wp\/v2\/posts"}],"about":[{"href":"https:\/\/lasprimeras.com.do\/index.php\/wp-json\/wp\/v2\/types\/post"}],"author":[{"embeddable":true,"href":"https:\/\/lasprimeras.com.do\/index.php\/wp-json\/wp\/v2\/users\/2"}],"replies":[{"embeddable":true,"href":"https:\/\/lasprimeras.com.do\/index.php\/wp-json\/wp\/v2\/comments?post=72272"}],"version-history":[{"count":1,"href":"https:\/\/lasprimeras.com.do\/index.php\/wp-json\/wp\/v2\/posts\/72272\/revisions"}],"predecessor-version":[{"id":72275,"href":"https:\/\/lasprimeras.com.do\/index.php\/wp-json\/wp\/v2\/posts\/72272\/revisions\/72275"}],"wp:featuredmedia":[{"embeddable":true,"href":"https:\/\/lasprimeras.com.do\/index.php\/wp-json\/wp\/v2\/media\/72273"}],"wp:attachment":[{"href":"https:\/\/lasprimeras.com.do\/index.php\/wp-json\/wp\/v2\/media?parent=72272"}],"wp:term":[{"taxonomy":"category","embeddable":true,"href":"https:\/\/lasprimeras.com.do\/index.php\/wp-json\/wp\/v2\/categories?post=72272"},{"taxonomy":"post_tag","embeddable":true,"href":"https:\/\/lasprimeras.com.do\/index.php\/wp-json\/wp\/v2\/tags?post=72272"}],"curies":[{"name":"wp","href":"https:\/\/api.w.org\/{rel}","templated":true}]}}