{"id":72279,"date":"2023-12-28T10:48:36","date_gmt":"2023-12-28T14:48:36","guid":{"rendered":"https:\/\/lasprimeras.com.do\/?p=72279"},"modified":"2023-12-28T10:48:37","modified_gmt":"2023-12-28T14:48:37","slug":"la-broma-de-raulin-rodriguez-sobre-su-supuesta-homosexualidad-que-fue-catalogada-como-una-confesion","status":"publish","type":"post","link":"https:\/\/lasprimeras.com.do\/index.php\/2023\/12\/28\/la-broma-de-raulin-rodriguez-sobre-su-supuesta-homosexualidad-que-fue-catalogada-como-una-confesion\/","title":{"rendered":"La broma de Raul\u00edn Rodr\u00edguez sobre su supuesta homosexualidad que fue catalogada como una confesi\u00f3n"},"content":{"rendered":"\n<p><strong>&#8220;Apagaron el sonido los polic\u00edas estos. Esos son p\u00e1jaros como yo&#8221;, dijo el bachatero.<\/strong><\/p>\n\n\n\n<p>&#8220;Apagaron el sonido los polic\u00edas estos. Esos son p\u00e1jaros como yo&#8221;, esa frase expresada por el bachatero Raul\u00edn Rodr\u00edguez durante uno de sus bailes ha avivado los rumores que algunos han vertido en redes sociales sobre su supuesta homosexualidad.<\/p>\n\n\n\n<p>El bachatero, quien ha confesado que \u00e9l se burla de esas afirmaciones, protagoniz\u00f3 un incidente durante la presentaci\u00f3n del evento, cuando unos polic\u00edas le ordenaron cesar el show por pasar la hora reglamentaria.<\/p>\n\n\n\n<p>En ese momento, para acabar con la molestia del p\u00fablico, el cantante brome\u00f3 con los polic\u00edas y el p\u00fablico. El video ha sido reproducido por distintas p\u00e1ginas en internet.<\/p>\n\n\n\n<p>Fue en 2019, durante una entrevista en el programa Noche de Luz, donde el bachatero dominicano se refiri\u00f3 a los que cuestionan su sexualidad, asegurando que es un macho. &#8220;Muchas veces se ha dicho que yo me rompo, me parto, se puede decir, pero no&#8221;, se\u00f1al\u00f3 en ese momento.<\/p>\n\n\n\n<p>Y agreg\u00f3: &#8220;Yo soy muy macho, pero yo tengo una man\u00eda con las manos (las muevo de forma amanerada) tanto cuando canto como cuando hablo&#8221;.<\/p>\n\n\n\n<figure class=\"wp-block-embed is-type-video is-provider-youtube wp-block-embed-youtube wp-embed-aspect-4-3 wp-has-aspect-ratio\"><div class=\"wp-block-embed__wrapper\">\n<iframe title=\"ESOS SON P\u00c1JAROS COMO YO: Raulin Rodr\u00edguez Se Declara \ud83e\udd86\" width=\"500\" height=\"375\" src=\"https:\/\/www.youtube.com\/embed\/DmEO7ipqcJ8?feature=oembed\" frameborder=\"0\" allow=\"accelerometer; autoplay; clipboard-write; encrypted-media; gyroscope; picture-in-picture; web-share\" referrerpolicy=\"strict-origin-when-cross-origin\" allowfullscreen><\/iframe>\n<\/div><\/figure>\n\n\n\n<p>&#8220;Yo soy muy macho&#8221;<\/p>\n\n\n\n<p>D\u00edas despu\u00e9s de esa entrevista, el cantante volvi\u00f3 a referirse al tema en la secci\u00f3n de preguntas y respuestas de Instagram Story. All\u00ed, un usuario le pregunt\u00f3: \u00bfUsted es homosexual? A lo que Raul\u00edn contest\u00f3:<\/p>\n\n\n\n<p>&#8220;Respeto mucho la comunidad LGBTI, tengo muchos fans, personas que aprecio y valoro mucho de esa comunidad, pero no soy homosexual&#8221;, declar\u00f3.<\/p>\n","protected":false},"excerpt":{"rendered":"<p>&#8220;Apagaron el sonido los polic\u00edas estos. Esos son p\u00e1jaros como yo&#8221;, dijo el bachatero. &#8220;Apagaron el sonido los polic\u00edas estos. Esos son p\u00e1jaros como yo&#8221;, esa frase expresada por el&hellip;<\/p>\n","protected":false},"author":2,"featured_media":72280,"comment_status":"open","ping_status":"open","sticky":false,"template":"","format":"standard","meta":{"content-type":"","jetpack_post_was_ever_published":false,"_jetpack_newsletter_access":"","_jetpack_dont_email_post_to_subs":false,"_jetpack_newsletter_tier_id":0,"_jetpack_memberships_contains_paywalled_content":false,"_jetpack_memberships_contains_paid_content":false,"footnotes":""},"categories":[84],"tags":[10765,10762,10766,10764,10763],"class_list":["post-72279","post","type-post","status-publish","format-standard","has-post-thumbnail","hentry","category-entretenimiento","tag-broma","tag-catalogada","tag-confesion","tag-homosexualidad","tag-raulin-rodriguez"],"jetpack_featured_media_url":"https:\/\/lasprimeras.com.do\/wp-content\/uploads\/2023\/12\/Raulin-Rodriguez.jpg","jetpack-related-posts":[{"id":125851,"url":"https:\/\/lasprimeras.com.do\/index.php\/2026\/03\/26\/raulin-rodriguez-genera-altas-expectativas-en-urban-bash-2026\/","url_meta":{"origin":72279,"position":0},"title":"Raul\u00edn Rodr\u00edguez genera altas expectativas en Urban Bash 2026","author":"Nelson Feliz","date":"26 de marzo de 2026","format":false,"excerpt":"La bachata se adue\u00f1ar\u00e1 de Imagine Punta Cana La expectativa crece a medida que se acerca Urban Bash 2026, y todas las miradas apuntan hacia una de las presentaciones m\u00e1s esperadas de la noche, la del ic\u00f3nico bachatero Raul\u00edn Rodr\u00edguez, quien promete protagonizar un momento inolvidable en el majestuoso escenario\u2026","rel":"","context":"En \u00abENTRETENIMIENTO\u00bb","block_context":{"text":"ENTRETENIMIENTO","link":"https:\/\/lasprimeras.com.do\/index.php\/category\/entretenimiento\/"},"img":{"alt_text":"Raul\u00edn Rodr\u00edguez","src":"https:\/\/i0.wp.com\/lasprimeras.com.do\/wp-content\/uploads\/2026\/03\/Raulin-Rodriguez-1.jpg?resize=350%2C200&ssl=1","width":350,"height":200,"srcset":"https:\/\/i0.wp.com\/lasprimeras.com.do\/wp-content\/uploads\/2026\/03\/Raulin-Rodriguez-1.jpg?resize=350%2C200&ssl=1 1x, https:\/\/i0.wp.com\/lasprimeras.com.do\/wp-content\/uploads\/2026\/03\/Raulin-Rodriguez-1.jpg?resize=525%2C300&ssl=1 1.5x"},"classes":[]},{"id":125063,"url":"https:\/\/lasprimeras.com.do\/index.php\/2026\/03\/18\/dalvin-la-melodia-brilla-y-gana-el-premio-revelacion-del-ano-en-los-soberano-2026\/","url_meta":{"origin":72279,"position":1},"title":"Dalvin La Melod\u00eda brilla y gana el premio Revelaci\u00f3n del A\u00f1o en los Soberano 2026","author":"Nelson Feliz","date":"18 de marzo de 2026","format":false,"excerpt":"El bachatero Dalvin La Melod\u00eda se alz\u00f3 con el premio Revelaci\u00f3n del A\u00f1o en los Premios Soberano 2026, celebrados la noche de este mi\u00e9rcoles en la capital dominicana. El int\u00e9rprete de \u201cMi reina\u201d compet\u00eda junto a Evenezer Guerra, la cantante cristiana Martha Candela y La Fiera T\u00edpica. El galard\u00f3n fue\u2026","rel":"","context":"En \u00abENTRETENIMIENTO\u00bb","block_context":{"text":"ENTRETENIMIENTO","link":"https:\/\/lasprimeras.com.do\/index.php\/category\/entretenimiento\/"},"img":{"alt_text":"","src":"https:\/\/i0.wp.com\/lasprimeras.com.do\/wp-content\/uploads\/2026\/03\/Dalvin-La-Melodia.jpg?resize=350%2C200&ssl=1","width":350,"height":200,"srcset":"https:\/\/i0.wp.com\/lasprimeras.com.do\/wp-content\/uploads\/2026\/03\/Dalvin-La-Melodia.jpg?resize=350%2C200&ssl=1 1x, https:\/\/i0.wp.com\/lasprimeras.com.do\/wp-content\/uploads\/2026\/03\/Dalvin-La-Melodia.jpg?resize=525%2C300&ssl=1 1.5x, https:\/\/i0.wp.com\/lasprimeras.com.do\/wp-content\/uploads\/2026\/03\/Dalvin-La-Melodia.jpg?resize=700%2C400&ssl=1 2x"},"classes":[]},{"id":84280,"url":"https:\/\/lasprimeras.com.do\/index.php\/2024\/06\/04\/raulin-rosendo-no-estaba-muerto-andaba-de-parranda-su-nuevo-album\/","url_meta":{"origin":72279,"position":2},"title":"Raul\u00edn Rosendo: \u201cNo estaba muerto, andaba de parranda\u201d, su nuevo \u00e1lbum","author":"Nelson Feliz","date":"4 de junio de 2024","format":false,"excerpt":"Bajo la producci\u00f3n ejecutiva de Mayimba Music y Carlos A Noyola (Alfonsito), sali\u00f3 al mercado el nuevo \u00e1lbum musical de Raul\u00edn Rosendo, \u201cNo estaba muerto, andaba de parranda\u201d. El disco, que contiene 10 canciones, 8 in\u00e9ditas, fue grabada en el hist\u00f3rico estudio de grabaci\u00f3n Skylight Recording, bajo el mando del\u2026","rel":"","context":"En \u00abENTRETENIMIENTO\u00bb","block_context":{"text":"ENTRETENIMIENTO","link":"https:\/\/lasprimeras.com.do\/index.php\/category\/entretenimiento\/"},"img":{"alt_text":"","src":"https:\/\/i0.wp.com\/lasprimeras.com.do\/wp-content\/uploads\/2024\/06\/Raulin-Rosendo.jpeg?resize=350%2C200&ssl=1","width":350,"height":200,"srcset":"https:\/\/i0.wp.com\/lasprimeras.com.do\/wp-content\/uploads\/2024\/06\/Raulin-Rosendo.jpeg?resize=350%2C200&ssl=1 1x, https:\/\/i0.wp.com\/lasprimeras.com.do\/wp-content\/uploads\/2024\/06\/Raulin-Rosendo.jpeg?resize=525%2C300&ssl=1 1.5x, https:\/\/i0.wp.com\/lasprimeras.com.do\/wp-content\/uploads\/2024\/06\/Raulin-Rosendo.jpeg?resize=700%2C400&ssl=1 2x"},"classes":[]},{"id":125055,"url":"https:\/\/lasprimeras.com.do\/index.php\/2026\/03\/18\/omega-se-lleva-el-premio-como-merenguero-urbano-en-la-gala-de-los-premios-soberano\/","url_meta":{"origin":72279,"position":3},"title":"Omega se lleva el premio como merenguero urbano en la gala de los Premios Soberano","author":"Nelson Feliz","date":"18 de marzo de 2026","format":false,"excerpt":"Carlos S\u00e1nchez tambi\u00e9n fue reconocido en la gala, llev\u00e1ndose el premio a Mejor stand up comedy en una noche de grandes sorpresas. El int\u00e9rprete urbano Omega le arrebat\u00f3 la estatuilla, en la categor\u00eda de \"Merenguero urbano\" a sus colegas, Al\u00e1 Jaz\u00e1 y El Sujeto, con quienes compet\u00eda en la categor\u00eda\u2026","rel":"","context":"En \u00abENTRETENIMIENTO\u00bb","block_context":{"text":"ENTRETENIMIENTO","link":"https:\/\/lasprimeras.com.do\/index.php\/category\/entretenimiento\/"},"img":{"alt_text":"","src":"https:\/\/i0.wp.com\/lasprimeras.com.do\/wp-content\/uploads\/2026\/03\/Omega.jpg?resize=350%2C200&ssl=1","width":350,"height":200,"srcset":"https:\/\/i0.wp.com\/lasprimeras.com.do\/wp-content\/uploads\/2026\/03\/Omega.jpg?resize=350%2C200&ssl=1 1x, https:\/\/i0.wp.com\/lasprimeras.com.do\/wp-content\/uploads\/2026\/03\/Omega.jpg?resize=525%2C300&ssl=1 1.5x, https:\/\/i0.wp.com\/lasprimeras.com.do\/wp-content\/uploads\/2026\/03\/Omega.jpg?resize=700%2C400&ssl=1 2x"},"classes":[]},{"id":83957,"url":"https:\/\/lasprimeras.com.do\/index.php\/2024\/05\/28\/el-papa-se-disculpa-despues-de-prohibir-homosexualidad-en-la-iglesia-catolica\/","url_meta":{"origin":72279,"position":4},"title":"El Papa se disculpa despu\u00e9s de prohibir homosexualidad en la Iglesia Cat\u00f3lica","author":"Nelson Feliz","date":"28 de mayo de 2024","format":false,"excerpt":"POR NICOLE WINFIELD CIUDAD DEL VATICANO (AP) \u2014 El Papa Francisco se disculp\u00f3 el martes despu\u00e9s de que lo citaran usando un t\u00e9rmino vulgar y despectivo sobre los hombres homosexuales para reafirmar la prohibici\u00f3n de la Iglesia Cat\u00f3lica sobre los sacerdotes homosexuales. El alboroto que sigui\u00f3 subray\u00f3 c\u00f3mo la ense\u00f1anza\u2026","rel":"","context":"En \u00abSin categor\u00eda\u00bb","block_context":{"text":"Sin categor\u00eda","link":"https:\/\/lasprimeras.com.do\/index.php\/category\/sin-categoria\/"},"img":{"alt_text":"","src":"https:\/\/i0.wp.com\/lasprimeras.com.do\/wp-content\/uploads\/2024\/05\/El-Papa-Francisco-1.jpg?resize=350%2C200&ssl=1","width":350,"height":200,"srcset":"https:\/\/i0.wp.com\/lasprimeras.com.do\/wp-content\/uploads\/2024\/05\/El-Papa-Francisco-1.jpg?resize=350%2C200&ssl=1 1x, https:\/\/i0.wp.com\/lasprimeras.com.do\/wp-content\/uploads\/2024\/05\/El-Papa-Francisco-1.jpg?resize=525%2C300&ssl=1 1.5x, https:\/\/i0.wp.com\/lasprimeras.com.do\/wp-content\/uploads\/2024\/05\/El-Papa-Francisco-1.jpg?resize=700%2C400&ssl=1 2x"},"classes":[]},{"id":89581,"url":"https:\/\/lasprimeras.com.do\/index.php\/2024\/09\/28\/bachatero-frank-reyes-aclaro-que-no-se-fue-del-pais-por-supuesta-inseguridad-ciudadana\/","url_meta":{"origin":72279,"position":5},"title":"Bachatero Frank Reyes aclar\u00f3 que no se fue del pa\u00eds por supuesta inseguridad ciudadana.","author":"Nelson Feliz","date":"28 de septiembre de 2024","format":false,"excerpt":"Artista habl\u00f3 en llamada a programa radial Miami.- El destacado interprete del g\u00e9nero Bachata, Frank Reyes, neg\u00f3 categ\u00f3ricamente que se haya ido del pa\u00eds por miedo a la supuesta inseguridad ciudadana, como se ha difundido err\u00f3neamente a trav\u00e9s de las redes sociales. El int\u00e9rprete de canciones de amargue como \"T\u00fa\u2026","rel":"","context":"En \u00abENTRETENIMIENTO\u00bb","block_context":{"text":"ENTRETENIMIENTO","link":"https:\/\/lasprimeras.com.do\/index.php\/category\/entretenimiento\/"},"img":{"alt_text":"Frank Reyes","src":"https:\/\/i0.wp.com\/lasprimeras.com.do\/wp-content\/uploads\/2024\/09\/FRANKREYES.jpg?resize=350%2C200&ssl=1","width":350,"height":200},"classes":[]}],"jetpack_sharing_enabled":true,"_links":{"self":[{"href":"https:\/\/lasprimeras.com.do\/index.php\/wp-json\/wp\/v2\/posts\/72279","targetHints":{"allow":["GET"]}}],"collection":[{"href":"https:\/\/lasprimeras.com.do\/index.php\/wp-json\/wp\/v2\/posts"}],"about":[{"href":"https:\/\/lasprimeras.com.do\/index.php\/wp-json\/wp\/v2\/types\/post"}],"author":[{"embeddable":true,"href":"https:\/\/lasprimeras.com.do\/index.php\/wp-json\/wp\/v2\/users\/2"}],"replies":[{"embeddable":true,"href":"https:\/\/lasprimeras.com.do\/index.php\/wp-json\/wp\/v2\/comments?post=72279"}],"version-history":[{"count":1,"href":"https:\/\/lasprimeras.com.do\/index.php\/wp-json\/wp\/v2\/posts\/72279\/revisions"}],"predecessor-version":[{"id":72281,"href":"https:\/\/lasprimeras.com.do\/index.php\/wp-json\/wp\/v2\/posts\/72279\/revisions\/72281"}],"wp:featuredmedia":[{"embeddable":true,"href":"https:\/\/lasprimeras.com.do\/index.php\/wp-json\/wp\/v2\/media\/72280"}],"wp:attachment":[{"href":"https:\/\/lasprimeras.com.do\/index.php\/wp-json\/wp\/v2\/media?parent=72279"}],"wp:term":[{"taxonomy":"category","embeddable":true,"href":"https:\/\/lasprimeras.com.do\/index.php\/wp-json\/wp\/v2\/categories?post=72279"},{"taxonomy":"post_tag","embeddable":true,"href":"https:\/\/lasprimeras.com.do\/index.php\/wp-json\/wp\/v2\/tags?post=72279"}],"curies":[{"name":"wp","href":"https:\/\/api.w.org\/{rel}","templated":true}]}}