{"id":72282,"date":"2023-12-28T10:58:12","date_gmt":"2023-12-28T14:58:12","guid":{"rendered":"https:\/\/lasprimeras.com.do\/?p=72282"},"modified":"2023-12-28T10:58:14","modified_gmt":"2023-12-28T14:58:14","slug":"caso-de-wander-franco-aun-esta-en-investigacion-no-hay-ordenes-en-su-contra","status":"publish","type":"post","link":"https:\/\/lasprimeras.com.do\/index.php\/2023\/12\/28\/caso-de-wander-franco-aun-esta-en-investigacion-no-hay-ordenes-en-su-contra\/","title":{"rendered":"Caso de Wander Franco a\u00fan est\u00e1 en investigaci\u00f3n; no hay \u00f3rdenes en su contra"},"content":{"rendered":"\n<p><strong>Las autoridades no confirman ni niegan allanamientos en su contra.<\/strong><\/p>\n\n\n\n<p>Las autoridades dominicanas siguen investigando las acusaciones contra el torpedero de los Rays de Tampa Bay, Wander Franco, pero no confirman que se hayan producido allanamientos en inmuebles de su propiedad en Ban\u00ed.<\/p>\n\n\n\n<p>&#8220;El caso est\u00e1 en proceso de investigaci\u00f3n en manos de la procuradora de Ni\u00f1os, Ni\u00f1as y Adolescentes, Olga Din\u00e1 Llaver\u00edas y en una fase secreta&#8221;, dijo una vocera de la Procuradur\u00eda General de la Rep\u00fablica.<\/p>\n\n\n\n<p>Explic\u00f3 que al tratarse de un caso que involucra a una menor de edad, no se pueden dar detalles sobre la investigaci\u00f3n, que est\u00e1 en proceso desde el pasado mes de agosto.<\/p>\n\n\n\n<p>El martes corrieron informaciones de que se hab\u00edan producido allanamientos en propiedades de Franco en la ciudad de Ban\u00ed, pero estos no fueron confirmados por las autoridades judiciales.<\/p>\n\n\n\n<p>&#8220;No podemos ni confirmar ni negar nada en ese sentido porque, como les dije, el caso est\u00e1 en un proceso de investigaci\u00f3n&#8221;, agreg\u00f3 la informante.<\/p>\n\n\n\n<p>El pasado 14 de agosto, Franco fue colocado en lista restringida por los Rays, luego de que una menor de edad colgara una serie de mensajes en redes sociales, alegando que ten\u00eda una relaci\u00f3n con el jugador de 22 a\u00f1os de edad.<\/p>\n\n\n\n<p>Franco vio acci\u00f3n en 112 partidos la pasada temporada y tuvo una l\u00ednea porcentual de .281\/.344\/.475 con 17 jonrones y 58 remolcadas antes de ser inhabilitado.<\/p>\n\n\n\n<p>El banilejo se encuentra bajo un contrato de US$182 millones y 11 temporadas con los Rays, que firm\u00f3 previo a la temporada del 2022.<\/p>\n\n\n\n<p>Franco se encuentra en la Rep\u00fablica Dominicana, residiendo en la zona Este del pa\u00eds, y entrenando para mantenerse en forma con miras a la temporada del 2024. Recientemente, fue movido al roster de 40 de los Rays, luego de haber sido colocado en licencia administrativa por el proceso que pesa en su contra.<\/p>\n\n\n\n<p>No est\u00e1 claro qu\u00e9 medidas tomar\u00e1 la Major League Baseball en su contra, ya que la instituci\u00f3n actualmente realiza su propia investigaci\u00f3n para determinar si el quisqueyano viol\u00f3 la pol\u00edtica contra violencia dom\u00e9stica, agresi\u00f3n sexual y abuso infantil.<\/p>\n\n\n\n<p>Fuente Diario Libre<\/p>\n","protected":false},"excerpt":{"rendered":"<p>Las autoridades no confirman ni niegan allanamientos en su contra. Las autoridades dominicanas siguen investigando las acusaciones contra el torpedero de los Rays de Tampa Bay, Wander Franco, pero no&hellip;<\/p>\n","protected":false},"author":2,"featured_media":72283,"comment_status":"open","ping_status":"open","sticky":false,"template":"","format":"standard","meta":{"content-type":"","jetpack_post_was_ever_published":false,"_jetpack_newsletter_access":"","_jetpack_dont_email_post_to_subs":false,"_jetpack_newsletter_tier_id":0,"_jetpack_memberships_contains_paywalled_content":false,"_jetpack_memberships_contains_paid_content":false,"footnotes":""},"categories":[1],"tags":[1807,678,2388,10767,470],"class_list":["post-72282","post","type-post","status-publish","format-standard","has-post-thumbnail","hentry","category-sin-categoria","tag-caso","tag-contra","tag-investigacion","tag-no-hay-ordenes","tag-wander-franco"],"jetpack_featured_media_url":"https:\/\/lasprimeras.com.do\/wp-content\/uploads\/2023\/12\/Wander-Franco.jpg","jetpack-related-posts":[{"id":73034,"url":"https:\/\/lasprimeras.com.do\/index.php\/2024\/01\/05\/menor-denuncio-que-su-madre-la-explotaba-sexualmente-con-wander-franco-y-otras-parejas\/","url_meta":{"origin":72282,"position":0},"title":"Menor denunci\u00f3 que su madre la explotaba sexualmente con Wander Franco y otras parejas","author":"Nelson Feliz","date":"5 de enero de 2024","format":false,"excerpt":"De acuerdo al Ministerio P\u00fablico, la mujer recibi\u00f3 siete pagos de RD$100 mil mensuales y un veh\u00edculo para permitirle a su hija una relaci\u00f3n con el pelotero. La adolescente que supuestamente sostuvo una relaci\u00f3n sexual con el torpedero Wander Franco, de los Rays de Tampa Bay, fue v\u00edctima de abuso\u2026","rel":"","context":"En \u00abSin categor\u00eda\u00bb","block_context":{"text":"Sin categor\u00eda","link":"https:\/\/lasprimeras.com.do\/index.php\/category\/sin-categoria\/"},"img":{"alt_text":"","src":"https:\/\/i0.wp.com\/lasprimeras.com.do\/wp-content\/uploads\/2024\/01\/Wander-Franco-1-1.jpg?resize=350%2C200&ssl=1","width":350,"height":200,"srcset":"https:\/\/i0.wp.com\/lasprimeras.com.do\/wp-content\/uploads\/2024\/01\/Wander-Franco-1-1.jpg?resize=350%2C200&ssl=1 1x, https:\/\/i0.wp.com\/lasprimeras.com.do\/wp-content\/uploads\/2024\/01\/Wander-Franco-1-1.jpg?resize=525%2C300&ssl=1 1.5x, https:\/\/i0.wp.com\/lasprimeras.com.do\/wp-content\/uploads\/2024\/01\/Wander-Franco-1-1.jpg?resize=700%2C400&ssl=1 2x"},"classes":[]},{"id":72285,"url":"https:\/\/lasprimeras.com.do\/index.php\/2023\/08\/16\/fiscales-sobre-casos-de-ninos-ninas-y-violencia-investigan-a-wander-franco-en-el-pais\/","url_meta":{"origin":72282,"position":1},"title":"Fiscales sobre casos de ni\u00f1os, ni\u00f1as y violencia investigan a Wander Franco en el pa\u00eds","author":"Nelson Feliz","date":"16 de agosto de 2023","format":false,"excerpt":"El fiscal inform\u00f3 que no ha tenido contacto con ejecutivos de las Grandes Ligas ni con ning\u00fan organismo de Estados Unidos. Una fiscal\u00eda en Rep\u00fablica Dominicana inform\u00f3 el mi\u00e9rcoles que la investigaci\u00f3n sobre la presunta relaci\u00f3n del campocorto de los Rays de Tampa Bay Wander Franco con una menor de\u2026","rel":"","context":"En \u00abSin categor\u00eda\u00bb","block_context":{"text":"Sin categor\u00eda","link":"https:\/\/lasprimeras.com.do\/index.php\/category\/sin-categoria\/"},"img":{"alt_text":"Wander Franco","src":"https:\/\/i0.wp.com\/lasprimeras.com.do\/wp-content\/uploads\/2023\/12\/Wander-Franco-1.jpg?resize=350%2C200&ssl=1","width":350,"height":200,"srcset":"https:\/\/i0.wp.com\/lasprimeras.com.do\/wp-content\/uploads\/2023\/12\/Wander-Franco-1.jpg?resize=350%2C200&ssl=1 1x, https:\/\/i0.wp.com\/lasprimeras.com.do\/wp-content\/uploads\/2023\/12\/Wander-Franco-1.jpg?resize=525%2C300&ssl=1 1.5x, https:\/\/i0.wp.com\/lasprimeras.com.do\/wp-content\/uploads\/2023\/12\/Wander-Franco-1.jpg?resize=700%2C400&ssl=1 2x"},"classes":[]},{"id":79669,"url":"https:\/\/lasprimeras.com.do\/index.php\/2024\/03\/30\/wander-franco-esta-bajo-licencia-administrativa-hasta-el-1-de-junio-mientras-continua-investigacion-de-abuso-sexual\/","url_meta":{"origin":72282,"position":2},"title":"Wander Franco est\u00e1 bajo licencia administrativa hasta el 1 de junio mientras contin\u00faa investigaci\u00f3n de abuso sexual","author":"BIMARY DE JES\u00daS Matos","date":"30 de marzo de 2024","format":false,"excerpt":"Santo Domingo.-Wander Franco estar\u00e1 bajo licencia administrativa hasta el 1 de junio tras un acuerdo entre el b\u00e9isbol de las Grandes Ligas y la asociaci\u00f3n de peloteros, al mismo tiempo que contin\u00faa la investigaci\u00f3n al campocorto dominicano de los Rays de Tampa Bay sobre una supuesta relaci\u00f3n con una menor\u2026","rel":"","context":"En \u00abSin categor\u00eda\u00bb","block_context":{"text":"Sin categor\u00eda","link":"https:\/\/lasprimeras.com.do\/index.php\/category\/sin-categoria\/"},"img":{"alt_text":"","src":"https:\/\/i0.wp.com\/lasprimeras.com.do\/wp-content\/uploads\/2024\/03\/1-millon-de-jovenes-votaran-en-las-elecciones-municipales-2-11.webp?resize=350%2C200&ssl=1","width":350,"height":200,"srcset":"https:\/\/i0.wp.com\/lasprimeras.com.do\/wp-content\/uploads\/2024\/03\/1-millon-de-jovenes-votaran-en-las-elecciones-municipales-2-11.webp?resize=350%2C200&ssl=1 1x, https:\/\/i0.wp.com\/lasprimeras.com.do\/wp-content\/uploads\/2024\/03\/1-millon-de-jovenes-votaran-en-las-elecciones-municipales-2-11.webp?resize=525%2C300&ssl=1 1.5x, https:\/\/i0.wp.com\/lasprimeras.com.do\/wp-content\/uploads\/2024\/03\/1-millon-de-jovenes-votaran-en-las-elecciones-municipales-2-11.webp?resize=700%2C400&ssl=1 2x, https:\/\/i0.wp.com\/lasprimeras.com.do\/wp-content\/uploads\/2024\/03\/1-millon-de-jovenes-votaran-en-las-elecciones-municipales-2-11.webp?resize=1050%2C600&ssl=1 3x, https:\/\/i0.wp.com\/lasprimeras.com.do\/wp-content\/uploads\/2024\/03\/1-millon-de-jovenes-votaran-en-las-elecciones-municipales-2-11.webp?resize=1400%2C800&ssl=1 4x"},"classes":[]},{"id":59080,"url":"https:\/\/lasprimeras.com.do\/index.php\/2023\/08\/30\/investigan-segunda-denuncia-contra-wander-franco\/","url_meta":{"origin":72282,"position":3},"title":"Investigan segunda denuncia contra Wander Franco","author":"Nelson Feliz","date":"30 de agosto de 2023","format":false,"excerpt":"Un fiscal especial en Rep\u00fablica Dominicana investiga una segunda denuncia formal de una supuesta relaci\u00f3n con una menor por parte del campocorto de los Tampa Bay Rays, Wander Franco, la \u00faltima de tres acusaciones contra el joven de 22 a\u00f1os, dijeron fuentes a Juan Recio de ESPN. Luego de que\u2026","rel":"","context":"En \u00abSin categor\u00eda\u00bb","block_context":{"text":"Sin categor\u00eda","link":"https:\/\/lasprimeras.com.do\/index.php\/category\/sin-categoria\/"},"img":{"alt_text":"wander-franco","src":"https:\/\/i0.wp.com\/lasprimeras.com.do\/wp-content\/uploads\/2023\/08\/wander-franco.jpg?resize=350%2C200&ssl=1","width":350,"height":200,"srcset":"https:\/\/i0.wp.com\/lasprimeras.com.do\/wp-content\/uploads\/2023\/08\/wander-franco.jpg?resize=350%2C200&ssl=1 1x, https:\/\/i0.wp.com\/lasprimeras.com.do\/wp-content\/uploads\/2023\/08\/wander-franco.jpg?resize=525%2C300&ssl=1 1.5x, https:\/\/i0.wp.com\/lasprimeras.com.do\/wp-content\/uploads\/2023\/08\/wander-franco.jpg?resize=700%2C400&ssl=1 2x"},"classes":[]},{"id":73286,"url":"https:\/\/lasprimeras.com.do\/index.php\/2024\/01\/05\/acusacion-contra-madre-de-la-menor-presuntamente-abusada-por-wander-franco\/","url_meta":{"origin":72282,"position":4},"title":"Acusaci\u00f3n contra madre de la menor presuntamente abusada por Wander Franco","author":"Nelson Feliz","date":"5 de enero de 2024","format":false,"excerpt":"La menor dijo que su madre sac\u00f3 provecho de la relaci\u00f3n que sostuvo con el pelotero. Martha Vanessa Chevalier Almonte es la madre de la menor de edad por la que el pelotero de Grandes Ligas, Wander Franco est\u00e1 siendo procesado por supuestamente haberse involucrado sentimentalmente con ella. La dama\u2026","rel":"","context":"En \u00abJUSTICIA\u00bb","block_context":{"text":"JUSTICIA","link":"https:\/\/lasprimeras.com.do\/index.php\/category\/justicia\/"},"img":{"alt_text":"Martha Venessa extorsionaba a Wander Franco para permitirle la relaci\u00f3n con su hija menor de edad (FUENTE EXTERNA)","src":"https:\/\/i0.wp.com\/lasprimeras.com.do\/wp-content\/uploads\/2024\/01\/Martha-Venessa.jpg?resize=350%2C200&ssl=1","width":350,"height":200,"srcset":"https:\/\/i0.wp.com\/lasprimeras.com.do\/wp-content\/uploads\/2024\/01\/Martha-Venessa.jpg?resize=350%2C200&ssl=1 1x, https:\/\/i0.wp.com\/lasprimeras.com.do\/wp-content\/uploads\/2024\/01\/Martha-Venessa.jpg?resize=525%2C300&ssl=1 1.5x, https:\/\/i0.wp.com\/lasprimeras.com.do\/wp-content\/uploads\/2024\/01\/Martha-Venessa.jpg?resize=700%2C400&ssl=1 2x"},"classes":[]},{"id":101804,"url":"https:\/\/lasprimeras.com.do\/index.php\/2025\/06\/27\/dictan-dos-anos-de-prision-suspendida-para-wander-franco\/","url_meta":{"origin":72282,"position":5},"title":"Dictan dos a\u00f1os de prisi\u00f3n suspendida para Wander Franco","author":"Nelson Feliz","date":"27 de junio de 2025","format":false,"excerpt":"El pelotero Wander Franco, acusado de abuso y explotaci\u00f3n contra una menor de 16 a\u00f1os es condenado a dos a\u00f1os de prisi\u00f3n suspendida El Tribunal Colegiado del Distrito Judicial de Puerto Plata le dict\u00f3 dos a\u00f1os de prisi\u00f3n suspendida al pelotero Wander Franco, acusado de abuso y explotaci\u00f3n contra una\u2026","rel":"","context":"En \u00abJUSTICIA\u00bb","block_context":{"text":"JUSTICIA","link":"https:\/\/lasprimeras.com.do\/index.php\/category\/justicia\/"},"img":{"alt_text":"","src":"https:\/\/i0.wp.com\/lasprimeras.com.do\/wp-content\/uploads\/2025\/06\/Wander-Franco-tendra-que-cumplir-una-serie-de-requisitos-impuesto-por-la-jueza-Jakayra-Veras-para-no-cumplir-la-pena-en-prision.jpeg?resize=350%2C200&ssl=1","width":350,"height":200,"srcset":"https:\/\/i0.wp.com\/lasprimeras.com.do\/wp-content\/uploads\/2025\/06\/Wander-Franco-tendra-que-cumplir-una-serie-de-requisitos-impuesto-por-la-jueza-Jakayra-Veras-para-no-cumplir-la-pena-en-prision.jpeg?resize=350%2C200&ssl=1 1x, https:\/\/i0.wp.com\/lasprimeras.com.do\/wp-content\/uploads\/2025\/06\/Wander-Franco-tendra-que-cumplir-una-serie-de-requisitos-impuesto-por-la-jueza-Jakayra-Veras-para-no-cumplir-la-pena-en-prision.jpeg?resize=525%2C300&ssl=1 1.5x, https:\/\/i0.wp.com\/lasprimeras.com.do\/wp-content\/uploads\/2025\/06\/Wander-Franco-tendra-que-cumplir-una-serie-de-requisitos-impuesto-por-la-jueza-Jakayra-Veras-para-no-cumplir-la-pena-en-prision.jpeg?resize=700%2C400&ssl=1 2x"},"classes":[]}],"jetpack_sharing_enabled":true,"_links":{"self":[{"href":"https:\/\/lasprimeras.com.do\/index.php\/wp-json\/wp\/v2\/posts\/72282","targetHints":{"allow":["GET"]}}],"collection":[{"href":"https:\/\/lasprimeras.com.do\/index.php\/wp-json\/wp\/v2\/posts"}],"about":[{"href":"https:\/\/lasprimeras.com.do\/index.php\/wp-json\/wp\/v2\/types\/post"}],"author":[{"embeddable":true,"href":"https:\/\/lasprimeras.com.do\/index.php\/wp-json\/wp\/v2\/users\/2"}],"replies":[{"embeddable":true,"href":"https:\/\/lasprimeras.com.do\/index.php\/wp-json\/wp\/v2\/comments?post=72282"}],"version-history":[{"count":1,"href":"https:\/\/lasprimeras.com.do\/index.php\/wp-json\/wp\/v2\/posts\/72282\/revisions"}],"predecessor-version":[{"id":72284,"href":"https:\/\/lasprimeras.com.do\/index.php\/wp-json\/wp\/v2\/posts\/72282\/revisions\/72284"}],"wp:featuredmedia":[{"embeddable":true,"href":"https:\/\/lasprimeras.com.do\/index.php\/wp-json\/wp\/v2\/media\/72283"}],"wp:attachment":[{"href":"https:\/\/lasprimeras.com.do\/index.php\/wp-json\/wp\/v2\/media?parent=72282"}],"wp:term":[{"taxonomy":"category","embeddable":true,"href":"https:\/\/lasprimeras.com.do\/index.php\/wp-json\/wp\/v2\/categories?post=72282"},{"taxonomy":"post_tag","embeddable":true,"href":"https:\/\/lasprimeras.com.do\/index.php\/wp-json\/wp\/v2\/tags?post=72282"}],"curies":[{"name":"wp","href":"https:\/\/api.w.org\/{rel}","templated":true}]}}