{"id":72288,"date":"2023-12-28T11:19:05","date_gmt":"2023-12-28T15:19:05","guid":{"rendered":"https:\/\/lasprimeras.com.do\/?p=72288"},"modified":"2023-12-28T11:19:07","modified_gmt":"2023-12-28T15:19:07","slug":"muere-hombre-acusado-de-abusar-sexualmente-de-su-madre-de-75-anos-en-moca","status":"publish","type":"post","link":"https:\/\/lasprimeras.com.do\/index.php\/2023\/12\/28\/muere-hombre-acusado-de-abusar-sexualmente-de-su-madre-de-75-anos-en-moca\/","title":{"rendered":"Muere hombre acusado de abusar sexualmente de su madre de 75 a\u00f1os en Moca"},"content":{"rendered":"\n<p><strong>La Polic\u00eda Nacional y el Ministerio P\u00fablico investigan si su muerte se produjo a causa de los golpes que le propinaron vecinos y compa\u00f1eros de celda.<\/strong><\/p>\n\n\n\n<p>La Polic\u00eda Nacional inform\u00f3 este jueves sobre el fallecimiento de un hombre que se encontraba en la c\u00e1rcel preventiva de la instituci\u00f3n en el municipio de Moca, provincia Espaillat. <\/p>\n\n\n\n<p>El individuo estaba a la espera de ser sometido a la justicia por la acusaci\u00f3n de abuso sexual en contra de su madre, una mujer de 75 a\u00f1os que se encontraba postrada en una cama por discapacidad.<\/p>\n\n\n\n<p>Dar\u00edo Antonio Gonz\u00e1lez Mart\u00ednez, de 53 a\u00f1os, fue declarado muerto en la sala de emergencias del hospital Toribio Bencosme.<\/p>\n\n\n\n<p>El m\u00e9dico legista que intervino certific\u00f3 que la muerte del presunto agresor sexual fue causada por un paro respiratorio debido a un trauma cerrado en la regi\u00f3n abdominal.<\/p>\n\n\n\n<p>Las autoridades est\u00e1n investigando si la muerte del hombre fue natural o si fue causada por los golpes que recibi\u00f3 al ser supuestamente sorprendido por los vecinos del sector Jarro Sucio, donde se habr\u00eda producido el incidente, o por sus compa\u00f1eros de celda.<\/p>\n\n\n\n<p>Seg\u00fan el informe de la polic\u00eda, el individuo fue descubierto por residentes del lugar mientras supuestamente abusaba de su madre, quien se encuentra postrada en una cama debido a problemas de salud. Los lugare\u00f1os entregaron al presunto agresor a la Polic\u00eda Nacional.<\/p>\n\n\n\n<p>Se ha sabido que antes de ser entregado a las autoridades, los vecinos lo golpearon. Lo mismo ocurri\u00f3 cuando el individuo fue llevado a prisi\u00f3n.<\/p>\n","protected":false},"excerpt":{"rendered":"<p>La Polic\u00eda Nacional y el Ministerio P\u00fablico investigan si su muerte se produjo a causa de los golpes que le propinaron vecinos y compa\u00f1eros de celda. La Polic\u00eda Nacional inform\u00f3&hellip;<\/p>\n","protected":false},"author":2,"featured_media":72289,"comment_status":"open","ping_status":"open","sticky":false,"template":"","format":"standard","meta":{"content-type":"","jetpack_post_was_ever_published":false,"_jetpack_newsletter_access":"","_jetpack_dont_email_post_to_subs":false,"_jetpack_newsletter_tier_id":0,"_jetpack_memberships_contains_paywalled_content":false,"_jetpack_memberships_contains_paid_content":false,"footnotes":""},"categories":[3057,25],"tags":[10768,286,46,1200,2030,650,1574],"class_list":["post-72288","post","type-post","status-publish","format-standard","has-post-thumbnail","hentry","category-militares","category-portada","tag-abusar","tag-acusado","tag-hombre","tag-madre","tag-moca","tag-muere","tag-sexualmente"],"jetpack_featured_media_url":"https:\/\/lasprimeras.com.do\/wp-content\/uploads\/2023\/12\/Dario-Antonio-Gonzalez-Martinez.jpg","jetpack-related-posts":[{"id":57056,"url":"https:\/\/lasprimeras.com.do\/index.php\/2023\/08\/08\/apresan-mujer-por-permitir-abuso-sexual-contra-su-hija-de-8-anos-a-cambio-de-drogas\/","url_meta":{"origin":72288,"position":0},"title":"Apresan mujer por permitir abuso sexual contra su hija de 8 a\u00f1os a cambio de drogas","author":"Nelson Feliz","date":"8 de agosto de 2023","format":false,"excerpt":"Agentes de la Polic\u00eda Nacional detuvieron a una se\u00f1ora de 46 a\u00f1os de edad y a un hombre de 55, acusados de en graves delitos de violencia sexual y explotaci\u00f3n infantil en San Crist\u00f3bal. A los apresados se les ocup\u00f3 un celular Samsung en el que se encontraron im\u00e1genes y\u2026","rel":"","context":"En \u00abMILITARES\u00bb","block_context":{"text":"MILITARES","link":"https:\/\/lasprimeras.com.do\/index.php\/category\/militares\/"},"img":{"alt_text":"","src":"https:\/\/i0.wp.com\/lasprimeras.com.do\/wp-content\/uploads\/2023\/08\/Apresan-mujer-en-San-Cristobal-senalada-por-permitir-abuso-sexual-contra-su-hija-a-cambio-de-drogas-905x529-1.jpeg?resize=350%2C200&ssl=1","width":350,"height":200,"srcset":"https:\/\/i0.wp.com\/lasprimeras.com.do\/wp-content\/uploads\/2023\/08\/Apresan-mujer-en-San-Cristobal-senalada-por-permitir-abuso-sexual-contra-su-hija-a-cambio-de-drogas-905x529-1.jpeg?resize=350%2C200&ssl=1 1x, https:\/\/i0.wp.com\/lasprimeras.com.do\/wp-content\/uploads\/2023\/08\/Apresan-mujer-en-San-Cristobal-senalada-por-permitir-abuso-sexual-contra-su-hija-a-cambio-de-drogas-905x529-1.jpeg?resize=525%2C300&ssl=1 1.5x, https:\/\/i0.wp.com\/lasprimeras.com.do\/wp-content\/uploads\/2023\/08\/Apresan-mujer-en-San-Cristobal-senalada-por-permitir-abuso-sexual-contra-su-hija-a-cambio-de-drogas-905x529-1.jpeg?resize=700%2C400&ssl=1 2x"},"classes":[]},{"id":49607,"url":"https:\/\/lasprimeras.com.do\/index.php\/2023\/05\/12\/apresan-hombre-acusado-de-abuso-sexual-en-barahona\/","url_meta":{"origin":72288,"position":1},"title":"Apresan hombre acusado de abuso sexual en Barahona","author":"prenxa100","date":"12 de mayo de 2023","format":false,"excerpt":"Barahona.-. Agentes policiales de Investigaci\u00f3n (Dicrim) y de Prevenci\u00f3n, adscritos a la Direcci\u00f3n Regional Sur, con sede en la provincia de Barahona, en coordinaci\u00f3n con la Unidad de Atenci\u00f3n Integral a V\u00edctimas de Violencia de G\u00e9nero e Intrafamiliar y Delito sexual, apresaron un hombre acusado de abuso sexual contra un\u2026","rel":"","context":"En \u00abNACIONALES\u00bb","block_context":{"text":"NACIONALES","link":"https:\/\/lasprimeras.com.do\/index.php\/category\/nacionales\/"},"img":{"alt_text":"","src":"","width":0,"height":0},"classes":[]},{"id":95279,"url":"https:\/\/lasprimeras.com.do\/index.php\/2025\/03\/12\/prensa-japonesa-reporta-detencion-de-varios-hombres-por-supuestos-abusos-sexuales-a-sus-hijas\/","url_meta":{"origin":72288,"position":2},"title":"Prensa japonesa reporta detenci\u00f3n de varios hombres por supuestos abusos sexuales a sus hijas","author":"Nelson Feliz","date":"12 de marzo de 2025","format":false,"excerpt":"TOKIO (AP) \u2014 Medios japoneses informaron esta semana que la polic\u00eda ha arrestado a varios hombres acusados de agredir sexualmente a sus hijas menores de edad y de compartir los videos en internet. Por el momento, la polic\u00eda se ha negado a confirmar los reportes. La agencia noticiosa Kyodo, la\u2026","rel":"","context":"En \u00abINTERNACIONALES\u00bb","block_context":{"text":"INTERNACIONALES","link":"https:\/\/lasprimeras.com.do\/index.php\/category\/sin-categoria\/internacionales\/"},"img":{"alt_text":"","src":"https:\/\/i0.wp.com\/lasprimeras.com.do\/wp-content\/uploads\/2025\/03\/abusos-sexuales.jpg?resize=350%2C200&ssl=1","width":350,"height":200,"srcset":"https:\/\/i0.wp.com\/lasprimeras.com.do\/wp-content\/uploads\/2025\/03\/abusos-sexuales.jpg?resize=350%2C200&ssl=1 1x, https:\/\/i0.wp.com\/lasprimeras.com.do\/wp-content\/uploads\/2025\/03\/abusos-sexuales.jpg?resize=525%2C300&ssl=1 1.5x, https:\/\/i0.wp.com\/lasprimeras.com.do\/wp-content\/uploads\/2025\/03\/abusos-sexuales.jpg?resize=700%2C400&ssl=1 2x"},"classes":[]},{"id":86413,"url":"https:\/\/lasprimeras.com.do\/index.php\/2024\/07\/24\/capturan-hombre-acusado-de-abusado-sexual-de-menores-en-villa-altagracia\/","url_meta":{"origin":72288,"position":3},"title":"Capturan hombre acusado de abusado sexual de menores en Villa Altagracia","author":"Nelson Feliz","date":"24 de julio de 2024","format":false,"excerpt":"La Polic\u00eda Nacional informa que, a trav\u00e9s de la Direcci\u00f3n Especializada de Atenci\u00f3n a la Mujer y Violencia Intrafamiliar (DEAMVI), fue detenido ayer en el municipio de Villa Altagracia, provincia San Crist\u00f3bal, un hombre acusado de varios actos de abuso sexual y agresi\u00f3n en contra de varios menores. El detenido\u2026","rel":"","context":"En \u00abMILITARES\u00bb","block_context":{"text":"MILITARES","link":"https:\/\/lasprimeras.com.do\/index.php\/category\/militares\/"},"img":{"alt_text":"","src":"https:\/\/i0.wp.com\/lasprimeras.com.do\/wp-content\/uploads\/2024\/07\/preso.jpg?resize=350%2C200&ssl=1","width":350,"height":200,"srcset":"https:\/\/i0.wp.com\/lasprimeras.com.do\/wp-content\/uploads\/2024\/07\/preso.jpg?resize=350%2C200&ssl=1 1x, https:\/\/i0.wp.com\/lasprimeras.com.do\/wp-content\/uploads\/2024\/07\/preso.jpg?resize=525%2C300&ssl=1 1.5x, https:\/\/i0.wp.com\/lasprimeras.com.do\/wp-content\/uploads\/2024\/07\/preso.jpg?resize=700%2C400&ssl=1 2x"},"classes":[]},{"id":85721,"url":"https:\/\/lasprimeras.com.do\/index.php\/2024\/07\/07\/arrestan-dos-hombres-por-presuntos-abusos-sexuales-a-menores-en-santiago\/","url_meta":{"origin":72288,"position":4},"title":"Arrestan dos hombres por presuntos abusos sexuales a menores en Santiago","author":"Nelson Feliz","date":"7 de julio de 2024","format":false,"excerpt":"Fueron arrestados dos hombres en hechos separados, acusados de agredir sexualmente a dos menores cuyas edades oscilan entre los 5 y 10 a\u00f1os en Santiago. Entre los detenidos figura Ram\u00f3n Yepe de Los Santos, de 39 a\u00f1os, en atenci\u00f3n a la orden de arresto No. 04786-2024, acusado de abusar de\u2026","rel":"","context":"En \u00abMILITARES\u00bb","block_context":{"text":"MILITARES","link":"https:\/\/lasprimeras.com.do\/index.php\/category\/militares\/"},"img":{"alt_text":"","src":"https:\/\/i0.wp.com\/lasprimeras.com.do\/wp-content\/uploads\/2024\/07\/diferencias-abuso-agresion-sexual.jpg?resize=350%2C200&ssl=1","width":350,"height":200,"srcset":"https:\/\/i0.wp.com\/lasprimeras.com.do\/wp-content\/uploads\/2024\/07\/diferencias-abuso-agresion-sexual.jpg?resize=350%2C200&ssl=1 1x, https:\/\/i0.wp.com\/lasprimeras.com.do\/wp-content\/uploads\/2024\/07\/diferencias-abuso-agresion-sexual.jpg?resize=525%2C300&ssl=1 1.5x, https:\/\/i0.wp.com\/lasprimeras.com.do\/wp-content\/uploads\/2024\/07\/diferencias-abuso-agresion-sexual.jpg?resize=700%2C400&ssl=1 2x"},"classes":[]},{"id":84356,"url":"https:\/\/lasprimeras.com.do\/index.php\/2024\/06\/06\/condena-de-30-anos-para-hombre-que-provoco-muerte-a-motoconchista\/","url_meta":{"origin":72288,"position":5},"title":"Condena de 30 a\u00f1os para hombre que provoc\u00f3 muerte a motoconchista","author":"Nelson Feliz","date":"6 de junio de 2024","format":false,"excerpt":"Adem\u00e1s, rob\u00f3 su moto y luego abus\u00f3 sexualmente a una mujer en Santiago. Por Roberto P\u00e9rez Los jueces del Primer Tribunal Colegiado de Santiago condenaron a 30 a\u00f1os de reclusi\u00f3n a un hombre que, haciendo uso de un arma de fuego ilegal, mat\u00f3 a un motoconchista, lo despoj\u00f3 de su\u2026","rel":"","context":"En \u00abJUSTICIA\u00bb","block_context":{"text":"JUSTICIA","link":"https:\/\/lasprimeras.com.do\/index.php\/category\/justicia\/"},"img":{"alt_text":"","src":"","width":0,"height":0},"classes":[]}],"jetpack_sharing_enabled":true,"_links":{"self":[{"href":"https:\/\/lasprimeras.com.do\/index.php\/wp-json\/wp\/v2\/posts\/72288","targetHints":{"allow":["GET"]}}],"collection":[{"href":"https:\/\/lasprimeras.com.do\/index.php\/wp-json\/wp\/v2\/posts"}],"about":[{"href":"https:\/\/lasprimeras.com.do\/index.php\/wp-json\/wp\/v2\/types\/post"}],"author":[{"embeddable":true,"href":"https:\/\/lasprimeras.com.do\/index.php\/wp-json\/wp\/v2\/users\/2"}],"replies":[{"embeddable":true,"href":"https:\/\/lasprimeras.com.do\/index.php\/wp-json\/wp\/v2\/comments?post=72288"}],"version-history":[{"count":1,"href":"https:\/\/lasprimeras.com.do\/index.php\/wp-json\/wp\/v2\/posts\/72288\/revisions"}],"predecessor-version":[{"id":72290,"href":"https:\/\/lasprimeras.com.do\/index.php\/wp-json\/wp\/v2\/posts\/72288\/revisions\/72290"}],"wp:featuredmedia":[{"embeddable":true,"href":"https:\/\/lasprimeras.com.do\/index.php\/wp-json\/wp\/v2\/media\/72289"}],"wp:attachment":[{"href":"https:\/\/lasprimeras.com.do\/index.php\/wp-json\/wp\/v2\/media?parent=72288"}],"wp:term":[{"taxonomy":"category","embeddable":true,"href":"https:\/\/lasprimeras.com.do\/index.php\/wp-json\/wp\/v2\/categories?post=72288"},{"taxonomy":"post_tag","embeddable":true,"href":"https:\/\/lasprimeras.com.do\/index.php\/wp-json\/wp\/v2\/tags?post=72288"}],"curies":[{"name":"wp","href":"https:\/\/api.w.org\/{rel}","templated":true}]}}