{"id":72291,"date":"2023-12-28T12:28:46","date_gmt":"2023-12-28T16:28:46","guid":{"rendered":"https:\/\/lasprimeras.com.do\/?p=72291"},"modified":"2023-12-28T12:28:47","modified_gmt":"2023-12-28T16:28:47","slug":"audo-vicente-niega-este-involucrado-en-la-viralizacion-de-la-foto-de-wander-franco-con-una-menor","status":"publish","type":"post","link":"https:\/\/lasprimeras.com.do\/index.php\/2023\/12\/28\/audo-vicente-niega-este-involucrado-en-la-viralizacion-de-la-foto-de-wander-franco-con-una-menor\/","title":{"rendered":"Audo Vicente niega est\u00e9 involucrado en la viralizaci\u00f3n de la foto de Wander Franco con una menor"},"content":{"rendered":"\n<p>El gerente de los Tigres del Licey, Audo Vicente, neg\u00f3 este jueves que haya sido el responsable de poner a circular la foto donde el pelotero dominicano de Grandes Ligas, Wander Franco, aparece junto a una menor de edad, hecho por el que est\u00e1 siendo investigado.<\/p>\n\n\n\n<p>Mediante una llamada realizada al programa el Sol de la Ma\u00f1ana, de RCC Media, Vicente, dijo que desconoce el entorno del jugador suspendido por supuestamente sostener una relaci\u00f3n con una adolescente.<\/p>\n\n\n\n<p>\u00a8Yo no conozco a Franco de manera personal, me gustar\u00eda conocerlo porque es una estrella, pero yo no tengo nada que ver en ese caso\u00a8 afirm\u00f3 Vicente.<\/p>\n\n\n\n<p>Dijo que es poco tolerante con las personas que atente con sus principios.<\/p>\n\n\n\n<figure class=\"wp-block-embed is-type-video is-provider-youtube wp-block-embed-youtube wp-embed-aspect-16-9 wp-has-aspect-ratio\"><div class=\"wp-block-embed__wrapper\">\n<iframe title=\"Audo Vicente responde supuesta implicaciones en el caso Wander Franco\" width=\"500\" height=\"281\" src=\"https:\/\/www.youtube.com\/embed\/5EU5rgDyqmg?feature=oembed\" frameborder=\"0\" allow=\"accelerometer; autoplay; clipboard-write; encrypted-media; gyroscope; picture-in-picture; web-share\" referrerpolicy=\"strict-origin-when-cross-origin\" allowfullscreen><\/iframe>\n<\/div><\/figure>\n\n\n\n<p>El dirigente del equipo azul, respondi\u00f3 a la informaci\u00f3n extraoficial difundida por el comentarista del espacio, Pedro Jim\u00e9nez, de que el selfie difundido en las redes sociales.<\/p>\n\n\n\n<p>Desapodera abogados<\/p>\n\n\n\n<p>Los abogados Luz D\u00edaz Rodr\u00edguez, Rosalina Trueba, Cristian Cabrera y Manuel Rodr\u00edguez publicaron este jueves un comunicado en el que anuncian que el pelotero Wander Franco los desapoder\u00f3 de su caso por lo que no pueden cumplir con el pedimento de la fiscal Olga Din\u00e1 Llavarias.<\/p>\n\n\n\n<figure class=\"wp-block-embed is-type-video is-provider-youtube wp-block-embed-youtube wp-embed-aspect-16-9 wp-has-aspect-ratio\"><div class=\"wp-block-embed__wrapper\">\n<iframe title=\"Pedro Jime\u0301nez revela nuevas informaciones sobre el caso del beisbolista Wander Franco\" width=\"500\" height=\"281\" src=\"https:\/\/www.youtube.com\/embed\/2SJX7E-E0K8?feature=oembed\" frameborder=\"0\" allow=\"accelerometer; autoplay; clipboard-write; encrypted-media; gyroscope; picture-in-picture; web-share\" referrerpolicy=\"strict-origin-when-cross-origin\" allowfullscreen><\/iframe>\n<\/div><\/figure>\n","protected":false},"excerpt":{"rendered":"<p>El gerente de los Tigres del Licey, Audo Vicente, neg\u00f3 este jueves que haya sido el responsable de poner a circular la foto donde el pelotero dominicano de Grandes Ligas,&hellip;<\/p>\n","protected":false},"author":2,"featured_media":72292,"comment_status":"open","ping_status":"open","sticky":false,"template":"","format":"standard","meta":{"content-type":"","jetpack_post_was_ever_published":false,"_jetpack_newsletter_access":"","_jetpack_dont_email_post_to_subs":false,"_jetpack_newsletter_tier_id":0,"_jetpack_memberships_contains_paywalled_content":false,"_jetpack_memberships_contains_paid_content":false,"footnotes":""},"categories":[25],"tags":[10769,10773,1573,1100,10771,470],"class_list":["post-72291","post","type-post","status-publish","format-standard","has-post-thumbnail","hentry","category-portada","tag-audo-vicente","tag-foto","tag-menor","tag-niega","tag-viralizacion","tag-wander-franco"],"jetpack_featured_media_url":"https:\/\/lasprimeras.com.do\/wp-content\/uploads\/2023\/12\/Audo-Vicente.jpg","jetpack-related-posts":[{"id":101837,"url":"https:\/\/lasprimeras.com.do\/index.php\/2025\/06\/27\/wander-franco-condenado-por-abusar-sexualmente-de-un-menor-y-recibe-una-sentencia-suspendida\/","url_meta":{"origin":72291,"position":0},"title":"Wander Franco condenado por abusar sexualmente de un menor y recibe una sentencia suspendida","author":"Nelson Feliz","date":"27 de junio de 2025","format":false,"excerpt":"Por MART\u00cdN ADAMES y MART\u00cdN ADAMES PUERTO PLATA, Rep\u00fablica Dominicana (AP) \u2014 El suspendido campocorto de los Rays de Tampa Bay, Wander Franco, fue declarado culpable de abusar sexualmente de un menor y recibi\u00f3 el jueves una sentencia suspendida de dos a\u00f1os. Franco fue arrestado el a\u00f1o pasado tras ser\u2026","rel":"","context":"En \u00abJUSTICIA\u00bb","block_context":{"text":"JUSTICIA","link":"https:\/\/lasprimeras.com.do\/index.php\/category\/justicia\/"},"img":{"alt_text":"","src":"https:\/\/i0.wp.com\/lasprimeras.com.do\/wp-content\/uploads\/2025\/06\/franco-1.jpg?resize=350%2C200&ssl=1","width":350,"height":200,"srcset":"https:\/\/i0.wp.com\/lasprimeras.com.do\/wp-content\/uploads\/2025\/06\/franco-1.jpg?resize=350%2C200&ssl=1 1x, https:\/\/i0.wp.com\/lasprimeras.com.do\/wp-content\/uploads\/2025\/06\/franco-1.jpg?resize=525%2C300&ssl=1 1.5x, https:\/\/i0.wp.com\/lasprimeras.com.do\/wp-content\/uploads\/2025\/06\/franco-1.jpg?resize=700%2C400&ssl=1 2x"},"classes":[]},{"id":72282,"url":"https:\/\/lasprimeras.com.do\/index.php\/2023\/12\/28\/caso-de-wander-franco-aun-esta-en-investigacion-no-hay-ordenes-en-su-contra\/","url_meta":{"origin":72291,"position":1},"title":"Caso de Wander Franco a\u00fan est\u00e1 en investigaci\u00f3n; no hay \u00f3rdenes en su contra","author":"Nelson Feliz","date":"28 de diciembre de 2023","format":false,"excerpt":"Las autoridades no confirman ni niegan allanamientos en su contra. Las autoridades dominicanas siguen investigando las acusaciones contra el torpedero de los Rays de Tampa Bay, Wander Franco, pero no confirman que se hayan producido allanamientos en inmuebles de su propiedad en Ban\u00ed. \"El caso est\u00e1 en proceso de investigaci\u00f3n\u2026","rel":"","context":"En \u00abSin categor\u00eda\u00bb","block_context":{"text":"Sin categor\u00eda","link":"https:\/\/lasprimeras.com.do\/index.php\/category\/sin-categoria\/"},"img":{"alt_text":"Wander Franco","src":"https:\/\/i0.wp.com\/lasprimeras.com.do\/wp-content\/uploads\/2023\/12\/Wander-Franco.jpg?resize=350%2C200&ssl=1","width":350,"height":200,"srcset":"https:\/\/i0.wp.com\/lasprimeras.com.do\/wp-content\/uploads\/2023\/12\/Wander-Franco.jpg?resize=350%2C200&ssl=1 1x, https:\/\/i0.wp.com\/lasprimeras.com.do\/wp-content\/uploads\/2023\/12\/Wander-Franco.jpg?resize=525%2C300&ssl=1 1.5x, https:\/\/i0.wp.com\/lasprimeras.com.do\/wp-content\/uploads\/2023\/12\/Wander-Franco.jpg?resize=700%2C400&ssl=1 2x"},"classes":[]},{"id":101718,"url":"https:\/\/lasprimeras.com.do\/index.php\/2025\/06\/25\/billy-berroa-considera-wander-franco-sera-condenado-por-abuso-sexual\/","url_meta":{"origin":72291,"position":2},"title":"Billy Berroa considera Wander Franco ser\u00e1 condenado por abuso sexual","author":"Nelson Feliz","date":"25 de junio de 2025","format":false,"excerpt":"El cronista deportivo Billy Berroa consider\u00f3 que el suspendido pelotero dominicano de los Rays de Tampa, Wander Franco, ser\u00e1 condenado por abuso sexual contra una menor de 14 a\u00f1os, debido a la cantidad de pruebas en su contra. A entender del cronista, el hecho de que la madre de la\u2026","rel":"","context":"En \u00abDEPORTES\u00bb","block_context":{"text":"DEPORTES","link":"https:\/\/lasprimeras.com.do\/index.php\/category\/deportes\/"},"img":{"alt_text":"Billy Berroa y Wander Franco","src":"https:\/\/i0.wp.com\/lasprimeras.com.do\/wp-content\/uploads\/2025\/06\/Billy-Berroa-y-Wander-Franco.png?resize=350%2C200&ssl=1","width":350,"height":200,"srcset":"https:\/\/i0.wp.com\/lasprimeras.com.do\/wp-content\/uploads\/2025\/06\/Billy-Berroa-y-Wander-Franco.png?resize=350%2C200&ssl=1 1x, https:\/\/i0.wp.com\/lasprimeras.com.do\/wp-content\/uploads\/2025\/06\/Billy-Berroa-y-Wander-Franco.png?resize=525%2C300&ssl=1 1.5x"},"classes":[]},{"id":101804,"url":"https:\/\/lasprimeras.com.do\/index.php\/2025\/06\/27\/dictan-dos-anos-de-prision-suspendida-para-wander-franco\/","url_meta":{"origin":72291,"position":3},"title":"Dictan dos a\u00f1os de prisi\u00f3n suspendida para Wander Franco","author":"Nelson Feliz","date":"27 de junio de 2025","format":false,"excerpt":"El pelotero Wander Franco, acusado de abuso y explotaci\u00f3n contra una menor de 16 a\u00f1os es condenado a dos a\u00f1os de prisi\u00f3n suspendida El Tribunal Colegiado del Distrito Judicial de Puerto Plata le dict\u00f3 dos a\u00f1os de prisi\u00f3n suspendida al pelotero Wander Franco, acusado de abuso y explotaci\u00f3n contra una\u2026","rel":"","context":"En \u00abJUSTICIA\u00bb","block_context":{"text":"JUSTICIA","link":"https:\/\/lasprimeras.com.do\/index.php\/category\/justicia\/"},"img":{"alt_text":"","src":"https:\/\/i0.wp.com\/lasprimeras.com.do\/wp-content\/uploads\/2025\/06\/Wander-Franco-tendra-que-cumplir-una-serie-de-requisitos-impuesto-por-la-jueza-Jakayra-Veras-para-no-cumplir-la-pena-en-prision.jpeg?resize=350%2C200&ssl=1","width":350,"height":200,"srcset":"https:\/\/i0.wp.com\/lasprimeras.com.do\/wp-content\/uploads\/2025\/06\/Wander-Franco-tendra-que-cumplir-una-serie-de-requisitos-impuesto-por-la-jueza-Jakayra-Veras-para-no-cumplir-la-pena-en-prision.jpeg?resize=350%2C200&ssl=1 1x, https:\/\/i0.wp.com\/lasprimeras.com.do\/wp-content\/uploads\/2025\/06\/Wander-Franco-tendra-que-cumplir-una-serie-de-requisitos-impuesto-por-la-jueza-Jakayra-Veras-para-no-cumplir-la-pena-en-prision.jpeg?resize=525%2C300&ssl=1 1.5x, https:\/\/i0.wp.com\/lasprimeras.com.do\/wp-content\/uploads\/2025\/06\/Wander-Franco-tendra-que-cumplir-una-serie-de-requisitos-impuesto-por-la-jueza-Jakayra-Veras-para-no-cumplir-la-pena-en-prision.jpeg?resize=700%2C400&ssl=1 2x"},"classes":[]},{"id":117500,"url":"https:\/\/lasprimeras.com.do\/index.php\/2025\/12\/11\/corte-de-apelacion-de-puerto-plata-anula-las-condenas-de-wander-franco-y-de-la-madre-de-la-menor\/","url_meta":{"origin":72291,"position":4},"title":"Corte de Apelaci\u00f3n de Puerto Plata anula las condenas de Wander Franco y de la madre de la menor","author":"Nelson Feliz","date":"11 de diciembre de 2025","format":false,"excerpt":"La Corte de Apelaci\u00f3n del Distrito Judicial de Puerto Plata dej\u00f3 sin efecto este martes la sentencia que condenaba al pelotero Wander Franco a dos a\u00f1os de prisi\u00f3n suspendida por el abuso sexual de una menor. La misma decisi\u00f3n tambi\u00e9n revoca la pena de 10 a\u00f1os de c\u00e1rcel impuesta a\u2026","rel":"","context":"En \u00abJUSTICIA\u00bb","block_context":{"text":"JUSTICIA","link":"https:\/\/lasprimeras.com.do\/index.php\/category\/justicia\/"},"img":{"alt_text":"Wander Franco","src":"https:\/\/i0.wp.com\/lasprimeras.com.do\/wp-content\/uploads\/2025\/11\/Wander-Franco.jpg?resize=350%2C200&ssl=1","width":350,"height":200,"srcset":"https:\/\/i0.wp.com\/lasprimeras.com.do\/wp-content\/uploads\/2025\/11\/Wander-Franco.jpg?resize=350%2C200&ssl=1 1x, https:\/\/i0.wp.com\/lasprimeras.com.do\/wp-content\/uploads\/2025\/11\/Wander-Franco.jpg?resize=525%2C300&ssl=1 1.5x, https:\/\/i0.wp.com\/lasprimeras.com.do\/wp-content\/uploads\/2025\/11\/Wander-Franco.jpg?resize=700%2C400&ssl=1 2x, https:\/\/i0.wp.com\/lasprimeras.com.do\/wp-content\/uploads\/2025\/11\/Wander-Franco.jpg?resize=1050%2C600&ssl=1 3x"},"classes":[]},{"id":73070,"url":"https:\/\/lasprimeras.com.do\/index.php\/2024\/01\/05\/la-unica-ocasion-en-que-wander-franco-se-ha-defendido-sobre-vinculaciones-con-menor\/","url_meta":{"origin":72291,"position":5},"title":"La \u00fanica ocasi\u00f3n en que Wander Franco se ha defendido sobre vinculaciones con menor","author":"Nelson Feliz","date":"5 de enero de 2024","format":false,"excerpt":"Ocurri\u00f3 en agosto del a\u00f1o 2023, en una transmisi\u00f3n en vivo, cuando el beisbolista habl\u00f3 por primera y \u00faltima vez sobre el caso. Horas despu\u00e9s de que comenzara a ventilarse la informaci\u00f3n de que Wander Franco tuvo un v\u00ednculo amoroso con una menor de edad, el pelotero de los Rays\u2026","rel":"","context":"En \u00abSin categor\u00eda\u00bb","block_context":{"text":"Sin categor\u00eda","link":"https:\/\/lasprimeras.com.do\/index.php\/category\/sin-categoria\/"},"img":{"alt_text":"Wander Franco","src":"https:\/\/i0.wp.com\/lasprimeras.com.do\/wp-content\/uploads\/2024\/01\/Wander-Franco-2.jpeg?resize=350%2C200&ssl=1","width":350,"height":200,"srcset":"https:\/\/i0.wp.com\/lasprimeras.com.do\/wp-content\/uploads\/2024\/01\/Wander-Franco-2.jpeg?resize=350%2C200&ssl=1 1x, https:\/\/i0.wp.com\/lasprimeras.com.do\/wp-content\/uploads\/2024\/01\/Wander-Franco-2.jpeg?resize=525%2C300&ssl=1 1.5x, https:\/\/i0.wp.com\/lasprimeras.com.do\/wp-content\/uploads\/2024\/01\/Wander-Franco-2.jpeg?resize=700%2C400&ssl=1 2x"},"classes":[]}],"jetpack_sharing_enabled":true,"_links":{"self":[{"href":"https:\/\/lasprimeras.com.do\/index.php\/wp-json\/wp\/v2\/posts\/72291","targetHints":{"allow":["GET"]}}],"collection":[{"href":"https:\/\/lasprimeras.com.do\/index.php\/wp-json\/wp\/v2\/posts"}],"about":[{"href":"https:\/\/lasprimeras.com.do\/index.php\/wp-json\/wp\/v2\/types\/post"}],"author":[{"embeddable":true,"href":"https:\/\/lasprimeras.com.do\/index.php\/wp-json\/wp\/v2\/users\/2"}],"replies":[{"embeddable":true,"href":"https:\/\/lasprimeras.com.do\/index.php\/wp-json\/wp\/v2\/comments?post=72291"}],"version-history":[{"count":1,"href":"https:\/\/lasprimeras.com.do\/index.php\/wp-json\/wp\/v2\/posts\/72291\/revisions"}],"predecessor-version":[{"id":72293,"href":"https:\/\/lasprimeras.com.do\/index.php\/wp-json\/wp\/v2\/posts\/72291\/revisions\/72293"}],"wp:featuredmedia":[{"embeddable":true,"href":"https:\/\/lasprimeras.com.do\/index.php\/wp-json\/wp\/v2\/media\/72292"}],"wp:attachment":[{"href":"https:\/\/lasprimeras.com.do\/index.php\/wp-json\/wp\/v2\/media?parent=72291"}],"wp:term":[{"taxonomy":"category","embeddable":true,"href":"https:\/\/lasprimeras.com.do\/index.php\/wp-json\/wp\/v2\/categories?post=72291"},{"taxonomy":"post_tag","embeddable":true,"href":"https:\/\/lasprimeras.com.do\/index.php\/wp-json\/wp\/v2\/tags?post=72291"}],"curies":[{"name":"wp","href":"https:\/\/api.w.org\/{rel}","templated":true}]}}