{"id":72299,"date":"2023-12-28T14:31:03","date_gmt":"2023-12-28T18:31:03","guid":{"rendered":"https:\/\/lasprimeras.com.do\/?p=72299"},"modified":"2023-12-28T14:31:05","modified_gmt":"2023-12-28T18:31:05","slug":"cnm-juramenta-al-nuevo-presidente-y-a-otros-cuatro-jueces-del-tribunal-constitucional","status":"publish","type":"post","link":"https:\/\/lasprimeras.com.do\/index.php\/2023\/12\/28\/cnm-juramenta-al-nuevo-presidente-y-a-otros-cuatro-jueces-del-tribunal-constitucional\/","title":{"rendered":"CNM juramenta al nuevo presidente y a otros cuatro jueces del Tribunal Constitucional"},"content":{"rendered":"\n<p>Santo Domingo.-La vicepresidenta Raquel Pe\u00f1a jurament\u00f3 este jueves a los cinco nuevos jueces del Tribunal Constitucional (TC), al igual que el primer y segundo sustituto del presidente de la Alta Corte, quienes estar\u00e1n en esa funci\u00f3n por un per\u00edodo de nueve a\u00f1os.<\/p>\n\n\n\n<p>Los jueces juramentados son Napole\u00f3n Ricardo Lavandier, quien ocupar\u00e1 la presidencia; Fidias Federico Aristy Payano; Amaury Am\u00edlcar Reyes Torres; Sonia Argentina D\u00edaz; Army Esperanza Ferreira F\u00e9liz; el magistrado Miguel Valera Montero y la magistrada Eunisis V\u00e1squez Acosta, como primer y segunda sustituta del presidente del TC.<\/p>\n\n\n\n<p>Durante el acto de juramentaci\u00f3n, la vicemandataria felicit\u00f3 a los miembros del Consejo Nacional de la Magistratura por la labor realizada durante los \u00faltimos meses para convocar, preseleccionar, entrevistar, evaluar y finalmente escoger a los nuevos integrantes del Tribunal Constitucional.<\/p>\n\n\n\n<p>Tambi\u00e9n, extern\u00f3 su felicitaci\u00f3n a los jueces seleccionados por haber superado satisfactoriamente el proceso, tras la presentaci\u00f3n de sus credenciales y ser evaluados en las vistas p\u00fablicas celebradas.<\/p>\n\n\n\n<p>Asimismo, Pe\u00f1a dirigi\u00f3 unas palabras de agradecimiento, igual que una especial y afectuosa felicitaci\u00f3n a los magistrados salientes del Tribunal Constitucional, representados por el presidente saliente, doctor Milton Ray Guevara, por los \u00faltimos 12 a\u00f1os de invaluable trabajo jurisprudencial.<\/p>\n\n\n\n<p>\u201cConfiamos plenamente en que esta nueva composici\u00f3n del Tribunal continuar\u00e1 el camino pautado por las primeras cohortes, fortaleciendo la institucionalidad creciente de nuestra naci\u00f3n, manteniendo el equilibrio y fomentando la seguridad jur\u00eddica para todos\u201d, expres\u00f3 Pe\u00f1a.<\/p>\n\n\n\n<p>En ese sentido, Pe\u00f1a expres\u00f3 que con la conclusi\u00f3n del arduo trabajo para los miembros de Consejo Nacional de la Magistratura de elegir los nuevos jueces, al hoy que resaltar que la comunidad jur\u00eddica aport\u00f3 excelentes candidatos a esta convocatoria, con m\u00e9ritos m\u00e1s que suficientes para pertenecer a una Alta Corte y contribuir desde ella a la estabilidad del pa\u00eds.<\/p>\n","protected":false},"excerpt":{"rendered":"<p>Santo Domingo.-La vicepresidenta Raquel Pe\u00f1a jurament\u00f3 este jueves a los cinco nuevos jueces del Tribunal Constitucional (TC), al igual que el primer y segundo sustituto del presidente de la Alta&hellip;<\/p>\n","protected":false},"author":3,"featured_media":72300,"comment_status":"open","ping_status":"open","sticky":false,"template":"","format":"standard","meta":{"content-type":"","jetpack_post_was_ever_published":false,"_jetpack_newsletter_access":"","_jetpack_dont_email_post_to_subs":false,"_jetpack_newsletter_tier_id":0,"_jetpack_memberships_contains_paywalled_content":false,"_jetpack_memberships_contains_paid_content":false,"footnotes":""},"categories":[25],"tags":[2523],"class_list":["post-72299","post","type-post","status-publish","format-standard","has-post-thumbnail","hentry","category-portada","tag-tribunal-constitucional"],"jetpack_featured_media_url":"https:\/\/lasprimeras.com.do\/wp-content\/uploads\/2023\/12\/Noticias-de-energia-65.jpg","jetpack-related-posts":[{"id":72345,"url":"https:\/\/lasprimeras.com.do\/index.php\/2023\/12\/28\/vicepresidenta-raquel-pena-juramenta-nuevos-jueces-del-tc\/","url_meta":{"origin":72299,"position":0},"title":"Vicepresidenta Raquel Pe\u00f1a juramenta nuevos jueces del TC","author":"Nelson Feliz","date":"28 de diciembre de 2023","format":false,"excerpt":"La vicepresidenta Raquel Pe\u00f1a, jurament\u00f3 hoy a los cinco nuevos jueces del Tribunal Constitucional (TC), al igual que el primer y segundo sustituto del presidente de la Alta Corte quienes estar\u00e1n en esa funci\u00f3n por un per\u00edodo de nueve a\u00f1os. Los jueces juramentados son Napole\u00f3n Ricardo Lavandier, quien ocupar\u00e1 la\u2026","rel":"","context":"En \u00abNACIONALES\u00bb","block_context":{"text":"NACIONALES","link":"https:\/\/lasprimeras.com.do\/index.php\/category\/nacionales\/"},"img":{"alt_text":"","src":"https:\/\/i0.wp.com\/lasprimeras.com.do\/wp-content\/uploads\/2023\/12\/PARADOS.jpg?resize=350%2C200&ssl=1","width":350,"height":200,"srcset":"https:\/\/i0.wp.com\/lasprimeras.com.do\/wp-content\/uploads\/2023\/12\/PARADOS.jpg?resize=350%2C200&ssl=1 1x, https:\/\/i0.wp.com\/lasprimeras.com.do\/wp-content\/uploads\/2023\/12\/PARADOS.jpg?resize=525%2C300&ssl=1 1.5x, https:\/\/i0.wp.com\/lasprimeras.com.do\/wp-content\/uploads\/2023\/12\/PARADOS.jpg?resize=700%2C400&ssl=1 2x"},"classes":[]},{"id":70645,"url":"https:\/\/lasprimeras.com.do\/index.php\/2023\/12\/13\/ray-guevara-saluda-eleccion-de-jueces-por-el-cnm\/","url_meta":{"origin":72299,"position":1},"title":"Ray Guevara saluda elecci\u00f3n de jueces por el CNM","author":"Nelson Feliz","date":"13 de diciembre de 2023","format":false,"excerpt":"El magistrado presidente del Tribunal Constitucional, doctor Milton Ray Guevara, salud\u00f3 esta noche la elecci\u00f3n realizada por el Consejo Nacional de la Magistratura, de los nuevos integrantes del Tribunal Constitucional. Se trata de juristas de gran capacidad y experiencia en la vida profesional y judicial. Destac\u00f3 que el magistrado Napole\u00f3n\u2026","rel":"","context":"En \u00abNACIONALES\u00bb","block_context":{"text":"NACIONALES","link":"https:\/\/lasprimeras.com.do\/index.php\/category\/nacionales\/"},"img":{"alt_text":"Milton Ray Guevara","src":"https:\/\/i0.wp.com\/lasprimeras.com.do\/wp-content\/uploads\/2023\/12\/Milton-Ray-Guevara-2.jpg?resize=350%2C200&ssl=1","width":350,"height":200,"srcset":"https:\/\/i0.wp.com\/lasprimeras.com.do\/wp-content\/uploads\/2023\/12\/Milton-Ray-Guevara-2.jpg?resize=350%2C200&ssl=1 1x, https:\/\/i0.wp.com\/lasprimeras.com.do\/wp-content\/uploads\/2023\/12\/Milton-Ray-Guevara-2.jpg?resize=525%2C300&ssl=1 1.5x, https:\/\/i0.wp.com\/lasprimeras.com.do\/wp-content\/uploads\/2023\/12\/Milton-Ray-Guevara-2.jpg?resize=700%2C400&ssl=1 2x"},"classes":[]},{"id":70626,"url":"https:\/\/lasprimeras.com.do\/index.php\/2023\/12\/12\/napoleon-estevez-lavandier-nuevo-presidente-del-tribunal-constitucional\/","url_meta":{"origin":72299,"position":2},"title":"Napole\u00f3n Est\u00e9vez Lavandier nuevo presidente del Tribunal Constitucional","author":"Nelson Feliz","date":"12 de diciembre de 2023","format":false,"excerpt":"Los otros miembros de Alta Corte son Fidias Aristy, Amaury Reyes Torres, Sonia D\u00edaz y Army Esperanza Ferreira. El Consejo Nacional de la Magistratura (CNM) design\u00f3 la noche de este martes a Napole\u00f3n Ricardo Est\u00e9vez Lavandier como nuevo presidente del Tribunal Constitucional (TC) para los pr\u00f3ximos nueve a\u00f1os. Est\u00e9vez estar\u00e1\u2026","rel":"","context":"En \u00abNACIONALES\u00bb","block_context":{"text":"NACIONALES","link":"https:\/\/lasprimeras.com.do\/index.php\/category\/nacionales\/"},"img":{"alt_text":"Napole\u00f3n Est\u00e9vez Lavandier","src":"https:\/\/i0.wp.com\/lasprimeras.com.do\/wp-content\/uploads\/2023\/12\/Napoleon-Estevez-Lavandier.jpg?resize=350%2C200&ssl=1","width":350,"height":200,"srcset":"https:\/\/i0.wp.com\/lasprimeras.com.do\/wp-content\/uploads\/2023\/12\/Napoleon-Estevez-Lavandier.jpg?resize=350%2C200&ssl=1 1x, https:\/\/i0.wp.com\/lasprimeras.com.do\/wp-content\/uploads\/2023\/12\/Napoleon-Estevez-Lavandier.jpg?resize=525%2C300&ssl=1 1.5x, https:\/\/i0.wp.com\/lasprimeras.com.do\/wp-content\/uploads\/2023\/12\/Napoleon-Estevez-Lavandier.jpg?resize=700%2C400&ssl=1 2x"},"classes":[]},{"id":70568,"url":"https:\/\/lasprimeras.com.do\/index.php\/2023\/12\/12\/conep-aboga-por-una-seleccion-rigurosa-de-nuevos-jueces-del-tribunal-constitucional\/","url_meta":{"origin":72299,"position":3},"title":"Conep aboga por una selecci\u00f3n rigurosa de nuevos jueces del Tribunal Constitucional","author":"Nelson Feliz","date":"12 de diciembre de 2023","format":false,"excerpt":"El Consejo Nacional de la Empresa Privada (CONEP) destac\u00f3 la necesidad de una selecci\u00f3n id\u00f3nea de los nuevos cinco jueces que conformar\u00e1n el Tribunal Constitucional (TC). El presidente del CONEP, Celso Juan Marranzini, enfatiz\u00f3 que el proceso de selecci\u00f3n no puede ser tomado a la ligera: \u201cRequerimos magistrados con formaci\u00f3n\u2026","rel":"","context":"En \u00abECONOM\u00cdA\u00bb","block_context":{"text":"ECONOM\u00cdA","link":"https:\/\/lasprimeras.com.do\/index.php\/category\/economia\/"},"img":{"alt_text":"Celso Juan Marranzini","src":"https:\/\/i0.wp.com\/lasprimeras.com.do\/wp-content\/uploads\/2023\/12\/Celso-Juan-Marranzini.jpg?resize=350%2C200&ssl=1","width":350,"height":200,"srcset":"https:\/\/i0.wp.com\/lasprimeras.com.do\/wp-content\/uploads\/2023\/12\/Celso-Juan-Marranzini.jpg?resize=350%2C200&ssl=1 1x, https:\/\/i0.wp.com\/lasprimeras.com.do\/wp-content\/uploads\/2023\/12\/Celso-Juan-Marranzini.jpg?resize=525%2C300&ssl=1 1.5x, https:\/\/i0.wp.com\/lasprimeras.com.do\/wp-content\/uploads\/2023\/12\/Celso-Juan-Marranzini.jpg?resize=700%2C400&ssl=1 2x"},"classes":[]},{"id":55386,"url":"https:\/\/lasprimeras.com.do\/index.php\/2023\/07\/20\/ray-guevara-tc-no-recibe-ordenes-ni-acepta-presiones\/","url_meta":{"origin":72299,"position":4},"title":"Ray Guevara: TC no recibe \u00f3rdenes ni acepta presiones","author":"Nelson Feliz","date":"20 de julio de 2023","format":false,"excerpt":"El presidente del Tribunal Constitucional, Milton Ray Guevara, afirm\u00f3 en la XXVIII Edici\u00f3n del World Law Congress que se realiza en la ciudad de Nueva York, que esta alta corte ha realizado un ejercicio responsable de independencia, gracias al esfuerzo y sentido de responsabilidad de los jueces que hasta ahora\u2026","rel":"","context":"En \u00abNACIONALES\u00bb","block_context":{"text":"NACIONALES","link":"https:\/\/lasprimeras.com.do\/index.php\/category\/nacionales\/"},"img":{"alt_text":"Milton Ray Guevara","src":"https:\/\/i0.wp.com\/lasprimeras.com.do\/wp-content\/uploads\/2023\/07\/Milton-Ray-Guevara-1.jpeg?resize=350%2C200&ssl=1","width":350,"height":200,"srcset":"https:\/\/i0.wp.com\/lasprimeras.com.do\/wp-content\/uploads\/2023\/07\/Milton-Ray-Guevara-1.jpeg?resize=350%2C200&ssl=1 1x, https:\/\/i0.wp.com\/lasprimeras.com.do\/wp-content\/uploads\/2023\/07\/Milton-Ray-Guevara-1.jpeg?resize=525%2C300&ssl=1 1.5x, https:\/\/i0.wp.com\/lasprimeras.com.do\/wp-content\/uploads\/2023\/07\/Milton-Ray-Guevara-1.jpeg?resize=700%2C400&ssl=1 2x, https:\/\/i0.wp.com\/lasprimeras.com.do\/wp-content\/uploads\/2023\/07\/Milton-Ray-Guevara-1.jpeg?resize=1050%2C600&ssl=1 3x, https:\/\/i0.wp.com\/lasprimeras.com.do\/wp-content\/uploads\/2023\/07\/Milton-Ray-Guevara-1.jpeg?resize=1400%2C800&ssl=1 4x"},"classes":[]},{"id":81966,"url":"https:\/\/lasprimeras.com.do\/index.php\/2024\/04\/27\/tribunal-constitucional-conoce-siete-expedientes-que-atacan-ley-que-crea-dni\/","url_meta":{"origin":72299,"position":5},"title":"Tribunal Constitucional conoce siete expedientes que atacan ley que crea DNI","author":"BIMARY DE JES\u00daS Matos","date":"27 de abril de 2024","format":false,"excerpt":"Santo Domingo. \u2013 El Tribunal Constitucional inform\u00f3 este viernes que el Pleno de jueces conoci\u00f3 siete expedientes que atacan la Ley n\u00fam. 1-24, que crea la Direcci\u00f3n Nacional de Inteligencia (DNI), del 15 de enero de 2024, los cuales quedaron pendiente de ser fallados. Indic\u00f3 adem\u00e1s que conoci\u00f3 el expediente\u2026","rel":"","context":"En \u00abNACIONALES\u00bb","block_context":{"text":"NACIONALES","link":"https:\/\/lasprimeras.com.do\/index.php\/category\/nacionales\/"},"img":{"alt_text":"","src":"https:\/\/i0.wp.com\/lasprimeras.com.do\/wp-content\/uploads\/2024\/04\/6a0c8a05-4f4b-48f5-a1d9-1ad180753c4a-53.jpg?resize=350%2C200&ssl=1","width":350,"height":200,"srcset":"https:\/\/i0.wp.com\/lasprimeras.com.do\/wp-content\/uploads\/2024\/04\/6a0c8a05-4f4b-48f5-a1d9-1ad180753c4a-53.jpg?resize=350%2C200&ssl=1 1x, https:\/\/i0.wp.com\/lasprimeras.com.do\/wp-content\/uploads\/2024\/04\/6a0c8a05-4f4b-48f5-a1d9-1ad180753c4a-53.jpg?resize=525%2C300&ssl=1 1.5x, https:\/\/i0.wp.com\/lasprimeras.com.do\/wp-content\/uploads\/2024\/04\/6a0c8a05-4f4b-48f5-a1d9-1ad180753c4a-53.jpg?resize=700%2C400&ssl=1 2x, https:\/\/i0.wp.com\/lasprimeras.com.do\/wp-content\/uploads\/2024\/04\/6a0c8a05-4f4b-48f5-a1d9-1ad180753c4a-53.jpg?resize=1050%2C600&ssl=1 3x, https:\/\/i0.wp.com\/lasprimeras.com.do\/wp-content\/uploads\/2024\/04\/6a0c8a05-4f4b-48f5-a1d9-1ad180753c4a-53.jpg?resize=1400%2C800&ssl=1 4x"},"classes":[]}],"jetpack_sharing_enabled":true,"_links":{"self":[{"href":"https:\/\/lasprimeras.com.do\/index.php\/wp-json\/wp\/v2\/posts\/72299","targetHints":{"allow":["GET"]}}],"collection":[{"href":"https:\/\/lasprimeras.com.do\/index.php\/wp-json\/wp\/v2\/posts"}],"about":[{"href":"https:\/\/lasprimeras.com.do\/index.php\/wp-json\/wp\/v2\/types\/post"}],"author":[{"embeddable":true,"href":"https:\/\/lasprimeras.com.do\/index.php\/wp-json\/wp\/v2\/users\/3"}],"replies":[{"embeddable":true,"href":"https:\/\/lasprimeras.com.do\/index.php\/wp-json\/wp\/v2\/comments?post=72299"}],"version-history":[{"count":1,"href":"https:\/\/lasprimeras.com.do\/index.php\/wp-json\/wp\/v2\/posts\/72299\/revisions"}],"predecessor-version":[{"id":72301,"href":"https:\/\/lasprimeras.com.do\/index.php\/wp-json\/wp\/v2\/posts\/72299\/revisions\/72301"}],"wp:featuredmedia":[{"embeddable":true,"href":"https:\/\/lasprimeras.com.do\/index.php\/wp-json\/wp\/v2\/media\/72300"}],"wp:attachment":[{"href":"https:\/\/lasprimeras.com.do\/index.php\/wp-json\/wp\/v2\/media?parent=72299"}],"wp:term":[{"taxonomy":"category","embeddable":true,"href":"https:\/\/lasprimeras.com.do\/index.php\/wp-json\/wp\/v2\/categories?post=72299"},{"taxonomy":"post_tag","embeddable":true,"href":"https:\/\/lasprimeras.com.do\/index.php\/wp-json\/wp\/v2\/tags?post=72299"}],"curies":[{"name":"wp","href":"https:\/\/api.w.org\/{rel}","templated":true}]}}