{"id":72302,"date":"2023-12-28T14:33:12","date_gmt":"2023-12-28T18:33:12","guid":{"rendered":"https:\/\/lasprimeras.com.do\/?p=72302"},"modified":"2023-12-28T14:34:07","modified_gmt":"2023-12-28T18:34:07","slug":"superate-informa-cierre-del-2023-con-balance-esperanzador-contra-barreras-de-la-pobreza","status":"publish","type":"post","link":"https:\/\/lasprimeras.com.do\/index.php\/2023\/12\/28\/superate-informa-cierre-del-2023-con-balance-esperanzador-contra-barreras-de-la-pobreza\/","title":{"rendered":"Sup\u00e9rate informa cierre del 2023 con balance esperanzador contra barreras de la pobreza"},"content":{"rendered":"\n<p>Santo Domingo.-El programa de ayuda y protecci\u00f3n social Sup\u00e9rate culmina este a\u00f1o 2023 con un balance esperanzador en contra de las barreras de la pobreza en Rep\u00fablica Dominicana, reflejado en las 53,267 capacitaciones y acciones formativas t\u00e9cnico-vocacionales, impartidas a nivel nacional, con un total de 9,303 mujeres y 43,965 hombres.<\/p>\n\n\n\n<p>A esto se suman los resultados de diversas jornadas de capacitaci\u00f3n y sensibilizaci\u00f3n que contaron con la participaci\u00f3n de al menos 61,975 j\u00f3venes y adolescentes, implementadas a nivel nacional por el componente Juventud Sup\u00e9rate.<\/p>\n\n\n\n<p>En ese orden, la entidad gubernamental se\u00f1al\u00f3 que junto al Fondo de las Naciones Unidas para la Infancia (Unicef) y la Agencia de Cooperaci\u00f3n Internacional de Corea (Koica)graduaron a 182 ni\u00f1as y adolescentes en la primera promoci\u00f3n del Club de Chicas Sup\u00e9rate, que trabaja en la prevenci\u00f3n de embarazos a temprana edad.<\/p>\n\n\n\n<p>Con el apoyo de VISA, la Fundaci\u00f3n para el Desarrollo Econ\u00f3mico y Social (Fundes) Latinoam\u00e9rica, la Fundaci\u00f3n Hestia y Pepsico Latinoam\u00e9rica invistieron a 133 nuevas beneficiarias del programa educativo \u201cMujeres con Prop\u00f3sito\u201d.<\/p>\n\n\n\n<p>Otro paso importante, que fortalece las pol\u00edticas de formaci\u00f3n y crecimiento econ\u00f3mico, lo constituyen las formaciones del programa Capacitaci\u00f3n en Cuidados, piloto que busca ofrecer cuidado personal y acompa\u00f1amiento a los adultos mayores, as\u00ed como menores de edad y personas en estado de vulnerabilidad. Hasta la fecha han sido formados unos 900 participantes; 700 en Santo Domingo y 200 en Azua, bajo la certificaci\u00f3n del Instituto de Formaci\u00f3n T\u00e9cnico Profesional (Infotep).<\/p>\n\n\n\n<p>En cuanto a los centros de formaci\u00f3n gastron\u00f3mica, Sup\u00e9rate inform\u00f3 que unos 539 participantes cursaron unas 1,848 capacitaciones. En ese orden, se llev\u00f3 a cabo la apertura de dos nuevos centros de formaci\u00f3n gastron\u00f3mica, ubicados en Santiago y Barahona; el primero en el Centro de Superaci\u00f3n Comunitaria (CSC) Escuela Yaque, en la ciudad de Santiago, y en Barahona, inaugurado recientemente, en el Centro Comunitario de la provincia.<\/p>\n","protected":false},"excerpt":{"rendered":"<p>Santo Domingo.-El programa de ayuda y protecci\u00f3n social Sup\u00e9rate culmina este a\u00f1o 2023 con un balance esperanzador en contra de las barreras de la pobreza en Rep\u00fablica Dominicana, reflejado en&hellip;<\/p>\n","protected":false},"author":3,"featured_media":72306,"comment_status":"open","ping_status":"open","sticky":false,"template":"","format":"standard","meta":{"content-type":"","jetpack_post_was_ever_published":false,"_jetpack_newsletter_access":"","_jetpack_dont_email_post_to_subs":false,"_jetpack_newsletter_tier_id":0,"_jetpack_memberships_contains_paywalled_content":false,"_jetpack_memberships_contains_paid_content":false,"footnotes":""},"categories":[25],"tags":[],"class_list":["post-72302","post","type-post","status-publish","format-standard","has-post-thumbnail","hentry","category-portada"],"jetpack_featured_media_url":"https:\/\/lasprimeras.com.do\/wp-content\/uploads\/2023\/12\/Noticias-de-energia-2023-12-28T121501.441-scaled.jpg","jetpack-related-posts":[{"id":127348,"url":"https:\/\/lasprimeras.com.do\/index.php\/2026\/04\/10\/bonao-se-moviliza-mas-de-2000-personas-dialogan-en-encuentro-con-superate-para-fortalecer-su-bienestar\/","url_meta":{"origin":72302,"position":0},"title":"Bonao se moviliza: M\u00e1s de 2000 personas dialogan en encuentro con Sup\u00e9rate para fortalecer su bienestar","author":"Nelson Feliz","date":"10 de abril de 2026","format":false,"excerpt":"Los diferentes subsidios otorgados por la entidad impactan la calidad de vida de m\u00e1s de 22 mil familias en la provincia Monse\u00f1or Nouel. La Direcci\u00f3n de Desarrollo Social Sup\u00e9rate desarroll\u00f3 este viernes un encuentro con familias beneficiarias de los programas de protecci\u00f3n social en el municipio de Bonao, provincia Monse\u00f1or\u2026","rel":"","context":"En \u00abECONOM\u00cdA\u00bb","block_context":{"text":"ECONOM\u00cdA","link":"https:\/\/lasprimeras.com.do\/index.php\/category\/economia\/"},"img":{"alt_text":"La directora general de Sup\u00e9rate, Mayra Jim\u00e9nez, junto al senador de la provincia H\u00e9ctor Acosta, autoridades locales y comunitarios durante encuentro comunitario en Bonao.","src":"https:\/\/i0.wp.com\/lasprimeras.com.do\/wp-content\/uploads\/2026\/04\/La-directora-general-de-Superate-Mayra-Jimenez-junto-al-senador-de-la-provincia-Hector-Acosta-autoridades-locales-y-comunitarios-durante-encuentro-comunitario-en-Bonao.jpg?resize=350%2C200&ssl=1","width":350,"height":200,"srcset":"https:\/\/i0.wp.com\/lasprimeras.com.do\/wp-content\/uploads\/2026\/04\/La-directora-general-de-Superate-Mayra-Jimenez-junto-al-senador-de-la-provincia-Hector-Acosta-autoridades-locales-y-comunitarios-durante-encuentro-comunitario-en-Bonao.jpg?resize=350%2C200&ssl=1 1x, https:\/\/i0.wp.com\/lasprimeras.com.do\/wp-content\/uploads\/2026\/04\/La-directora-general-de-Superate-Mayra-Jimenez-junto-al-senador-de-la-provincia-Hector-Acosta-autoridades-locales-y-comunitarios-durante-encuentro-comunitario-en-Bonao.jpg?resize=525%2C300&ssl=1 1.5x, https:\/\/i0.wp.com\/lasprimeras.com.do\/wp-content\/uploads\/2026\/04\/La-directora-general-de-Superate-Mayra-Jimenez-junto-al-senador-de-la-provincia-Hector-Acosta-autoridades-locales-y-comunitarios-durante-encuentro-comunitario-en-Bonao.jpg?resize=700%2C400&ssl=1 2x"},"classes":[]},{"id":105411,"url":"https:\/\/lasprimeras.com.do\/index.php\/2025\/08\/03\/economista-del-bm-william-wiseman-es-acertada-la-creacion-de-la-direccion-de-desarrollo-social-superate\/","url_meta":{"origin":72302,"position":1},"title":"Economista del BM William Wiseman: \u201cEs acertada la creaci\u00f3n de la Direcci\u00f3n de Desarrollo Social Sup\u00e9rate\u201d","author":"Nelson Feliz","date":"3 de agosto de 2025","format":false,"excerpt":"El Economista para Am\u00e9rica Latina y El Caribe William Wiseman afirm\u00f3 que lo m\u00e1s relevante es la mejora en el impacto de los servicios que brinda la instituci\u00f3n. El economista principal de la Pr\u00e1ctica Global de Protecci\u00f3n Social y Trabajo del Banco Mundial para la regi\u00f3n de Am\u00e9rica Latina y\u2026","rel":"","context":"En \u00abECONOM\u00cdA\u00bb","block_context":{"text":"ECONOM\u00cdA","link":"https:\/\/lasprimeras.com.do\/index.php\/category\/economia\/"},"img":{"alt_text":"","src":"https:\/\/i0.wp.com\/lasprimeras.com.do\/wp-content\/uploads\/2025\/08\/economista-1.jpg?resize=350%2C200&ssl=1","width":350,"height":200,"srcset":"https:\/\/i0.wp.com\/lasprimeras.com.do\/wp-content\/uploads\/2025\/08\/economista-1.jpg?resize=350%2C200&ssl=1 1x, https:\/\/i0.wp.com\/lasprimeras.com.do\/wp-content\/uploads\/2025\/08\/economista-1.jpg?resize=525%2C300&ssl=1 1.5x, https:\/\/i0.wp.com\/lasprimeras.com.do\/wp-content\/uploads\/2025\/08\/economista-1.jpg?resize=700%2C400&ssl=1 2x"},"classes":[]},{"id":89463,"url":"https:\/\/lasprimeras.com.do\/index.php\/2024\/09\/25\/infotep-y-superate-firman-acuerdo-para-capacitar-a-80-mil-dominicanos\/","url_meta":{"origin":72302,"position":2},"title":"INFOTEP y Sup\u00e9rate firman acuerdo para capacitar a 80 mil dominicanos","author":"Nelson Feliz","date":"25 de septiembre de 2024","format":false,"excerpt":"\u2022 El proyecto tiene previsto iniciar en enero de 2025 y capacitar\u00e1 anualmente a 40 mil beneficiarios, en modalidades de habilitaci\u00f3n y complementaci\u00f3n. Otros 40 mil recibir\u00e1n formaci\u00f3n, a trav\u00e9s de los CSCS. El Instituto Nacional de Formaci\u00f3n T\u00e9cnico Profesional (INFOTEP) y el Programa Sup\u00e9rate han suscrito un acuerdo destinado\u2026","rel":"","context":"En \u00abNACIONALES\u00bb","block_context":{"text":"NACIONALES","link":"https:\/\/lasprimeras.com.do\/index.php\/category\/nacionales\/"},"img":{"alt_text":"INFOTEP y Sup\u00e9rate","src":"https:\/\/i0.wp.com\/lasprimeras.com.do\/wp-content\/uploads\/2024\/09\/INFOTEP-y-Superate-1.jpg?resize=350%2C200&ssl=1","width":350,"height":200,"srcset":"https:\/\/i0.wp.com\/lasprimeras.com.do\/wp-content\/uploads\/2024\/09\/INFOTEP-y-Superate-1.jpg?resize=350%2C200&ssl=1 1x, https:\/\/i0.wp.com\/lasprimeras.com.do\/wp-content\/uploads\/2024\/09\/INFOTEP-y-Superate-1.jpg?resize=525%2C300&ssl=1 1.5x, https:\/\/i0.wp.com\/lasprimeras.com.do\/wp-content\/uploads\/2024\/09\/INFOTEP-y-Superate-1.jpg?resize=700%2C400&ssl=1 2x"},"classes":[]},{"id":102046,"url":"https:\/\/lasprimeras.com.do\/index.php\/2025\/06\/30\/denuncian-que-algo-no-encaja-en-el-programa-superate-y-proponen-auditoria-al-padron-de-beneficiarios\/","url_meta":{"origin":72302,"position":3},"title":"Denuncian que \u201calgo no encaja\u201d en el programa Sup\u00e9rate y proponen auditor\u00eda al padr\u00f3n de beneficiarios","author":"Nelson Feliz","date":"30 de junio de 2025","format":false,"excerpt":"La integrante de la Direcci\u00f3n Central de la Fuerza del Pueblo, Daniela Lizardo, advirti\u00f3 que \u201calgo no encaja\u201d en el programa Sup\u00e9rate, de asistencia social del gobierno, al considerar que no est\u00e1 resolviendo las causas reales de la pobreza en la Rep\u00fablica Dominicana. Al mismo tiempo, la dirigente opositora denunci\u00f3\u2026","rel":"","context":"En \u00abECONOM\u00cdA\u00bb","block_context":{"text":"ECONOM\u00cdA","link":"https:\/\/lasprimeras.com.do\/index.php\/category\/economia\/"},"img":{"alt_text":"","src":"https:\/\/i0.wp.com\/lasprimeras.com.do\/wp-content\/uploads\/2025\/06\/Daniela-Lizardo.jpg?resize=350%2C200&ssl=1","width":350,"height":200,"srcset":"https:\/\/i0.wp.com\/lasprimeras.com.do\/wp-content\/uploads\/2025\/06\/Daniela-Lizardo.jpg?resize=350%2C200&ssl=1 1x, https:\/\/i0.wp.com\/lasprimeras.com.do\/wp-content\/uploads\/2025\/06\/Daniela-Lizardo.jpg?resize=525%2C300&ssl=1 1.5x"},"classes":[]},{"id":105253,"url":"https:\/\/lasprimeras.com.do\/index.php\/2025\/07\/31\/robert-polanco-afirma-abinader-consolida-un-modelo-de-gobierno-cercano-y-al-servicio-de-la-gente\/","url_meta":{"origin":72302,"position":4},"title":"Robert Polanco afirma Abinader consolida un modelo de gobierno cercano y al servicio de la gente","author":"Nelson Feliz","date":"31 de julio de 2025","format":false,"excerpt":"El presidente Abinader encabeza una jornada de inclusi\u00f3n social \"Primero T\u00fa\", en la comunidad Villa Cerro, en Hig\u00fcey, de La Altagracia El director de Proyectos Estrat\u00e9gicos y Especiales de la Presidencia (Propeep), Robert Polanco, afirm\u00f3 este jueves que el presidente Luis Abinader ha consolidado un modelo de gobierno cercano, que\u2026","rel":"","context":"En \u00abNACIONALES\u00bb","block_context":{"text":"NACIONALES","link":"https:\/\/lasprimeras.com.do\/index.php\/category\/nacionales\/"},"img":{"alt_text":"","src":"https:\/\/i0.wp.com\/lasprimeras.com.do\/wp-content\/uploads\/2025\/07\/robert.jpg?resize=350%2C200&ssl=1","width":350,"height":200,"srcset":"https:\/\/i0.wp.com\/lasprimeras.com.do\/wp-content\/uploads\/2025\/07\/robert.jpg?resize=350%2C200&ssl=1 1x, https:\/\/i0.wp.com\/lasprimeras.com.do\/wp-content\/uploads\/2025\/07\/robert.jpg?resize=525%2C300&ssl=1 1.5x, https:\/\/i0.wp.com\/lasprimeras.com.do\/wp-content\/uploads\/2025\/07\/robert.jpg?resize=700%2C400&ssl=1 2x"},"classes":[]},{"id":78302,"url":"https:\/\/lasprimeras.com.do\/index.php\/2024\/03\/01\/senasa-y-superate-rubrican-acuerdo-para-afiliar-a-familias-en-situacion-de-vulnerabilidad\/","url_meta":{"origin":72302,"position":5},"title":"SeNaSa y Sup\u00e9rate rubrican acuerdo para afiliar a familias en situaci\u00f3n de vulnerabilidad","author":"BIMARY DE JES\u00daS Matos","date":"1 de marzo de 2024","format":false,"excerpt":"Martin Restituyo Santo Domingo. - En el marco de una colaboraci\u00f3n interinstitucional, el Seguro Nacional de Salud (SeNaSa) y el programa social Sup\u00e9rate firmaron un acuerdo con el objetivo de afiliar a las familias del programa de protecci\u00f3n social que carecen del seguro m\u00e9dico y que viven en situaci\u00f3n de\u2026","rel":"","context":"En \u00abPORTADA\u00bb","block_context":{"text":"PORTADA","link":"https:\/\/lasprimeras.com.do\/index.php\/category\/portada\/"},"img":{"alt_text":"","src":"https:\/\/i0.wp.com\/lasprimeras.com.do\/wp-content\/uploads\/2024\/03\/IMG-20240301-WA0007.jpg?resize=350%2C200&ssl=1","width":350,"height":200,"srcset":"https:\/\/i0.wp.com\/lasprimeras.com.do\/wp-content\/uploads\/2024\/03\/IMG-20240301-WA0007.jpg?resize=350%2C200&ssl=1 1x, https:\/\/i0.wp.com\/lasprimeras.com.do\/wp-content\/uploads\/2024\/03\/IMG-20240301-WA0007.jpg?resize=525%2C300&ssl=1 1.5x, https:\/\/i0.wp.com\/lasprimeras.com.do\/wp-content\/uploads\/2024\/03\/IMG-20240301-WA0007.jpg?resize=700%2C400&ssl=1 2x, https:\/\/i0.wp.com\/lasprimeras.com.do\/wp-content\/uploads\/2024\/03\/IMG-20240301-WA0007.jpg?resize=1050%2C600&ssl=1 3x, https:\/\/i0.wp.com\/lasprimeras.com.do\/wp-content\/uploads\/2024\/03\/IMG-20240301-WA0007.jpg?resize=1400%2C800&ssl=1 4x"},"classes":[]}],"jetpack_sharing_enabled":true,"_links":{"self":[{"href":"https:\/\/lasprimeras.com.do\/index.php\/wp-json\/wp\/v2\/posts\/72302","targetHints":{"allow":["GET"]}}],"collection":[{"href":"https:\/\/lasprimeras.com.do\/index.php\/wp-json\/wp\/v2\/posts"}],"about":[{"href":"https:\/\/lasprimeras.com.do\/index.php\/wp-json\/wp\/v2\/types\/post"}],"author":[{"embeddable":true,"href":"https:\/\/lasprimeras.com.do\/index.php\/wp-json\/wp\/v2\/users\/3"}],"replies":[{"embeddable":true,"href":"https:\/\/lasprimeras.com.do\/index.php\/wp-json\/wp\/v2\/comments?post=72302"}],"version-history":[{"count":1,"href":"https:\/\/lasprimeras.com.do\/index.php\/wp-json\/wp\/v2\/posts\/72302\/revisions"}],"predecessor-version":[{"id":72304,"href":"https:\/\/lasprimeras.com.do\/index.php\/wp-json\/wp\/v2\/posts\/72302\/revisions\/72304"}],"wp:featuredmedia":[{"embeddable":true,"href":"https:\/\/lasprimeras.com.do\/index.php\/wp-json\/wp\/v2\/media\/72306"}],"wp:attachment":[{"href":"https:\/\/lasprimeras.com.do\/index.php\/wp-json\/wp\/v2\/media?parent=72302"}],"wp:term":[{"taxonomy":"category","embeddable":true,"href":"https:\/\/lasprimeras.com.do\/index.php\/wp-json\/wp\/v2\/categories?post=72302"},{"taxonomy":"post_tag","embeddable":true,"href":"https:\/\/lasprimeras.com.do\/index.php\/wp-json\/wp\/v2\/tags?post=72302"}],"curies":[{"name":"wp","href":"https:\/\/api.w.org\/{rel}","templated":true}]}}