{"id":72307,"date":"2023-12-28T14:35:23","date_gmt":"2023-12-28T18:35:23","guid":{"rendered":"https:\/\/lasprimeras.com.do\/?p=72307"},"modified":"2023-12-28T14:35:25","modified_gmt":"2023-12-28T18:35:25","slug":"recargas-de-paso-rapido-realizadas-por-whatsapp-ya-son-acreditadas-al-instante","status":"publish","type":"post","link":"https:\/\/lasprimeras.com.do\/index.php\/2023\/12\/28\/recargas-de-paso-rapido-realizadas-por-whatsapp-ya-son-acreditadas-al-instante\/","title":{"rendered":"Recargas de paso r\u00e1pido realizadas por WhatsApp ya son acreditadas al instante"},"content":{"rendered":"\n<p>SANTO DOMINGO.\u2013 Las recargas del servicio de paso r\u00e1pido que son realizadas a trav\u00e9s de la plataforma de WhatsApp de la empresa CardNET ser\u00e1n acreditadas en tiempo real a los usuarios, proceso que anteriormente demandaba una espera de hasta 10 minutos para poder utilizar el saldo en las estaciones de peaje.<\/p>\n\n\n\n<p>La direcci\u00f3n de tecnolog\u00eda de RD Vial inform\u00f3 que, aunque este es un servicio que proporciona la empresa de soluciones y herramientas de pago CardNET, han ido trabajando en modernizar y dar m\u00e1s seguridad a los sistemas operativos que interact\u00faan con los proveedores externos para asegurar mayor eficiencia y rapidez en la respuesta que se les da a los requerimientos de los usuarios.<\/p>\n\n\n\n<p>En ese contexto, el director de RD Vial, Jean Luis Rodr\u00edguez, asegur\u00f3 que la entidad permanece en un proceso de transformaci\u00f3n digital y adquisici\u00f3n de equipos para continuar sustituyendo software y hardware que ten\u00edan m\u00e1s de 10 a\u00f1os en uso y as\u00ed subsanar el rezago tecnol\u00f3gico encontrado.<\/p>\n\n\n\n<p>\u201cHemos ido cambiando hacia plataformas m\u00e1s seguras y robustas que puedan interactuar con los dispositivos instalados en los veh\u00edculos m\u00e1s r\u00e1pido, as\u00ed como con otros sistemas operativos externos que incluyan a RD Vial y al Paso R\u00e1pido en un moderno ecosistema digital que incremente su funcionalidad, lo haga m\u00e1s inclusivo, eficiente y transparente. Esa es la meta a corto plazo, no ser\u00e1 f\u00e1cil, pero est\u00e1 siendo posible\u201d, explic\u00f3 Rodr\u00edguez.<\/p>\n\n\n\n<p>Plataformas para recargar y gestionar El Paso R\u00e1pido<\/p>\n\n\n\n<p>A trav\u00e9s del n\u00famero de WhatsApp 829-380-9965 los usuarios podr\u00e1n acceder a la plataforma para recargar de forma instant\u00e1nea su Tag de Paso R\u00e1pido o consultar su balance disponible de forma directa, f\u00e1cil y segura, desde cualquier lugar, las 24 horas, los 7 d\u00edas de la semana.<\/p>\n\n\n\n<p>Adem\u00e1s, RD Vial puso en funcionamiento este a\u00f1o una nueva y moderna aplicaci\u00f3n m\u00f3vil a trav\u00e9s de la cual los usuarios pueden administrar sus dispositivos de Paso R\u00e1pido y recibir asistencia en tiempo real de forma \u00e1gil, eficiente, segura y transparente.<\/p>\n\n\n\n<p>La app est\u00e1 disponible en los Smartphone Apple y Android y con ella pueden recargar y consultar el balance de su Paso R\u00e1pido, el consumo y las estaciones de peajes en las cuales se realizaron los consumos.<\/p>\n\n\n\n<p>De igual forma, a trav\u00e9s de las plataformas electr\u00f3nicas de instituciones financieras como los bancos Popular y Reservas, los usuarios tambi\u00e9n pueden recargar sus dispositivos, saldo que tambi\u00e9n se registra al instante.<\/p>\n","protected":false},"excerpt":{"rendered":"<p>SANTO DOMINGO.\u2013 Las recargas del servicio de paso r\u00e1pido que son realizadas a trav\u00e9s de la plataforma de WhatsApp de la empresa CardNET ser\u00e1n acreditadas en tiempo real a los&hellip;<\/p>\n","protected":false},"author":3,"featured_media":72308,"comment_status":"open","ping_status":"open","sticky":false,"template":"","format":"standard","meta":{"content-type":"","jetpack_post_was_ever_published":false,"_jetpack_newsletter_access":"","_jetpack_dont_email_post_to_subs":false,"_jetpack_newsletter_tier_id":0,"_jetpack_memberships_contains_paywalled_content":false,"_jetpack_memberships_contains_paid_content":false,"footnotes":""},"categories":[35],"tags":[10093],"class_list":["post-72307","post","type-post","status-publish","format-standard","has-post-thumbnail","hentry","category-nacionales","tag-rd-vial"],"jetpack_featured_media_url":"https:\/\/lasprimeras.com.do\/wp-content\/uploads\/2023\/12\/Noticias-de-energia-2023-12-28T121501.441.webp","jetpack-related-posts":[{"id":72499,"url":"https:\/\/lasprimeras.com.do\/index.php\/2023\/12\/30\/estos-son-los-lugares-para-adquirir-y-recargar-tu-paso-rapido\/","url_meta":{"origin":72307,"position":0},"title":"Estos son los lugares para adquirir y recargar tu paso r\u00e1pido","author":"BIMARY DE JES\u00daS Matos","date":"30 de diciembre de 2023","format":false,"excerpt":"SANTO DOMINGO.- La \u00e9poca de navidad a\u00fan no ha concluido y quienes no han salido de la ciudad, aprovechan el fin de a\u00f1o para hacerlo y visitar otras provincias del pa\u00eds. Si eres de los que sale en v\u00edspera de a\u00f1o nuevo y todav\u00eda no posees el dispositivo electr\u00f3nico de\u2026","rel":"","context":"En \u00abPORTADA\u00bb","block_context":{"text":"PORTADA","link":"https:\/\/lasprimeras.com.do\/index.php\/category\/portada\/"},"img":{"alt_text":"","src":"https:\/\/i0.wp.com\/lasprimeras.com.do\/wp-content\/uploads\/2023\/12\/Noticias-de-energia-2023-12-30T100707.186-3.webp?resize=350%2C200&ssl=1","width":350,"height":200,"srcset":"https:\/\/i0.wp.com\/lasprimeras.com.do\/wp-content\/uploads\/2023\/12\/Noticias-de-energia-2023-12-30T100707.186-3.webp?resize=350%2C200&ssl=1 1x, https:\/\/i0.wp.com\/lasprimeras.com.do\/wp-content\/uploads\/2023\/12\/Noticias-de-energia-2023-12-30T100707.186-3.webp?resize=525%2C300&ssl=1 1.5x"},"classes":[]},{"id":74194,"url":"https:\/\/lasprimeras.com.do\/index.php\/2024\/01\/20\/rd-vial-inicia-trabajos-para-instalacion-de-paso-rapido-en-las-16-vias-de-peajes-del-nordeste\/","url_meta":{"origin":72307,"position":1},"title":"RD Vial inicia trabajos para instalaci\u00f3n de paso r\u00e1pido en las 16 v\u00edas de peajes del Nordeste","author":"BIMARY DE JES\u00daS Matos","date":"20 de enero de 2024","format":false,"excerpt":"Santo Domingo.\u2013 El fideicomiso RD Vial anunci\u00f3 que fueron iniciados los trabajos para la instalaci\u00f3n de los equipos para la posterior entrada en funcionamiento del sistema de Paso R\u00e1pido en las cuatro estaciones de peajes del Nordeste y continuar agilizando el tr\u00e1nsito por las estaciones que contar\u00e1n con 16 v\u00edas\u2026","rel":"","context":"En \u00abPORTADA\u00bb","block_context":{"text":"PORTADA","link":"https:\/\/lasprimeras.com.do\/index.php\/category\/portada\/"},"img":{"alt_text":"","src":"https:\/\/i0.wp.com\/lasprimeras.com.do\/wp-content\/uploads\/2024\/01\/WhatsApp-Image-2024-01-19-at-7.03.50-PM.webp?resize=350%2C200&ssl=1","width":350,"height":200,"srcset":"https:\/\/i0.wp.com\/lasprimeras.com.do\/wp-content\/uploads\/2024\/01\/WhatsApp-Image-2024-01-19-at-7.03.50-PM.webp?resize=350%2C200&ssl=1 1x, https:\/\/i0.wp.com\/lasprimeras.com.do\/wp-content\/uploads\/2024\/01\/WhatsApp-Image-2024-01-19-at-7.03.50-PM.webp?resize=525%2C300&ssl=1 1.5x"},"classes":[]},{"id":76057,"url":"https:\/\/lasprimeras.com.do\/index.php\/2024\/02\/07\/el-naranjal-y-marbella-se-convierten-en-los-primeros-peajes-del-nordeste-con-paso-rapido\/","url_meta":{"origin":72307,"position":2},"title":"El Naranjal y Marbella se convierten en los primeros peajes del nordeste con Paso R\u00e1pido","author":"Nelson Feliz","date":"7 de febrero de 2024","format":false,"excerpt":"La oficina coordinadora del fideicomiso RD Vial anunci\u00f3 la entrada en funcionamiento del servicio de Paso R\u00e1pido en los cuatro carriles de la estaci\u00f3n El Naranjal y los de Marbella, ubicados en la autov\u00eda del nordeste, conectando esta importante v\u00eda a un moderno sistema de pago electr\u00f3nico para la agilizaci\u00f3n\u2026","rel":"","context":"En \u00abECONOM\u00cdA\u00bb","block_context":{"text":"ECONOM\u00cdA","link":"https:\/\/lasprimeras.com.do\/index.php\/category\/economia\/"},"img":{"alt_text":"PasoRa\u0301pido","src":"https:\/\/i0.wp.com\/lasprimeras.com.do\/wp-content\/uploads\/2024\/02\/PasoRapido.png?resize=350%2C200&ssl=1","width":350,"height":200,"srcset":"https:\/\/i0.wp.com\/lasprimeras.com.do\/wp-content\/uploads\/2024\/02\/PasoRapido.png?resize=350%2C200&ssl=1 1x, https:\/\/i0.wp.com\/lasprimeras.com.do\/wp-content\/uploads\/2024\/02\/PasoRapido.png?resize=525%2C300&ssl=1 1.5x, https:\/\/i0.wp.com\/lasprimeras.com.do\/wp-content\/uploads\/2024\/02\/PasoRapido.png?resize=700%2C400&ssl=1 2x"},"classes":[]},{"id":71745,"url":"https:\/\/lasprimeras.com.do\/index.php\/2023\/12\/22\/como-usar-de-forma-eficiente-tu-paso-rapido-en-navidad\/","url_meta":{"origin":72307,"position":3},"title":"C\u00f3mo usar de forma eficiente tu paso r\u00e1pido en Navidad","author":"BIMARY DE JES\u00daS Matos","date":"22 de diciembre de 2023","format":false,"excerpt":"SANTO DOMINGO.-Con la temporada navide\u00f1a en su apogeo y la salida hacia otras provincias de los dominicanos para compartir en familia durante la Nochebuena, maximizar la eficiencia en el viaje y trayecto se vuelve crucial para evitar atascos y congestionamientos viales. Las estaciones de peajes representan una de las zonas\u2026","rel":"","context":"En \u00abPORTADA\u00bb","block_context":{"text":"PORTADA","link":"https:\/\/lasprimeras.com.do\/index.php\/category\/portada\/"},"img":{"alt_text":"","src":"https:\/\/i0.wp.com\/lasprimeras.com.do\/wp-content\/uploads\/2023\/12\/OMSA-trabajara-durante-Nochebuena-y-feriado-de-Navidad-5.webp?resize=350%2C200&ssl=1","width":350,"height":200,"srcset":"https:\/\/i0.wp.com\/lasprimeras.com.do\/wp-content\/uploads\/2023\/12\/OMSA-trabajara-durante-Nochebuena-y-feriado-de-Navidad-5.webp?resize=350%2C200&ssl=1 1x, https:\/\/i0.wp.com\/lasprimeras.com.do\/wp-content\/uploads\/2023\/12\/OMSA-trabajara-durante-Nochebuena-y-feriado-de-Navidad-5.webp?resize=525%2C300&ssl=1 1.5x, https:\/\/i0.wp.com\/lasprimeras.com.do\/wp-content\/uploads\/2023\/12\/OMSA-trabajara-durante-Nochebuena-y-feriado-de-Navidad-5.webp?resize=700%2C400&ssl=1 2x, https:\/\/i0.wp.com\/lasprimeras.com.do\/wp-content\/uploads\/2023\/12\/OMSA-trabajara-durante-Nochebuena-y-feriado-de-Navidad-5.webp?resize=1050%2C600&ssl=1 3x"},"classes":[]},{"id":71914,"url":"https:\/\/lasprimeras.com.do\/index.php\/2023\/12\/25\/peajes-estaran-libre-de-costo-desde-hoy-700-pm-hasta-las-600-a-m\/","url_meta":{"origin":72307,"position":4},"title":"Peajes estar\u00e1n libre de costo desde hoy 7:00 pm hasta las 6:00 A.M.","author":"BIMARY DE JES\u00daS Matos","date":"25 de diciembre de 2023","format":false,"excerpt":"SANTO DOMINGO.- La oficina coordinadora del fideicomiso RD Vial inform\u00f3 que el tr\u00e1nsito por todas las estaciones de peajes del pa\u00eds estar\u00e1n libres de costo desde las 7:00 de la noche de este 24 de diciembre hasta las 6:00 de la ma\u00f1ana del lunes 25, por motivo de las festividades\u2026","rel":"","context":"En \u00abNACIONALES\u00bb","block_context":{"text":"NACIONALES","link":"https:\/\/lasprimeras.com.do\/index.php\/category\/nacionales\/"},"img":{"alt_text":"","src":"https:\/\/i0.wp.com\/lasprimeras.com.do\/wp-content\/uploads\/2023\/12\/Bernie-Williams-le-roba-a-John-Olerud-un-jonron-que-empato-el-juego-con-una-atrapada-fantastica.webp?resize=350%2C200&ssl=1","width":350,"height":200,"srcset":"https:\/\/i0.wp.com\/lasprimeras.com.do\/wp-content\/uploads\/2023\/12\/Bernie-Williams-le-roba-a-John-Olerud-un-jonron-que-empato-el-juego-con-una-atrapada-fantastica.webp?resize=350%2C200&ssl=1 1x, https:\/\/i0.wp.com\/lasprimeras.com.do\/wp-content\/uploads\/2023\/12\/Bernie-Williams-le-roba-a-John-Olerud-un-jonron-que-empato-el-juego-con-una-atrapada-fantastica.webp?resize=525%2C300&ssl=1 1.5x"},"classes":[]},{"id":63739,"url":"https:\/\/lasprimeras.com.do\/index.php\/2023\/10\/15\/vehiculos-de-emergencia-tendran-paso-rapido-exclusivo-por-estaciones-de-peajes\/","url_meta":{"origin":72307,"position":5},"title":"Veh\u00edculos de emergencia tendr\u00e1n paso r\u00e1pido exclusivo por estaciones de peajes","author":"BIMARY DE JES\u00daS Matos","date":"15 de octubre de 2023","format":false,"excerpt":"Santo Domingo.\u2013 La oficina coordinadora del fideicomiso RD Vial inform\u00f3 que a partir del 15 de noviembre de 2023 los veh\u00edculos de atenci\u00f3n a emergencia contaran con un dispositivo electr\u00f3nico especial que les permitir\u00e1 transitar por los carriles de Paso R\u00e1pido por todas las estaciones de peajes que cuentan con\u2026","rel":"","context":"En \u00abPORTADA\u00bb","block_context":{"text":"PORTADA","link":"https:\/\/lasprimeras.com.do\/index.php\/category\/portada\/"},"img":{"alt_text":"","src":"https:\/\/i0.wp.com\/lasprimeras.com.do\/wp-content\/uploads\/2023\/10\/parque-vehicular-focus-0-0-896-504.webp?resize=350%2C200&ssl=1","width":350,"height":200,"srcset":"https:\/\/i0.wp.com\/lasprimeras.com.do\/wp-content\/uploads\/2023\/10\/parque-vehicular-focus-0-0-896-504.webp?resize=350%2C200&ssl=1 1x, https:\/\/i0.wp.com\/lasprimeras.com.do\/wp-content\/uploads\/2023\/10\/parque-vehicular-focus-0-0-896-504.webp?resize=525%2C300&ssl=1 1.5x, https:\/\/i0.wp.com\/lasprimeras.com.do\/wp-content\/uploads\/2023\/10\/parque-vehicular-focus-0-0-896-504.webp?resize=700%2C400&ssl=1 2x, https:\/\/i0.wp.com\/lasprimeras.com.do\/wp-content\/uploads\/2023\/10\/parque-vehicular-focus-0-0-896-504.webp?resize=1050%2C600&ssl=1 3x"},"classes":[]}],"jetpack_sharing_enabled":true,"_links":{"self":[{"href":"https:\/\/lasprimeras.com.do\/index.php\/wp-json\/wp\/v2\/posts\/72307","targetHints":{"allow":["GET"]}}],"collection":[{"href":"https:\/\/lasprimeras.com.do\/index.php\/wp-json\/wp\/v2\/posts"}],"about":[{"href":"https:\/\/lasprimeras.com.do\/index.php\/wp-json\/wp\/v2\/types\/post"}],"author":[{"embeddable":true,"href":"https:\/\/lasprimeras.com.do\/index.php\/wp-json\/wp\/v2\/users\/3"}],"replies":[{"embeddable":true,"href":"https:\/\/lasprimeras.com.do\/index.php\/wp-json\/wp\/v2\/comments?post=72307"}],"version-history":[{"count":1,"href":"https:\/\/lasprimeras.com.do\/index.php\/wp-json\/wp\/v2\/posts\/72307\/revisions"}],"predecessor-version":[{"id":72309,"href":"https:\/\/lasprimeras.com.do\/index.php\/wp-json\/wp\/v2\/posts\/72307\/revisions\/72309"}],"wp:featuredmedia":[{"embeddable":true,"href":"https:\/\/lasprimeras.com.do\/index.php\/wp-json\/wp\/v2\/media\/72308"}],"wp:attachment":[{"href":"https:\/\/lasprimeras.com.do\/index.php\/wp-json\/wp\/v2\/media?parent=72307"}],"wp:term":[{"taxonomy":"category","embeddable":true,"href":"https:\/\/lasprimeras.com.do\/index.php\/wp-json\/wp\/v2\/categories?post=72307"},{"taxonomy":"post_tag","embeddable":true,"href":"https:\/\/lasprimeras.com.do\/index.php\/wp-json\/wp\/v2\/tags?post=72307"}],"curies":[{"name":"wp","href":"https:\/\/api.w.org\/{rel}","templated":true}]}}