{"id":72310,"date":"2023-12-28T14:36:41","date_gmt":"2023-12-28T18:36:41","guid":{"rendered":"https:\/\/lasprimeras.com.do\/?p=72310"},"modified":"2023-12-28T14:36:42","modified_gmt":"2023-12-28T18:36:42","slug":"abel-inicia-recorrido-de-fin-de-ano-en-santiago","status":"publish","type":"post","link":"https:\/\/lasprimeras.com.do\/index.php\/2023\/12\/28\/abel-inicia-recorrido-de-fin-de-ano-en-santiago\/","title":{"rendered":"Abel inicia recorrido de fin de a\u00f1o en Santiago"},"content":{"rendered":"\n<p>Santo Domingo.-El candidato presidencial del Partido de la Liberaci\u00f3n Dominicana (PLD), Abel Mart\u00ednez, inici\u00f3 este jueves una jornada de visitas a dirigentes y candidatos a alcaldes de la provincia Santiago.<\/p>\n\n\n\n<p>Mart\u00ednez lleg\u00f3 a Hato del Yaque, donde comparti\u00f3 con el candidato a director municipal, Juan P\u00e9rez y su familia; all\u00ed, desayun\u00f3 junto a los candidatos a regidores.<\/p>\n\n\n\n<p>\u00abEn Hato del Yaque tenemos la oportunidad de ganar y dar un ejemplo. En Santiago, el PLD va por el carril de adentro, tenemos que ganar con muchos votos\u00bb, declar\u00f3.<\/p>\n\n\n\n<p>Al llevar un mensaje de esperanza esta Navidad, Abel Mart\u00ednez coment\u00f3 a Juan P\u00e9rez que visita su casa para decirle que tiene un compromiso con Hato del Yaque, que asumir\u00e1 desde el Palacio Nacional.<\/p>\n\n\n\n<p>\u00abPara la solidaridad, no hay tregua. El pa\u00eds necesita que trabajemos. Hato del Yaque necesita un gerente. Este es el momento de Juan P\u00e9rez\u00bb, a\u00f1adi\u00f3.<\/p>\n\n\n\n<p>De igual modo, el candidato a director, Juan P\u00e9rez, deplor\u00f3 que en casi cuatro a\u00f1os del PRM, no haya una obra visible construida por el Gobierno en Hato del Yaque. Se\u00f1al\u00f3 que al \u00fanico que le duele el distrito es al PLD.<\/p>\n\n\n\n<p>En el encuentro participaron el coordinador de campa\u00f1a, Andr\u00e9s Navarro; el candidato a senador de Santiago, Marino Collante, y la diputada Hilda Genao. De igual modo, Ram\u00f3n Ventura Camejo, miembro del Comit\u00e9 Pol\u00edtico del PLD.<\/p>\n","protected":false},"excerpt":{"rendered":"<p>Santo Domingo.-El candidato presidencial del Partido de la Liberaci\u00f3n Dominicana (PLD), Abel Mart\u00ednez, inici\u00f3 este jueves una jornada de visitas a dirigentes y candidatos a alcaldes de la provincia Santiago.&hellip;<\/p>\n","protected":false},"author":3,"featured_media":72311,"comment_status":"open","ping_status":"open","sticky":false,"template":"","format":"standard","meta":{"content-type":"","jetpack_post_was_ever_published":false,"_jetpack_newsletter_access":"","_jetpack_dont_email_post_to_subs":false,"_jetpack_newsletter_tier_id":0,"_jetpack_memberships_contains_paywalled_content":false,"_jetpack_memberships_contains_paid_content":false,"footnotes":""},"categories":[1],"tags":[6707],"class_list":["post-72310","post","type-post","status-publish","format-standard","has-post-thumbnail","hentry","category-sin-categoria","tag-abel-martinez-2"],"jetpack_featured_media_url":"https:\/\/lasprimeras.com.do\/wp-content\/uploads\/2023\/12\/Noticias-de-energia-2023-12-28T121501.441-1.jpg","jetpack-related-posts":[{"id":66256,"url":"https:\/\/lasprimeras.com.do\/index.php\/2023\/11\/05\/abel-en-santiago-quienes-han-destruido-todo-tienen-que-salir-del-poder\/","url_meta":{"origin":72310,"position":0},"title":"Abel en Santiago: &#8220;Quienes han destruido todo, tienen que salir del poder&#8221;","author":"Nelson Feliz","date":"5 de noviembre de 2023","format":false,"excerpt":"El candidato presidencial del Partido de la Liberaci\u00f3n Dominicana (PLD), Abel Mart\u00ednez, declar\u00f3 en Santiago que el pa\u00eds no puede tomar el riesgo de que contin\u00faen en el poder quienes han destruido todo. \u00abSaquemos al PRM. En el PLD somos los que sabemos gobernar. Nuestra boleta es invencible\u00bb, proclam\u00f3 el\u2026","rel":"","context":"En \u00abPORTADA\u00bb","block_context":{"text":"PORTADA","link":"https:\/\/lasprimeras.com.do\/index.php\/category\/portada\/"},"img":{"alt_text":"Abel Mart\u00ednez","src":"https:\/\/i0.wp.com\/lasprimeras.com.do\/wp-content\/uploads\/2023\/11\/Abel-Martinez.jpeg?resize=350%2C200&ssl=1","width":350,"height":200,"srcset":"https:\/\/i0.wp.com\/lasprimeras.com.do\/wp-content\/uploads\/2023\/11\/Abel-Martinez.jpeg?resize=350%2C200&ssl=1 1x, https:\/\/i0.wp.com\/lasprimeras.com.do\/wp-content\/uploads\/2023\/11\/Abel-Martinez.jpeg?resize=525%2C300&ssl=1 1.5x, https:\/\/i0.wp.com\/lasprimeras.com.do\/wp-content\/uploads\/2023\/11\/Abel-Martinez.jpeg?resize=700%2C400&ssl=1 2x, https:\/\/i0.wp.com\/lasprimeras.com.do\/wp-content\/uploads\/2023\/11\/Abel-Martinez.jpeg?resize=1050%2C600&ssl=1 3x, https:\/\/i0.wp.com\/lasprimeras.com.do\/wp-content\/uploads\/2023\/11\/Abel-Martinez.jpeg?resize=1400%2C800&ssl=1 4x"},"classes":[]},{"id":104762,"url":"https:\/\/lasprimeras.com.do\/index.php\/2025\/07\/27\/abel-martinez-dice-sera-proclamado-candidato-presidencial-en-2027\/","url_meta":{"origin":72310,"position":1},"title":"Abel Mart\u00ednez dice ser\u00e1 proclamado candidato presidencial en 2027","author":"Nelson Feliz","date":"27 de julio de 2025","format":false,"excerpt":"En un encuentro con l\u00edderes del Partido de la Liberaci\u00f3n Dominicana (PLD), dirigentes comunitarios y ciudadanos comprometidos, Abel Mart\u00ednez reafirm\u00f3 su determinaci\u00f3n de trabajar por un \u00abnuevo comienzo\u00bb para la Rep\u00fablica Dominicana. El exalcalde de Santiago estuvo acompa\u00f1ado por su esposa, la comunicadora Nahiony Reyes. Anunci\u00f3 que en 2027 ser\u00e1\u2026","rel":"","context":"En \u00abPOLITICA\u00bb","block_context":{"text":"POLITICA","link":"https:\/\/lasprimeras.com.do\/index.php\/category\/politica\/"},"img":{"alt_text":"Abel Mart\u00ednez","src":"https:\/\/i0.wp.com\/lasprimeras.com.do\/wp-content\/uploads\/2024\/05\/Abel-Martinez-4.jpg?resize=350%2C200&ssl=1","width":350,"height":200,"srcset":"https:\/\/i0.wp.com\/lasprimeras.com.do\/wp-content\/uploads\/2024\/05\/Abel-Martinez-4.jpg?resize=350%2C200&ssl=1 1x, https:\/\/i0.wp.com\/lasprimeras.com.do\/wp-content\/uploads\/2024\/05\/Abel-Martinez-4.jpg?resize=525%2C300&ssl=1 1.5x, https:\/\/i0.wp.com\/lasprimeras.com.do\/wp-content\/uploads\/2024\/05\/Abel-Martinez-4.jpg?resize=700%2C400&ssl=1 2x"},"classes":[]},{"id":118106,"url":"https:\/\/lasprimeras.com.do\/index.php\/2025\/12\/22\/con-aportes-fiduciarios-de-rd6000-millones-presidente-abinader-inaugura-proyecto-habitacional-hato-del-yaque\/","url_meta":{"origin":72310,"position":2},"title":"Con aportes fiduciarios de RD$6,000 millones presidente Abinader inaugura proyecto habitacional Hato del Yaque","author":"Nelson Feliz","date":"22 de diciembre de 2025","format":false,"excerpt":"El presidente Luis Abinader y el doctor Leonardo Aguilera, presidente ejecutivo de Banreservas, entregan llaves a familias beneficiadas del proyecto Hato del Yaque, en Santiago, con la presencia del ministro de Vivienda y Edificaciones, Carlos Bonilla; el director de Inapa, Wellinton Arnaud; y autoridades de la provincia.","rel":"","context":"En \u00abECONOM\u00cdA\u00bb","block_context":{"text":"ECONOM\u00cdA","link":"https:\/\/lasprimeras.com.do\/index.php\/category\/economia\/"},"img":{"alt_text":"El presidente Luis Abinader y el doctor Leonardo Aguilera, presidente ejecutivo de Banreservas, entregan llaves a familias beneficiadas del proyecto Hato del Yaque, en Santiago, con la presencia del ministro de Vivienda y Edificaciones, Carlos Bonilla; el director de Inapa, Wellinton Arnaud; y autoridades de la provincia.","src":"https:\/\/i0.wp.com\/lasprimeras.com.do\/wp-content\/uploads\/2025\/12\/Leonardo-Aguilera.jpg?resize=350%2C200&ssl=1","width":350,"height":200,"srcset":"https:\/\/i0.wp.com\/lasprimeras.com.do\/wp-content\/uploads\/2025\/12\/Leonardo-Aguilera.jpg?resize=350%2C200&ssl=1 1x, https:\/\/i0.wp.com\/lasprimeras.com.do\/wp-content\/uploads\/2025\/12\/Leonardo-Aguilera.jpg?resize=525%2C300&ssl=1 1.5x, https:\/\/i0.wp.com\/lasprimeras.com.do\/wp-content\/uploads\/2025\/12\/Leonardo-Aguilera.jpg?resize=700%2C400&ssl=1 2x"},"classes":[]},{"id":126223,"url":"https:\/\/lasprimeras.com.do\/index.php\/2026\/03\/31\/abinader-entrega-1025-titulos-de-propiedad-en-hato-del-yaque-santiago\/","url_meta":{"origin":72310,"position":3},"title":"Abinader entrega 1,025 t\u00edtulos de propiedad en Hato del Yaque -Santiago","author":"Nelson Feliz","date":"31 de marzo de 2026","format":false,"excerpt":"Destaca que m\u00e1s de 167,000 t\u00edtulos han sido entregados a nivel nacional y anuncia nuevas jornadas en todo el pa\u00eds, para seguir llevando justicia social, tranquilidad, paz y desarrollo. El presidente Luis Abinader, junto a la primera dama Raquel Arbaje, entreg\u00f3 este lunes 1,025 certificados de t\u00edtulos de propiedad a\u2026","rel":"","context":"En \u00abNACIONALES\u00bb","block_context":{"text":"NACIONALES","link":"https:\/\/lasprimeras.com.do\/index.php\/category\/nacionales\/"},"img":{"alt_text":"","src":"https:\/\/i0.wp.com\/lasprimeras.com.do\/wp-content\/uploads\/2026\/03\/titulos.jpg?resize=350%2C200&ssl=1","width":350,"height":200,"srcset":"https:\/\/i0.wp.com\/lasprimeras.com.do\/wp-content\/uploads\/2026\/03\/titulos.jpg?resize=350%2C200&ssl=1 1x, https:\/\/i0.wp.com\/lasprimeras.com.do\/wp-content\/uploads\/2026\/03\/titulos.jpg?resize=525%2C300&ssl=1 1.5x, https:\/\/i0.wp.com\/lasprimeras.com.do\/wp-content\/uploads\/2026\/03\/titulos.jpg?resize=700%2C400&ssl=1 2x"},"classes":[]},{"id":75006,"url":"https:\/\/lasprimeras.com.do\/index.php\/2024\/01\/28\/leonel-reitera-en-santiago-observa-en-las-calles-una-verdadera-ira-ante-la-incompetencia-de-abinader\/","url_meta":{"origin":72310,"position":4},"title":"Leonel reitera en Santiago observa en las calles una verdadera ira ante la incompetencia de Abinader","author":"Nelson Feliz","date":"28 de enero de 2024","format":false,"excerpt":"LF encabeza multitudinaria marcha-caravana en apoyo candidatos municipales El candidato presidencial del partido Fuerza del Pueblo, Leonel Fern\u00e1ndez, volvi\u00f3 a reiterar la tarde de este domingo que, observa en las calles del pa\u00eds una verdadera ira popular en contra de Abinader. Al responder preguntas de periodistas que le abordaron antes\u2026","rel":"","context":"En \u00abPORTADA\u00bb","block_context":{"text":"PORTADA","link":"https:\/\/lasprimeras.com.do\/index.php\/category\/portada\/"},"img":{"alt_text":"Leonel Fernandez","src":"https:\/\/i0.wp.com\/lasprimeras.com.do\/wp-content\/uploads\/2024\/01\/Leonel-Fernandez-1-1.jpg?resize=350%2C200&ssl=1","width":350,"height":200,"srcset":"https:\/\/i0.wp.com\/lasprimeras.com.do\/wp-content\/uploads\/2024\/01\/Leonel-Fernandez-1-1.jpg?resize=350%2C200&ssl=1 1x, https:\/\/i0.wp.com\/lasprimeras.com.do\/wp-content\/uploads\/2024\/01\/Leonel-Fernandez-1-1.jpg?resize=525%2C300&ssl=1 1.5x, https:\/\/i0.wp.com\/lasprimeras.com.do\/wp-content\/uploads\/2024\/01\/Leonel-Fernandez-1-1.jpg?resize=700%2C400&ssl=1 2x"},"classes":[]},{"id":76308,"url":"https:\/\/lasprimeras.com.do\/index.php\/2024\/02\/08\/actividades-del-pld-promoviendo-sus-candidaturas-municipales\/","url_meta":{"origin":72310,"position":5},"title":"Actividades del PLD promoviendo sus candidaturas municipales","author":"Nelson Feliz","date":"8 de febrero de 2024","format":false,"excerpt":"Abel Mart\u00ednez encabeza este jueves una marcha-caravana en la circunscripci\u00f3n Tres de Santiago junto a V\u00edctor Fadul y Marino Collante. Restando apenas d\u00edas para las elecciones municipales, programadas para el domingo 18 de febrero, el Partido de la Liberaci\u00f3n Dominicana (PLD), se moviliza en todo el territorio nacional, promoviendo sus\u2026","rel":"","context":"En \u00abPORTADA\u00bb","block_context":{"text":"PORTADA","link":"https:\/\/lasprimeras.com.do\/index.php\/category\/portada\/"},"img":{"alt_text":"","src":"https:\/\/i0.wp.com\/lasprimeras.com.do\/wp-content\/uploads\/2024\/02\/aBEL.jpeg?resize=350%2C200&ssl=1","width":350,"height":200,"srcset":"https:\/\/i0.wp.com\/lasprimeras.com.do\/wp-content\/uploads\/2024\/02\/aBEL.jpeg?resize=350%2C200&ssl=1 1x, https:\/\/i0.wp.com\/lasprimeras.com.do\/wp-content\/uploads\/2024\/02\/aBEL.jpeg?resize=525%2C300&ssl=1 1.5x, https:\/\/i0.wp.com\/lasprimeras.com.do\/wp-content\/uploads\/2024\/02\/aBEL.jpeg?resize=700%2C400&ssl=1 2x"},"classes":[]}],"jetpack_sharing_enabled":true,"_links":{"self":[{"href":"https:\/\/lasprimeras.com.do\/index.php\/wp-json\/wp\/v2\/posts\/72310","targetHints":{"allow":["GET"]}}],"collection":[{"href":"https:\/\/lasprimeras.com.do\/index.php\/wp-json\/wp\/v2\/posts"}],"about":[{"href":"https:\/\/lasprimeras.com.do\/index.php\/wp-json\/wp\/v2\/types\/post"}],"author":[{"embeddable":true,"href":"https:\/\/lasprimeras.com.do\/index.php\/wp-json\/wp\/v2\/users\/3"}],"replies":[{"embeddable":true,"href":"https:\/\/lasprimeras.com.do\/index.php\/wp-json\/wp\/v2\/comments?post=72310"}],"version-history":[{"count":1,"href":"https:\/\/lasprimeras.com.do\/index.php\/wp-json\/wp\/v2\/posts\/72310\/revisions"}],"predecessor-version":[{"id":72312,"href":"https:\/\/lasprimeras.com.do\/index.php\/wp-json\/wp\/v2\/posts\/72310\/revisions\/72312"}],"wp:featuredmedia":[{"embeddable":true,"href":"https:\/\/lasprimeras.com.do\/index.php\/wp-json\/wp\/v2\/media\/72311"}],"wp:attachment":[{"href":"https:\/\/lasprimeras.com.do\/index.php\/wp-json\/wp\/v2\/media?parent=72310"}],"wp:term":[{"taxonomy":"category","embeddable":true,"href":"https:\/\/lasprimeras.com.do\/index.php\/wp-json\/wp\/v2\/categories?post=72310"},{"taxonomy":"post_tag","embeddable":true,"href":"https:\/\/lasprimeras.com.do\/index.php\/wp-json\/wp\/v2\/tags?post=72310"}],"curies":[{"name":"wp","href":"https:\/\/api.w.org\/{rel}","templated":true}]}}