{"id":72323,"date":"2023-12-28T14:47:43","date_gmt":"2023-12-28T18:47:43","guid":{"rendered":"https:\/\/lasprimeras.com.do\/?p=72323"},"modified":"2023-12-28T14:47:48","modified_gmt":"2023-12-28T18:47:48","slug":"israel-pierde-tres-oficiales-en-combates-en-gaza","status":"publish","type":"post","link":"https:\/\/lasprimeras.com.do\/index.php\/2023\/12\/28\/israel-pierde-tres-oficiales-en-combates-en-gaza\/","title":{"rendered":"Israel pierde tres oficiales en combates en Gaza"},"content":{"rendered":"\n<p>Jerusal\u00e9n.- El Ej\u00e9rcito de Israel perdi\u00f3 a tres oficiales, entre ellos un general, en combates en Gaza, con lo que sus bajas desde que comenz\u00f3 la ofensiva terrestre en la Franja palestina alcanzan las 167.<\/p>\n\n\n\n<p>Las fuerzas armadas israel\u00edes informaron este jueves de la muerte de un general de divisi\u00f3n, un capit\u00e1n y un sargento de primera clase en diferentes zonas de Gaza.<\/p>\n\n\n\n<p>El general de divisi\u00f3n Dvir David Fima, de 32 a\u00f1os, y el capit\u00e1n Neriya Zisk, de 24, murieron mientras combat\u00edan en el centro de la Franja, mientras que el sargento Asaf Pinhas Tubul, de 22, falleci\u00f3 en combates en el sur del enclave costero, seg\u00fan un comunicado del Ej\u00e9rcito.<\/p>\n\n\n\n<p>Las muertes se produjeron el mi\u00e9rcoles y todos ellos formaban parte de unidades de infanter\u00eda y artiller\u00eda, de las que otro oficial y un soldado resultaron gravemente heridos.<\/p>\n","protected":false},"excerpt":{"rendered":"<p>Jerusal\u00e9n.- El Ej\u00e9rcito de Israel perdi\u00f3 a tres oficiales, entre ellos un general, en combates en Gaza, con lo que sus bajas desde que comenz\u00f3 la ofensiva terrestre en la&hellip;<\/p>\n","protected":false},"author":3,"featured_media":72324,"comment_status":"open","ping_status":"open","sticky":false,"template":"","format":"standard","meta":{"content-type":"","jetpack_post_was_ever_published":false,"_jetpack_newsletter_access":"","_jetpack_dont_email_post_to_subs":false,"_jetpack_newsletter_tier_id":0,"_jetpack_memberships_contains_paywalled_content":false,"_jetpack_memberships_contains_paid_content":false,"footnotes":""},"categories":[1],"tags":[8295,3499],"class_list":["post-72323","post","type-post","status-publish","format-standard","has-post-thumbnail","hentry","category-sin-categoria","tag-gaza","tag-israel"],"jetpack_featured_media_url":"https:\/\/lasprimeras.com.do\/wp-content\/uploads\/2023\/12\/Noticias-de-energia-2023-12-28T121501.441-3.webp","jetpack-related-posts":[{"id":69297,"url":"https:\/\/lasprimeras.com.do\/index.php\/2023\/12\/01\/tregua-entre-israel-y-hamas-expira-y-se-reanuda-el-combate-en-gaza\/","url_meta":{"origin":72323,"position":0},"title":"Tregua entre Israel y Ham\u00e1s expira y se reanuda el combate en Gaza","author":"BIMARY DE JES\u00daS Matos","date":"1 de diciembre de 2023","format":false,"excerpt":"ISRAEL.-La tregua en la Franja de Gaza ha expirado este viernes y se ha reanudado el intercambio de fuego entre Israel y la milicia islamista palestina de Ham\u00e1s tras siete d\u00edas de cese al fuego que permitieron la liberaci\u00f3n de algunos rehenes capturados por el grupo islamista a cambio de\u2026","rel":"","context":"En \u00abSin categor\u00eda\u00bb","block_context":{"text":"Sin categor\u00eda","link":"https:\/\/lasprimeras.com.do\/index.php\/category\/sin-categoria\/"},"img":{"alt_text":"","src":"https:\/\/i0.wp.com\/lasprimeras.com.do\/wp-content\/uploads\/2023\/12\/Noticias-de-energia-51-4.jpg?resize=350%2C200&ssl=1","width":350,"height":200,"srcset":"https:\/\/i0.wp.com\/lasprimeras.com.do\/wp-content\/uploads\/2023\/12\/Noticias-de-energia-51-4.jpg?resize=350%2C200&ssl=1 1x, https:\/\/i0.wp.com\/lasprimeras.com.do\/wp-content\/uploads\/2023\/12\/Noticias-de-energia-51-4.jpg?resize=525%2C300&ssl=1 1.5x"},"classes":[]},{"id":98230,"url":"https:\/\/lasprimeras.com.do\/index.php\/2025\/05\/04\/misil-desde-yemen-paraliza-vuelos-en-israel-horas-antes-de-votacion-sobre-guerra-en-gaza\/","url_meta":{"origin":72323,"position":1},"title":"Misil desde Yemen paraliza vuelos en Israel horas antes de votaci\u00f3n sobre guerra en Gaza","author":"Nelson Feliz","date":"4 de mayo de 2025","format":false,"excerpt":"POR TIA GOLDENBERG and OHAD ZWIGENBERG AEROPUERTO INTERNACIONAL BEN GURION, Israel (AP) \u2014 Un misil lanzado por rebeldes respaldados por Ir\u00e1n en Yemen paraliz\u00f3 brevemente los vuelos y el tr\u00e1fico de pasajeros en el principal aeropuerto internacional de Israel el domingo, despu\u00e9s de que el impacto en un terreno abierto\u2026","rel":"","context":"En \u00abINTERNACIONALES\u00bb","block_context":{"text":"INTERNACIONALES","link":"https:\/\/lasprimeras.com.do\/index.php\/category\/sin-categoria\/internacionales\/"},"img":{"alt_text":"","src":"https:\/\/i0.wp.com\/lasprimeras.com.do\/wp-content\/uploads\/2025\/05\/guerra.jpg?resize=350%2C200&ssl=1","width":350,"height":200,"srcset":"https:\/\/i0.wp.com\/lasprimeras.com.do\/wp-content\/uploads\/2025\/05\/guerra.jpg?resize=350%2C200&ssl=1 1x, https:\/\/i0.wp.com\/lasprimeras.com.do\/wp-content\/uploads\/2025\/05\/guerra.jpg?resize=525%2C300&ssl=1 1.5x, https:\/\/i0.wp.com\/lasprimeras.com.do\/wp-content\/uploads\/2025\/05\/guerra.jpg?resize=700%2C400&ssl=1 2x"},"classes":[]},{"id":70954,"url":"https:\/\/lasprimeras.com.do\/index.php\/2023\/12\/15\/israel-advierte-su-ofensiva-contra-hamas-durara-muchos-meses\/","url_meta":{"origin":72323,"position":2},"title":"Israel advierte su ofensiva contra Ham\u00e1s durar\u00e1 \u00abmuchos meses\u00bb","author":"BIMARY DE JES\u00daS Matos","date":"15 de diciembre de 2023","format":false,"excerpt":"JERUSALEN.- La guerra en Gaza es \u00abuna campa\u00f1a en m\u00faltiples arenas a la que todav\u00eda le quedan muchos meses por delante\u00bb, advirti\u00f3 el general de divisi\u00f3n Aharon Haliva, jefe de la Divisi\u00f3n de Inteligencia del Ej\u00e9rcito de Israel. La cita es indicativa de la magnitud y la extensi\u00f3n de la\u2026","rel":"","context":"En \u00abSin categor\u00eda\u00bb","block_context":{"text":"Sin categor\u00eda","link":"https:\/\/lasprimeras.com.do\/index.php\/category\/sin-categoria\/"},"img":{"alt_text":"","src":"https:\/\/i0.wp.com\/lasprimeras.com.do\/wp-content\/uploads\/2023\/12\/WhatsApp-Image-2023-12-14-at-4.48.00-PM-20.jpeg?resize=350%2C200&ssl=1","width":350,"height":200,"srcset":"https:\/\/i0.wp.com\/lasprimeras.com.do\/wp-content\/uploads\/2023\/12\/WhatsApp-Image-2023-12-14-at-4.48.00-PM-20.jpeg?resize=350%2C200&ssl=1 1x, https:\/\/i0.wp.com\/lasprimeras.com.do\/wp-content\/uploads\/2023\/12\/WhatsApp-Image-2023-12-14-at-4.48.00-PM-20.jpeg?resize=525%2C300&ssl=1 1.5x"},"classes":[]},{"id":65214,"url":"https:\/\/lasprimeras.com.do\/index.php\/2023\/10\/26\/israel-realiza-hoy-una-incursion-selectiva-por-tierra-en-gaza\/","url_meta":{"origin":72323,"position":3},"title":"Israel realiza hoy una \u00abincursi\u00f3n selectiva\u00bb por tierra en Gaza","author":"BIMARY DE JES\u00daS Matos","date":"26 de octubre de 2023","format":false,"excerpt":"Israel.-El Ej\u00e9rcito de Israel ha entrado en Gaza por tierra durante la madrugada de este jueves, en lo que ha calificado como una \u00abincursi\u00f3n selectiva\u00bb. En la penetraci\u00f3n han participado tanques y veh\u00edculos de zapadores. Las fuerzas israel\u00edes han abandonado la Franja poco despu\u00e9s, asegura el Ej\u00e9rcito israel\u00ed. La penetraci\u00f3n\u2026","rel":"","context":"En \u00abSin categor\u00eda\u00bb","block_context":{"text":"Sin categor\u00eda","link":"https:\/\/lasprimeras.com.do\/index.php\/category\/sin-categoria\/"},"img":{"alt_text":"","src":"https:\/\/i0.wp.com\/lasprimeras.com.do\/wp-content\/uploads\/2023\/10\/WhatsApp-Image-2023-10-26-at-11.41.06-AM-2.jpeg?resize=350%2C200&ssl=1","width":350,"height":200,"srcset":"https:\/\/i0.wp.com\/lasprimeras.com.do\/wp-content\/uploads\/2023\/10\/WhatsApp-Image-2023-10-26-at-11.41.06-AM-2.jpeg?resize=350%2C200&ssl=1 1x, https:\/\/i0.wp.com\/lasprimeras.com.do\/wp-content\/uploads\/2023\/10\/WhatsApp-Image-2023-10-26-at-11.41.06-AM-2.jpeg?resize=525%2C300&ssl=1 1.5x, https:\/\/i0.wp.com\/lasprimeras.com.do\/wp-content\/uploads\/2023\/10\/WhatsApp-Image-2023-10-26-at-11.41.06-AM-2.jpeg?resize=700%2C400&ssl=1 2x, https:\/\/i0.wp.com\/lasprimeras.com.do\/wp-content\/uploads\/2023\/10\/WhatsApp-Image-2023-10-26-at-11.41.06-AM-2.jpeg?resize=1050%2C600&ssl=1 3x, https:\/\/i0.wp.com\/lasprimeras.com.do\/wp-content\/uploads\/2023\/10\/WhatsApp-Image-2023-10-26-at-11.41.06-AM-2.jpeg?resize=1400%2C800&ssl=1 4x"},"classes":[]},{"id":62895,"url":"https:\/\/lasprimeras.com.do\/index.php\/2023\/10\/09\/combates-persisten-este-lunes-cerca-de-frontera-israel-con-gaza\/","url_meta":{"origin":72323,"position":4},"title":"Combates persisten este lunes cerca de frontera Israel con Gaza","author":"BIMARY DE JES\u00daS Matos","date":"9 de octubre de 2023","format":false,"excerpt":"Israel asegura que ha alcanzado \u00abm\u00e1s de 500 objetivos terroristas de Ham\u00e1s y la Yihad Isl\u00e1mica en la Franja de Gaza\u00bb, despu\u00e9s de que este s\u00e1bado declarase el estado de guerra por el ataque masivo, con miles de cohetes y ataques terrestres de las milicias palestinas. Mientras, contin\u00faan los combates\u2026","rel":"","context":"En \u00abSin categor\u00eda\u00bb","block_context":{"text":"Sin categor\u00eda","link":"https:\/\/lasprimeras.com.do\/index.php\/category\/sin-categoria\/"},"img":{"alt_text":"","src":"https:\/\/i0.wp.com\/lasprimeras.com.do\/wp-content\/uploads\/2023\/10\/WhatsApp-Image-2023-10-08-at-12.09.51-PM-3.jpeg?resize=350%2C200&ssl=1","width":350,"height":200,"srcset":"https:\/\/i0.wp.com\/lasprimeras.com.do\/wp-content\/uploads\/2023\/10\/WhatsApp-Image-2023-10-08-at-12.09.51-PM-3.jpeg?resize=350%2C200&ssl=1 1x, https:\/\/i0.wp.com\/lasprimeras.com.do\/wp-content\/uploads\/2023\/10\/WhatsApp-Image-2023-10-08-at-12.09.51-PM-3.jpeg?resize=525%2C300&ssl=1 1.5x, https:\/\/i0.wp.com\/lasprimeras.com.do\/wp-content\/uploads\/2023\/10\/WhatsApp-Image-2023-10-08-at-12.09.51-PM-3.jpeg?resize=700%2C400&ssl=1 2x"},"classes":[]},{"id":67431,"url":"https:\/\/lasprimeras.com.do\/index.php\/2023\/11\/15\/israel-toma-la-sede-de-hamas-y-mueren-mas-de-11300-palestinos-en-gaza\/","url_meta":{"origin":72323,"position":5},"title":"Israel toma la sede de Ham\u00e1s y mueren m\u00e1s de 11,300 palestinos en Gaza","author":"BIMARY DE JES\u00daS Matos","date":"15 de noviembre de 2023","format":false,"excerpt":"Israel.-El Ej\u00e9rcito israel\u00ed anunci\u00f3 ayer martes que sus tropas capturaron m\u00faltiples edificios militares y gubernamentales del grupo islamista Ham\u00e1s en la Franja de Gaza, donde el n\u00famero de muertos ha superado los 11,300, seg\u00fan la Oficina de Informaci\u00f3n de Ham\u00e1s. La portavoc\u00eda militar de Israel inform\u00f3 ayer que \"las fuerzas\u2026","rel":"","context":"En \u00abSin categor\u00eda\u00bb","block_context":{"text":"Sin categor\u00eda","link":"https:\/\/lasprimeras.com.do\/index.php\/category\/sin-categoria\/"},"img":{"alt_text":"","src":"https:\/\/i0.wp.com\/lasprimeras.com.do\/wp-content\/uploads\/2023\/11\/Portada-Pagina-WEB-2-8-750x375-5.jpg?resize=350%2C200&ssl=1","width":350,"height":200,"srcset":"https:\/\/i0.wp.com\/lasprimeras.com.do\/wp-content\/uploads\/2023\/11\/Portada-Pagina-WEB-2-8-750x375-5.jpg?resize=350%2C200&ssl=1 1x, https:\/\/i0.wp.com\/lasprimeras.com.do\/wp-content\/uploads\/2023\/11\/Portada-Pagina-WEB-2-8-750x375-5.jpg?resize=525%2C300&ssl=1 1.5x"},"classes":[]}],"jetpack_sharing_enabled":true,"_links":{"self":[{"href":"https:\/\/lasprimeras.com.do\/index.php\/wp-json\/wp\/v2\/posts\/72323","targetHints":{"allow":["GET"]}}],"collection":[{"href":"https:\/\/lasprimeras.com.do\/index.php\/wp-json\/wp\/v2\/posts"}],"about":[{"href":"https:\/\/lasprimeras.com.do\/index.php\/wp-json\/wp\/v2\/types\/post"}],"author":[{"embeddable":true,"href":"https:\/\/lasprimeras.com.do\/index.php\/wp-json\/wp\/v2\/users\/3"}],"replies":[{"embeddable":true,"href":"https:\/\/lasprimeras.com.do\/index.php\/wp-json\/wp\/v2\/comments?post=72323"}],"version-history":[{"count":1,"href":"https:\/\/lasprimeras.com.do\/index.php\/wp-json\/wp\/v2\/posts\/72323\/revisions"}],"predecessor-version":[{"id":72325,"href":"https:\/\/lasprimeras.com.do\/index.php\/wp-json\/wp\/v2\/posts\/72323\/revisions\/72325"}],"wp:featuredmedia":[{"embeddable":true,"href":"https:\/\/lasprimeras.com.do\/index.php\/wp-json\/wp\/v2\/media\/72324"}],"wp:attachment":[{"href":"https:\/\/lasprimeras.com.do\/index.php\/wp-json\/wp\/v2\/media?parent=72323"}],"wp:term":[{"taxonomy":"category","embeddable":true,"href":"https:\/\/lasprimeras.com.do\/index.php\/wp-json\/wp\/v2\/categories?post=72323"},{"taxonomy":"post_tag","embeddable":true,"href":"https:\/\/lasprimeras.com.do\/index.php\/wp-json\/wp\/v2\/tags?post=72323"}],"curies":[{"name":"wp","href":"https:\/\/api.w.org\/{rel}","templated":true}]}}