{"id":72350,"date":"2023-12-28T21:11:37","date_gmt":"2023-12-29T01:11:37","guid":{"rendered":"https:\/\/lasprimeras.com.do\/?p=72350"},"modified":"2023-12-28T21:11:38","modified_gmt":"2023-12-29T01:11:38","slug":"hector-guzmanla-importacion-de-alimentos-sera-tiro-mortal-contra-productores-nacionales","status":"publish","type":"post","link":"https:\/\/lasprimeras.com.do\/index.php\/2023\/12\/28\/hector-guzmanla-importacion-de-alimentos-sera-tiro-mortal-contra-productores-nacionales\/","title":{"rendered":"H\u00e9ctor Guzm\u00e1n:La importaci\u00f3n de alimentos ser\u00e1 \u201ctiro mortal\u201d contra productores nacionales"},"content":{"rendered":"\n<p><strong>La iniciativa autoriza traerlos sin pagar aranceles en situaciones de emergencia.<\/strong><\/p>\n\n\n\n<p>El vicepresidente del Partido Revolucionario (PRD), H\u00e9ctor Guzm\u00e1n, calific\u00f3 de \u201ctiro mortal\u201d contra los productores nacionales, especialmente el sector agropecuario, el proyecto de ley aprobado por la C\u00e1mara de Diputados que grava con tasa cero la importaci\u00f3n de alimentos.<\/p>\n\n\n\n<p>\u201cSe trata de un sector que ha visto en los \u00faltimos a\u00f1os disminuir el empleo y la producci\u00f3n en m\u00e1s de 30 rubros del campo dominicano\u201d, expres\u00f3 Guzm\u00e1n.<\/p>\n\n\n\n<p>La pieza fue sometida el pasado 03 de octubre por el Poder Ejecutivo y autoriza la importaci\u00f3n de alimentos sin el pago de aranceles en situaciones de emergencia o desastres naturales. Fue aprobada por la mayor\u00eda oficialista, con el rechazo de los legisladores de los principales partidos de oposici\u00f3n.<\/p>\n\n\n\n<p>A juicio del tambi\u00e9n coordinador de campa\u00f1a del PRD, \u201ces traici\u00f3n a la patria incentivar las odiosas importaciones, en detrimento del productor nacional\u201d. Dijo que tal acci\u00f3n, en el futuro, perjudicar\u00e1 al pueblo consumidor, \u201cque tendr\u00e1 precios m\u00e1s altos y, con ello, m\u00e1s pobres\u201d.<\/p>\n\n\n\n<p>Llam\u00f3 a los congresistas a rechazar la iniciativa declarada de urgencia y aprobada en primera lectura. Esta ser\u00e1 conocida en una sesi\u00f3n extraordinaria este viernes, en segunda lectura, tras ser enviada a comisi\u00f3n.<\/p>\n\n\n\n<p>\u201cEsperamos que la mayor\u00eda de nuestros legisladores se revista de valor, votando en contra de ese proyecto y, de lo contrario, que nuestros productores y el pueblo se los tomen en cuenta\u201d, expres\u00f3 Guzm\u00e1n mediante nota de prensa.<\/p>\n","protected":false},"excerpt":{"rendered":"<p>La iniciativa autoriza traerlos sin pagar aranceles en situaciones de emergencia. El vicepresidente del Partido Revolucionario (PRD), H\u00e9ctor Guzm\u00e1n, calific\u00f3 de \u201ctiro mortal\u201d contra los productores nacionales, especialmente el sector&hellip;<\/p>\n","protected":false},"author":2,"featured_media":70639,"comment_status":"open","ping_status":"open","sticky":false,"template":"","format":"standard","meta":{"content-type":"","jetpack_post_was_ever_published":false,"_jetpack_newsletter_access":"","_jetpack_dont_email_post_to_subs":false,"_jetpack_newsletter_tier_id":0,"_jetpack_memberships_contains_paywalled_content":false,"_jetpack_memberships_contains_paid_content":false,"footnotes":""},"categories":[25],"tags":[1598,10375,4529,3444,1217,10784],"class_list":["post-72350","post","type-post","status-publish","format-standard","has-post-thumbnail","hentry","category-portada","tag-alimentos","tag-hector-guzman","tag-importacion","tag-nacionales","tag-productores","tag-tiro-mortal"],"jetpack_featured_media_url":"https:\/\/lasprimeras.com.do\/wp-content\/uploads\/2023\/12\/Hector-Guzman.jpg","jetpack-related-posts":[{"id":121205,"url":"https:\/\/lasprimeras.com.do\/index.php\/2026\/02\/01\/leonel-acusa-al-prm-de-quebrar-a-los-productores-locales-y-advierte-esta-vez-o-jugamos-todos-o-se-rompe-la-baraja\/","url_meta":{"origin":72350,"position":0},"title":"Leonel acusa al PRM de quebrar a los productores locales y advierte: \u201cEsta vez o jugamos todos o se rompe la baraja\u201d","author":"Nelson Feliz","date":"1 de febrero de 2026","format":false,"excerpt":"Tras juramentar a Jos\u00e9 del Castillo Savi\u00f1\u00f3n y a su equipo pol\u00edtico como nuevos miembros de la Fuerza del Pueblo, el presidente de la organizaci\u00f3n, Leonel Fern\u00e1ndez, acus\u00f3 al gobierno del Partido Revolucionario Moderno (PRM) de quebrar a los productores locales mediante pol\u00edticas que privilegian las importaciones de allegados del\u2026","rel":"","context":"En \u00abPOLITICA\u00bb","block_context":{"text":"POLITICA","link":"https:\/\/lasprimeras.com.do\/index.php\/category\/politica\/"},"img":{"alt_text":"","src":"https:\/\/i0.wp.com\/img.youtube.com\/vi\/Ia3oXC75YQQ\/0.jpg?resize=350%2C200","width":350,"height":200},"classes":[]},{"id":72263,"url":"https:\/\/lasprimeras.com.do\/index.php\/2023\/12\/28\/diputados-aprueban-colocar-bonos-por-mas-de-rd340-mil-millones\/","url_meta":{"origin":72350,"position":1},"title":"Diputados aprueban colocar bonos por m\u00e1s de RD$340 mil millones","author":"Nelson Feliz","date":"28 de diciembre de 2023","format":false,"excerpt":"Tambi\u00e9n la ley de tasa cero a alimentos, el proyecto para crear el Sistema Nacional de Inteligencia y un pr\u00e9stamo por US$100 millones. En su sesi\u00f3n ordinaria de este mi\u00e9rcoles, la C\u00e1mara de Diputados sancion\u00f3 varios proyectos que incluyen la colocaci\u00f3n de bonos soberanos de deuda p\u00fablica, la ley que\u2026","rel":"","context":"En \u00abECONOM\u00cdA\u00bb","block_context":{"text":"ECONOM\u00cdA","link":"https:\/\/lasprimeras.com.do\/index.php\/category\/economia\/"},"img":{"alt_text":"Alfredo Pacheco","src":"https:\/\/i0.wp.com\/lasprimeras.com.do\/wp-content\/uploads\/2023\/12\/Alfredo-Pacheco.jpg?resize=350%2C200&ssl=1","width":350,"height":200,"srcset":"https:\/\/i0.wp.com\/lasprimeras.com.do\/wp-content\/uploads\/2023\/12\/Alfredo-Pacheco.jpg?resize=350%2C200&ssl=1 1x, https:\/\/i0.wp.com\/lasprimeras.com.do\/wp-content\/uploads\/2023\/12\/Alfredo-Pacheco.jpg?resize=525%2C300&ssl=1 1.5x, https:\/\/i0.wp.com\/lasprimeras.com.do\/wp-content\/uploads\/2023\/12\/Alfredo-Pacheco.jpg?resize=700%2C400&ssl=1 2x"},"classes":[]},{"id":72369,"url":"https:\/\/lasprimeras.com.do\/index.php\/2023\/12\/28\/fp-rechaza-nuevo-proyecto-de-ley-tasa-cero\/","url_meta":{"origin":72350,"position":2},"title":"FP rechaza nuevo Proyecto de Ley &#8220;Tasa Cero&#8221;","author":"Nelson Feliz","date":"28 de diciembre de 2023","format":false,"excerpt":"FP asegura Abinader pretende seguir favoreciendo grandes empresarios y allegados pol\u00edticos. Anterior Ley de Tasa Cero, de Abinader, caus\u00f3 impacto negativo en los productores agropecuarios. El partido Fuerza del Pueblo (FP) sali\u00f3 al frente esta tarde, rechazando el nuevo Proyecto de Ley Tasa Cero que quiere aprobar el gobierno, por\u2026","rel":"","context":"En \u00abPORTADA\u00bb","block_context":{"text":"PORTADA","link":"https:\/\/lasprimeras.com.do\/index.php\/category\/portada\/"},"img":{"alt_text":"casa fp","src":"https:\/\/i0.wp.com\/lasprimeras.com.do\/wp-content\/uploads\/2023\/12\/casa-fp.jpg?resize=350%2C200&ssl=1","width":350,"height":200,"srcset":"https:\/\/i0.wp.com\/lasprimeras.com.do\/wp-content\/uploads\/2023\/12\/casa-fp.jpg?resize=350%2C200&ssl=1 1x, https:\/\/i0.wp.com\/lasprimeras.com.do\/wp-content\/uploads\/2023\/12\/casa-fp.jpg?resize=525%2C300&ssl=1 1.5x, https:\/\/i0.wp.com\/lasprimeras.com.do\/wp-content\/uploads\/2023\/12\/casa-fp.jpg?resize=700%2C400&ssl=1 2x, https:\/\/i0.wp.com\/lasprimeras.com.do\/wp-content\/uploads\/2023\/12\/casa-fp.jpg?resize=1050%2C600&ssl=1 3x, https:\/\/i0.wp.com\/lasprimeras.com.do\/wp-content\/uploads\/2023\/12\/casa-fp.jpg?resize=1400%2C800&ssl=1 4x"},"classes":[]},{"id":108027,"url":"https:\/\/lasprimeras.com.do\/index.php\/2025\/09\/02\/fp-dice-sector-arrocero-de-rd-atraviesa-crisis-sin-precedentes\/","url_meta":{"origin":72350,"position":3},"title":"FP dice sector arrocero de RD atraviesa crisis sin precedentes","author":"Nelson Feliz","date":"2 de septiembre de 2025","format":false,"excerpt":"El partido Fuerza del Pueblo (FP) denunci\u00f3 este martes que el sector arrocero nacional atraviesa una crisis sin precedentes que amenaza la seguridad alimentaria y la estabilidad social del pa\u00eds, por lo que pidi\u00f3 que sea declarado en emergencia. La organizaci\u00f3n responsabiliz\u00f3 al Gobierno de la situaci\u00f3n, \u00abproducto de las\u2026","rel":"","context":"En \u00abPOLITICA\u00bb","block_context":{"text":"POLITICA","link":"https:\/\/lasprimeras.com.do\/index.php\/category\/politica\/"},"img":{"alt_text":"","src":"https:\/\/i0.wp.com\/lasprimeras.com.do\/wp-content\/uploads\/2025\/09\/sector-arrocero.jpg?resize=350%2C200&ssl=1","width":350,"height":200,"srcset":"https:\/\/i0.wp.com\/lasprimeras.com.do\/wp-content\/uploads\/2025\/09\/sector-arrocero.jpg?resize=350%2C200&ssl=1 1x, https:\/\/i0.wp.com\/lasprimeras.com.do\/wp-content\/uploads\/2025\/09\/sector-arrocero.jpg?resize=525%2C300&ssl=1 1.5x, https:\/\/i0.wp.com\/lasprimeras.com.do\/wp-content\/uploads\/2025\/09\/sector-arrocero.jpg?resize=700%2C400&ssl=1 2x"},"classes":[]},{"id":72466,"url":"https:\/\/lasprimeras.com.do\/index.php\/2023\/12\/29\/tasa-cero-planteada-por-abinader-es-una-cosa-como-de-manicomio-dice-leonel\/","url_meta":{"origin":72350,"position":4},"title":"Tasa Cero planteada por Abinader es \u201cuna cosa como de manicomio\u201d, dice Leonel","author":"Nelson Feliz","date":"29 de diciembre de 2023","format":false,"excerpt":"\u201cUna cosa como de manicomio\u201d, as\u00ed calific\u00f3 Leonel Fern\u00e1ndez la vocaci\u00f3n que tiene el presidente Luis Abinader de privilegiar las importaciones, en detrimento de los sectores productivos de la naci\u00f3n. El candidato presidencial de la Fuerza del Pueblo, habl\u00f3 en esos t\u00e9rminos en momentos que fue abordado por periodistas, previo\u2026","rel":"","context":"En \u00abPORTADA\u00bb","block_context":{"text":"PORTADA","link":"https:\/\/lasprimeras.com.do\/index.php\/category\/portada\/"},"img":{"alt_text":"Leonel Fern\u00e1ndez","src":"https:\/\/i0.wp.com\/lasprimeras.com.do\/wp-content\/uploads\/2023\/12\/Leonel-Fernandez-1-1.jpg?resize=350%2C200&ssl=1","width":350,"height":200,"srcset":"https:\/\/i0.wp.com\/lasprimeras.com.do\/wp-content\/uploads\/2023\/12\/Leonel-Fernandez-1-1.jpg?resize=350%2C200&ssl=1 1x, https:\/\/i0.wp.com\/lasprimeras.com.do\/wp-content\/uploads\/2023\/12\/Leonel-Fernandez-1-1.jpg?resize=525%2C300&ssl=1 1.5x, https:\/\/i0.wp.com\/lasprimeras.com.do\/wp-content\/uploads\/2023\/12\/Leonel-Fernandez-1-1.jpg?resize=700%2C400&ssl=1 2x"},"classes":[]},{"id":106221,"url":"https:\/\/lasprimeras.com.do\/index.php\/2025\/08\/12\/pld-denuncia-importacion-de-arroz-de-guyana-y-cuestiona-politicas-del-gobierno\/","url_meta":{"origin":72350,"position":5},"title":"PLD denuncia importaci\u00f3n de arroz de Guyana y cuestiona pol\u00edticas del Gobierno","author":"Nelson Feliz","date":"12 de agosto de 2025","format":false,"excerpt":"El secretario general del Partido de la Liberaci\u00f3n Dominicana (PLD), Johnny Pujols, expres\u00f3 su preocupaci\u00f3n y rechazo a la decisi\u00f3n del Gobierno de importar arroz desde Guyana en perjuicio de los productores nacionales. Pujols denunci\u00f3 que esta medida se produce tras la eliminaci\u00f3n por parte del presidente Luis Abinader de\u2026","rel":"","context":"En \u00abPOLITICA\u00bb","block_context":{"text":"POLITICA","link":"https:\/\/lasprimeras.com.do\/index.php\/category\/politica\/"},"img":{"alt_text":"","src":"https:\/\/i0.wp.com\/lasprimeras.com.do\/wp-content\/uploads\/2025\/05\/Johnny-Pujols-2.jpg?resize=350%2C200&ssl=1","width":350,"height":200,"srcset":"https:\/\/i0.wp.com\/lasprimeras.com.do\/wp-content\/uploads\/2025\/05\/Johnny-Pujols-2.jpg?resize=350%2C200&ssl=1 1x, https:\/\/i0.wp.com\/lasprimeras.com.do\/wp-content\/uploads\/2025\/05\/Johnny-Pujols-2.jpg?resize=525%2C300&ssl=1 1.5x, https:\/\/i0.wp.com\/lasprimeras.com.do\/wp-content\/uploads\/2025\/05\/Johnny-Pujols-2.jpg?resize=700%2C400&ssl=1 2x"},"classes":[]}],"jetpack_sharing_enabled":true,"_links":{"self":[{"href":"https:\/\/lasprimeras.com.do\/index.php\/wp-json\/wp\/v2\/posts\/72350","targetHints":{"allow":["GET"]}}],"collection":[{"href":"https:\/\/lasprimeras.com.do\/index.php\/wp-json\/wp\/v2\/posts"}],"about":[{"href":"https:\/\/lasprimeras.com.do\/index.php\/wp-json\/wp\/v2\/types\/post"}],"author":[{"embeddable":true,"href":"https:\/\/lasprimeras.com.do\/index.php\/wp-json\/wp\/v2\/users\/2"}],"replies":[{"embeddable":true,"href":"https:\/\/lasprimeras.com.do\/index.php\/wp-json\/wp\/v2\/comments?post=72350"}],"version-history":[{"count":1,"href":"https:\/\/lasprimeras.com.do\/index.php\/wp-json\/wp\/v2\/posts\/72350\/revisions"}],"predecessor-version":[{"id":72351,"href":"https:\/\/lasprimeras.com.do\/index.php\/wp-json\/wp\/v2\/posts\/72350\/revisions\/72351"}],"wp:featuredmedia":[{"embeddable":true,"href":"https:\/\/lasprimeras.com.do\/index.php\/wp-json\/wp\/v2\/media\/70639"}],"wp:attachment":[{"href":"https:\/\/lasprimeras.com.do\/index.php\/wp-json\/wp\/v2\/media?parent=72350"}],"wp:term":[{"taxonomy":"category","embeddable":true,"href":"https:\/\/lasprimeras.com.do\/index.php\/wp-json\/wp\/v2\/categories?post=72350"},{"taxonomy":"post_tag","embeddable":true,"href":"https:\/\/lasprimeras.com.do\/index.php\/wp-json\/wp\/v2\/tags?post=72350"}],"curies":[{"name":"wp","href":"https:\/\/api.w.org\/{rel}","templated":true}]}}