{"id":72358,"date":"2023-12-28T23:40:00","date_gmt":"2023-12-29T03:40:00","guid":{"rendered":"https:\/\/lasprimeras.com.do\/?p=72358"},"modified":"2023-12-28T21:45:06","modified_gmt":"2023-12-29T01:45:06","slug":"abel-pronostica-un-nuevo-amanecer-en-punal-con-el-pld-en-2024","status":"publish","type":"post","link":"https:\/\/lasprimeras.com.do\/index.php\/2023\/12\/28\/abel-pronostica-un-nuevo-amanecer-en-punal-con-el-pld-en-2024\/","title":{"rendered":"Abel pronostica un nuevo amanecer en Pu\u00f1al con el PLD en 2024"},"content":{"rendered":"\n<p>El candidato presidencial del PLD, Abel Mart\u00ednez contin\u00faa su jornada de visitas a candidatos a alcaldes en la provincia Santiago, junto a dirigentes de la Campa\u00f1a y el Comit\u00e9 Pol\u00edtico del Partido de la Liberaci\u00f3n Dominicana (PLD).<\/p>\n\n\n\n<p>El l\u00edder de la oposici\u00f3n lleg\u00f3 a casa de Epifanio Alm\u00e1nzar \u00abFano\u00bb, candidato a alcalde de Pu\u00f1al, donde se comprometi\u00f3 a apoyar desde la Presidencia a la comunidad, a partir de agosto de 2024, tras el triunfo del PLD.<\/p>\n\n\n\n<p>\u00abLlegu\u00e9 con una comisi\u00f3n del Comit\u00e9 Pol\u00edtico, para que este respaldo se convierta en un \u00e9xito rotundo en las elecciones de febrero\u00bb, declar\u00f3.<\/p>\n\n\n\n<p>En ese mismo sentido, Fano dio garant\u00edas de que el partido morado obtendr\u00e1 un significativo triunfo en los comicios de febrero y mayo.<\/p>\n\n\n\n<p>\u00abAqu\u00ed estamos, con un partido fuerte, para decir en febrero que Pu\u00f1al tendr\u00e1 un alcalde del PLD\u00bb, exclam\u00f3 el candidato a alcalde.<\/p>\n\n\n\n<p>En el encuentro participaron el coordinador de campa\u00f1a, Andr\u00e9s Navarro; el candidato a senador de Santiago, Marino Collante, y la diputada Hilda Genao.<\/p>\n\n\n\n<p>De igual modo, los miembros del Comit\u00e9 Pol\u00edtico del PLD, Francisco Dom\u00ednguez Brito y Ram\u00f3n Ventura Camejo. Tambi\u00e9n los candidatos a diputados Hayde\u00e9 Fadul y Bray Vargas.<\/p>\n\n\n\n<figure class=\"wp-block-embed is-type-rich is-provider-twitter wp-block-embed-twitter\"><div class=\"wp-block-embed__wrapper\">\n<div class=\"embed-twitter\"><blockquote class=\"twitter-tweet\" data-width=\"500\" data-dnt=\"true\"><p lang=\"es\" dir=\"ltr\">Abel pronostica un nuevo amanecer en Pu\u00f1al con el <a href=\"https:\/\/twitter.com\/PLDenlinea?ref_src=twsrc%5Etfw\">@PLDenlinea<\/a> en 2024. <a href=\"https:\/\/t.co\/fS19g8cCFc\">pic.twitter.com\/fS19g8cCFc<\/a><\/p>&mdash; PLD (@PLDenlinea) <a href=\"https:\/\/twitter.com\/PLDenlinea\/status\/1740543521860563028?ref_src=twsrc%5Etfw\">December 29, 2023<\/a><\/blockquote><script async src=\"https:\/\/platform.twitter.com\/widgets.js\" charset=\"utf-8\"><\/script><\/div>\n<\/div><\/figure>\n","protected":false},"excerpt":{"rendered":"<p>El candidato presidencial del PLD, Abel Mart\u00ednez contin\u00faa su jornada de visitas a candidatos a alcaldes en la provincia Santiago, junto a dirigentes de la Campa\u00f1a y el Comit\u00e9 Pol\u00edtico&hellip;<\/p>\n","protected":false},"author":2,"featured_media":72359,"comment_status":"open","ping_status":"open","sticky":false,"template":"","format":"standard","meta":{"content-type":"","jetpack_post_was_ever_published":false,"_jetpack_newsletter_access":"","_jetpack_dont_email_post_to_subs":false,"_jetpack_newsletter_tier_id":0,"_jetpack_memberships_contains_paywalled_content":false,"_jetpack_memberships_contains_paid_content":false,"footnotes":""},"categories":[25],"tags":[822,10787,269,779,10786],"class_list":["post-72358","post","type-post","status-publish","format-standard","has-post-thumbnail","hentry","category-portada","tag-abel-martinez","tag-amanecer","tag-pld","tag-pronostica","tag-punal"],"jetpack_featured_media_url":"https:\/\/lasprimeras.com.do\/wp-content\/uploads\/2023\/12\/Abel-Martinez-1-1.jpeg","jetpack-related-posts":[{"id":76732,"url":"https:\/\/lasprimeras.com.do\/index.php\/2024\/02\/13\/isaac-diaz-en-azua-los-traidores-no-llegaran\/","url_meta":{"origin":72358,"position":0},"title":"Isaac D\u00edaz: \u00abEn Azua, los traidores no llegar\u00e1n\u00bb","author":"Nelson Feliz","date":"13 de febrero de 2024","format":false,"excerpt":"Ante una multitud que lo esper\u00f3 a ritmo de \u00ab\u00a1Esa pela va!\u00bb, el candidato a alcalde de Azua, Isaac D\u00edaz vaticin\u00f3 un gran triunfo del Partido de la Liberaci\u00f3n Dominicana (PLD) y sus aliados en las elecciones municipales del domingo 18. En el inicio de una caravana en la que\u2026","rel":"","context":"En \u00abPORTADA\u00bb","block_context":{"text":"PORTADA","link":"https:\/\/lasprimeras.com.do\/index.php\/category\/portada\/"},"img":{"alt_text":"Isaac D\u00edaz","src":"https:\/\/i0.wp.com\/lasprimeras.com.do\/wp-content\/uploads\/2024\/02\/Isaac-Diaz.jpeg?resize=350%2C200&ssl=1","width":350,"height":200,"srcset":"https:\/\/i0.wp.com\/lasprimeras.com.do\/wp-content\/uploads\/2024\/02\/Isaac-Diaz.jpeg?resize=350%2C200&ssl=1 1x, https:\/\/i0.wp.com\/lasprimeras.com.do\/wp-content\/uploads\/2024\/02\/Isaac-Diaz.jpeg?resize=525%2C300&ssl=1 1.5x, https:\/\/i0.wp.com\/lasprimeras.com.do\/wp-content\/uploads\/2024\/02\/Isaac-Diaz.jpeg?resize=700%2C400&ssl=1 2x, https:\/\/i0.wp.com\/lasprimeras.com.do\/wp-content\/uploads\/2024\/02\/Isaac-Diaz.jpeg?resize=1050%2C600&ssl=1 3x, https:\/\/i0.wp.com\/lasprimeras.com.do\/wp-content\/uploads\/2024\/02\/Isaac-Diaz.jpeg?resize=1400%2C800&ssl=1 4x"},"classes":[]},{"id":76834,"url":"https:\/\/lasprimeras.com.do\/index.php\/2024\/02\/14\/abel-martinez-lo-que-pasara-en-estas-elecciones-sera-un-diluvio-de-votos-morados\/","url_meta":{"origin":72358,"position":1},"title":"Abel Mart\u00ednez: \u00abLo que pasar\u00e1 en estas elecciones ser\u00e1 un diluvio de votos morados\u00bb","author":"Nelson Feliz","date":"14 de febrero de 2024","format":false,"excerpt":"El candidato presidencial por el Partido de la Liberaci\u00f3n Dominicana (PLD), Abel Mart\u00ednez, asegur\u00f3 que en las elecciones municipales habr\u00e1 un \u00abdiluvio de votos morados\u00bb que garantizar\u00e1 el rescate de la Rep\u00fablica Dominicana. El l\u00edder de la oposici\u00f3n habl\u00f3 durante el cierre de campa\u00f1a en la gran \u00abMarcha-Caravana del Triunfo\u00bb\u2026","rel":"","context":"En \u00abPORTADA\u00bb","block_context":{"text":"PORTADA","link":"https:\/\/lasprimeras.com.do\/index.php\/category\/portada\/"},"img":{"alt_text":"ABEL MARTINEZ","src":"https:\/\/i0.wp.com\/lasprimeras.com.do\/wp-content\/uploads\/2024\/02\/aBEL-mARTINEZ-1.jpg?resize=350%2C200&ssl=1","width":350,"height":200,"srcset":"https:\/\/i0.wp.com\/lasprimeras.com.do\/wp-content\/uploads\/2024\/02\/aBEL-mARTINEZ-1.jpg?resize=350%2C200&ssl=1 1x, https:\/\/i0.wp.com\/lasprimeras.com.do\/wp-content\/uploads\/2024\/02\/aBEL-mARTINEZ-1.jpg?resize=525%2C300&ssl=1 1.5x"},"classes":[]},{"id":76920,"url":"https:\/\/lasprimeras.com.do\/index.php\/2024\/02\/15\/abel-en-sde-llego-la-hora-de-luis-alberto-habra-diluvio-de-votos-morados\/","url_meta":{"origin":72358,"position":2},"title":"Abel en SDE: &#8220;Lleg\u00f3 la hora de Luis Alberto; habr\u00e1 diluvio de votos morados&#8221;","author":"Nelson Feliz","date":"15 de febrero de 2024","format":false,"excerpt":"El candidato presidencial por el Partido de la Liberaci\u00f3n Dominicana (PLD), Abel Mart\u00ednez, afirm\u00f3 esta tarde que lleg\u00f3 la hora de que en Santo Domingo Este llegue el orden, la limpieza y la buena gerencia con el triunfo del candidato a alcalde, Luis Alberto. El l\u00edder de la oposici\u00f3n, quien\u2026","rel":"","context":"En \u00abPORTADA\u00bb","block_context":{"text":"PORTADA","link":"https:\/\/lasprimeras.com.do\/index.php\/category\/portada\/"},"img":{"alt_text":"Abel Martinez y Luis Alberto","src":"https:\/\/i0.wp.com\/lasprimeras.com.do\/wp-content\/uploads\/2024\/01\/Abel-Martinez-y-Luis-Alberto.jpg?resize=350%2C200&ssl=1","width":350,"height":200,"srcset":"https:\/\/i0.wp.com\/lasprimeras.com.do\/wp-content\/uploads\/2024\/01\/Abel-Martinez-y-Luis-Alberto.jpg?resize=350%2C200&ssl=1 1x, https:\/\/i0.wp.com\/lasprimeras.com.do\/wp-content\/uploads\/2024\/01\/Abel-Martinez-y-Luis-Alberto.jpg?resize=525%2C300&ssl=1 1.5x"},"classes":[]},{"id":122723,"url":"https:\/\/lasprimeras.com.do\/index.php\/2026\/02\/20\/abel-martinez-pide-al-pld-excluir-su-nombre-de-proceso-interno\/","url_meta":{"origin":72358,"position":3},"title":"Abel Mart\u00ednez pide al PLD excluir su nombre de proceso interno","author":"Nelson Feliz","date":"20 de febrero de 2026","format":false,"excerpt":"El dirigente pol\u00edtico Abel Mart\u00ednez solicit\u00f3 formalmente que su nombre sea excluido del listado de precandidatos que ser\u00e1 sometido a consideraci\u00f3n del Comit\u00e9 Central del Partido de la Liberaci\u00f3n Dominicana (PLD), cuya reuni\u00f3n est\u00e1 pautada para el 22 de febrero. La petici\u00f3n fue realizada mediante una carta dirigida al presidente\u2026","rel":"","context":"En \u00abPOLITICA\u00bb","block_context":{"text":"POLITICA","link":"https:\/\/lasprimeras.com.do\/index.php\/category\/politica\/"},"img":{"alt_text":"Abel Mart\u00ednez","src":"https:\/\/i0.wp.com\/lasprimeras.com.do\/wp-content\/uploads\/2025\/10\/Abel-Martinez-1.jpg?resize=350%2C200&ssl=1","width":350,"height":200,"srcset":"https:\/\/i0.wp.com\/lasprimeras.com.do\/wp-content\/uploads\/2025\/10\/Abel-Martinez-1.jpg?resize=350%2C200&ssl=1 1x, https:\/\/i0.wp.com\/lasprimeras.com.do\/wp-content\/uploads\/2025\/10\/Abel-Martinez-1.jpg?resize=525%2C300&ssl=1 1.5x, https:\/\/i0.wp.com\/lasprimeras.com.do\/wp-content\/uploads\/2025\/10\/Abel-Martinez-1.jpg?resize=700%2C400&ssl=1 2x"},"classes":[]},{"id":113297,"url":"https:\/\/lasprimeras.com.do\/index.php\/2025\/10\/31\/comision-del-pld-se-reune-con-abel-martinez\/","url_meta":{"origin":72358,"position":4},"title":"Comision del PLD se reune con Abel Martinez","author":"Nelson Feliz","date":"31 de octubre de 2025","format":false,"excerpt":"La Comisi\u00f3n del PLD conformada para trabajar el Protocolo de Aspirantes Presidenciales se re\u00fane con Abel Mart\u00ednez. La comisi\u00f3n encargada de trabajar el Protocolo de Aspirantes Presidenciales del Partido de la Liberaci\u00f3n Dominicana (PLD) sostuvo un encuentro con Abel Mart\u00ednez, pasado candidato presidencial pelede\u00edsta en el que se intercambiaron ideas\u2026","rel":"","context":"En \u00abPOLITICA\u00bb","block_context":{"text":"POLITICA","link":"https:\/\/lasprimeras.com.do\/index.php\/category\/politica\/"},"img":{"alt_text":"","src":"https:\/\/i0.wp.com\/lasprimeras.com.do\/wp-content\/uploads\/2025\/10\/COMISION-CON-ABEL-2.jpg?resize=350%2C200&ssl=1","width":350,"height":200,"srcset":"https:\/\/i0.wp.com\/lasprimeras.com.do\/wp-content\/uploads\/2025\/10\/COMISION-CON-ABEL-2.jpg?resize=350%2C200&ssl=1 1x, https:\/\/i0.wp.com\/lasprimeras.com.do\/wp-content\/uploads\/2025\/10\/COMISION-CON-ABEL-2.jpg?resize=525%2C300&ssl=1 1.5x, https:\/\/i0.wp.com\/lasprimeras.com.do\/wp-content\/uploads\/2025\/10\/COMISION-CON-ABEL-2.jpg?resize=700%2C400&ssl=1 2x"},"classes":[]},{"id":109804,"url":"https:\/\/lasprimeras.com.do\/index.php\/2025\/09\/20\/abel-martinez-el-hoyo-corrupto-en-senasa-solo-es-equiparable-al-hoyo-ineficiente-del-sector-electrico\/","url_meta":{"origin":72358,"position":5},"title":"Abel Mart\u00ednez: \u201cEl hoyo corrupto en SENASA\u201d solo es equiparable al hoyo ineficiente del sector el\u00e9ctrico","author":"Nelson Feliz","date":"20 de septiembre de 2025","format":false,"excerpt":"El miembro del Comit\u00e9 Pol\u00edtico del Partido de la Liberaci\u00f3n Dominicana (PLD), Abel Mart\u00ednez, calific\u00f3 como un verdadero abismo de corrupci\u00f3n el esc\u00e1ndalo en SENASA, se\u00f1alando que ese \u201choyo criminal contra el erario\u201d solo puede compararse con el \u201choyo ineficiente y sin fondo\u201d del sector el\u00e9ctrico dominicano. Mart\u00ednez demand\u00f3 que\u2026","rel":"","context":"En \u00abPOLITICA\u00bb","block_context":{"text":"POLITICA","link":"https:\/\/lasprimeras.com.do\/index.php\/category\/politica\/"},"img":{"alt_text":"","src":"https:\/\/i0.wp.com\/lasprimeras.com.do\/wp-content\/uploads\/2025\/09\/Abel-Martinez.jpg?resize=350%2C200&ssl=1","width":350,"height":200,"srcset":"https:\/\/i0.wp.com\/lasprimeras.com.do\/wp-content\/uploads\/2025\/09\/Abel-Martinez.jpg?resize=350%2C200&ssl=1 1x, https:\/\/i0.wp.com\/lasprimeras.com.do\/wp-content\/uploads\/2025\/09\/Abel-Martinez.jpg?resize=525%2C300&ssl=1 1.5x, https:\/\/i0.wp.com\/lasprimeras.com.do\/wp-content\/uploads\/2025\/09\/Abel-Martinez.jpg?resize=700%2C400&ssl=1 2x"},"classes":[]}],"jetpack_sharing_enabled":true,"_links":{"self":[{"href":"https:\/\/lasprimeras.com.do\/index.php\/wp-json\/wp\/v2\/posts\/72358","targetHints":{"allow":["GET"]}}],"collection":[{"href":"https:\/\/lasprimeras.com.do\/index.php\/wp-json\/wp\/v2\/posts"}],"about":[{"href":"https:\/\/lasprimeras.com.do\/index.php\/wp-json\/wp\/v2\/types\/post"}],"author":[{"embeddable":true,"href":"https:\/\/lasprimeras.com.do\/index.php\/wp-json\/wp\/v2\/users\/2"}],"replies":[{"embeddable":true,"href":"https:\/\/lasprimeras.com.do\/index.php\/wp-json\/wp\/v2\/comments?post=72358"}],"version-history":[{"count":1,"href":"https:\/\/lasprimeras.com.do\/index.php\/wp-json\/wp\/v2\/posts\/72358\/revisions"}],"predecessor-version":[{"id":72360,"href":"https:\/\/lasprimeras.com.do\/index.php\/wp-json\/wp\/v2\/posts\/72358\/revisions\/72360"}],"wp:featuredmedia":[{"embeddable":true,"href":"https:\/\/lasprimeras.com.do\/index.php\/wp-json\/wp\/v2\/media\/72359"}],"wp:attachment":[{"href":"https:\/\/lasprimeras.com.do\/index.php\/wp-json\/wp\/v2\/media?parent=72358"}],"wp:term":[{"taxonomy":"category","embeddable":true,"href":"https:\/\/lasprimeras.com.do\/index.php\/wp-json\/wp\/v2\/categories?post=72358"},{"taxonomy":"post_tag","embeddable":true,"href":"https:\/\/lasprimeras.com.do\/index.php\/wp-json\/wp\/v2\/tags?post=72358"}],"curies":[{"name":"wp","href":"https:\/\/api.w.org\/{rel}","templated":true}]}}