{"id":72366,"date":"2023-12-28T22:09:31","date_gmt":"2023-12-29T02:09:31","guid":{"rendered":"https:\/\/lasprimeras.com.do\/?p=72366"},"modified":"2023-12-28T22:09:32","modified_gmt":"2023-12-29T02:09:32","slug":"pavel-nunez-ensaya-a-todo-dar-para-su-sinfonico-del-viernes-29-de-diciembre","status":"publish","type":"post","link":"https:\/\/lasprimeras.com.do\/index.php\/2023\/12\/28\/pavel-nunez-ensaya-a-todo-dar-para-su-sinfonico-del-viernes-29-de-diciembre\/","title":{"rendered":"Pavel N\u00fa\u00f1ez ensaya a todo dar para su sinf\u00f3nico del viernes 29 de diciembre"},"content":{"rendered":"\n<p>Pavel N\u00fa\u00f1ez sigue sus preparativos de cara a al encuentro que tendr\u00e1 con la historia cuando su concierto Pavel Sinf\u00f3nico tenga lugar este viernes 29 de diciembre en la Sala Principal del Teatro Nacional donde el artista tocar\u00e1 con m\u00e1s de 80 m\u00fasicos en escena.<\/p>\n\n\n\n<p>Los ensayos como pueden verse en el video, van a todo dar, donde puede notarse al director Luichy Guzm\u00e1n dirigiendo a los m\u00fasicos que han orquestado los temas de Pavel para que alcancen su nivel m\u00e1s sublime de excepcionalidad.<\/p>\n\n\n\n<p>Asimismo, el cuatro veces nominado al premio Latin Grammy tendr\u00e1 una serie invitados especiales que han de engalanar aun m\u00e1s la propuesta.<\/p>\n\n\n\n<p>Frank Ceara, H\u00e9ctor An\u00edbal, Urbanda, Carlos Luis, Ana F\u00e9lix, son algunos de los invitados que Pavel tendr\u00e1 durante el Sinf\u00f3nico.<\/p>\n\n\n\n<p>Hay destacar que la participaci\u00f3n de Urbanda es una de las m\u00e1s esperadas dado que ser\u00eda la primera vez que una banda de merengue t\u00edpico participa de un sinf\u00f3nico en un concierto que est\u00e1 dedicado a uno de los m\u00e1s fieles colaboradores que ha tenido Pavel en su carrera como lo fue Homero Guerrero, ido a destiempo de este plano terrenal el 29 de diciembre del 2020.<\/p>\n\n\n\n<p>El dominicano se ha caracterizado por ser uno de los artistas m\u00e1s innovadores de nuestro pa\u00eds pues ya se le ha visto hacer propuestas de esta magnitud como lo fue la serie de conciertos Big Band N\u00fa\u00f1ez que el granjearon al artista un Premio Emmy y la cadena HBO lo transmiti\u00f3.<\/p>\n\n\n\n<p>Ahora lo vemos con esta apuesta con el fin de presentar un proyecto innovador que sume valor a su carrera y lo catapulte como uno de los artistas m\u00e1s innovadores del pa\u00eds.<\/p>\n","protected":false},"excerpt":{"rendered":"<p>Pavel N\u00fa\u00f1ez sigue sus preparativos de cara a al encuentro que tendr\u00e1 con la historia cuando su concierto Pavel Sinf\u00f3nico tenga lugar este viernes 29 de diciembre en la Sala&hellip;<\/p>\n","protected":false},"author":2,"featured_media":72367,"comment_status":"open","ping_status":"open","sticky":false,"template":"","format":"standard","meta":{"content-type":"","jetpack_post_was_ever_published":false,"_jetpack_newsletter_access":"","_jetpack_dont_email_post_to_subs":false,"_jetpack_newsletter_tier_id":0,"_jetpack_memberships_contains_paywalled_content":false,"_jetpack_memberships_contains_paid_content":false,"footnotes":""},"categories":[84],"tags":[9095,10790,1370,10791,1165],"class_list":["post-72366","post","type-post","status-publish","format-standard","has-post-thumbnail","hentry","category-entretenimiento","tag-diciembre","tag-ensaya","tag-pavel-nunez","tag-sinfonico","tag-viernes"],"jetpack_featured_media_url":"https:\/\/lasprimeras.com.do\/wp-content\/uploads\/2023\/12\/Pavel-Nunez-1.jpg","jetpack-related-posts":[{"id":70085,"url":"https:\/\/lasprimeras.com.do\/index.php\/2023\/12\/08\/urbanda-sinfonico-con-pavel-nunez\/","url_meta":{"origin":72366,"position":0},"title":"Urbanda Sinf\u00f3nico con Pavel N\u00fa\u00f1ez","author":"BIMARY DE JES\u00daS Matos","date":"8 de diciembre de 2023","format":false,"excerpt":"RD.-Reinventarse se ha vuelto una caracter\u00edstica constante en Pavel N\u00fa\u00f1ez quien lo demuestra en cada una de sus propuestas y en esta ocasi\u00f3n no es la excepci\u00f3n pues tiene una lista de invitados especiales para su concierto sinf\u00f3nico en el Teatro Nacional, el cual ha titulado \u201cPavel Sinf\u00f3nico\u201d, y que\u2026","rel":"","context":"En \u00abENTRETENIMIENTO\u00bb","block_context":{"text":"ENTRETENIMIENTO","link":"https:\/\/lasprimeras.com.do\/index.php\/category\/entretenimiento\/"},"img":{"alt_text":"","src":"https:\/\/i0.wp.com\/lasprimeras.com.do\/wp-content\/uploads\/2023\/12\/MP-debera-entregar-a-Gonzalo-Castillo-pruebas-que-tienen-en-su-contra-por-caso-Calamar-8-6.jpg?resize=350%2C200&ssl=1","width":350,"height":200,"srcset":"https:\/\/i0.wp.com\/lasprimeras.com.do\/wp-content\/uploads\/2023\/12\/MP-debera-entregar-a-Gonzalo-Castillo-pruebas-que-tienen-en-su-contra-por-caso-Calamar-8-6.jpg?resize=350%2C200&ssl=1 1x, https:\/\/i0.wp.com\/lasprimeras.com.do\/wp-content\/uploads\/2023\/12\/MP-debera-entregar-a-Gonzalo-Castillo-pruebas-que-tienen-en-su-contra-por-caso-Calamar-8-6.jpg?resize=525%2C300&ssl=1 1.5x"},"classes":[]},{"id":72617,"url":"https:\/\/lasprimeras.com.do\/index.php\/2024\/01\/01\/pavel-nunez-ofrece-concierto-sinfonico-en-el-teatro-nacional\/","url_meta":{"origin":72366,"position":1},"title":"Pavel N\u00fa\u00f1ez ofrece concierto sinf\u00f3nico en el Teatro Nacional","author":"BIMARY DE JES\u00daS Matos","date":"1 de enero de 2024","format":false,"excerpt":"Santo Domingo.-Pavel N\u00fa\u00f1ez present\u00f3 el concierto m\u00e1s importante de su agenda art\u00edstica de 2023 y de toda su carrera: \u2018Pavel Sinf\u00f3nico\u2019, en la sala principal del Teatro Nacional Eduardo Brito. Durante la ocasi\u00f3n, el artista estuvo acompa\u00f1ado por casi 90 m\u00fasicos en escena, todos bajo la direcci\u00f3n del maestro Luichy\u2026","rel":"","context":"En \u00abENTRETENIMIENTO\u00bb","block_context":{"text":"ENTRETENIMIENTO","link":"https:\/\/lasprimeras.com.do\/index.php\/category\/entretenimiento\/"},"img":{"alt_text":"","src":"https:\/\/i0.wp.com\/lasprimeras.com.do\/wp-content\/uploads\/2024\/01\/Las-portadas-de-la-semana-EH-13-8.jpg?resize=350%2C200&ssl=1","width":350,"height":200,"srcset":"https:\/\/i0.wp.com\/lasprimeras.com.do\/wp-content\/uploads\/2024\/01\/Las-portadas-de-la-semana-EH-13-8.jpg?resize=350%2C200&ssl=1 1x, https:\/\/i0.wp.com\/lasprimeras.com.do\/wp-content\/uploads\/2024\/01\/Las-portadas-de-la-semana-EH-13-8.jpg?resize=525%2C300&ssl=1 1.5x"},"classes":[]},{"id":66318,"url":"https:\/\/lasprimeras.com.do\/index.php\/2023\/11\/06\/pavel-nunez-y-los-avengers-del-amargue-llenaron-de-musica-el-hard-rock-cafe\/","url_meta":{"origin":72366,"position":2},"title":"Pavel N\u00fa\u00f1ez y los \u201cAvengers del Amargue\u201d llenaron de m\u00fasica el Hard Rock Caf\u00e9","author":"BIMARY DE JES\u00daS Matos","date":"6 de noviembre de 2023","format":false,"excerpt":"Santo Domingo.-A las 10:10 de la noche y luego dedicarle unas palabras al p\u00fablico y a su familia, Gus Rodr\u00edguez inici\u00f3 el Amargue Seassons, un show en el que diversas artistas de la m\u00fasica rom\u00e1ntica conmovieron al p\u00fablico con canciones de amor y desamor, este viernes en el Hard Rock\u2026","rel":"","context":"En \u00abENTRETENIMIENTO\u00bb","block_context":{"text":"ENTRETENIMIENTO","link":"https:\/\/lasprimeras.com.do\/index.php\/category\/entretenimiento\/"},"img":{"alt_text":"","src":"https:\/\/i0.wp.com\/lasprimeras.com.do\/wp-content\/uploads\/2023\/11\/WhatsApp-Image-2023-11-04-at-7.05.43-PM-7.jpeg?resize=350%2C200&ssl=1","width":350,"height":200,"srcset":"https:\/\/i0.wp.com\/lasprimeras.com.do\/wp-content\/uploads\/2023\/11\/WhatsApp-Image-2023-11-04-at-7.05.43-PM-7.jpeg?resize=350%2C200&ssl=1 1x, https:\/\/i0.wp.com\/lasprimeras.com.do\/wp-content\/uploads\/2023\/11\/WhatsApp-Image-2023-11-04-at-7.05.43-PM-7.jpeg?resize=525%2C300&ssl=1 1.5x"},"classes":[]},{"id":103245,"url":"https:\/\/lasprimeras.com.do\/index.php\/2025\/07\/13\/ada-garantiza-7-millones-de-libras-pollo-congelado-a-rd60-a-disposicion-del-mercado-nacional\/","url_meta":{"origin":72366,"position":3},"title":"ADA garantiza 7 millones de libras pollo congelado a RD$60 a disposici\u00f3n del mercado nacional","author":"Nelson Feliz","date":"13 de julio de 2025","format":false,"excerpt":"Pavel Concepci\u00f3n inform\u00f3 que el precio del pollo vivo, a puerta de granja, se mantiene en RD$44.00 por libra El presidente de la Asociaci\u00f3n Dominicana de Avicultura (ADA), Pavel Concepci\u00f3n, inform\u00f3 este domingo que los productores que representan m\u00e1s del 80% de la producci\u00f3n nacional de pollos ofrecen precios justos\u2026","rel":"","context":"En \u00abECONOM\u00cdA\u00bb","block_context":{"text":"ECONOM\u00cdA","link":"https:\/\/lasprimeras.com.do\/index.php\/category\/economia\/"},"img":{"alt_text":"","src":"https:\/\/i0.wp.com\/lasprimeras.com.do\/wp-content\/uploads\/2025\/05\/pollo-vivo-.jpg?resize=350%2C200&ssl=1","width":350,"height":200,"srcset":"https:\/\/i0.wp.com\/lasprimeras.com.do\/wp-content\/uploads\/2025\/05\/pollo-vivo-.jpg?resize=350%2C200&ssl=1 1x, https:\/\/i0.wp.com\/lasprimeras.com.do\/wp-content\/uploads\/2025\/05\/pollo-vivo-.jpg?resize=525%2C300&ssl=1 1.5x"},"classes":[]},{"id":55416,"url":"https:\/\/lasprimeras.com.do\/index.php\/2023\/07\/21\/presentacion-pavel-nunez-fernando-villalona-jandy-ventura-e-ilegales\/","url_meta":{"origin":72366,"position":4},"title":"Presentaci\u00f3n Pavel N\u00fa\u00f1ez, Fernando Villalona, Jandy Ventura e Ilegales","author":"Nelson Feliz","date":"21 de julio de 2023","format":false,"excerpt":"Dominicanos ponen en alto nuestra m\u00fasica en Premios Juventud PUERTO RICO.- Los artistas de La Oreja Media Group, Los hermanos Rosario, Fernando Villalona, Pavel N\u00fa\u00f1ez, Jandy Ventura e Ilegales protagonizaron dos grandes musicales dirigidos por Antonio Gonz\u00e1lez en la entrega del 2023 de Premios Juventud, en los cuales tambi\u00e9n participaron\u2026","rel":"","context":"En \u00abENTRETENIMIENTO\u00bb","block_context":{"text":"ENTRETENIMIENTO","link":"https:\/\/lasprimeras.com.do\/index.php\/category\/entretenimiento\/"},"img":{"alt_text":"","src":"","width":0,"height":0},"classes":[]},{"id":49689,"url":"https:\/\/lasprimeras.com.do\/index.php\/2023\/05\/13\/pavel-nunez-con-dos-funciones-para-las-madres\/","url_meta":{"origin":72366,"position":5},"title":"Pavel N\u00fa\u00f1ez con dos funciones para las madres","author":"prenxa100","date":"13 de mayo de 2023","format":false,"excerpt":"El int\u00e9rprete har\u00e1 dos conciertos en Lucia Bar de la Ciudad Colonial los d\u00edas 25 y 26 de mayo. Santo Domingo, RD. - Pavel N\u00fa\u00f1ez prepara su concierto \u201cTr\u00f3pico Soul\u201d para el mes de las madres los d\u00edas 25 y 26 de mayo en Lucia Bar de la Ciudad Colonial\u2026","rel":"","context":"En \u00abENTRETENIMIENTO\u00bb","block_context":{"text":"ENTRETENIMIENTO","link":"https:\/\/lasprimeras.com.do\/index.php\/category\/entretenimiento\/"},"img":{"alt_text":"","src":"","width":0,"height":0},"classes":[]}],"jetpack_sharing_enabled":true,"_links":{"self":[{"href":"https:\/\/lasprimeras.com.do\/index.php\/wp-json\/wp\/v2\/posts\/72366","targetHints":{"allow":["GET"]}}],"collection":[{"href":"https:\/\/lasprimeras.com.do\/index.php\/wp-json\/wp\/v2\/posts"}],"about":[{"href":"https:\/\/lasprimeras.com.do\/index.php\/wp-json\/wp\/v2\/types\/post"}],"author":[{"embeddable":true,"href":"https:\/\/lasprimeras.com.do\/index.php\/wp-json\/wp\/v2\/users\/2"}],"replies":[{"embeddable":true,"href":"https:\/\/lasprimeras.com.do\/index.php\/wp-json\/wp\/v2\/comments?post=72366"}],"version-history":[{"count":1,"href":"https:\/\/lasprimeras.com.do\/index.php\/wp-json\/wp\/v2\/posts\/72366\/revisions"}],"predecessor-version":[{"id":72368,"href":"https:\/\/lasprimeras.com.do\/index.php\/wp-json\/wp\/v2\/posts\/72366\/revisions\/72368"}],"wp:featuredmedia":[{"embeddable":true,"href":"https:\/\/lasprimeras.com.do\/index.php\/wp-json\/wp\/v2\/media\/72367"}],"wp:attachment":[{"href":"https:\/\/lasprimeras.com.do\/index.php\/wp-json\/wp\/v2\/media?parent=72366"}],"wp:term":[{"taxonomy":"category","embeddable":true,"href":"https:\/\/lasprimeras.com.do\/index.php\/wp-json\/wp\/v2\/categories?post=72366"},{"taxonomy":"post_tag","embeddable":true,"href":"https:\/\/lasprimeras.com.do\/index.php\/wp-json\/wp\/v2\/tags?post=72366"}],"curies":[{"name":"wp","href":"https:\/\/api.w.org\/{rel}","templated":true}]}}