{"id":72369,"date":"2023-12-28T22:19:36","date_gmt":"2023-12-29T02:19:36","guid":{"rendered":"https:\/\/lasprimeras.com.do\/?p=72369"},"modified":"2023-12-28T22:19:38","modified_gmt":"2023-12-29T02:19:38","slug":"fp-rechaza-nuevo-proyecto-de-ley-tasa-cero","status":"publish","type":"post","link":"https:\/\/lasprimeras.com.do\/index.php\/2023\/12\/28\/fp-rechaza-nuevo-proyecto-de-ley-tasa-cero\/","title":{"rendered":"FP rechaza nuevo Proyecto de Ley &#8220;Tasa Cero&#8221;"},"content":{"rendered":"\n<p><strong>FP asegura Abinader pretende seguir favoreciendo grandes empresarios y allegados pol\u00edticos.<\/strong><\/p>\n\n\n\n<p><strong>Anterior Ley de Tasa Cero, de Abinader, caus\u00f3 impacto negativo en los productores agropecuarios.<\/strong><\/p>\n\n\n\n<p>El partido Fuerza del Pueblo (FP) sali\u00f3 al frente esta tarde, rechazando el nuevo Proyecto de Ley Tasa Cero que quiere aprobar el gobierno, por considerar que la pieza sometida al Congreso Nacional por el presidente Luis Abinader solo procura seguir favoreciendo grandes empresarios y allegados pol\u00edticos del mandatario, en perjuicio de los productores locales.<\/p>\n\n\n\n<p><strong>La posici\u00f3n del partido liderado por Leonel Fern\u00e1ndez fue dada a conocer mediante un comunicado le\u00eddo por el vicesecretario de Asuntos Agropecuarios, H\u00e9ctor Acosta, en el que establece que: <\/strong>\u201cEn su ofuscaci\u00f3n reeleccionista, el presidente Luis Abinader, con este nuevo Proyecto de Ley Tasa Cero, pretende seguir favoreciendo a sus allegados pol\u00edticos, a costa de hundir la producci\u00f3n agropecuaria del pa\u00eds, hacer desaparecer a los peque\u00f1os y medianos productores y, seguir castigado a los consumidores con precios altos de los alimentos&#8221;.<\/p>\n\n\n\n<p>Hablando en nombre de la FP, Acosta dijo que la principal organizaci\u00f3n opositora del pa\u00eds, \u201cexpresa su rotundo rechazo a este nuevo proyecto de ley, por considerarlo nefasto y, advierte sobre el fuerte impacto econ\u00f3mico y social negativo que el mismo tendr\u00eda para el pa\u00eds\u201d.<\/p>\n\n\n\n<p>Al mismo tiempo, en el documento, la Fuerza del Pueblo, \u201chace un llamado urgente al gobierno para que, en lugar de importar alimentos, aplique pol\u00edticas p\u00fablicas, proyectos y programas, orientados a apoyar e incentivar la producci\u00f3n nacional, para que los productores tengan rentabilidad y para que el pueblo pueda comer barato\u201d.<\/p>\n\n\n\n<p><strong>Motivaciones mediante la cual la FP justifica su posici\u00f3n frente al proyecto de Ley:<\/strong> El martes 26 de esta semana, la Comisi\u00f3n de Hacienda de la C\u00e1mara de Diputados aprob\u00f3 un informe favorable al Proyecto de Ley sometido el 2 de octubre del presente a\u00f1o 2023 por el presidente Luis Abinader, para darle potestad al gobierno de aplicar Tasa Cero de Arancel durante un per\u00edodo de seis (6) meses, a la importaci\u00f3n de cualquier alimento de la canasta b\u00e1sica familiar, sin la necesidad de recurrir al Congreso.<\/p>\n\n\n\n<p>Desde su ascenso al poder, el gobierno del PRM ha mostrado una voracidad importadora que pr\u00e1cticamente ha trasformado el pa\u00eds, de productor a importador de alimentos, quebrando los peque\u00f1os y medianos productores y disminuyendo el poder adquisitivo de los consumidores, debido al incremento desproporcionado de los precios de los alimentos.<\/p>\n\n\n\n<p>Muestra de ello, fue la aprobaci\u00f3n en abril de 2022 de la inoportuna Ley No. 6-22 o Tasa Cero, mediante la cual se grav\u00f3 con cero aranceles la importaci\u00f3n de 67 productos alimenticios durante 6 meses, bajo el argumento de abaratar los precios y disminuir la inflaci\u00f3n, a pesar de la oposici\u00f3n expresada por todas las federaciones y asociaciones de productores, agro empresarios y, la sociedad civil en general.<\/p>\n\n\n\n<p>La referida ley, adem\u00e1s de no lograr el objetivo de disminuir la inflaci\u00f3n, caus\u00f3 un impacto negativo en los productores agropecuarios, al importar rubros en los que el pa\u00eds es autosuficiente y en los que no lo somos, incluso en ocasiones que coincid\u00edan con la cosecha, afectando la comercializaci\u00f3n y la rentabilidad de la producci\u00f3n nacional. <\/p>\n\n\n\n<p>Por el contrario, la misma favoreci\u00f3 a unos 170 empresarios importadores, con una exenci\u00f3n arancelaria superior a los mil 700 millones de pesos, seg\u00fan informaron las autoridades.<\/p>\n\n\n\n<p>Resultado de esta mala pol\u00edtica del gobierno, las importaciones de alimentos se incrementaron en dos mil 118 millones de d\u00f3lares (68%) al pasar de tres mil 109 millones en 2019, a 5 mil 227 millones de d\u00f3lares en 2022; y se estima que este a\u00f1o 2023 duplicar\u00e1n las del 2019, es decir, m\u00e1s de 6 mil millones de d\u00f3lares.<\/p>\n\n\n\n<figure class=\"wp-block-embed is-type-rich is-provider-twitter wp-block-embed-twitter\"><div class=\"wp-block-embed__wrapper\">\nhttps:\/\/twitter.com\/martinperez07\/status\/1740542735881584943?t=gc_WJnVw4zhqz2FIVgSoNw&#038;s=08\n<\/div><\/figure>\n","protected":false},"excerpt":{"rendered":"<p>FP asegura Abinader pretende seguir favoreciendo grandes empresarios y allegados pol\u00edticos. Anterior Ley de Tasa Cero, de Abinader, caus\u00f3 impacto negativo en los productores agropecuarios. El partido Fuerza del Pueblo&hellip;<\/p>\n","protected":false},"author":2,"featured_media":72370,"comment_status":"open","ping_status":"open","sticky":false,"template":"","format":"standard","meta":{"content-type":"","jetpack_post_was_ever_published":false,"_jetpack_newsletter_access":"","_jetpack_dont_email_post_to_subs":false,"_jetpack_newsletter_tier_id":0,"_jetpack_memberships_contains_paywalled_content":false,"_jetpack_memberships_contains_paid_content":false,"footnotes":""},"categories":[25],"tags":[79,411,276,10792],"class_list":["post-72369","post","type-post","status-publish","format-standard","has-post-thumbnail","hentry","category-portada","tag-fp","tag-ley","tag-proyecto","tag-tasa-cero"],"jetpack_featured_media_url":"https:\/\/lasprimeras.com.do\/wp-content\/uploads\/2023\/12\/casa-fp.jpg","jetpack-related-posts":[{"id":72466,"url":"https:\/\/lasprimeras.com.do\/index.php\/2023\/12\/29\/tasa-cero-planteada-por-abinader-es-una-cosa-como-de-manicomio-dice-leonel\/","url_meta":{"origin":72369,"position":0},"title":"Tasa Cero planteada por Abinader es \u201cuna cosa como de manicomio\u201d, dice Leonel","author":"Nelson Feliz","date":"29 de diciembre de 2023","format":false,"excerpt":"\u201cUna cosa como de manicomio\u201d, as\u00ed calific\u00f3 Leonel Fern\u00e1ndez la vocaci\u00f3n que tiene el presidente Luis Abinader de privilegiar las importaciones, en detrimento de los sectores productivos de la naci\u00f3n. El candidato presidencial de la Fuerza del Pueblo, habl\u00f3 en esos t\u00e9rminos en momentos que fue abordado por periodistas, previo\u2026","rel":"","context":"En \u00abPORTADA\u00bb","block_context":{"text":"PORTADA","link":"https:\/\/lasprimeras.com.do\/index.php\/category\/portada\/"},"img":{"alt_text":"Leonel Fern\u00e1ndez","src":"https:\/\/i0.wp.com\/lasprimeras.com.do\/wp-content\/uploads\/2023\/12\/Leonel-Fernandez-1-1.jpg?resize=350%2C200&ssl=1","width":350,"height":200,"srcset":"https:\/\/i0.wp.com\/lasprimeras.com.do\/wp-content\/uploads\/2023\/12\/Leonel-Fernandez-1-1.jpg?resize=350%2C200&ssl=1 1x, https:\/\/i0.wp.com\/lasprimeras.com.do\/wp-content\/uploads\/2023\/12\/Leonel-Fernandez-1-1.jpg?resize=525%2C300&ssl=1 1.5x, https:\/\/i0.wp.com\/lasprimeras.com.do\/wp-content\/uploads\/2023\/12\/Leonel-Fernandez-1-1.jpg?resize=700%2C400&ssl=1 2x"},"classes":[]},{"id":73546,"url":"https:\/\/lasprimeras.com.do\/index.php\/2024\/01\/12\/leonel-fernandez-encabeza-acto-de-presentacion-de-candidatos-municipales-en-constanza-jarabacoa-y-la-vega\/","url_meta":{"origin":72369,"position":1},"title":"Leonel Fern\u00e1ndez encabeza acto de presentaci\u00f3n de candidatos municipales en Constanza, Jarabacoa y La Vega","author":"BIMARY DE JES\u00daS Matos","date":"12 de enero de 2024","format":false,"excerpt":"Constanza, La Vega.- El candidato presidencial del partido Fuerza del Pueblo (FP), Leonel Fern\u00e1ndez, afirm\u00f3 hoy que el gobierno de Abinader decidi\u00f3 retirar el proyecto de ley \u201cTasa Cero\u201d para importaciones de productos alimenticios terminados, en detrimento de los productores agropecuarios nacionales. Abinader tom\u00f3 esta decisi\u00f3n impulsado por los reclamos\u2026","rel":"","context":"En \u00abSin categor\u00eda\u00bb","block_context":{"text":"Sin categor\u00eda","link":"https:\/\/lasprimeras.com.do\/index.php\/category\/sin-categoria\/"},"img":{"alt_text":"","src":"https:\/\/i0.wp.com\/lasprimeras.com.do\/wp-content\/uploads\/2024\/01\/WhatsApp-Image-2024-01-12-at-10.09.19-PM-scaled.jpeg?resize=350%2C200&ssl=1","width":350,"height":200,"srcset":"https:\/\/i0.wp.com\/lasprimeras.com.do\/wp-content\/uploads\/2024\/01\/WhatsApp-Image-2024-01-12-at-10.09.19-PM-scaled.jpeg?resize=350%2C200&ssl=1 1x, https:\/\/i0.wp.com\/lasprimeras.com.do\/wp-content\/uploads\/2024\/01\/WhatsApp-Image-2024-01-12-at-10.09.19-PM-scaled.jpeg?resize=525%2C300&ssl=1 1.5x, https:\/\/i0.wp.com\/lasprimeras.com.do\/wp-content\/uploads\/2024\/01\/WhatsApp-Image-2024-01-12-at-10.09.19-PM-scaled.jpeg?resize=700%2C400&ssl=1 2x, https:\/\/i0.wp.com\/lasprimeras.com.do\/wp-content\/uploads\/2024\/01\/WhatsApp-Image-2024-01-12-at-10.09.19-PM-scaled.jpeg?resize=1050%2C600&ssl=1 3x, https:\/\/i0.wp.com\/lasprimeras.com.do\/wp-content\/uploads\/2024\/01\/WhatsApp-Image-2024-01-12-at-10.09.19-PM-scaled.jpeg?resize=1400%2C800&ssl=1 4x"},"classes":[]},{"id":65889,"url":"https:\/\/lasprimeras.com.do\/index.php\/2023\/11\/01\/diputados-de-la-fp-aseguran-que-gobierno-destruye-la-industria-azucarera\/","url_meta":{"origin":72369,"position":2},"title":"Diputados de la FP aseguran que gobierno destruye la industria azucarera","author":"Nelson Feliz","date":"1 de noviembre de 2023","format":false,"excerpt":"Los legisladores aseguran que proyecto de tasa cero ser\u00e1 perjudicial para el sector. El bloque de diputados del partido Fuerza del Pueblo (FP) acus\u00f3 al gobierno de pretender destruir la industria azucarera local con la implementaci\u00f3n del proyecto de ley de exenciones arancelarias (tasa cero) para la importaci\u00f3n de ese\u2026","rel":"","context":"En \u00abSin categor\u00eda\u00bb","block_context":{"text":"Sin categor\u00eda","link":"https:\/\/lasprimeras.com.do\/index.php\/category\/sin-categoria\/"},"img":{"alt_text":"","src":"https:\/\/i0.wp.com\/lasprimeras.com.do\/wp-content\/uploads\/2023\/11\/Tobias-Crespo.jpg?resize=350%2C200&ssl=1","width":350,"height":200,"srcset":"https:\/\/i0.wp.com\/lasprimeras.com.do\/wp-content\/uploads\/2023\/11\/Tobias-Crespo.jpg?resize=350%2C200&ssl=1 1x, https:\/\/i0.wp.com\/lasprimeras.com.do\/wp-content\/uploads\/2023\/11\/Tobias-Crespo.jpg?resize=525%2C300&ssl=1 1.5x, https:\/\/i0.wp.com\/lasprimeras.com.do\/wp-content\/uploads\/2023\/11\/Tobias-Crespo.jpg?resize=700%2C400&ssl=1 2x"},"classes":[]},{"id":120722,"url":"https:\/\/lasprimeras.com.do\/index.php\/2026\/01\/27\/fp-denuncia-que-importaciones-agropecuarias-desmedidas-y-falta-de-planificacion-asfixiaron-al-productor-nacional-en-2025\/","url_meta":{"origin":72369,"position":3},"title":"FP denuncia que importaciones agropecuarias desmedidas y falta de planificaci\u00f3n asfixiaron al productor nacional en 2025","author":"Nelson Feliz","date":"27 de enero de 2026","format":false,"excerpt":"_H\u00e9ctor Acosta advierte que la pol\u00edtica de importaciones desplaz\u00f3 la producci\u00f3n nacional y llev\u00f3 a la quiebra a miles de peque\u00f1os productores._ El Subgabinete Agropecuario de la Fuerza del Pueblo denunci\u00f3 que durante el a\u00f1o 2025 las importaciones agropecuarias se duplicaron hasta alcanzar los US$6,000 millones anuales, una pol\u00edtica que,\u2026","rel":"","context":"En \u00abECONOM\u00cdA\u00bb","block_context":{"text":"ECONOM\u00cdA","link":"https:\/\/lasprimeras.com.do\/index.php\/category\/economia\/"},"img":{"alt_text":"","src":"https:\/\/i0.wp.com\/lasprimeras.com.do\/wp-content\/uploads\/2026\/01\/IMG-20260126-WA0946-scaled.jpg?resize=350%2C200&ssl=1","width":350,"height":200,"srcset":"https:\/\/i0.wp.com\/lasprimeras.com.do\/wp-content\/uploads\/2026\/01\/IMG-20260126-WA0946-scaled.jpg?resize=350%2C200&ssl=1 1x, https:\/\/i0.wp.com\/lasprimeras.com.do\/wp-content\/uploads\/2026\/01\/IMG-20260126-WA0946-scaled.jpg?resize=525%2C300&ssl=1 1.5x, https:\/\/i0.wp.com\/lasprimeras.com.do\/wp-content\/uploads\/2026\/01\/IMG-20260126-WA0946-scaled.jpg?resize=700%2C400&ssl=1 2x, https:\/\/i0.wp.com\/lasprimeras.com.do\/wp-content\/uploads\/2026\/01\/IMG-20260126-WA0946-scaled.jpg?resize=1050%2C600&ssl=1 3x, https:\/\/i0.wp.com\/lasprimeras.com.do\/wp-content\/uploads\/2026\/01\/IMG-20260126-WA0946-scaled.jpg?resize=1400%2C800&ssl=1 4x"},"classes":[]},{"id":123266,"url":"https:\/\/lasprimeras.com.do\/index.php\/2026\/02\/27\/presidente-abinader-resalta-crecimiento-del-3-9-del-sector-agropecuario-y-proyecta-alcanzar-%c2%a8hambre-cero%c2%a8-antes-de-2028\/","url_meta":{"origin":72369,"position":4},"title":"Presidente Abinader resalta crecimiento del 3.9 % del sector agropecuario y proyecta alcanzar \u00a8Hambre Cero\u00a8 antes de 2028","author":"Nelson Feliz","date":"27 de febrero de 2026","format":false,"excerpt":"Organismos internacionales destacan la reducci\u00f3n de la subalimentaci\u00f3n en Rep\u00fablica Dominicana y respaldan los avances hacia la meta de Hambre Cero antes de 2028. El presidente Luis Abinader destac\u00f3 el s\u00f3lido desempe\u00f1o del sector agropecuario, que registr\u00f3 un crecimiento de 3.9 % el pasado a\u00f1o, con cifras hist\u00f3ricas en producci\u00f3n\u2026","rel":"","context":"En \u00abECONOM\u00cdA\u00bb","block_context":{"text":"ECONOM\u00cdA","link":"https:\/\/lasprimeras.com.do\/index.php\/category\/economia\/"},"img":{"alt_text":"","src":"https:\/\/i0.wp.com\/lasprimeras.com.do\/wp-content\/uploads\/2025\/10\/COMEDORES.jpg?resize=350%2C200&ssl=1","width":350,"height":200,"srcset":"https:\/\/i0.wp.com\/lasprimeras.com.do\/wp-content\/uploads\/2025\/10\/COMEDORES.jpg?resize=350%2C200&ssl=1 1x, https:\/\/i0.wp.com\/lasprimeras.com.do\/wp-content\/uploads\/2025\/10\/COMEDORES.jpg?resize=525%2C300&ssl=1 1.5x, https:\/\/i0.wp.com\/lasprimeras.com.do\/wp-content\/uploads\/2025\/10\/COMEDORES.jpg?resize=700%2C400&ssl=1 2x"},"classes":[]},{"id":73520,"url":"https:\/\/lasprimeras.com.do\/index.php\/2024\/01\/12\/abinader-somete-a-la-poblacion-a-un-estado-de-incertidumbre-y-calamidad-alimentaria-denuncia-la-fp\/","url_meta":{"origin":72369,"position":5},"title":"Abinader somete a la poblaci\u00f3n &#8220;a un estado de incertidumbre y calamidad alimentaria&#8221;, denuncia la FP","author":"BIMARY DE JES\u00daS Matos","date":"12 de enero de 2024","format":false,"excerpt":"Santo Domingo, DN.- El partido Fuerza del Pueblo, a trav\u00e9s de la Secretar\u00eda de Desarrollo Rural, la Secretar\u00eda de Asuntos Agropecuarios y la Secretar\u00eda de Medio Ambiente, denunci\u00f3 este mi\u00e9rcoles que el Gobierno de Abinader, ha sumergido a las familias dominicanas, especialmente las m\u00e1s pobres, en una situaci\u00f3n de incertidumbre\u2026","rel":"","context":"En \u00abSin categor\u00eda\u00bb","block_context":{"text":"Sin categor\u00eda","link":"https:\/\/lasprimeras.com.do\/index.php\/category\/sin-categoria\/"},"img":{"alt_text":"","src":"https:\/\/i0.wp.com\/lasprimeras.com.do\/wp-content\/uploads\/2024\/01\/WhatsApp-Image-2024-01-12-at-10.18.38-AM-scaled.jpeg?resize=350%2C200&ssl=1","width":350,"height":200,"srcset":"https:\/\/i0.wp.com\/lasprimeras.com.do\/wp-content\/uploads\/2024\/01\/WhatsApp-Image-2024-01-12-at-10.18.38-AM-scaled.jpeg?resize=350%2C200&ssl=1 1x, https:\/\/i0.wp.com\/lasprimeras.com.do\/wp-content\/uploads\/2024\/01\/WhatsApp-Image-2024-01-12-at-10.18.38-AM-scaled.jpeg?resize=525%2C300&ssl=1 1.5x, https:\/\/i0.wp.com\/lasprimeras.com.do\/wp-content\/uploads\/2024\/01\/WhatsApp-Image-2024-01-12-at-10.18.38-AM-scaled.jpeg?resize=700%2C400&ssl=1 2x, https:\/\/i0.wp.com\/lasprimeras.com.do\/wp-content\/uploads\/2024\/01\/WhatsApp-Image-2024-01-12-at-10.18.38-AM-scaled.jpeg?resize=1050%2C600&ssl=1 3x, https:\/\/i0.wp.com\/lasprimeras.com.do\/wp-content\/uploads\/2024\/01\/WhatsApp-Image-2024-01-12-at-10.18.38-AM-scaled.jpeg?resize=1400%2C800&ssl=1 4x"},"classes":[]}],"jetpack_sharing_enabled":true,"_links":{"self":[{"href":"https:\/\/lasprimeras.com.do\/index.php\/wp-json\/wp\/v2\/posts\/72369","targetHints":{"allow":["GET"]}}],"collection":[{"href":"https:\/\/lasprimeras.com.do\/index.php\/wp-json\/wp\/v2\/posts"}],"about":[{"href":"https:\/\/lasprimeras.com.do\/index.php\/wp-json\/wp\/v2\/types\/post"}],"author":[{"embeddable":true,"href":"https:\/\/lasprimeras.com.do\/index.php\/wp-json\/wp\/v2\/users\/2"}],"replies":[{"embeddable":true,"href":"https:\/\/lasprimeras.com.do\/index.php\/wp-json\/wp\/v2\/comments?post=72369"}],"version-history":[{"count":1,"href":"https:\/\/lasprimeras.com.do\/index.php\/wp-json\/wp\/v2\/posts\/72369\/revisions"}],"predecessor-version":[{"id":72371,"href":"https:\/\/lasprimeras.com.do\/index.php\/wp-json\/wp\/v2\/posts\/72369\/revisions\/72371"}],"wp:featuredmedia":[{"embeddable":true,"href":"https:\/\/lasprimeras.com.do\/index.php\/wp-json\/wp\/v2\/media\/72370"}],"wp:attachment":[{"href":"https:\/\/lasprimeras.com.do\/index.php\/wp-json\/wp\/v2\/media?parent=72369"}],"wp:term":[{"taxonomy":"category","embeddable":true,"href":"https:\/\/lasprimeras.com.do\/index.php\/wp-json\/wp\/v2\/categories?post=72369"},{"taxonomy":"post_tag","embeddable":true,"href":"https:\/\/lasprimeras.com.do\/index.php\/wp-json\/wp\/v2\/tags?post=72369"}],"curies":[{"name":"wp","href":"https:\/\/api.w.org\/{rel}","templated":true}]}}