{"id":72378,"date":"2023-12-29T06:51:05","date_gmt":"2023-12-29T10:51:05","guid":{"rendered":"https:\/\/lasprimeras.com.do\/?p=72378"},"modified":"2023-12-29T06:51:06","modified_gmt":"2023-12-29T10:51:06","slug":"ciudadanos-fluyen-hacia-centros-de-vacunacion-contra-covid","status":"publish","type":"post","link":"https:\/\/lasprimeras.com.do\/index.php\/2023\/12\/29\/ciudadanos-fluyen-hacia-centros-de-vacunacion-contra-covid\/","title":{"rendered":"Ciudadanos fluyen hacia centros de vacunaci\u00f3n contra Covid"},"content":{"rendered":"\n<p>Santo Domingo.-Decenas de ciudadanos acudieron en el d\u00eda de ayer a los puestos de vacunaci\u00f3n Covid-19 ubicados en la capital con el prop\u00f3sito de completar su esquema de vacunaci\u00f3n para protegerse de la nueva variante JN. 1 que circula desde hace varios d\u00edas en el pa\u00eds.<\/p>\n\n\n\n<p>Durante un recorrido realizado por las \u00e1reas de vacunaci\u00f3n, espec\u00edficamente el Hospital Santo Socorro, el Centro Ol\u00edmpico Juan Pablo Duarte y el Ministerio de Salud P\u00fablica, reporteros de observaron que ciudadanos fueron a inocularse desde bien temprano en la ma\u00f1ana.<\/p>\n\n\n\n<p>Mientras tanto, en los populosos barrios Gualey, Guachupita, La Cienaga, Los Guandules, Capotillo, La Zurza, Mejoramiento Social y Espaillat, algunos dijeron haber avistado brigadas casa por casa.<\/p>\n\n\n\n<p>Noelia S\u00e1nchez, quien se encontraba en un puesto en el Hospital Santo Socorro, indic\u00f3 que fue a vacunarse para cumplir con el esquema de vacunaci\u00f3n e indic\u00f3 que ten\u00eda cinco dosis de la vacuna anticovid y \u201cme dijeron que no puedo colocarme m\u00e1s\u201d.<\/p>\n\n\n\n<p>Por su parte, Melvin Rosado, quien se desempe\u00f1a como motoconchista por toda la zona del reci\u00e9n inaugurado proyecto Nuevo Domingo Savio, expres\u00f3 que \u201chay que vacunarse\u201d, para no contagiarse con la mueva variante JN 1.<\/p>\n\n\n\n<p>Rosado asegur\u00f3 que ya se hab\u00eda puesto todas las dosis.<\/p>\n\n\n\n<p>Algunos ciudadanos se estaban vacunando por motivos de viaje, como el caso de Nomar Montas, quien manifest\u00f3 estando en la carpa de Salud P\u00fablica que ten\u00eda el requisito de colocarse tres dosis y \u201cme estaban pidiendo la \u00faltima\u201d.<\/p>\n\n\n\n<p>Cerca del mediod\u00eda, en el Centro Ol\u00edmpico hab\u00edan colocado unas 10 dosis de refuerzo. Sin embargo, la encargada del recinto, una doctora de apellido Melo, coment\u00f3 que el d\u00eda anterior fueron colocadas, al menos, 30 dosis, en su mayor\u00eda, de \u201crefuerzo\u201d. Fernando De Oleo, residente en el Nuevo Domingo Savio, asegur\u00f3 que en los sectores mencionados pasaron brigadas de vacunaci\u00f3n.<\/p>\n\n\n\n<p>El mismo hombre se\u00f1al\u00f3 que la vacunaci\u00f3n en el sector estar\u00eda \u201ct\u00edmida\u201d porque los residentes \u201cquieren consumir alcohol en la v\u00edspera de fin de a\u00f1o\u201d y temen que la vacuna sea impedimento.<\/p>\n\n\n\n<p>Adem\u00e1s de vacunas contra el Covid-19, algunos se estaban inoculando contra la influencia y el neumococo, con el fin de evitar las enfermedades respiratorias que alert\u00f3 el Ministerio de Salud P\u00fablica.<\/p>\n\n\n\n<p>Un ejemplo de esto fue la joven Carolay Mendoza, en estado de gestaci\u00f3n, quien fue a vacunarse contra la influenza.<\/p>\n\n\n\n<p>Por otro lado, hab\u00eda decena de ciudadanos realiz\u00e1ndome muestras r\u00e1pidas de ant\u00edgenos.<\/p>\n","protected":false},"excerpt":{"rendered":"<p>Santo Domingo.-Decenas de ciudadanos acudieron en el d\u00eda de ayer a los puestos de vacunaci\u00f3n Covid-19 ubicados en la capital con el prop\u00f3sito de completar su esquema de vacunaci\u00f3n para&hellip;<\/p>\n","protected":false},"author":3,"featured_media":72379,"comment_status":"open","ping_status":"open","sticky":false,"template":"","format":"standard","meta":{"content-type":"","jetpack_post_was_ever_published":false,"_jetpack_newsletter_access":"","_jetpack_dont_email_post_to_subs":false,"_jetpack_newsletter_tier_id":0,"_jetpack_memberships_contains_paywalled_content":false,"_jetpack_memberships_contains_paid_content":false,"footnotes":""},"categories":[25],"tags":[4330],"class_list":["post-72378","post","type-post","status-publish","format-standard","has-post-thumbnail","hentry","category-portada","tag-covid-19-2"],"jetpack_featured_media_url":"https:\/\/lasprimeras.com.do\/wp-content\/uploads\/2023\/12\/WhatsApp-Image-2023-12-28-at-10.42.13-PM.jpeg","jetpack-related-posts":[{"id":72219,"url":"https:\/\/lasprimeras.com.do\/index.php\/2023\/12\/27\/salud-publica-informa-los-lugares-en-donde-se-esta-vacunando-contra-el-covid-19\/","url_meta":{"origin":72378,"position":0},"title":"Salud P\u00fablica informa los lugares en donde se est\u00e1 vacunando contra el Covid-19","author":"BIMARY DE JES\u00daS Matos","date":"27 de diciembre de 2023","format":false,"excerpt":"Santo Domingo.-El Ministerio de Salud P\u00fablica dio a conocer la tarde de este mi\u00e9rcoles los puestos fijos de vacunaci\u00f3n contra el COVID-19 como parte de la Jornada Nacional de Vacunaci\u00f3n contra la enfermedad. Estos funcionar\u00e1n desde el 25 al 31 de este mes de diciembre. En esta semana, la cartera\u2026","rel":"","context":"En \u00abPORTADA\u00bb","block_context":{"text":"PORTADA","link":"https:\/\/lasprimeras.com.do\/index.php\/category\/portada\/"},"img":{"alt_text":"","src":"https:\/\/i0.wp.com\/lasprimeras.com.do\/wp-content\/uploads\/2023\/12\/El-texto-del-parrafo.jpg?resize=350%2C200&ssl=1","width":350,"height":200,"srcset":"https:\/\/i0.wp.com\/lasprimeras.com.do\/wp-content\/uploads\/2023\/12\/El-texto-del-parrafo.jpg?resize=350%2C200&ssl=1 1x, https:\/\/i0.wp.com\/lasprimeras.com.do\/wp-content\/uploads\/2023\/12\/El-texto-del-parrafo.jpg?resize=525%2C300&ssl=1 1.5x"},"classes":[]},{"id":73116,"url":"https:\/\/lasprimeras.com.do\/index.php\/2024\/01\/06\/se-reactiva-la-afluencia-de-personas-a-los-puestos-de-vacunacion-de-covid-19\/","url_meta":{"origin":72378,"position":1},"title":"Se reactiva la afluencia de personas a los puestos de vacunaci\u00f3n de Covid-19","author":"BIMARY DE JES\u00daS Matos","date":"6 de enero de 2024","format":false,"excerpt":"Santo Domingo.-La afluencia a los puestos de vacunaci\u00f3n contra el coronavirus ubicados en el Distrito Nacional se ha reactivado ligeramente, en la medida en que se registran nuevos casos positivos, ahora de la variante JN.1. En distintos puntos de vacunaci\u00f3n y realizaci\u00f3n de pruebas de Covid-19, de los que aunque\u2026","rel":"","context":"En \u00abNACIONALES\u00bb","block_context":{"text":"NACIONALES","link":"https:\/\/lasprimeras.com.do\/index.php\/category\/nacionales\/"},"img":{"alt_text":"","src":"https:\/\/i0.wp.com\/lasprimeras.com.do\/wp-content\/uploads\/2024\/01\/Noticias-de-energia-2024-01-04T183445.722.jpg?resize=350%2C200&ssl=1","width":350,"height":200,"srcset":"https:\/\/i0.wp.com\/lasprimeras.com.do\/wp-content\/uploads\/2024\/01\/Noticias-de-energia-2024-01-04T183445.722.jpg?resize=350%2C200&ssl=1 1x, https:\/\/i0.wp.com\/lasprimeras.com.do\/wp-content\/uploads\/2024\/01\/Noticias-de-energia-2024-01-04T183445.722.jpg?resize=525%2C300&ssl=1 1.5x"},"classes":[]},{"id":72243,"url":"https:\/\/lasprimeras.com.do\/index.php\/2023\/12\/28\/ministerio-de-salud-abre-236-centros-de-vacunacion-contra-el-covid\/","url_meta":{"origin":72378,"position":2},"title":"Ministerio de Salud abre 236 centros de vacunaci\u00f3n contra el Covid","author":"BIMARY DE JES\u00daS Matos","date":"28 de diciembre de 2023","format":false,"excerpt":"Santo Domingo.-Aunque esta semana el pa\u00eds notific\u00f3 la circulaci\u00f3n de la nueva variante JN.I del Covid-19, las notificaciones de nuevos casos positivos del virus registraron disminuci\u00f3n con relaci\u00f3n a la semana anterior. No obstante, el Ministerio de Salud P\u00fablica dio a conocer una lista de 236 centros de vacunaci\u00f3n para\u2026","rel":"","context":"En \u00abPORTADA\u00bb","block_context":{"text":"PORTADA","link":"https:\/\/lasprimeras.com.do\/index.php\/category\/portada\/"},"img":{"alt_text":"","src":"https:\/\/i0.wp.com\/lasprimeras.com.do\/wp-content\/uploads\/2023\/12\/El-texto-del-parrafo-5.jpg?resize=350%2C200&ssl=1","width":350,"height":200,"srcset":"https:\/\/i0.wp.com\/lasprimeras.com.do\/wp-content\/uploads\/2023\/12\/El-texto-del-parrafo-5.jpg?resize=350%2C200&ssl=1 1x, https:\/\/i0.wp.com\/lasprimeras.com.do\/wp-content\/uploads\/2023\/12\/El-texto-del-parrafo-5.jpg?resize=525%2C300&ssl=1 1.5x"},"classes":[]},{"id":67226,"url":"https:\/\/lasprimeras.com.do\/index.php\/2023\/11\/14\/vacuna-contra-el-covid-19-durante-el-embarazo-es-segura-para-madres-y-bebes\/","url_meta":{"origin":72378,"position":3},"title":"Vacuna contra el COVID-19 durante el embarazo es segura para madres y beb\u00e9s","author":"Nelson Feliz","date":"14 de noviembre de 2023","format":false,"excerpt":"La vacunaci\u00f3n contra COVID-19 antes y durante el embarazo ha demostrado ser efectiva, brindando beneficios tanto para a madre como para el beb\u00e9. Esta fue una de las conclusiones a las que se lleg\u00f3 durante el XX Congreso Latinoamericano de Enfermedades Infecciosas Pedi\u00e1tricas-SLIPE 2023 cuando un panel de especialistas de\u2026","rel":"","context":"En \u00abSin categor\u00eda\u00bb","block_context":{"text":"Sin categor\u00eda","link":"https:\/\/lasprimeras.com.do\/index.php\/category\/sin-categoria\/"},"img":{"alt_text":"","src":"https:\/\/i0.wp.com\/lasprimeras.com.do\/wp-content\/uploads\/2023\/11\/doctor-vacunar-paciente-clinica.jpg?resize=350%2C200&ssl=1","width":350,"height":200,"srcset":"https:\/\/i0.wp.com\/lasprimeras.com.do\/wp-content\/uploads\/2023\/11\/doctor-vacunar-paciente-clinica.jpg?resize=350%2C200&ssl=1 1x, https:\/\/i0.wp.com\/lasprimeras.com.do\/wp-content\/uploads\/2023\/11\/doctor-vacunar-paciente-clinica.jpg?resize=525%2C300&ssl=1 1.5x, https:\/\/i0.wp.com\/lasprimeras.com.do\/wp-content\/uploads\/2023\/11\/doctor-vacunar-paciente-clinica.jpg?resize=700%2C400&ssl=1 2x"},"classes":[]},{"id":72831,"url":"https:\/\/lasprimeras.com.do\/index.php\/2024\/01\/03\/salud-publica-anuncia-252-nuevos-casos-de-covid-19\/","url_meta":{"origin":72378,"position":4},"title":"Salud P\u00fablica anuncia 252 nuevos casos de Covid-19","author":"BIMARY DE JES\u00daS Matos","date":"3 de enero de 2024","format":false,"excerpt":"Santo Domingo.\u2013 El Ministerio de Salud P\u00fablica report\u00f3 252 nuevos casos de Covid-19 en una semana, con 260 casos activos, en el bolet\u00edn semanal 1,139. El reporte indica que se realizaron 2,434 pruebas de coronavirus de las cuales 87 son PCR y 2,347 Antig\u00e9nicas. La positividad semanal de Covid-19 se\u2026","rel":"","context":"En \u00abPORTADA\u00bb","block_context":{"text":"PORTADA","link":"https:\/\/lasprimeras.com.do\/index.php\/category\/portada\/"},"img":{"alt_text":"","src":"https:\/\/i0.wp.com\/lasprimeras.com.do\/wp-content\/uploads\/2024\/01\/Noticias-de-energia-2024-01-03T110637.364.webp?resize=350%2C200&ssl=1","width":350,"height":200},"classes":[]},{"id":113798,"url":"https:\/\/lasprimeras.com.do\/index.php\/2025\/11\/05\/ministro-de-salud-anuncia-jornada-nacional-de-vacunacion-contra-la-influenza\/","url_meta":{"origin":72378,"position":5},"title":"Ministro de Salud anuncia Jornada Nacional de Vacunaci\u00f3n contra la influenza","author":"Nelson Feliz","date":"5 de noviembre de 2025","format":false,"excerpt":"Priorizar\u00e1n vacunaci\u00f3n a embarazadas, menores de tres a\u00f1os, adultos mayores y personas con condiciones de salud delicadas. El ministro de Salud, V\u00edctor Atallah, anunci\u00f3 el inicio de la jornada nacional de vacunaci\u00f3n contra la influenza A (H1N1), A (H3N2) y tipo B, con el objetivo de reducir la circulaci\u00f3n de\u2026","rel":"","context":"En \u00abSin categor\u00eda\u00bb","block_context":{"text":"Sin categor\u00eda","link":"https:\/\/lasprimeras.com.do\/index.php\/category\/sin-categoria\/"},"img":{"alt_text":"","src":"https:\/\/i0.wp.com\/lasprimeras.com.do\/wp-content\/uploads\/2025\/11\/Victor-Atallah.jpg?resize=350%2C200&ssl=1","width":350,"height":200,"srcset":"https:\/\/i0.wp.com\/lasprimeras.com.do\/wp-content\/uploads\/2025\/11\/Victor-Atallah.jpg?resize=350%2C200&ssl=1 1x, https:\/\/i0.wp.com\/lasprimeras.com.do\/wp-content\/uploads\/2025\/11\/Victor-Atallah.jpg?resize=525%2C300&ssl=1 1.5x, https:\/\/i0.wp.com\/lasprimeras.com.do\/wp-content\/uploads\/2025\/11\/Victor-Atallah.jpg?resize=700%2C400&ssl=1 2x"},"classes":[]}],"jetpack_sharing_enabled":true,"_links":{"self":[{"href":"https:\/\/lasprimeras.com.do\/index.php\/wp-json\/wp\/v2\/posts\/72378","targetHints":{"allow":["GET"]}}],"collection":[{"href":"https:\/\/lasprimeras.com.do\/index.php\/wp-json\/wp\/v2\/posts"}],"about":[{"href":"https:\/\/lasprimeras.com.do\/index.php\/wp-json\/wp\/v2\/types\/post"}],"author":[{"embeddable":true,"href":"https:\/\/lasprimeras.com.do\/index.php\/wp-json\/wp\/v2\/users\/3"}],"replies":[{"embeddable":true,"href":"https:\/\/lasprimeras.com.do\/index.php\/wp-json\/wp\/v2\/comments?post=72378"}],"version-history":[{"count":1,"href":"https:\/\/lasprimeras.com.do\/index.php\/wp-json\/wp\/v2\/posts\/72378\/revisions"}],"predecessor-version":[{"id":72380,"href":"https:\/\/lasprimeras.com.do\/index.php\/wp-json\/wp\/v2\/posts\/72378\/revisions\/72380"}],"wp:featuredmedia":[{"embeddable":true,"href":"https:\/\/lasprimeras.com.do\/index.php\/wp-json\/wp\/v2\/media\/72379"}],"wp:attachment":[{"href":"https:\/\/lasprimeras.com.do\/index.php\/wp-json\/wp\/v2\/media?parent=72378"}],"wp:term":[{"taxonomy":"category","embeddable":true,"href":"https:\/\/lasprimeras.com.do\/index.php\/wp-json\/wp\/v2\/categories?post=72378"},{"taxonomy":"post_tag","embeddable":true,"href":"https:\/\/lasprimeras.com.do\/index.php\/wp-json\/wp\/v2\/tags?post=72378"}],"curies":[{"name":"wp","href":"https:\/\/api.w.org\/{rel}","templated":true}]}}