{"id":72381,"date":"2023-12-29T06:52:46","date_gmt":"2023-12-29T10:52:46","guid":{"rendered":"https:\/\/lasprimeras.com.do\/?p=72381"},"modified":"2023-12-29T06:52:48","modified_gmt":"2023-12-29T10:52:48","slug":"25000-casos-de-dengue-reportados-este-ano","status":"publish","type":"post","link":"https:\/\/lasprimeras.com.do\/index.php\/2023\/12\/29\/25000-casos-de-dengue-reportados-este-ano\/","title":{"rendered":"25,000 casos de dengue reportados este a\u00f1o"},"content":{"rendered":"\n<p>Santo Domingo.-En lo que va de 2023, el sistema de vigilancia epidemiol\u00f3gica ha recibido el reporte de 24,735 casos sospechosos de dengue y ha confirmado 23 muertes a causa de la enfermedad, que durante m\u00e1s de cinco meses mantuvo niveles epid\u00e9micos en el pa\u00eds, generando una alta ocupaci\u00f3n de camas hospitalarias.<\/p>\n\n\n\n<p>Los casos del virus han estado registrando una disminuci\u00f3n, report\u00e1ndose en la \u00faltima semana 769 nuevos casos, contrario a semanas atr\u00e1s que, segun las notificaciones, superan los mil casos.<\/p>\n\n\n\n<p>Mientras, desde hace cuatro semanas el sistema no confirma ninguna nueva muerte por dengue, manteni\u00e9ndose las cifras en 23 fallecimientos, aunque los reportes extraoficiales de decesos sospechosos de la enfermedad son muchos m\u00e1s. Se recuerda que las muertes de pacientes con s\u00edntomas sospechosos de dengue son remitidos a una auditor\u00eda m\u00e9dica, donde un comit\u00e9 de especialistas confirma o descarta la enfermedad.<\/p>\n\n\n\n<p>En su reporte semanal, el viceministro de Salud Colectiva del Ministerio de Salud P\u00fablica, doctor Eladio P\u00e9rez, inform\u00f3 que en la semana epidemiol\u00f3gica n\u00famero 50 se notificaron 769 nuevos casos, para un acumulado en lo que va de a\u00f1o de 24,735 casos.<\/p>\n\n\n\n<p>Dijo que en 122 municipios se han ido disminuyendo considerablemente los casos de dengue y en 54 no se han reportado casos probables.<\/p>\n\n\n\n<p>En torno a la mortalidad a causa de la enfermedad, se\u00f1al\u00f3 que no se han registrado m\u00e1s defunciones despu\u00e9s de la semana epidemiol\u00f3gica n\u00famero 46, donde la letalidad se coloc\u00f3 en 0.1 por ciento.<\/p>\n\n\n\n<p>Mayor riesgo por Covid<\/p>\n\n\n\n<p>En otro orden, el Ministerio de Salud P\u00fablica recuerda que las personas de mayor riesgo de complicarse en caso de infectarse de Covid-19 u otras infecciones respiratorias son aquellas que tienen enfermedades como VIH, c\u00e1ncer, asma, hipertensi\u00f3n, afecciones pulmonares, entre otras que comprometen las defensas del organismo.<\/p>\n\n\n\n<p>Ese segmento de la poblaci\u00f3n, agrega, es el que requiere cuidados especiales, indica al se\u00f1alar que es normal que en esta \u00e9poca del a\u00f1o los virus respiratorios agudos aumenten y que las recomendaciones son m\u00e1s bien aplicar medidas individuales.<\/p>\n\n\n\n<p>Asocia el incremento de los virus respiratorios a varios factores, entre ellos los cambios de temperatura, la cantidad de viajeros que recibe el pa\u00eds y personas que se trasladan y se aglomeran durante las festividades de Navidad y fin de a\u00f1o.<\/p>\n\n\n\n<p>Salud P\u00fablica destaca entre las recomendaciones para la poblaci\u00f3n general el evitar lugares con poca ventilaci\u00f3n, mantener el lavado de manos con agua y jab\u00f3n, si tienen gripe usar mascarillas para evitar contagios y recuerda que el uso de estas sigue siendo recomendado en centros de salud.<\/p>\n\n\n\n<p>Tambi\u00e9n, la alimentaci\u00f3n adecuada a base de frutas y vegetales y alimentos que contengan prote\u00ednas y mantener buena hidrataci\u00f3n.<\/p>\n","protected":false},"excerpt":{"rendered":"<p>Santo Domingo.-En lo que va de 2023, el sistema de vigilancia epidemiol\u00f3gica ha recibido el reporte de 24,735 casos sospechosos de dengue y ha confirmado 23 muertes a causa de&hellip;<\/p>\n","protected":false},"author":3,"featured_media":72383,"comment_status":"open","ping_status":"open","sticky":false,"template":"","format":"standard","meta":{"content-type":"","jetpack_post_was_ever_published":false,"_jetpack_newsletter_access":"","_jetpack_dont_email_post_to_subs":false,"_jetpack_newsletter_tier_id":0,"_jetpack_memberships_contains_paywalled_content":false,"_jetpack_memberships_contains_paid_content":false,"footnotes":""},"categories":[25],"tags":[458],"class_list":["post-72381","post","type-post","status-publish","format-standard","has-post-thumbnail","hentry","category-portada","tag-dengue"],"jetpack_featured_media_url":"https:\/\/lasprimeras.com.do\/wp-content\/uploads\/2023\/12\/WhatsApp-Image-2023-12-28-at-10.42.13-PM-1.jpeg","jetpack-related-posts":[{"id":64195,"url":"https:\/\/lasprimeras.com.do\/index.php\/2023\/10\/18\/salud-publica-confirma-dos-nuevas-muertes-por-dengue-casos-suben-a-12991\/","url_meta":{"origin":72381,"position":0},"title":"Salud P\u00fablica confirma dos nuevas muertes por dengue; casos suben a 12,991","author":"BIMARY DE JES\u00daS Matos","date":"18 de octubre de 2023","format":false,"excerpt":"Santo Domingo.-Los casos sospechosos de dengue contin\u00faan en ascenso en Rep\u00fablica Dominicana con un total de 12,991 reportes desde el inicio de a\u00f1o, siendo 1,108 los detectados durante la semana epidemiol\u00f3gica n\u00famero 40. En cuanto a los fallecimientos asociados a la enfermedad, se registran dos nuevas muertes, elevando a once\u2026","rel":"","context":"En \u00abNACIONALES\u00bb","block_context":{"text":"NACIONALES","link":"https:\/\/lasprimeras.com.do\/index.php\/category\/nacionales\/"},"img":{"alt_text":"","src":"https:\/\/i0.wp.com\/lasprimeras.com.do\/wp-content\/uploads\/2023\/10\/Captura-de-pantalla-2023-10-18-140654-8.jpg?resize=350%2C200&ssl=1","width":350,"height":200,"srcset":"https:\/\/i0.wp.com\/lasprimeras.com.do\/wp-content\/uploads\/2023\/10\/Captura-de-pantalla-2023-10-18-140654-8.jpg?resize=350%2C200&ssl=1 1x, https:\/\/i0.wp.com\/lasprimeras.com.do\/wp-content\/uploads\/2023\/10\/Captura-de-pantalla-2023-10-18-140654-8.jpg?resize=525%2C300&ssl=1 1.5x, https:\/\/i0.wp.com\/lasprimeras.com.do\/wp-content\/uploads\/2023\/10\/Captura-de-pantalla-2023-10-18-140654-8.jpg?resize=700%2C400&ssl=1 2x"},"classes":[]},{"id":66764,"url":"https:\/\/lasprimeras.com.do\/index.php\/2023\/11\/09\/hospital-robert-reid-amanece-con-66-casos-sospechosos-de-dengue-y-10-camas-disponibles\/","url_meta":{"origin":72381,"position":1},"title":"Hospital Robert Reid amanece con 66 casos sospechosos de dengue y 10 camas disponibles","author":"Nelson Feliz","date":"9 de noviembre de 2023","format":false,"excerpt":"La incidencia del dengue en territorio dominicano sigue dejando secuelas. El mi\u00e9rcoles se reportaron 19 defunciones, con 0.1% de letalidad, as\u00ed como 1,248 casos correspondientes a la Semana Epidemiol\u00f3gica n\u00famero 43. Con al menos 66 pacientes sospechosos de dengue ha amanecido este jueves el Hospital Pedi\u00e1trico Robert Reid Cabral y\u2026","rel":"","context":"En \u00abSin categor\u00eda\u00bb","block_context":{"text":"Sin categor\u00eda","link":"https:\/\/lasprimeras.com.do\/index.php\/category\/sin-categoria\/"},"img":{"alt_text":"Robert Reid Cabral","src":"https:\/\/i0.wp.com\/lasprimeras.com.do\/wp-content\/uploads\/2023\/11\/Robert-Reid-Cabral.jpg?resize=350%2C200&ssl=1","width":350,"height":200,"srcset":"https:\/\/i0.wp.com\/lasprimeras.com.do\/wp-content\/uploads\/2023\/11\/Robert-Reid-Cabral.jpg?resize=350%2C200&ssl=1 1x, https:\/\/i0.wp.com\/lasprimeras.com.do\/wp-content\/uploads\/2023\/11\/Robert-Reid-Cabral.jpg?resize=525%2C300&ssl=1 1.5x, https:\/\/i0.wp.com\/lasprimeras.com.do\/wp-content\/uploads\/2023\/11\/Robert-Reid-Cabral.jpg?resize=700%2C400&ssl=1 2x"},"classes":[]},{"id":62102,"url":"https:\/\/lasprimeras.com.do\/index.php\/2023\/10\/03\/se-registra-ligera-baja-en-ingresos-por-el-dengue\/","url_meta":{"origin":72381,"position":2},"title":"Se registra ligera baja en ingresos por el dengue","author":"BIMARY DE JES\u00daS Matos","date":"3 de octubre de 2023","format":false,"excerpt":"Santo Domingo.-La semana inici\u00f3 con una ligera reducci\u00f3n en las notificaciones de internamientos por dengue en los once principales hospitales de la red p\u00fablica que han mantenido una mayor demanda de ingresos a causa del brote de la enfermedad que afecta al pa\u00eds desde hace varias semanas. La ligera reducci\u00f3n\u2026","rel":"","context":"En \u00abNACIONALES\u00bb","block_context":{"text":"NACIONALES","link":"https:\/\/lasprimeras.com.do\/index.php\/category\/nacionales\/"},"img":{"alt_text":"","src":"https:\/\/i0.wp.com\/lasprimeras.com.do\/wp-content\/uploads\/2023\/10\/WhatsApp-Image-2023-10-02-at-6.21.27-PM.jpeg?resize=350%2C200&ssl=1","width":350,"height":200,"srcset":"https:\/\/i0.wp.com\/lasprimeras.com.do\/wp-content\/uploads\/2023\/10\/WhatsApp-Image-2023-10-02-at-6.21.27-PM.jpeg?resize=350%2C200&ssl=1 1x, https:\/\/i0.wp.com\/lasprimeras.com.do\/wp-content\/uploads\/2023\/10\/WhatsApp-Image-2023-10-02-at-6.21.27-PM.jpeg?resize=525%2C300&ssl=1 1.5x, https:\/\/i0.wp.com\/lasprimeras.com.do\/wp-content\/uploads\/2023\/10\/WhatsApp-Image-2023-10-02-at-6.21.27-PM.jpeg?resize=700%2C400&ssl=1 2x"},"classes":[]},{"id":61692,"url":"https:\/\/lasprimeras.com.do\/index.php\/2023\/09\/29\/el-dengue-genera-alta-ocupacion-de-camas-en-hospitales\/","url_meta":{"origin":72381,"position":3},"title":"El dengue genera alta ocupaci\u00f3n de camas en hospitales","author":"Nelson Feliz","date":"29 de septiembre de 2023","format":false,"excerpt":"Ayer los pedi\u00e1tricos Hugo Mendoza y Robert Reid Cabral, ten\u00edan ingresados 94 y 86 pacientes, respectivamente. Una alta ocupaci\u00f3n de camas de pacientes con s\u00edntomas de dengue siguen manteniendo los principales hospitales de la capital y provincias del pa\u00eds. Ayer los pedi\u00e1tricos Hugo Mendoza y Robert Reid Cabral, ten\u00edan ingresados\u2026","rel":"","context":"En \u00abSin categor\u00eda\u00bb","block_context":{"text":"Sin categor\u00eda","link":"https:\/\/lasprimeras.com.do\/index.php\/category\/sin-categoria\/"},"img":{"alt_text":"Madres con sus hijos en brazos siguen copando las \u00e1reas de emergencias.JORGE MART\u00cdNEZ\/LD","src":"https:\/\/i0.wp.com\/lasprimeras.com.do\/wp-content\/uploads\/2023\/09\/Madres-con-sus-hijos-en-brazos-siguen-copando-las-areas-de-emergencias.jpeg?resize=350%2C200&ssl=1","width":350,"height":200,"srcset":"https:\/\/i0.wp.com\/lasprimeras.com.do\/wp-content\/uploads\/2023\/09\/Madres-con-sus-hijos-en-brazos-siguen-copando-las-areas-de-emergencias.jpeg?resize=350%2C200&ssl=1 1x, https:\/\/i0.wp.com\/lasprimeras.com.do\/wp-content\/uploads\/2023\/09\/Madres-con-sus-hijos-en-brazos-siguen-copando-las-areas-de-emergencias.jpeg?resize=525%2C300&ssl=1 1.5x, https:\/\/i0.wp.com\/lasprimeras.com.do\/wp-content\/uploads\/2023\/09\/Madres-con-sus-hijos-en-brazos-siguen-copando-las-areas-de-emergencias.jpeg?resize=700%2C400&ssl=1 2x"},"classes":[]},{"id":61537,"url":"https:\/\/lasprimeras.com.do\/index.php\/2023\/09\/28\/aumentan-a-8772-los-casos-de-dengue-en-lo-que-va-de-ano-se-confirma-un-nuevo-fallecimiento\/","url_meta":{"origin":72381,"position":4},"title":"Aumentan a 8,772 los casos de dengue en lo que va de a\u00f1o; se confirma un nuevo fallecimiento","author":"Nelson Feliz","date":"28 de septiembre de 2023","format":false,"excerpt":"Las autoridades de Salud P\u00fablica reportaron este mi\u00e9rcoles 1,201 nuevos casos sospechosos de dengue detectados durante la semana epidemiol\u00f3gica 37, lo que eleva a 8,772 el total de pacientes con s\u00edntomas de esta enfermedad end\u00e9mica desde el inicio de este a\u00f1o 2023. El viceministro de Salud Colectiva, Eladio P\u00e9rez, confirm\u00f3\u2026","rel":"","context":"En \u00abSin categor\u00eda\u00bb","block_context":{"text":"Sin categor\u00eda","link":"https:\/\/lasprimeras.com.do\/index.php\/category\/sin-categoria\/"},"img":{"alt_text":"","src":"https:\/\/i0.wp.com\/lasprimeras.com.do\/wp-content\/uploads\/2023\/09\/eladio-perez.jpg?resize=350%2C200&ssl=1","width":350,"height":200,"srcset":"https:\/\/i0.wp.com\/lasprimeras.com.do\/wp-content\/uploads\/2023\/09\/eladio-perez.jpg?resize=350%2C200&ssl=1 1x, https:\/\/i0.wp.com\/lasprimeras.com.do\/wp-content\/uploads\/2023\/09\/eladio-perez.jpg?resize=525%2C300&ssl=1 1.5x, https:\/\/i0.wp.com\/lasprimeras.com.do\/wp-content\/uploads\/2023\/09\/eladio-perez.jpg?resize=700%2C400&ssl=1 2x"},"classes":[]},{"id":69966,"url":"https:\/\/lasprimeras.com.do\/index.php\/2023\/12\/07\/se-mantiene-incidencia-del-dengue-y-el-colera\/","url_meta":{"origin":72381,"position":5},"title":"Se mantiene incidencia del dengue y el c\u00f3lera","author":"BIMARY DE JES\u00daS Matos","date":"7 de diciembre de 2023","format":false,"excerpt":"Un total de 1,021 nuevos casos de dengue fueron reportados en la \u00faltima semana en el pa\u00eds, con lo que se elevan a 21,948 los notificados al sistema de vigilancia epidemiol\u00f3gica. Mientras los casos de Covid-19 registraron un ligero aumento y el c\u00f3lera contin\u00faa incidiendo en comunidades de las provincias\u2026","rel":"","context":"En \u00abPORTADA\u00bb","block_context":{"text":"PORTADA","link":"https:\/\/lasprimeras.com.do\/index.php\/category\/portada\/"},"img":{"alt_text":"","src":"https:\/\/i0.wp.com\/lasprimeras.com.do\/wp-content\/uploads\/2023\/12\/393167618_841220321343819_1805512503651010400_n-1.jpg?resize=350%2C200&ssl=1","width":350,"height":200,"srcset":"https:\/\/i0.wp.com\/lasprimeras.com.do\/wp-content\/uploads\/2023\/12\/393167618_841220321343819_1805512503651010400_n-1.jpg?resize=350%2C200&ssl=1 1x, https:\/\/i0.wp.com\/lasprimeras.com.do\/wp-content\/uploads\/2023\/12\/393167618_841220321343819_1805512503651010400_n-1.jpg?resize=525%2C300&ssl=1 1.5x, https:\/\/i0.wp.com\/lasprimeras.com.do\/wp-content\/uploads\/2023\/12\/393167618_841220321343819_1805512503651010400_n-1.jpg?resize=700%2C400&ssl=1 2x"},"classes":[]}],"jetpack_sharing_enabled":true,"_links":{"self":[{"href":"https:\/\/lasprimeras.com.do\/index.php\/wp-json\/wp\/v2\/posts\/72381","targetHints":{"allow":["GET"]}}],"collection":[{"href":"https:\/\/lasprimeras.com.do\/index.php\/wp-json\/wp\/v2\/posts"}],"about":[{"href":"https:\/\/lasprimeras.com.do\/index.php\/wp-json\/wp\/v2\/types\/post"}],"author":[{"embeddable":true,"href":"https:\/\/lasprimeras.com.do\/index.php\/wp-json\/wp\/v2\/users\/3"}],"replies":[{"embeddable":true,"href":"https:\/\/lasprimeras.com.do\/index.php\/wp-json\/wp\/v2\/comments?post=72381"}],"version-history":[{"count":1,"href":"https:\/\/lasprimeras.com.do\/index.php\/wp-json\/wp\/v2\/posts\/72381\/revisions"}],"predecessor-version":[{"id":72384,"href":"https:\/\/lasprimeras.com.do\/index.php\/wp-json\/wp\/v2\/posts\/72381\/revisions\/72384"}],"wp:featuredmedia":[{"embeddable":true,"href":"https:\/\/lasprimeras.com.do\/index.php\/wp-json\/wp\/v2\/media\/72383"}],"wp:attachment":[{"href":"https:\/\/lasprimeras.com.do\/index.php\/wp-json\/wp\/v2\/media?parent=72381"}],"wp:term":[{"taxonomy":"category","embeddable":true,"href":"https:\/\/lasprimeras.com.do\/index.php\/wp-json\/wp\/v2\/categories?post=72381"},{"taxonomy":"post_tag","embeddable":true,"href":"https:\/\/lasprimeras.com.do\/index.php\/wp-json\/wp\/v2\/tags?post=72381"}],"curies":[{"name":"wp","href":"https:\/\/api.w.org\/{rel}","templated":true}]}}