{"id":72394,"date":"2023-12-29T06:58:27","date_gmt":"2023-12-29T10:58:27","guid":{"rendered":"https:\/\/lasprimeras.com.do\/?p=72394"},"modified":"2023-12-29T06:58:29","modified_gmt":"2023-12-29T10:58:29","slug":"kany-garcia-ofrece-concierto-en-carcel-de-mujeres-por-motivo-de-navidad","status":"publish","type":"post","link":"https:\/\/lasprimeras.com.do\/index.php\/2023\/12\/29\/kany-garcia-ofrece-concierto-en-carcel-de-mujeres-por-motivo-de-navidad\/","title":{"rendered":"Kany Garc\u00eda ofrece concierto en c\u00e1rcel de mujeres por motivo de Navidad"},"content":{"rendered":"\n<p>Santo Domingo.-La cantautora puertorrique\u00f1a Kany Garc\u00eda sorprendi\u00f3 a privadas de libertad del Complejo de Rehabilitaci\u00f3n para Mujeres de Bayam\u00f3n, Puerto Rico, con un concierto por motivo de Navidad.<\/p>\n\n\n\n<p>Garc\u00eda, de 41 a\u00f1os, comparti\u00f3 el momento con sus seguidores a trav\u00e9s de una publicaci\u00f3n en Instagram donde cont\u00f3 su experiencia con las presidiarias.<\/p>\n\n\n\n<p>La artista estuvo acompa\u00f1ada de varios amigos, su equipo de trabajo y su pareja, Jocelyn Troche, durante su visita a la c\u00e1rcel, en la que deleit\u00f3 a las internas con temas como \u00abAg\u00fcita e\u2019 coco\u00bb, \u00abAlguien\u00bb y \u00abTe lo agradezco\u00bb, adem\u00e1s de entonar villancicos populares.<\/p>\n\n\n\n<p>\u00abSiempre es duro entrar a un lugar que te recuerda constantemente que tenemos una deuda pendiente con la sociedad. Cada vez que entro a la c\u00e1rcel, me toca redefinir la palabra justicia\u00bb, dijo Garc\u00eda en sus redes sociales.<\/p>\n\n\n\n<p>Y a\u00f1adi\u00f3: \u00ab\u00a1Con un poco de humanidad y empat\u00eda, somos capaces de cosas infinitas! \u00a1Seamos m\u00e1s grandes cada d\u00eda! Ayer fue especial para mi equipo, para mi esposa, para amigas maravillosas que me acompa\u00f1aron y para m\u00ed el poder pasarlo con las chicas del Complejo de Rehabilitaci\u00f3n para Mujeres \u00a1Feliz Navidad para toda persona! \u00a1Amemos un poco m\u00e1s!\u00bb.<\/p>\n","protected":false},"excerpt":{"rendered":"<p>Santo Domingo.-La cantautora puertorrique\u00f1a Kany Garc\u00eda sorprendi\u00f3 a privadas de libertad del Complejo de Rehabilitaci\u00f3n para Mujeres de Bayam\u00f3n, Puerto Rico, con un concierto por motivo de Navidad. Garc\u00eda, de&hellip;<\/p>\n","protected":false},"author":3,"featured_media":72395,"comment_status":"open","ping_status":"open","sticky":false,"template":"","format":"standard","meta":{"content-type":"","jetpack_post_was_ever_published":false,"_jetpack_newsletter_access":"","_jetpack_dont_email_post_to_subs":false,"_jetpack_newsletter_tier_id":0,"_jetpack_memberships_contains_paywalled_content":false,"_jetpack_memberships_contains_paid_content":false,"footnotes":""},"categories":[84],"tags":[],"class_list":["post-72394","post","type-post","status-publish","format-standard","has-post-thumbnail","hentry","category-entretenimiento"],"jetpack_featured_media_url":"https:\/\/lasprimeras.com.do\/wp-content\/uploads\/2023\/12\/WhatsApp-Image-2023-12-28-at-10.42.13-PM-4.jpeg","jetpack-related-posts":[{"id":75795,"url":"https:\/\/lasprimeras.com.do\/index.php\/2024\/02\/05\/kany-garcia-entrega-tres-noches-de-musica-a-sus-fanaticos-de-rd\/","url_meta":{"origin":72394,"position":0},"title":"Kany Garc\u00eda entrega tres noches de m\u00fasica a sus fan\u00e1ticos de RD","author":"BIMARY DE JES\u00daS Matos","date":"5 de febrero de 2024","format":false,"excerpt":"Santo Domingo.-La cantante boricua Kany Garc\u00eda tuvo tres noches de \u201cromance\u201d con el p\u00fablico dominicano que abarrot\u00f3 cada concierto ofrecidos el viernes, s\u00e1bado y ayer domingo en el Teatro Nacional. La complicidad que muestran ella y sus fan\u00e1ticos es incre\u00edble al punto que sus canciones son cantadas casi todas a\u2026","rel":"","context":"En \u00abENTRETENIMIENTO\u00bb","block_context":{"text":"ENTRETENIMIENTO","link":"https:\/\/lasprimeras.com.do\/index.php\/category\/entretenimiento\/"},"img":{"alt_text":"","src":"https:\/\/i0.wp.com\/lasprimeras.com.do\/wp-content\/uploads\/2024\/02\/CANDIDATO-A-REGIDOR-Justicia-Social-JOSUE-MENDEZ-APOYARA-A-DIO-ASTACIO-DEL-PRM-12.webp?resize=350%2C200&ssl=1","width":350,"height":200,"srcset":"https:\/\/i0.wp.com\/lasprimeras.com.do\/wp-content\/uploads\/2024\/02\/CANDIDATO-A-REGIDOR-Justicia-Social-JOSUE-MENDEZ-APOYARA-A-DIO-ASTACIO-DEL-PRM-12.webp?resize=350%2C200&ssl=1 1x, https:\/\/i0.wp.com\/lasprimeras.com.do\/wp-content\/uploads\/2024\/02\/CANDIDATO-A-REGIDOR-Justicia-Social-JOSUE-MENDEZ-APOYARA-A-DIO-ASTACIO-DEL-PRM-12.webp?resize=525%2C300&ssl=1 1.5x, https:\/\/i0.wp.com\/lasprimeras.com.do\/wp-content\/uploads\/2024\/02\/CANDIDATO-A-REGIDOR-Justicia-Social-JOSUE-MENDEZ-APOYARA-A-DIO-ASTACIO-DEL-PRM-12.webp?resize=700%2C400&ssl=1 2x, https:\/\/i0.wp.com\/lasprimeras.com.do\/wp-content\/uploads\/2024\/02\/CANDIDATO-A-REGIDOR-Justicia-Social-JOSUE-MENDEZ-APOYARA-A-DIO-ASTACIO-DEL-PRM-12.webp?resize=1050%2C600&ssl=1 3x, https:\/\/i0.wp.com\/lasprimeras.com.do\/wp-content\/uploads\/2024\/02\/CANDIDATO-A-REGIDOR-Justicia-Social-JOSUE-MENDEZ-APOYARA-A-DIO-ASTACIO-DEL-PRM-12.webp?resize=1400%2C800&ssl=1 4x"},"classes":[]},{"id":75642,"url":"https:\/\/lasprimeras.com.do\/index.php\/2024\/02\/03\/entre-anecdotas-y-canciones-kany-garcia-inicia-su-fin-de-semana-en-el-teatro-nacional\/","url_meta":{"origin":72394,"position":1},"title":"Entre an\u00e9cdotas y canciones, Kany Garc\u00eda inicia su fin de semana en el Teatro Nacional","author":"BIMARY DE JES\u00daS Matos","date":"3 de febrero de 2024","format":false,"excerpt":"Santo Domingo.-A Kany Garc\u00eda le pas\u00f3 algo con Rep\u00fablica Dominicana y es que la cantautora puertorrique\u00f1a se siente \u201ccompletamente feliz\u201d en esta media isla y los dominicanos se lo agradecen llenando sus conciertos, no solo una noche, sino tres como en esta ocasi\u00f3n. La artista present\u00f3 la noche de este\u2026","rel":"","context":"En \u00abENTRETENIMIENTO\u00bb","block_context":{"text":"ENTRETENIMIENTO","link":"https:\/\/lasprimeras.com.do\/index.php\/category\/entretenimiento\/"},"img":{"alt_text":"","src":"https:\/\/i0.wp.com\/lasprimeras.com.do\/wp-content\/uploads\/2024\/02\/Conoceran-esta-tarde-solicitud-de-cese-de-medida-de-coercion-a-Jean-Alain-Rodriguez-1.jpg?resize=350%2C200&ssl=1","width":350,"height":200,"srcset":"https:\/\/i0.wp.com\/lasprimeras.com.do\/wp-content\/uploads\/2024\/02\/Conoceran-esta-tarde-solicitud-de-cese-de-medida-de-coercion-a-Jean-Alain-Rodriguez-1.jpg?resize=350%2C200&ssl=1 1x, https:\/\/i0.wp.com\/lasprimeras.com.do\/wp-content\/uploads\/2024\/02\/Conoceran-esta-tarde-solicitud-de-cese-de-medida-de-coercion-a-Jean-Alain-Rodriguez-1.jpg?resize=525%2C300&ssl=1 1.5x, https:\/\/i0.wp.com\/lasprimeras.com.do\/wp-content\/uploads\/2024\/02\/Conoceran-esta-tarde-solicitud-de-cese-de-medida-de-coercion-a-Jean-Alain-Rodriguez-1.jpg?resize=700%2C400&ssl=1 2x"},"classes":[]},{"id":69192,"url":"https:\/\/lasprimeras.com.do\/index.php\/2023\/11\/30\/kany-garcia-tendra-una-tercera-funcion-en-el-teatro-nacional\/","url_meta":{"origin":72394,"position":2},"title":"Kany Garc\u00eda tendr\u00e1 una tercera funci\u00f3n en el Teatro Nacional","author":"BIMARY DE JES\u00daS Matos","date":"30 de noviembre de 2023","format":false,"excerpt":"Santo Domingo.-La cantautora puertorrique\u00f1a, Kany Garc\u00eda tendr\u00e1 un tercer encuentro con los dominicanos el 4 de febrero de 2024 en el Teatro Nacional. Tras vender las dos primeras fechas, el 2 y 3 de febrero en el mismo lugar, la artista anunci\u00f3 la nueva cita cita con los dominicanos. \u201c\u00a1Locura,\u2026","rel":"","context":"En \u00abENTRETENIMIENTO\u00bb","block_context":{"text":"ENTRETENIMIENTO","link":"https:\/\/lasprimeras.com.do\/index.php\/category\/entretenimiento\/"},"img":{"alt_text":"","src":"https:\/\/i0.wp.com\/lasprimeras.com.do\/wp-content\/uploads\/2023\/11\/Noticias-9.jpg?resize=350%2C200&ssl=1","width":350,"height":200,"srcset":"https:\/\/i0.wp.com\/lasprimeras.com.do\/wp-content\/uploads\/2023\/11\/Noticias-9.jpg?resize=350%2C200&ssl=1 1x, https:\/\/i0.wp.com\/lasprimeras.com.do\/wp-content\/uploads\/2023\/11\/Noticias-9.jpg?resize=525%2C300&ssl=1 1.5x"},"classes":[]},{"id":68769,"url":"https:\/\/lasprimeras.com.do\/index.php\/2023\/11\/27\/kany-garcia-se-reencontrara-con-los-dominicanos-el-2-de-febrero-en-el-teatro-nacional\/","url_meta":{"origin":72394,"position":3},"title":"Kany Garc\u00eda se reencontrar\u00e1 con los dominicanos el 2 de febrero en el Teatro Nacional","author":"BIMARY DE JES\u00daS Matos","date":"27 de noviembre de 2023","format":false,"excerpt":"Santo Domingo.-La cantautora puertorrique\u00f1a, Kany Garc\u00eda se reencontrar\u00e1 con su fan\u00e1ticos dominicanos el pr\u00f3ximo 2 de febrero en el Teatro Nacional. \u201cLlevo meses leyendo sus mensajes y ansiosa de poder contarles sobre esta sorpresa que les ten\u00eda preparada. El 2024 la fiesta empieza con ustedes. Nos vemos el 2 de\u2026","rel":"","context":"En \u00abENTRETENIMIENTO\u00bb","block_context":{"text":"ENTRETENIMIENTO","link":"https:\/\/lasprimeras.com.do\/index.php\/category\/entretenimiento\/"},"img":{"alt_text":"","src":"https:\/\/i0.wp.com\/lasprimeras.com.do\/wp-content\/uploads\/2023\/11\/WhatsApp-Image-2023-11-27-at-12.49.03-PM-2.jpeg?resize=350%2C200&ssl=1","width":350,"height":200,"srcset":"https:\/\/i0.wp.com\/lasprimeras.com.do\/wp-content\/uploads\/2023\/11\/WhatsApp-Image-2023-11-27-at-12.49.03-PM-2.jpeg?resize=350%2C200&ssl=1 1x, https:\/\/i0.wp.com\/lasprimeras.com.do\/wp-content\/uploads\/2023\/11\/WhatsApp-Image-2023-11-27-at-12.49.03-PM-2.jpeg?resize=525%2C300&ssl=1 1.5x, https:\/\/i0.wp.com\/lasprimeras.com.do\/wp-content\/uploads\/2023\/11\/WhatsApp-Image-2023-11-27-at-12.49.03-PM-2.jpeg?resize=700%2C400&ssl=1 2x"},"classes":[]},{"id":68941,"url":"https:\/\/lasprimeras.com.do\/index.php\/2023\/11\/29\/estos-son-los-precios-para-ver-a-kany-garcia-en-el-teatro-nacional\/","url_meta":{"origin":72394,"position":4},"title":"Estos son los precios para ver a Kany Garc\u00eda en el Teatro Nacional","author":"BIMARY DE JES\u00daS Matos","date":"29 de noviembre de 2023","format":false,"excerpt":"RD.-Las boletas para ver a la cantautora puertorrique\u00f1a, Kany Garc\u00eda el pr\u00f3ximo 2 de febrero en el Teatro Nacional, ya est\u00e1n disponibles. Los precios van de RD$4,800 a RD$9,500. La venta de las entradas del concierto inici\u00f3 este 28 de noviembre a las 10 de la ma\u00f1ana a trav\u00e9s de\u2026","rel":"","context":"En \u00abENTRETENIMIENTO\u00bb","block_context":{"text":"ENTRETENIMIENTO","link":"https:\/\/lasprimeras.com.do\/index.php\/category\/entretenimiento\/"},"img":{"alt_text":"","src":"https:\/\/i0.wp.com\/lasprimeras.com.do\/wp-content\/uploads\/2023\/11\/PhotoFrame-3-3.jpg?resize=350%2C200&ssl=1","width":350,"height":200,"srcset":"https:\/\/i0.wp.com\/lasprimeras.com.do\/wp-content\/uploads\/2023\/11\/PhotoFrame-3-3.jpg?resize=350%2C200&ssl=1 1x, https:\/\/i0.wp.com\/lasprimeras.com.do\/wp-content\/uploads\/2023\/11\/PhotoFrame-3-3.jpg?resize=525%2C300&ssl=1 1.5x"},"classes":[]},{"id":77698,"url":"https:\/\/lasprimeras.com.do\/index.php\/2024\/02\/24\/una-bachata-une-por-primera-vez-las-voces-de-kany-garcia-y-young-miko\/","url_meta":{"origin":72394,"position":5},"title":"Una bachata une por primera vez las voces de Kany Garc\u00eda y Young Miko","author":"BIMARY DE JES\u00daS Matos","date":"24 de febrero de 2024","format":false,"excerpt":"Puerto Rico. -La cantautora puertorrique\u00f1a Kany Garc\u00eda se une por primera vez a la artista urbana Young Miko en su nueva colaboraci\u00f3n musical, \u201cEn esta boca\u201d que estrena hoy jueves, 22 de febrero a trav\u00e9s de todas las plataformas digitales. Este tema formar\u00e1 parte del pr\u00f3ximo \u00e1lbum de estudio de\u2026","rel":"","context":"En \u00abENTRETENIMIENTO\u00bb","block_context":{"text":"ENTRETENIMIENTO","link":"https:\/\/lasprimeras.com.do\/index.php\/category\/entretenimiento\/"},"img":{"alt_text":"","src":"https:\/\/i0.wp.com\/lasprimeras.com.do\/wp-content\/uploads\/2024\/02\/65d94a9085f07.r_d.489-355.jpeg?resize=350%2C200&ssl=1","width":350,"height":200,"srcset":"https:\/\/i0.wp.com\/lasprimeras.com.do\/wp-content\/uploads\/2024\/02\/65d94a9085f07.r_d.489-355.jpeg?resize=350%2C200&ssl=1 1x, https:\/\/i0.wp.com\/lasprimeras.com.do\/wp-content\/uploads\/2024\/02\/65d94a9085f07.r_d.489-355.jpeg?resize=525%2C300&ssl=1 1.5x, https:\/\/i0.wp.com\/lasprimeras.com.do\/wp-content\/uploads\/2024\/02\/65d94a9085f07.r_d.489-355.jpeg?resize=700%2C400&ssl=1 2x"},"classes":[]}],"jetpack_sharing_enabled":true,"_links":{"self":[{"href":"https:\/\/lasprimeras.com.do\/index.php\/wp-json\/wp\/v2\/posts\/72394","targetHints":{"allow":["GET"]}}],"collection":[{"href":"https:\/\/lasprimeras.com.do\/index.php\/wp-json\/wp\/v2\/posts"}],"about":[{"href":"https:\/\/lasprimeras.com.do\/index.php\/wp-json\/wp\/v2\/types\/post"}],"author":[{"embeddable":true,"href":"https:\/\/lasprimeras.com.do\/index.php\/wp-json\/wp\/v2\/users\/3"}],"replies":[{"embeddable":true,"href":"https:\/\/lasprimeras.com.do\/index.php\/wp-json\/wp\/v2\/comments?post=72394"}],"version-history":[{"count":1,"href":"https:\/\/lasprimeras.com.do\/index.php\/wp-json\/wp\/v2\/posts\/72394\/revisions"}],"predecessor-version":[{"id":72396,"href":"https:\/\/lasprimeras.com.do\/index.php\/wp-json\/wp\/v2\/posts\/72394\/revisions\/72396"}],"wp:featuredmedia":[{"embeddable":true,"href":"https:\/\/lasprimeras.com.do\/index.php\/wp-json\/wp\/v2\/media\/72395"}],"wp:attachment":[{"href":"https:\/\/lasprimeras.com.do\/index.php\/wp-json\/wp\/v2\/media?parent=72394"}],"wp:term":[{"taxonomy":"category","embeddable":true,"href":"https:\/\/lasprimeras.com.do\/index.php\/wp-json\/wp\/v2\/categories?post=72394"},{"taxonomy":"post_tag","embeddable":true,"href":"https:\/\/lasprimeras.com.do\/index.php\/wp-json\/wp\/v2\/tags?post=72394"}],"curies":[{"name":"wp","href":"https:\/\/api.w.org\/{rel}","templated":true}]}}