{"id":72417,"date":"2023-12-29T08:15:24","date_gmt":"2023-12-29T12:15:24","guid":{"rendered":"https:\/\/lasprimeras.com.do\/?p=72417"},"modified":"2023-12-29T08:15:26","modified_gmt":"2023-12-29T12:15:26","slug":"luis-el-gallo-entrego-miles-de-fundas-y-bonos-navidenos-a-los-pobres","status":"publish","type":"post","link":"https:\/\/lasprimeras.com.do\/index.php\/2023\/12\/29\/luis-el-gallo-entrego-miles-de-fundas-y-bonos-navidenos-a-los-pobres\/","title":{"rendered":"Luis \u201cEl Gallo\u201d entreg\u00f3 miles de fundas y Bonos Navide\u00f1os a los pobres"},"content":{"rendered":"\n<p>El presidente de la Uni\u00f3n Dem\u00f3crata Cristiana -UDC, Luis Acosta Moreta, Luis \u201cEl Gallo\u201d, dijo hoy que por disposici\u00f3n del presidente Luis Abinader, en la etapa de la Navidad asisti\u00f3 con fundas de alimentos y Bonos Navide\u00f1os, a miles de personas residentes en barrios pobres.<\/p>\n\n\n\n<p>A\u00f1adi\u00f3 que tambi\u00e9n se entregaron los alimentos y los Bonos en hospitales del Estado, policl\u00ednicas, escuelas, Juntas de Vecinos. Grupos de moto-conchistas, paradas de autobuses y a buhoneros y chiriperos. En todos los actos la alegr\u00eda navide\u00f1a fue llevada por el Batton Ballet y la Banda Imperial de la UDC.<\/p>\n\n\n\n<p>Apunt\u00f3 que en ese marco se celebr\u00f3 el 30 aniversario de la cena con los internos del Leprocomio de Nigua, una tradici\u00f3n que lleva la alegr\u00eda a los leprosos, que en muchas ocasiones son olvidados y excluidos por la sociedad.<\/p>\n\n\n\n<p>En el Hospital Padre Billini, se asisti\u00f3 a los enfermos bajo tratamiento en el departamento de Di\u00e1lisis. Antes de entrar en receso las escuelas p\u00fablicas, se visit\u00f3 a numerosos planteles.<\/p>\n\n\n\n<p>En el recorrido del Aguinaldo Navide\u00f1o de Luis \u201cEl Gallo\u201d, se llev\u00f3 el operativo a los sectores de Herrera, Los Mina, Villa Duarte, Ciudad Nueva, Los Kil\u00f3metros, Villa Juana, Villa Francisca, Los Alcarrizos, Herrera, entre otros.<\/p>\n\n\n\n<p>En la Nueva Barquita, adem\u00e1s del reparto de fundas de comida y Bonos, Luis \u201cEl Gallo\u201d tuvo un almuerzo, que fue bendecido por el padre Alegria, y cont\u00f3 con la asistencia de los miembros de las Juntas de Vecinos y moradores del sector.<\/p>\n\n\n\n<p>\u201cRcibimos y ejecutamos el mensaje del presidente Abinader de que para la Noche Buena la cena y los alimentos ten\u00edan que llegar a todos los hogares pobres de la Rep\u00fablica Dominicana\u201d, dijo.<\/p>\n\n\n\n<p>A\u00f1adi\u00f3 que la UDC, y su equipo de trabajadores sociales, visitaron barrios cuyos moradores viven con grandes precariedades y una miseria extrema, como son los que tienen casuchas a la orilla del R\u00edo Ozama.<\/p>\n\n\n\n<p>Destac\u00f3 que una de las grandes experiencias fue llevar la cena y Bonos Navide\u00f1os a residentes en la calle 42 de Capotillo, donde en ocasiones la Polic\u00eda se\u00f1ala que es un \u00e1rea de alta peligrosidad.<\/p>\n\n\n\n<p>\u201cPero nosotros fuimos sin guarda-espaldas, sin seguridad, llevando las fundas con alimentos y los bonos Navide\u00f1os, y lo que recibimos fue el calor y la solidaridad de los moradores de ese sector de Cristo Rey\u201d, apunt\u00f3.<\/p>\n\n\n\n<p>Enfatiz\u00f3 que tambi\u00e9n fue a barrios que muchos llaman calientes, donde los residentes necesitan la mano amiga que vaya en su auxilio, como Las Ca\u00f1itas, La 20, el Siete y Media de la carretera S\u00e1nchez, Vietnam, en Los Minas, y El Dique, debajo del puente de la 17.<\/p>\n\n\n\n<p>Luis \u201cEl Gallo\u201d reparti\u00f3 Bonos Navide\u00f1os a los vendedores callejeros situados en las avenidas Winston Churchil, George Washington, Abraham Lincoln, M\u00e1ximo G\u00f3mez, 27 de Febrero y San Mart\u00edn.<\/p>\n","protected":false},"excerpt":{"rendered":"<p>El presidente de la Uni\u00f3n Dem\u00f3crata Cristiana -UDC, Luis Acosta Moreta, Luis \u201cEl Gallo\u201d, dijo hoy que por disposici\u00f3n del presidente Luis Abinader, en la etapa de la Navidad asisti\u00f3&hellip;<\/p>\n","protected":false},"author":2,"featured_media":71874,"comment_status":"open","ping_status":"open","sticky":false,"template":"","format":"standard","meta":{"content-type":"","jetpack_post_was_ever_published":false,"_jetpack_newsletter_access":"","_jetpack_dont_email_post_to_subs":false,"_jetpack_newsletter_tier_id":0,"_jetpack_memberships_contains_paywalled_content":false,"_jetpack_memberships_contains_paid_content":false,"footnotes":""},"categories":[25],"tags":[10272,7611,1208,9341,2494,2234],"class_list":["post-72417","post","type-post","status-publish","format-standard","has-post-thumbnail","hentry","category-portada","tag-bonos-navidenos","tag-fundas","tag-luis-el-gallo","tag-navidad","tag-pobres","tag-udc"],"jetpack_featured_media_url":"https:\/\/lasprimeras.com.do\/wp-content\/uploads\/2023\/12\/Cena-Navidena.jpg","jetpack-related-posts":[{"id":71498,"url":"https:\/\/lasprimeras.com.do\/index.php\/2023\/12\/20\/presidente-de-la-udc-pide-a-luis-abinader-ayudar-a-los-motoconchistas\/","url_meta":{"origin":72417,"position":0},"title":"Presidente de la UDC pide a Luis Abinader ayudar a los motoconchistas","author":"Nelson Feliz","date":"20 de diciembre de 2023","format":false,"excerpt":"Luis \u201cEl Gallo\u201d reparte Bonos Navide\u00f1os en La 20, Villa Juana. El presidente de la Uni\u00f3n Dem\u00f3crata Cristiana \u2013UDC-, Luis Acosta Moreta, Luis \u201cEl Gallo\u201d, pidi\u00f3 hoy al presidente Luis Abinader que disponga ayuda y asistencia social para mejorar las condiciones de vida de los motoconchistas, que realizan un esforzado\u2026","rel":"","context":"En \u00abPORTADA\u00bb","block_context":{"text":"PORTADA","link":"https:\/\/lasprimeras.com.do\/index.php\/category\/portada\/"},"img":{"alt_text":"Luis Acosta Moreta","src":"https:\/\/i0.wp.com\/lasprimeras.com.do\/wp-content\/uploads\/2023\/12\/Luis-Acosta-Moreta-3.jpg?resize=350%2C200&ssl=1","width":350,"height":200,"srcset":"https:\/\/i0.wp.com\/lasprimeras.com.do\/wp-content\/uploads\/2023\/12\/Luis-Acosta-Moreta-3.jpg?resize=350%2C200&ssl=1 1x, https:\/\/i0.wp.com\/lasprimeras.com.do\/wp-content\/uploads\/2023\/12\/Luis-Acosta-Moreta-3.jpg?resize=525%2C300&ssl=1 1.5x, https:\/\/i0.wp.com\/lasprimeras.com.do\/wp-content\/uploads\/2023\/12\/Luis-Acosta-Moreta-3.jpg?resize=700%2C400&ssl=1 2x"},"classes":[]},{"id":71873,"url":"https:\/\/lasprimeras.com.do\/index.php\/2023\/12\/24\/luis-el-gallo-dice-mision-cumplida-senor-presidente-nadie-se-acuesta-sin-su-cena-de-navidad\/","url_meta":{"origin":72417,"position":1},"title":"Luis \u201cEl Gallo\u201d dice misi\u00f3n cumplida Se\u00f1or Presidente, nadie se acuesta sin su cena de Navidad","author":"Nelson Feliz","date":"24 de diciembre de 2023","format":false,"excerpt":"Convirtiendo en realidad la disposici\u00f3n del presidente Luis Abinader de que nadie se acueste sin la Cena Navide\u00f1a, Luis Acosta Moreta, Luis \u201cEl Gallo\u201d, recorri\u00f3 hoy decenas de barrios marginados de Santo Domingo, San Crist\u00f3bal y Azua, llevando alimentos y los Bonos Navide\u00f1os. El presidente de la Uni\u00f3n Dem\u00f3crata Cristiana\u2026","rel":"","context":"En \u00abPORTADA\u00bb","block_context":{"text":"PORTADA","link":"https:\/\/lasprimeras.com.do\/index.php\/category\/portada\/"},"img":{"alt_text":"Cena Navide\u00f1a","src":"https:\/\/i0.wp.com\/lasprimeras.com.do\/wp-content\/uploads\/2023\/12\/Cena-Navidena.jpg?resize=350%2C200&ssl=1","width":350,"height":200,"srcset":"https:\/\/i0.wp.com\/lasprimeras.com.do\/wp-content\/uploads\/2023\/12\/Cena-Navidena.jpg?resize=350%2C200&ssl=1 1x, https:\/\/i0.wp.com\/lasprimeras.com.do\/wp-content\/uploads\/2023\/12\/Cena-Navidena.jpg?resize=525%2C300&ssl=1 1.5x, https:\/\/i0.wp.com\/lasprimeras.com.do\/wp-content\/uploads\/2023\/12\/Cena-Navidena.jpg?resize=700%2C400&ssl=1 2x"},"classes":[]},{"id":71615,"url":"https:\/\/lasprimeras.com.do\/index.php\/2023\/12\/21\/udc-exige-proteccion-para-emprendedores-chiriperos-y-buhoneros\/","url_meta":{"origin":72417,"position":2},"title":"UDC exige protecci\u00f3n para emprendedores, chiriperos y buhoneros","author":"Nelson Feliz","date":"21 de diciembre de 2023","format":false,"excerpt":"El presidente de la Uni\u00f3n Dem\u00f3crata Cristiana \u2013UDC-, Luis Acosta Moreta, Luis \u201cEl Gallo\u201d, dijo hoy que los emprendedores, los chiriperos y los buhoneros, constituyen la espina dorsal de la econom\u00eda de los pobres, sosteniendo sus familias vendiendo en las calles o en peque\u00f1os negocios. Agreg\u00f3 que los inconvenientes para\u2026","rel":"","context":"En \u00abPORTADA\u00bb","block_context":{"text":"PORTADA","link":"https:\/\/lasprimeras.com.do\/index.php\/category\/portada\/"},"img":{"alt_text":"Luis Acosta Moreta","src":"https:\/\/i0.wp.com\/lasprimeras.com.do\/wp-content\/uploads\/2023\/12\/Luis-Acosta-Moreta-1-2.jpg?resize=350%2C200&ssl=1","width":350,"height":200,"srcset":"https:\/\/i0.wp.com\/lasprimeras.com.do\/wp-content\/uploads\/2023\/12\/Luis-Acosta-Moreta-1-2.jpg?resize=350%2C200&ssl=1 1x, https:\/\/i0.wp.com\/lasprimeras.com.do\/wp-content\/uploads\/2023\/12\/Luis-Acosta-Moreta-1-2.jpg?resize=525%2C300&ssl=1 1.5x"},"classes":[]},{"id":91466,"url":"https:\/\/lasprimeras.com.do\/index.php\/2024\/11\/24\/luis-el-gallo-arranca-la-navidad-por-la-patria\/","url_meta":{"origin":72417,"position":3},"title":"Luis El Gallo arranca la navidad por la patria","author":"Nelson Feliz","date":"24 de noviembre de 2024","format":false,"excerpt":"\u00a1\u00a1Sin tradici\u00f3n no hay naci\u00f3n!! El presidente del Partido Uni\u00f3n Dem\u00f3crata Cristiana (UDC), Luis Acosta Moreta, Luis \"El Gallo\u201d, inaugur\u00f3 oficialmente la temporada navide\u00f1a en el pa\u00eds con una emotiva celebraci\u00f3n que resalta la importancia de la tradici\u00f3n y la solidaridad en la Rep\u00fablica Dominicana. Este evento, que se llev\u00f3\u2026","rel":"","context":"En \u00abNACIONALES\u00bb","block_context":{"text":"NACIONALES","link":"https:\/\/lasprimeras.com.do\/index.php\/category\/nacionales\/"},"img":{"alt_text":"","src":"https:\/\/i0.wp.com\/lasprimeras.com.do\/wp-content\/uploads\/2024\/11\/UDC-1.jpg?resize=350%2C200&ssl=1","width":350,"height":200,"srcset":"https:\/\/i0.wp.com\/lasprimeras.com.do\/wp-content\/uploads\/2024\/11\/UDC-1.jpg?resize=350%2C200&ssl=1 1x, https:\/\/i0.wp.com\/lasprimeras.com.do\/wp-content\/uploads\/2024\/11\/UDC-1.jpg?resize=525%2C300&ssl=1 1.5x, https:\/\/i0.wp.com\/lasprimeras.com.do\/wp-content\/uploads\/2024\/11\/UDC-1.jpg?resize=700%2C400&ssl=1 2x"},"classes":[]},{"id":70060,"url":"https:\/\/lasprimeras.com.do\/index.php\/2023\/12\/08\/udc-llega-a-barrios-marginados-con-aguinaldo-y-encendido-arbolito-navideno\/","url_meta":{"origin":72417,"position":4},"title":"UDC llega a barrios marginados, con Aguinaldo y encendido \u00e1rbolito Navide\u00f1o","author":"Nelson Feliz","date":"8 de diciembre de 2023","format":false,"excerpt":"En un verdadero ba\u00f1o de pueblo, Luis \u201cEl Gallo\u201d lleg\u00f3 a los barrios marginados de Santo Domingo, llevando alegr\u00eda con su Aguinaldo y encendido de \u00e1rbolitos Navide\u00f1os. Luis Acosta Moreta, Luis \u201cEl Gallo\u201d, puso a bailar ritmos navide\u00f1os a ni\u00f1os, adultos y personas de la tercera edad, en el primer\u2026","rel":"","context":"En \u00abENTRETENIMIENTO\u00bb","block_context":{"text":"ENTRETENIMIENTO","link":"https:\/\/lasprimeras.com.do\/index.php\/category\/entretenimiento\/"},"img":{"alt_text":"encendido \u00e1rbolito Navide\u00f1o","src":"https:\/\/i0.wp.com\/lasprimeras.com.do\/wp-content\/uploads\/2023\/12\/encendido-arbolito-Navideno.jpg?resize=350%2C200&ssl=1","width":350,"height":200,"srcset":"https:\/\/i0.wp.com\/lasprimeras.com.do\/wp-content\/uploads\/2023\/12\/encendido-arbolito-Navideno.jpg?resize=350%2C200&ssl=1 1x, https:\/\/i0.wp.com\/lasprimeras.com.do\/wp-content\/uploads\/2023\/12\/encendido-arbolito-Navideno.jpg?resize=525%2C300&ssl=1 1.5x, https:\/\/i0.wp.com\/lasprimeras.com.do\/wp-content\/uploads\/2023\/12\/encendido-arbolito-Navideno.jpg?resize=700%2C400&ssl=1 2x"},"classes":[]},{"id":71054,"url":"https:\/\/lasprimeras.com.do\/index.php\/2023\/12\/16\/acosta-moreta-entrega-bonos-navidenos-en-el-sector-la-nueva-barquita\/","url_meta":{"origin":72417,"position":5},"title":"Acosta Moreta entrega Bonos Navide\u00f1os en el sector &#8220;La Nueva Barquita&#8221;","author":"Nelson Feliz","date":"16 de diciembre de 2023","format":false,"excerpt":"El presidente de la Uni\u00f3n Dem\u00f3crata Cristiana \u2013UDC-, Luis Acosta Moreta, Luis \u201cEl Gallo\u201d,\u00a0 arranc\u00f3 este s\u00e1bado el reparto de los \u201cBonos Navide\u00f1os\u201d, en el sector \"La Nueva Barquita\", en el municipio Santo Domingo Norte. Al conversar en exclusiva con este medio Acosta Moreta \u00abEl Gallo\u00bb, revel\u00f3 que esta entrega\u2026","rel":"","context":"En \u00abECONOM\u00cdA\u00bb","block_context":{"text":"ECONOM\u00cdA","link":"https:\/\/lasprimeras.com.do\/index.php\/category\/economia\/"},"img":{"alt_text":"Luis Acosta Moreta","src":"https:\/\/i0.wp.com\/lasprimeras.com.do\/wp-content\/uploads\/2023\/12\/Luis-Acosta-Moreta-4.jpg?resize=350%2C200&ssl=1","width":350,"height":200,"srcset":"https:\/\/i0.wp.com\/lasprimeras.com.do\/wp-content\/uploads\/2023\/12\/Luis-Acosta-Moreta-4.jpg?resize=350%2C200&ssl=1 1x, https:\/\/i0.wp.com\/lasprimeras.com.do\/wp-content\/uploads\/2023\/12\/Luis-Acosta-Moreta-4.jpg?resize=525%2C300&ssl=1 1.5x"},"classes":[]}],"jetpack_sharing_enabled":true,"_links":{"self":[{"href":"https:\/\/lasprimeras.com.do\/index.php\/wp-json\/wp\/v2\/posts\/72417","targetHints":{"allow":["GET"]}}],"collection":[{"href":"https:\/\/lasprimeras.com.do\/index.php\/wp-json\/wp\/v2\/posts"}],"about":[{"href":"https:\/\/lasprimeras.com.do\/index.php\/wp-json\/wp\/v2\/types\/post"}],"author":[{"embeddable":true,"href":"https:\/\/lasprimeras.com.do\/index.php\/wp-json\/wp\/v2\/users\/2"}],"replies":[{"embeddable":true,"href":"https:\/\/lasprimeras.com.do\/index.php\/wp-json\/wp\/v2\/comments?post=72417"}],"version-history":[{"count":1,"href":"https:\/\/lasprimeras.com.do\/index.php\/wp-json\/wp\/v2\/posts\/72417\/revisions"}],"predecessor-version":[{"id":72418,"href":"https:\/\/lasprimeras.com.do\/index.php\/wp-json\/wp\/v2\/posts\/72417\/revisions\/72418"}],"wp:featuredmedia":[{"embeddable":true,"href":"https:\/\/lasprimeras.com.do\/index.php\/wp-json\/wp\/v2\/media\/71874"}],"wp:attachment":[{"href":"https:\/\/lasprimeras.com.do\/index.php\/wp-json\/wp\/v2\/media?parent=72417"}],"wp:term":[{"taxonomy":"category","embeddable":true,"href":"https:\/\/lasprimeras.com.do\/index.php\/wp-json\/wp\/v2\/categories?post=72417"},{"taxonomy":"post_tag","embeddable":true,"href":"https:\/\/lasprimeras.com.do\/index.php\/wp-json\/wp\/v2\/tags?post=72417"}],"curies":[{"name":"wp","href":"https:\/\/api.w.org\/{rel}","templated":true}]}}