{"id":72426,"date":"2023-12-29T11:40:17","date_gmt":"2023-12-29T15:40:17","guid":{"rendered":"https:\/\/lasprimeras.com.do\/?p=72426"},"modified":"2023-12-29T11:40:18","modified_gmt":"2023-12-29T15:40:18","slug":"cntu-llama-a-usuarios-a-ser-veedores-del-transporte-publico-durante-festividades-de-fin-de-ano","status":"publish","type":"post","link":"https:\/\/lasprimeras.com.do\/index.php\/2023\/12\/29\/cntu-llama-a-usuarios-a-ser-veedores-del-transporte-publico-durante-festividades-de-fin-de-ano\/","title":{"rendered":"CNTU llama a usuarios a ser veedores del transporte p\u00fablico durante festividades de fin de a\u00f1o"},"content":{"rendered":"\n<p class=\"wp-block-paragraph\">Por Mart\u00edn Restituyo<\/p>\n\n\n\n<p class=\"wp-block-paragraph\">La Central Nacional de Transporte Unificado (CNTU), llam\u00f3 a los usuarios a que se conviertan en sus propios veedores del comportamiento de proceso del transporte y el tr\u00e1nsito durante las fiestas del fin de a\u00f1o y la llegada del nuevo a\u00f1o 2024.<\/p>\n\n\n\n<p class=\"wp-block-paragraph\">El presidente de la CNTU, William P\u00e9rez Figuereo, sostuvo que en algunas ocasiones los ch\u00f3feres del transporte p\u00fablico se comportan de un modo inadecuado; y en alg\u00fan momento pueden abandonar las l\u00edneas de acciones que se le ha inculcado durante el a\u00f1o que concluye.<\/p>\n\n\n\n<p class=\"wp-block-paragraph\">P\u00e9rez Figuereo, hizo la exhortaci\u00f3n para que los conductores se abstengan a tomar bebidas alcoh\u00f3licas sin van a manejar y de esa manera evitar los accidentes de tr\u00e1nsito durante &nbsp;las festividades de fin de a\u00f1o.<\/p>\n\n\n\n<p class=\"wp-block-paragraph\">\u201cPuede ser que algunos tomen bebidas alcoh\u00f3licas y descuiden el manejo para ponerse a chatear en el celular y conduzcan de manera excesiva y no respeten las se\u00f1ales de tr\u00e1nsito, &nbsp;el cruce de los sem\u00e1foros en rojo, adem\u00e1s de un mal comportamiento en algunos ch\u00f3feres terminen en accidentes fatales\u201d, sostuvo William P\u00e9rez Figuereo.<\/p>\n","protected":false},"excerpt":{"rendered":"<p>Por Mart\u00edn Restituyo La Central Nacional de Transporte Unificado (CNTU), llam\u00f3 a los usuarios a que se conviertan en sus propios veedores del comportamiento de proceso del transporte y el&hellip;<\/p>\n","protected":false},"author":2,"featured_media":53502,"comment_status":"open","ping_status":"open","sticky":false,"template":"","format":"standard","meta":{"content-type":"","_jetpack_newsletter_access":"","_jetpack_dont_email_post_to_subs":false,"_jetpack_newsletter_tier_id":0,"_jetpack_memberships_contains_paywalled_content":false,"_jetpack_feature_clip_id":0,"_jetpack_memberships_contains_paid_content":false,"footnotes":"","jetpack_post_was_ever_published":false},"categories":[35,25],"tags":[1445,10147,10730,2663,1922,10802],"class_list":["post-72426","post","type-post","status-publish","format-standard","has-post-thumbnail","hentry","category-nacionales","category-portada","tag-cntu","tag-festividades","tag-fin-de-ano","tag-transporte-publico","tag-usuarios","tag-veedores"],"jetpack-related-posts":[{"id":85852,"url":"https:\/\/lasprimeras.com.do\/index.php\/2024\/07\/10\/cntu-propone-plan-conjunto-para-reducir-muertes-por-accidentes-de-transito\/","url_meta":{"origin":72426,"position":0},"title":"CNTU propone plan conjunto para reducir muertes por accidentes de tr\u00e1nsito","author":"Nelson Feliz","date":"10 de julio de 2024","format":false,"excerpt":"El presidente de la Central Nacional de Transportistas Unificados (CNTU), William P\u00e9rez Figuereo, propuso al gobierno la ejecuci\u00f3n de un plan conjunto interinstitucional, para reducir los accidentes de tr\u00e1nsito y las altas estad\u00edsticas de muertes est\u00e1 en la Rep\u00fablica Dominicana. P\u00e9rez Figuereo, plante\u00f3 al Ejecutivo, articular acciones unificadas preventivas, entre\u2026","rel":"","context":"En \u00abNACIONALES\u00bb","block_context":{"text":"NACIONALES","link":"https:\/\/lasprimeras.com.do\/index.php\/category\/nacionales\/"},"img":{"alt_text":"William P\u00e9rez Figuereo","src":"https:\/\/i0.wp.com\/lasprimeras.com.do\/wp-content\/uploads\/2024\/07\/William-Perez-Figuereo.jpg?resize=350%2C200&ssl=1","width":350,"height":200,"srcset":"https:\/\/i0.wp.com\/lasprimeras.com.do\/wp-content\/uploads\/2024\/07\/William-Perez-Figuereo.jpg?resize=350%2C200&ssl=1 1x, https:\/\/i0.wp.com\/lasprimeras.com.do\/wp-content\/uploads\/2024\/07\/William-Perez-Figuereo.jpg?resize=525%2C300&ssl=1 1.5x, https:\/\/i0.wp.com\/lasprimeras.com.do\/wp-content\/uploads\/2024\/07\/William-Perez-Figuereo.jpg?resize=700%2C400&ssl=1 2x"},"classes":[]},{"id":59142,"url":"https:\/\/lasprimeras.com.do\/index.php\/2023\/08\/31\/el-presidente-de-la-cntu-pide-ampliar-transporte-escolar-estatal\/","url_meta":{"origin":72426,"position":1},"title":"El presidente de la CNTU pide ampliar transporte escolar estatal","author":"Nelson Feliz","date":"31 de agosto de 2023","format":false,"excerpt":"La Central Nacional de Transportistas Unificados (CNTU) confirm\u00f3 hoy, su disposici\u00f3n de seguir luchando por preservar la vida de los estudiantes a trav\u00e9s de la soluci\u00f3n vehicular que permite el transporte escolar estatal. El presidente de la CNTU, William P\u00e9rez Figuereo, destac\u00f3 que la entidad que dirige tiene muchos a\u00f1os\u2026","rel":"","context":"En \u00abNACIONALES\u00bb","block_context":{"text":"NACIONALES","link":"https:\/\/lasprimeras.com.do\/index.php\/category\/nacionales\/"},"img":{"alt_text":"William P\u00e9rez Figuereo","src":"https:\/\/i0.wp.com\/lasprimeras.com.do\/wp-content\/uploads\/2023\/08\/William-Perez-Figuereo.jpg?resize=350%2C200&ssl=1","width":350,"height":200,"srcset":"https:\/\/i0.wp.com\/lasprimeras.com.do\/wp-content\/uploads\/2023\/08\/William-Perez-Figuereo.jpg?resize=350%2C200&ssl=1 1x, https:\/\/i0.wp.com\/lasprimeras.com.do\/wp-content\/uploads\/2023\/08\/William-Perez-Figuereo.jpg?resize=525%2C300&ssl=1 1.5x, https:\/\/i0.wp.com\/lasprimeras.com.do\/wp-content\/uploads\/2023\/08\/William-Perez-Figuereo.jpg?resize=700%2C400&ssl=1 2x"},"classes":[]},{"id":69492,"url":"https:\/\/lasprimeras.com.do\/index.php\/2023\/12\/03\/cntu-y-rd-vial-recuerdan-victimas-fatales-de-accidentes-en-navidades-anteriores\/","url_meta":{"origin":72426,"position":2},"title":"CNTU y RD Vial recuerdan v\u00edctimas fatales de accidentes en navidades anteriores","author":"Nelson Feliz","date":"3 de diciembre de 2023","format":false,"excerpt":"Los presidentes de la Central Nacional del Transporte Unificado (CNTU) y RD Vial, William P\u00e9rez Figuereo y Mar\u00eda D\u00edaz, recordaron hoy las v\u00edctimas fatales que se han registrado en navidades anteriores a causas de los accidentes de tr\u00e1nsito. P\u00e9rez Figuereo y Mar\u00eda D\u00edaz, expertos en tr\u00e1nsito y transporte en Rep\u00fablica\u2026","rel":"","context":"En \u00abNACIONALES\u00bb","block_context":{"text":"NACIONALES","link":"https:\/\/lasprimeras.com.do\/index.php\/category\/nacionales\/"},"img":{"alt_text":"William P\u00e9rez Figuereo y Mar\u00eda D\u00edaz","src":"https:\/\/i0.wp.com\/lasprimeras.com.do\/wp-content\/uploads\/2023\/12\/William-Perez-Figuereo-y-Maria-Diaz.jpg?resize=350%2C200&ssl=1","width":350,"height":200,"srcset":"https:\/\/i0.wp.com\/lasprimeras.com.do\/wp-content\/uploads\/2023\/12\/William-Perez-Figuereo-y-Maria-Diaz.jpg?resize=350%2C200&ssl=1 1x, https:\/\/i0.wp.com\/lasprimeras.com.do\/wp-content\/uploads\/2023\/12\/William-Perez-Figuereo-y-Maria-Diaz.jpg?resize=525%2C300&ssl=1 1.5x, https:\/\/i0.wp.com\/lasprimeras.com.do\/wp-content\/uploads\/2023\/12\/William-Perez-Figuereo-y-Maria-Diaz.jpg?resize=700%2C400&ssl=1 2x"},"classes":[]},{"id":104711,"url":"https:\/\/lasprimeras.com.do\/index.php\/2025\/07\/26\/cntu-solicita-acompanamiento-en-plan-cero-chatarra-y-retornos-operativos-en-giro-izquierda\/","url_meta":{"origin":72426,"position":3},"title":"CNTU solicita acompa\u00f1amiento en &#8220;Plan Cero Chatarra&#8221; y retornos operativos en giro izquierda","author":"Nelson Feliz","date":"26 de julio de 2025","format":false,"excerpt":"Con el prop\u00f3sito de seguir sacando de las calles y espacios p\u00fablicos miles de unidades vehiculares destartaladas, el presidente de la Central Nacional de Transportistas Unificados (CNTU), William P\u00e9rez Figuereo, solicit\u00f3 el acompa\u00f1amiento t\u00e9cnico del Estado y del Gobierno, a fin de continuar la implementaci\u00f3n del \"Plan Cero Chatarra 2025\",\u2026","rel":"","context":"En \u00abNACIONALES\u00bb","block_context":{"text":"NACIONALES","link":"https:\/\/lasprimeras.com.do\/index.php\/category\/nacionales\/"},"img":{"alt_text":"","src":"https:\/\/i0.wp.com\/lasprimeras.com.do\/wp-content\/uploads\/2025\/07\/william-perez-figuereo.jpg?resize=350%2C200&ssl=1","width":350,"height":200,"srcset":"https:\/\/i0.wp.com\/lasprimeras.com.do\/wp-content\/uploads\/2025\/07\/william-perez-figuereo.jpg?resize=350%2C200&ssl=1 1x, https:\/\/i0.wp.com\/lasprimeras.com.do\/wp-content\/uploads\/2025\/07\/william-perez-figuereo.jpg?resize=525%2C300&ssl=1 1.5x, https:\/\/i0.wp.com\/lasprimeras.com.do\/wp-content\/uploads\/2025\/07\/william-perez-figuereo.jpg?resize=700%2C400&ssl=1 2x"},"classes":[]},{"id":109034,"url":"https:\/\/lasprimeras.com.do\/index.php\/2025\/09\/12\/cntu-llama-a-la-conciencia-ciudadana-y-valora-avances-en-el-transporte-colectivo\/","url_meta":{"origin":72426,"position":4},"title":"CNTU llama a la conciencia ciudadana y valora avances en el transporte colectivo","author":"Nelson Feliz","date":"12 de septiembre de 2025","format":false,"excerpt":"El presidente de la Central Nacional del Transporte Unificado (CNTU), William P\u00e9rez Figuereo, expres\u00f3 su preocupaci\u00f3n por la alta incidencia de accidentes de tr\u00e1nsito en la Rep\u00fablica Dominicana, los cuales calific\u00f3 como \u201cuna verdadera tragedia nacional\u201d que afecta a cientos de familias cada a\u00f1o. P\u00e9rez Figuereo record\u00f3 que el pasado\u2026","rel":"","context":"En \u00abNACIONALES\u00bb","block_context":{"text":"NACIONALES","link":"https:\/\/lasprimeras.com.do\/index.php\/category\/nacionales\/"},"img":{"alt_text":"accidentes","src":"https:\/\/i0.wp.com\/lasprimeras.com.do\/wp-content\/uploads\/2023\/10\/accidentes.jpeg?resize=350%2C200&ssl=1","width":350,"height":200,"srcset":"https:\/\/i0.wp.com\/lasprimeras.com.do\/wp-content\/uploads\/2023\/10\/accidentes.jpeg?resize=350%2C200&ssl=1 1x, https:\/\/i0.wp.com\/lasprimeras.com.do\/wp-content\/uploads\/2023\/10\/accidentes.jpeg?resize=525%2C300&ssl=1 1.5x, https:\/\/i0.wp.com\/lasprimeras.com.do\/wp-content\/uploads\/2023\/10\/accidentes.jpeg?resize=700%2C400&ssl=1 2x"},"classes":[]},{"id":131809,"url":"https:\/\/lasprimeras.com.do\/index.php\/2026\/05\/25\/cntu-valora-baja-del-petroleo-y-su-impacto-positivo-para-rd\/","url_meta":{"origin":72426,"position":5},"title":"CNTU valora baja del petr\u00f3leo y su impacto positivo para RD","author":"Nelson Feliz","date":"25 de mayo de 2026","format":false,"excerpt":"Santo Domingo. - El presidente de la Central Nacional de Transportistas Unificados (CNTU), William P\u00e9rez Figuereo, valor\u00f3 hoy como positiva la ca\u00edda que ha registrado el precio del barril de petr\u00f3leo en los mercados internacionales.El dirigente del transporte se\u00f1al\u00f3 que la reducci\u00f3n beneficia directamente a la Rep\u00fablica Dominicana. Seg\u00fan datos\u2026","rel":"","context":"En \u00abECONOM\u00cdA\u00bb","block_context":{"text":"ECONOM\u00cdA","link":"https:\/\/lasprimeras.com.do\/index.php\/category\/economia\/"},"img":{"alt_text":"William P\u00e9rez Figuereo","src":"https:\/\/i0.wp.com\/lasprimeras.com.do\/wp-content\/uploads\/2024\/01\/William-Perez-Figuereo-1.jpg?resize=350%2C200&ssl=1","width":350,"height":200,"srcset":"https:\/\/i0.wp.com\/lasprimeras.com.do\/wp-content\/uploads\/2024\/01\/William-Perez-Figuereo-1.jpg?resize=350%2C200&ssl=1 1x, https:\/\/i0.wp.com\/lasprimeras.com.do\/wp-content\/uploads\/2024\/01\/William-Perez-Figuereo-1.jpg?resize=525%2C300&ssl=1 1.5x, https:\/\/i0.wp.com\/lasprimeras.com.do\/wp-content\/uploads\/2024\/01\/William-Perez-Figuereo-1.jpg?resize=700%2C400&ssl=1 2x"},"classes":[]}],"jetpack_sharing_enabled":true,"jetpack_featured_media_url":"https:\/\/lasprimeras.com.do\/wp-content\/uploads\/2023\/06\/William-Perez-Figuereo.jpg","_links":{"self":[{"href":"https:\/\/lasprimeras.com.do\/index.php\/wp-json\/wp\/v2\/posts\/72426","targetHints":{"allow":["GET"]}}],"collection":[{"href":"https:\/\/lasprimeras.com.do\/index.php\/wp-json\/wp\/v2\/posts"}],"about":[{"href":"https:\/\/lasprimeras.com.do\/index.php\/wp-json\/wp\/v2\/types\/post"}],"author":[{"embeddable":true,"href":"https:\/\/lasprimeras.com.do\/index.php\/wp-json\/wp\/v2\/users\/2"}],"replies":[{"embeddable":true,"href":"https:\/\/lasprimeras.com.do\/index.php\/wp-json\/wp\/v2\/comments?post=72426"}],"version-history":[{"count":1,"href":"https:\/\/lasprimeras.com.do\/index.php\/wp-json\/wp\/v2\/posts\/72426\/revisions"}],"predecessor-version":[{"id":72427,"href":"https:\/\/lasprimeras.com.do\/index.php\/wp-json\/wp\/v2\/posts\/72426\/revisions\/72427"}],"wp:featuredmedia":[{"embeddable":true,"href":"https:\/\/lasprimeras.com.do\/index.php\/wp-json\/wp\/v2\/media\/53502"}],"wp:attachment":[{"href":"https:\/\/lasprimeras.com.do\/index.php\/wp-json\/wp\/v2\/media?parent=72426"}],"wp:term":[{"taxonomy":"category","embeddable":true,"href":"https:\/\/lasprimeras.com.do\/index.php\/wp-json\/wp\/v2\/categories?post=72426"},{"taxonomy":"post_tag","embeddable":true,"href":"https:\/\/lasprimeras.com.do\/index.php\/wp-json\/wp\/v2\/tags?post=72426"}],"curies":[{"name":"wp","href":"https:\/\/api.w.org\/{rel}","templated":true}]}}