{"id":72431,"date":"2023-12-29T12:29:25","date_gmt":"2023-12-29T16:29:25","guid":{"rendered":"https:\/\/lasprimeras.com.do\/?p=72431"},"modified":"2023-12-29T12:29:26","modified_gmt":"2023-12-29T16:29:26","slug":"centrales-sindicales-pasan-balance-al-ano-2023","status":"publish","type":"post","link":"https:\/\/lasprimeras.com.do\/index.php\/2023\/12\/29\/centrales-sindicales-pasan-balance-al-ano-2023\/","title":{"rendered":"Centrales Sindicales pasan balance al a\u00f1o 2023"},"content":{"rendered":"\n<p><strong>\u00b7Reclaman nuevo c\u00f3digo laboral, sin retrocesos, que ampl\u00ede conquistas y mantenga las logradas<\/strong><\/p>\n\n\n\n<p>Las Confederaciones Nacional de Trabajadores Dominicanos (CNTD), Aut\u00f3noma Sindical Clasista (CASC) y la Nacional de Unidad Sindical (CNUS), pasaron balance sindical al a\u00f1os que concluye 2023, en el cual persisten las violaciones a la libertad sindical y la negociaci\u00f3n colectiva, que son ejes fundamentales del movimiento sindical dominicano.<\/p>\n\n\n\n<p>Indicaron que los trabajadores se quedan sin un nuevo c\u00f3digo laboral, que se aboga, sea sin retrocesos, que ampl\u00ede conquistas y mantenga las logradas, y de una nueva ley de seguridad social que reduzca los gastos de bolsillos insostenibles para la mayor\u00eda de la poblaci\u00f3n, as\u00ed como pensiones dignas, entre otros logros de esa nueva legislaci\u00f3n.<\/p>\n\n\n\n<p>Advirtieron que, en una actitud tozuda de los empresarios, por la eliminaci\u00f3n de la cesant\u00eda laboral a la cual se oponen, el nuevo c\u00f3digo laboral ha quedado frizado.<\/p>\n\n\n\n<p>El movimiento sindical reconoci\u00f3 los esfuerzos del gobierno en recuperar la econom\u00eda luego de los efectos negativos de la pandemia del COVID 19 y los eventos de la naturaleza que nos han afectado.<\/p>\n\n\n\n<p>En un documento emitido por las Centrales Sindicales, expresaron la necesidad de que el pa\u00eds se aboque al despegue definitivo hacia el desarrollo sostenible del pa\u00eds, en el que autoridades y la sociedad, impulsen un nuevo modelo econ\u00f3mico, que apoye m\u00e1s a los sectores productivos del campo y la ciudad, para generar empleos decentes, como forma de combatir la pobreza, entre otros puntos importantes.<\/p>\n","protected":false},"excerpt":{"rendered":"<p>\u00b7Reclaman nuevo c\u00f3digo laboral, sin retrocesos, que ampl\u00ede conquistas y mantenga las logradas Las Confederaciones Nacional de Trabajadores Dominicanos (CNTD), Aut\u00f3noma Sindical Clasista (CASC) y la Nacional de Unidad Sindical&hellip;<\/p>\n","protected":false},"author":2,"featured_media":72432,"comment_status":"open","ping_status":"open","sticky":false,"template":"","format":"standard","meta":{"content-type":"","jetpack_post_was_ever_published":false,"_jetpack_newsletter_access":"","_jetpack_dont_email_post_to_subs":false,"_jetpack_newsletter_tier_id":0,"_jetpack_memberships_contains_paywalled_content":false,"_jetpack_memberships_contains_paid_content":false,"footnotes":""},"categories":[35,25],"tags":[10806,10554,10805,10804],"class_list":["post-72431","post","type-post","status-publish","format-standard","has-post-thumbnail","hentry","category-nacionales","category-portada","tag-ano-2023","tag-centrales","tag-pasan-balance","tag-sindicales-2"],"jetpack_featured_media_url":"https:\/\/lasprimeras.com.do\/wp-content\/uploads\/2023\/12\/Centrales-Sindicales-1.jpg","jetpack-related-posts":[{"id":108285,"url":"https:\/\/lasprimeras.com.do\/index.php\/2025\/09\/04\/centrales-sindicales-anuncian-plan-de-movilizacion-en-defensa-de-la-cesantia-laboral\/","url_meta":{"origin":72431,"position":0},"title":"Centrales Sindicales anuncian plan de movilizaci\u00f3n en defensa de la cesant\u00eda laboral","author":"Nelson Feliz","date":"4 de septiembre de 2025","format":false,"excerpt":"\u00b7 CNTD, CNUS y CASC llaman a vigilia frente al Congreso el 10 de septiembre. Las centrales sindicales Confederaci\u00f3n Nacional de Trabajadores Dominicanos (CNTD), Confederaci\u00f3n Aut\u00f3noma Sindical Clasista (CASC) y la Confederaci\u00f3n Nacional de Unidad Sindical (CNUS), encabezadas por sus presidentes Jacobo Ramos, Gabriel del R\u00edo, respectivamente, rechazaron de manera\u2026","rel":"","context":"En \u00abECONOM\u00cdA\u00bb","block_context":{"text":"ECONOM\u00cdA","link":"https:\/\/lasprimeras.com.do\/index.php\/category\/economia\/"},"img":{"alt_text":"","src":"https:\/\/i0.wp.com\/lasprimeras.com.do\/wp-content\/uploads\/2025\/09\/centrales.jpg?resize=350%2C200&ssl=1","width":350,"height":200,"srcset":"https:\/\/i0.wp.com\/lasprimeras.com.do\/wp-content\/uploads\/2025\/09\/centrales.jpg?resize=350%2C200&ssl=1 1x, https:\/\/i0.wp.com\/lasprimeras.com.do\/wp-content\/uploads\/2025\/09\/centrales.jpg?resize=525%2C300&ssl=1 1.5x, https:\/\/i0.wp.com\/lasprimeras.com.do\/wp-content\/uploads\/2025\/09\/centrales.jpg?resize=700%2C400&ssl=1 2x"},"classes":[]},{"id":91387,"url":"https:\/\/lasprimeras.com.do\/index.php\/2024\/11\/20\/entidades-sindicales-denuncian-violaciones-al-codigo-de-trabajo\/","url_meta":{"origin":72431,"position":1},"title":"Entidades sindicales denuncian violaciones al C\u00f3digo de Trabajo\u00a0","author":"Nelson Feliz","date":"20 de noviembre de 2024","format":false,"excerpt":"La Uni\u00f3n General de Trabajadores Dominicanos y la Coordinadora de Nacional Sindical, denunciaran las situaciones que se presentan en el C\u00f3digo de Trabajo, las cuales vulneran los intereses de los trabajadores.\u00a0 Las centrales sindicales, dijeron que las denuncias ser\u00e1n llevadas al seno de la Federaci\u00f3n Sindical Mundial (FSM) y la\u2026","rel":"","context":"En \u00abNACIONALES\u00bb","block_context":{"text":"NACIONALES","link":"https:\/\/lasprimeras.com.do\/index.php\/category\/nacionales\/"},"img":{"alt_text":"Casimiro Laurencio","src":"https:\/\/i0.wp.com\/lasprimeras.com.do\/wp-content\/uploads\/2024\/11\/Casimiro-Laurencio.jpg?resize=350%2C200&ssl=1","width":350,"height":200,"srcset":"https:\/\/i0.wp.com\/lasprimeras.com.do\/wp-content\/uploads\/2024\/11\/Casimiro-Laurencio.jpg?resize=350%2C200&ssl=1 1x, https:\/\/i0.wp.com\/lasprimeras.com.do\/wp-content\/uploads\/2024\/11\/Casimiro-Laurencio.jpg?resize=525%2C300&ssl=1 1.5x"},"classes":[]},{"id":48519,"url":"https:\/\/lasprimeras.com.do\/index.php\/2023\/05\/01\/trabajadores-reclaman-un-nuevo-contrato-social-como-garantia-de-sus-derechos\/","url_meta":{"origin":72431,"position":2},"title":"Trabajadores reclaman un nuevo contrato social como garant\u00eda de sus derechos","author":"prenxa100","date":"1 de mayo de 2023","format":false,"excerpt":"Santo Domingo. - \u00a0Con un llamado a que en el pa\u00eds se establezca un nuevo contrato social que garantice mejores condiciones de vida para las y los trabajadores, el ejercicio pleno de la libertad sindical, la negociaci\u00f3n colectiva y el di\u00e1logo social, las centrales sindicales conmemoraron el D\u00eda Internacional del\u2026","rel":"","context":"En \u00abNACIONALES\u00bb","block_context":{"text":"NACIONALES","link":"https:\/\/lasprimeras.com.do\/index.php\/category\/nacionales\/"},"img":{"alt_text":"","src":"","width":0,"height":0},"classes":[]},{"id":98172,"url":"https:\/\/lasprimeras.com.do\/index.php\/2025\/05\/01\/rafael-santos-reconoce-el-legado-de-los-lideres-sindicales\/","url_meta":{"origin":72431,"position":3},"title":"Rafael Santos reconoce el legado de los l\u00edderes sindicales","author":"Nelson Feliz","date":"1 de mayo de 2025","format":false,"excerpt":"El evento reuni\u00f3 autoridades, sindicalistas y sociedad civil para rendir homenaje a los pioneros del movimiento obrero. El director general del Instituto Nacional de Formaci\u00f3n T\u00e9cnico Profesional (INFOTEP), Rafael Santos Bad\u00eda, rindi\u00f3 homenaje a los hombres y mujeres que fundaron el movimiento sindical en la Rep\u00fablica Dominicana, destacando su valiosa\u2026","rel":"","context":"En \u00abNACIONALES\u00bb","block_context":{"text":"NACIONALES","link":"https:\/\/lasprimeras.com.do\/index.php\/category\/nacionales\/"},"img":{"alt_text":"","src":"https:\/\/i0.wp.com\/lasprimeras.com.do\/wp-content\/uploads\/2025\/05\/Rafael-Santos-Badia.jpg?resize=350%2C200&ssl=1","width":350,"height":200,"srcset":"https:\/\/i0.wp.com\/lasprimeras.com.do\/wp-content\/uploads\/2025\/05\/Rafael-Santos-Badia.jpg?resize=350%2C200&ssl=1 1x, https:\/\/i0.wp.com\/lasprimeras.com.do\/wp-content\/uploads\/2025\/05\/Rafael-Santos-Badia.jpg?resize=525%2C300&ssl=1 1.5x"},"classes":[]},{"id":108585,"url":"https:\/\/lasprimeras.com.do\/index.php\/2025\/09\/08\/centrales-sindicales-suspenden-llamado-a-vigilia-tras-dialogo-con-el-presidente-del-senado\/","url_meta":{"origin":72431,"position":4},"title":"Centrales Sindicales suspenden llamado a Vigilia tras di\u00e1logo con el presidente del Senado","author":"Nelson Feliz","date":"8 de septiembre de 2025","format":false,"excerpt":"Tras un encuentro con el presidente del Senado, Ricardo de los Santos con miembros de la comisi\u00f3n negociadora de las centrales sindicales, Rafael (Pepe) Abreu anunci\u00f3 la suspensi\u00f3n del llamado a Vigilia frente al Congreso Nacional y de la marcha pac\u00edfica en San Pedro de Macor\u00eds, pautadas para el pr\u00f3ximo\u2026","rel":"","context":"En \u00abECONOM\u00cdA\u00bb","block_context":{"text":"ECONOM\u00cdA","link":"https:\/\/lasprimeras.com.do\/index.php\/category\/economia\/"},"img":{"alt_text":"","src":"https:\/\/i0.wp.com\/lasprimeras.com.do\/wp-content\/uploads\/2025\/09\/ricardo.jpg?resize=350%2C200&ssl=1","width":350,"height":200,"srcset":"https:\/\/i0.wp.com\/lasprimeras.com.do\/wp-content\/uploads\/2025\/09\/ricardo.jpg?resize=350%2C200&ssl=1 1x, https:\/\/i0.wp.com\/lasprimeras.com.do\/wp-content\/uploads\/2025\/09\/ricardo.jpg?resize=525%2C300&ssl=1 1.5x, https:\/\/i0.wp.com\/lasprimeras.com.do\/wp-content\/uploads\/2025\/09\/ricardo.jpg?resize=700%2C400&ssl=1 2x"},"classes":[]},{"id":100731,"url":"https:\/\/lasprimeras.com.do\/index.php\/2025\/06\/11\/centrales-sindicales-rd-reconocen-al-presidente-abinader-en-la-oit\/","url_meta":{"origin":72431,"position":5},"title":"Centrales Sindicales RD reconocen al presidente Abinader en la OIT","author":"Nelson Feliz","date":"11 de junio de 2025","format":false,"excerpt":"\u00b7-CNTD, CASC y CNUS destacan respaldo del mandatario al di\u00e1logo social, salarios dignos y seguridad social en Rep\u00fablica Dominicana Ginebra, Suiza. \u2013 En el marco de su participaci\u00f3n en el Foro Anual de la Coalici\u00f3n Mundial para la Justicia Social y la 113\u00aa Conferencia Internacional del Trabajo, organizada por la\u2026","rel":"","context":"En \u00abINTERNACIONALES\u00bb","block_context":{"text":"INTERNACIONALES","link":"https:\/\/lasprimeras.com.do\/index.php\/category\/sin-categoria\/internacionales\/"},"img":{"alt_text":"","src":"https:\/\/i0.wp.com\/lasprimeras.com.do\/wp-content\/uploads\/2025\/06\/Luis-Abinader-4.jpg?resize=350%2C200&ssl=1","width":350,"height":200,"srcset":"https:\/\/i0.wp.com\/lasprimeras.com.do\/wp-content\/uploads\/2025\/06\/Luis-Abinader-4.jpg?resize=350%2C200&ssl=1 1x, https:\/\/i0.wp.com\/lasprimeras.com.do\/wp-content\/uploads\/2025\/06\/Luis-Abinader-4.jpg?resize=525%2C300&ssl=1 1.5x, https:\/\/i0.wp.com\/lasprimeras.com.do\/wp-content\/uploads\/2025\/06\/Luis-Abinader-4.jpg?resize=700%2C400&ssl=1 2x"},"classes":[]}],"jetpack_sharing_enabled":true,"_links":{"self":[{"href":"https:\/\/lasprimeras.com.do\/index.php\/wp-json\/wp\/v2\/posts\/72431","targetHints":{"allow":["GET"]}}],"collection":[{"href":"https:\/\/lasprimeras.com.do\/index.php\/wp-json\/wp\/v2\/posts"}],"about":[{"href":"https:\/\/lasprimeras.com.do\/index.php\/wp-json\/wp\/v2\/types\/post"}],"author":[{"embeddable":true,"href":"https:\/\/lasprimeras.com.do\/index.php\/wp-json\/wp\/v2\/users\/2"}],"replies":[{"embeddable":true,"href":"https:\/\/lasprimeras.com.do\/index.php\/wp-json\/wp\/v2\/comments?post=72431"}],"version-history":[{"count":1,"href":"https:\/\/lasprimeras.com.do\/index.php\/wp-json\/wp\/v2\/posts\/72431\/revisions"}],"predecessor-version":[{"id":72433,"href":"https:\/\/lasprimeras.com.do\/index.php\/wp-json\/wp\/v2\/posts\/72431\/revisions\/72433"}],"wp:featuredmedia":[{"embeddable":true,"href":"https:\/\/lasprimeras.com.do\/index.php\/wp-json\/wp\/v2\/media\/72432"}],"wp:attachment":[{"href":"https:\/\/lasprimeras.com.do\/index.php\/wp-json\/wp\/v2\/media?parent=72431"}],"wp:term":[{"taxonomy":"category","embeddable":true,"href":"https:\/\/lasprimeras.com.do\/index.php\/wp-json\/wp\/v2\/categories?post=72431"},{"taxonomy":"post_tag","embeddable":true,"href":"https:\/\/lasprimeras.com.do\/index.php\/wp-json\/wp\/v2\/tags?post=72431"}],"curies":[{"name":"wp","href":"https:\/\/api.w.org\/{rel}","templated":true}]}}