{"id":72434,"date":"2023-12-29T14:02:48","date_gmt":"2023-12-29T18:02:48","guid":{"rendered":"https:\/\/lasprimeras.com.do\/?p=72434"},"modified":"2023-12-29T14:02:50","modified_gmt":"2023-12-29T18:02:50","slug":"ito-bisono-afirma-que-economia-rep-dom-va-por-camino-correcto","status":"publish","type":"post","link":"https:\/\/lasprimeras.com.do\/index.php\/2023\/12\/29\/ito-bisono-afirma-que-economia-rep-dom-va-por-camino-correcto\/","title":{"rendered":"Ito Bison\u00f3 afirma que econom\u00eda Rep. Dom. va por camino correcto"},"content":{"rendered":"\n<p class=\"wp-block-paragraph\">SANTO DOMINGO.- El ministro de Industria, Comercio y Mipymes, V\u00edctor (Ito) Bison\u00f3, afirm\u00f3 que los datos publicados por el Banco Central de la Rep\u00fablica Dominicana (BCRD) demuestran que el pa\u00eds avanza por el camino correcto, en medio de los desaf\u00edos globales.<\/p>\n\n\n\n<p class=\"wp-block-paragraph\">El BCRD dijo que la econom\u00eda registr\u00f3 un alza interanual del 4.2 % en noviembre de 2023, la tasa m\u00e1s alta del a\u00f1o, y proyecta que retorne a su ritmo de expansi\u00f3n potencial de alrededor del 5.0 % en 2024.<\/p>\n\n\n\n<p class=\"wp-block-paragraph\">DESTACA LOGROS EN VARIOS SECTORES<\/p>\n\n\n\n<p class=\"wp-block-paragraph\">Bison\u00f3 destac\u00f3 los logros en el sector manufacturero, que experiment\u00f3 un aumento del 3.8% en noviembre pasado y contribuy\u00f3 a la generaci\u00f3n de empleos y al desarrollo econ\u00f3mico del pa\u00eds.<\/p>\n\n\n\n<p class=\"wp-block-paragraph\">En cuanto al comercio, acentu\u00f3 que, seg\u00fan la informaci\u00f3n del BCRD, tambi\u00e9n mantuvo su ritmo de crecimiento de 3.8% ese mes, y destac\u00f3 su importancia en la generaci\u00f3n de riqueza y empleo.<\/p>\n\n\n\n<p class=\"wp-block-paragraph\">COMPROMISO DEL GOBIERNO<\/p>\n\n\n\n<p class=\"wp-block-paragraph\">Resalt\u00f3 el compromiso del Gobierno con la creaci\u00f3n e implementaci\u00f3n de pol\u00edticas p\u00fablicas dise\u00f1adas para el fortalecimiento del clima de inversi\u00f3n, el fomento del emprendimiento y apoyo a la manufactura.<\/p>\n\n\n\n<p class=\"wp-block-paragraph\">Manifest\u00f3 que, a pesar de los desaf\u00edos globales, el pa\u00eds se mantiene en una senda de crecimiento s\u00f3lido, gracias al trabajo conjunto del Gobierno y el compromiso de todos los sectores econ\u00f3micos.<\/p>\n","protected":false},"excerpt":{"rendered":"<p>SANTO DOMINGO.- El ministro de Industria, Comercio y Mipymes, V\u00edctor (Ito) Bison\u00f3, afirm\u00f3 que los datos publicados por el Banco Central de la Rep\u00fablica Dominicana (BCRD) demuestran que el pa\u00eds&hellip;<\/p>\n","protected":false},"author":3,"featured_media":72435,"comment_status":"open","ping_status":"open","sticky":false,"template":"","format":"standard","meta":{"content-type":"","_jetpack_newsletter_access":"","_jetpack_dont_email_post_to_subs":false,"_jetpack_newsletter_tier_id":0,"_jetpack_memberships_contains_paywalled_content":false,"_jetpack_feature_clip_id":0,"_jetpack_memberships_contains_paid_content":false,"footnotes":"","jetpack_post_was_ever_published":false},"categories":[35],"tags":[8033],"class_list":["post-72434","post","type-post","status-publish","format-standard","has-post-thumbnail","hentry","category-nacionales","tag-ito-bisono"],"jetpack-related-posts":[{"id":101366,"url":"https:\/\/lasprimeras.com.do\/index.php\/2025\/06\/20\/ito-bisono-revela-industria-local-tiene-capacidad-para-competir-en-mercados-internacionales\/","url_meta":{"origin":72434,"position":0},"title":"Ito Bison\u00f3 revela industria local tiene capacidad para competir en mercados internacionales","author":"Nelson Feliz","date":"20 de junio de 2025","format":false,"excerpt":"El ministro de Industria, Comercio y Mipymes, Victor (Ito) Bison\u00f3, expres\u00f3 que entre 2020 y 2024, el valor exportado del r\u00e9gimen nacional pas\u00f3 de 3,668 millones a 3,997 millones de d\u00f3lares, reflejando una industria local cada vez m\u00e1s activa y con mayor capacidad de competir en los mercados internacionales. \u201cAl\u2026","rel":"","context":"En \u00abECONOM\u00cdA\u00bb","block_context":{"text":"ECONOM\u00cdA","link":"https:\/\/lasprimeras.com.do\/index.php\/category\/economia\/"},"img":{"alt_text":"Ito Bison\u00f3","src":"https:\/\/i0.wp.com\/lasprimeras.com.do\/wp-content\/uploads\/2025\/06\/Ito-Bisono.jpg?resize=350%2C200&ssl=1","width":350,"height":200,"srcset":"https:\/\/i0.wp.com\/lasprimeras.com.do\/wp-content\/uploads\/2025\/06\/Ito-Bisono.jpg?resize=350%2C200&ssl=1 1x, https:\/\/i0.wp.com\/lasprimeras.com.do\/wp-content\/uploads\/2025\/06\/Ito-Bisono.jpg?resize=525%2C300&ssl=1 1.5x, https:\/\/i0.wp.com\/lasprimeras.com.do\/wp-content\/uploads\/2025\/06\/Ito-Bisono.jpg?resize=700%2C400&ssl=1 2x"},"classes":[]},{"id":120400,"url":"https:\/\/lasprimeras.com.do\/index.php\/2026\/01\/23\/ito-bisono-irrumpe-en-el-escenario-presidencial-de-2028\/","url_meta":{"origin":72434,"position":1},"title":"Ito Bison\u00f3 irrumpe en el escenario presidencial de 2028","author":"Nelson Feliz","date":"23 de enero de 2026","format":false,"excerpt":"Desde esta tribuna sostenemos que las aspiraciones de Ito son leg\u00edtimas, siempre que respeten la institucionalidad y no confundan la gesti\u00f3n p\u00fablica con el proselitismo. Por: Roberto Valenzuela La pol\u00edtica dominicana entra en una nueva fase. Por primera vez, y con informaci\u00f3n confirmada desde distintos sectores de poder pol\u00edtico y\u2026","rel":"","context":"En \u00abPOLITICA\u00bb","block_context":{"text":"POLITICA","link":"https:\/\/lasprimeras.com.do\/index.php\/category\/politica\/"},"img":{"alt_text":"V\u00edctor Ito Bison\u00f3","src":"https:\/\/i0.wp.com\/lasprimeras.com.do\/wp-content\/uploads\/2026\/01\/Victor-Ito-Bisono.jpeg?resize=350%2C200&ssl=1","width":350,"height":200,"srcset":"https:\/\/i0.wp.com\/lasprimeras.com.do\/wp-content\/uploads\/2026\/01\/Victor-Ito-Bisono.jpeg?resize=350%2C200&ssl=1 1x, https:\/\/i0.wp.com\/lasprimeras.com.do\/wp-content\/uploads\/2026\/01\/Victor-Ito-Bisono.jpeg?resize=525%2C300&ssl=1 1.5x, https:\/\/i0.wp.com\/lasprimeras.com.do\/wp-content\/uploads\/2026\/01\/Victor-Ito-Bisono.jpeg?resize=700%2C400&ssl=1 2x"},"classes":[]},{"id":119047,"url":"https:\/\/lasprimeras.com.do\/index.php\/2026\/01\/06\/abinader-designo-a-ito-bisono-como-nuevo-ministro-de-vivienda\/","url_meta":{"origin":72434,"position":2},"title":"Abinader design\u00f3 a Ito Bison\u00f3 como nuevo ministro de Vivienda","author":"Nelson Feliz","date":"6 de enero de 2026","format":false,"excerpt":"Entre la noche del lunes y el transcurso de este martes, el presidente Abinader ha realizado 10 movimientos en su tren gubernamental y se apresta a realizar m\u00e1s durante la semana. El presidente Luis Abinader design\u00f3 a V\u00edctor \u201cIto\u201d Bison\u00f3 como el nuevo ministro de Viviendas y Edificaciones, en sustituci\u00f3n\u2026","rel":"","context":"En \u00abNACIONALES\u00bb","block_context":{"text":"NACIONALES","link":"https:\/\/lasprimeras.com.do\/index.php\/category\/nacionales\/"},"img":{"alt_text":"V\u00edctor Ito Bison\u00f3","src":"https:\/\/i0.wp.com\/lasprimeras.com.do\/wp-content\/uploads\/2026\/01\/Victor-Ito-Bisono.jpeg?resize=350%2C200&ssl=1","width":350,"height":200,"srcset":"https:\/\/i0.wp.com\/lasprimeras.com.do\/wp-content\/uploads\/2026\/01\/Victor-Ito-Bisono.jpeg?resize=350%2C200&ssl=1 1x, https:\/\/i0.wp.com\/lasprimeras.com.do\/wp-content\/uploads\/2026\/01\/Victor-Ito-Bisono.jpeg?resize=525%2C300&ssl=1 1.5x, https:\/\/i0.wp.com\/lasprimeras.com.do\/wp-content\/uploads\/2026\/01\/Victor-Ito-Bisono.jpeg?resize=700%2C400&ssl=1 2x"},"classes":[]},{"id":135831,"url":"https:\/\/lasprimeras.com.do\/index.php\/2026\/07\/28\/abinader-designa-a-ito-bisono-como-jefe-de-mision-para-la-toma-de-posesion-presidencial-en-peru\/","url_meta":{"origin":72434,"position":3},"title":"Abinader designa a Ito Bison\u00f3 como jefe de misi\u00f3n para la toma de posesi\u00f3n presidencial en Per\u00fa","author":"Nelson Feliz","date":"28 de julio de 2026","format":false,"excerpt":"El ministro de Vivienda y Edificaciones representar\u00e1 al Gobierno dominicano en los actos oficiales de transmisi\u00f3n de mando que se celebrar\u00e1n en Lima. Santo Domingo. \u2013 El Gobierno de la Rep\u00fablica Dominicana design\u00f3 al ministro de Vivienda y Edificaciones, V\u00edctor -Ito- Bison\u00f3, como jefe de la misi\u00f3n especial que representa\u2026","rel":"","context":"En \u00abPOLITICA\u00bb","block_context":{"text":"POLITICA","link":"https:\/\/lasprimeras.com.do\/index.php\/category\/politica\/"},"img":{"alt_text":"V\u00edctor Ito Bison\u00f3","src":"https:\/\/i0.wp.com\/lasprimeras.com.do\/wp-content\/uploads\/2026\/01\/Victor-Ito-Bisono.jpeg?resize=350%2C200&ssl=1","width":350,"height":200,"srcset":"https:\/\/i0.wp.com\/lasprimeras.com.do\/wp-content\/uploads\/2026\/01\/Victor-Ito-Bisono.jpeg?resize=350%2C200&ssl=1 1x, https:\/\/i0.wp.com\/lasprimeras.com.do\/wp-content\/uploads\/2026\/01\/Victor-Ito-Bisono.jpeg?resize=525%2C300&ssl=1 1.5x, https:\/\/i0.wp.com\/lasprimeras.com.do\/wp-content\/uploads\/2026\/01\/Victor-Ito-Bisono.jpeg?resize=700%2C400&ssl=1 2x"},"classes":[]},{"id":137404,"url":"https:\/\/lasprimeras.com.do\/index.php\/2026\/08\/16\/victor-ito-bisono-es-designado-ministro-de-relaciones-exteriores\/","url_meta":{"origin":72434,"position":4},"title":"V\u00edctor &#8220;Ito&#8221; Bison\u00f3 es designado ministro de Relaciones Exteriores","author":"Nelson Feliz","date":"16 de agosto de 2026","format":false,"excerpt":"Con este movimiento, las autoridades asignan a Bison\u00f3 la conducci\u00f3n de la Canciller\u00eda y la gesti\u00f3n de la pol\u00edtica exterior de la Rep\u00fablica Dominicana. Santo Domingo.\u2014 V\u00edctor \"Ito\" Bison\u00f3 Haza fue designado como nuevo ministro de Relaciones Exteriores mediante decreto 554-26 del Poder Ejecutivo, tras la dimisi\u00f3n presentada por Roberto\u2026","rel":"","context":"En \u00abPORTADA\u00bb","block_context":{"text":"PORTADA","link":"https:\/\/lasprimeras.com.do\/index.php\/category\/portada\/"},"img":{"alt_text":"V\u00edctor Ito Bison\u00f3","src":"https:\/\/i0.wp.com\/lasprimeras.com.do\/wp-content\/uploads\/2026\/01\/Victor-Ito-Bisono.jpeg?resize=350%2C200&ssl=1","width":350,"height":200,"srcset":"https:\/\/i0.wp.com\/lasprimeras.com.do\/wp-content\/uploads\/2026\/01\/Victor-Ito-Bisono.jpeg?resize=350%2C200&ssl=1 1x, https:\/\/i0.wp.com\/lasprimeras.com.do\/wp-content\/uploads\/2026\/01\/Victor-Ito-Bisono.jpeg?resize=525%2C300&ssl=1 1.5x, https:\/\/i0.wp.com\/lasprimeras.com.do\/wp-content\/uploads\/2026\/01\/Victor-Ito-Bisono.jpeg?resize=700%2C400&ssl=1 2x"},"classes":[]},{"id":105884,"url":"https:\/\/lasprimeras.com.do\/index.php\/2025\/08\/08\/gobierno-sostiene-dialogo-con-mipymes-para-impulsar-el-tejido-productivo-nacional\/","url_meta":{"origin":72434,"position":5},"title":"Gobierno sostiene di\u00e1logo con mipymes para impulsar el tejido productivo nacional","author":"Nelson Feliz","date":"8 de agosto de 2025","format":false,"excerpt":"Mag\u00edn D\u00edaz e Ito Bison\u00f3 reafirmaron su compromiso de articular pol\u00edticas p\u00fablicas que promuevan el crecimiento y sostenibilidad de las Mipymes Los ministros de Hacienda y Econom\u00eda (MHE), Mag\u00edn D\u00edaz, y de Industria, Comercio y Mipymes (MICM), V\u00edctor -Ito- Bison\u00f3, sostuvieron un encuentro con representantes del sector Mipymes a nivel\u2026","rel":"","context":"En \u00abECONOM\u00cdA\u00bb","block_context":{"text":"ECONOM\u00cdA","link":"https:\/\/lasprimeras.com.do\/index.php\/category\/economia\/"},"img":{"alt_text":"","src":"https:\/\/i0.wp.com\/lasprimeras.com.do\/wp-content\/uploads\/2025\/08\/Los-ministros-Diaz-y-Bisono-se-comprometieron-a-mantener-un-canal-de-comunicacion-directo-y-permanente-con-actores-de-sector-Mypimes.jpg?resize=350%2C200&ssl=1","width":350,"height":200,"srcset":"https:\/\/i0.wp.com\/lasprimeras.com.do\/wp-content\/uploads\/2025\/08\/Los-ministros-Diaz-y-Bisono-se-comprometieron-a-mantener-un-canal-de-comunicacion-directo-y-permanente-con-actores-de-sector-Mypimes.jpg?resize=350%2C200&ssl=1 1x, https:\/\/i0.wp.com\/lasprimeras.com.do\/wp-content\/uploads\/2025\/08\/Los-ministros-Diaz-y-Bisono-se-comprometieron-a-mantener-un-canal-de-comunicacion-directo-y-permanente-con-actores-de-sector-Mypimes.jpg?resize=525%2C300&ssl=1 1.5x, https:\/\/i0.wp.com\/lasprimeras.com.do\/wp-content\/uploads\/2025\/08\/Los-ministros-Diaz-y-Bisono-se-comprometieron-a-mantener-un-canal-de-comunicacion-directo-y-permanente-con-actores-de-sector-Mypimes.jpg?resize=700%2C400&ssl=1 2x"},"classes":[]}],"jetpack_sharing_enabled":true,"jetpack_featured_media_url":"https:\/\/lasprimeras.com.do\/wp-content\/uploads\/2023\/12\/Noticias-de-energia-2023-12-29T093126.065.jpg","_links":{"self":[{"href":"https:\/\/lasprimeras.com.do\/index.php\/wp-json\/wp\/v2\/posts\/72434","targetHints":{"allow":["GET"]}}],"collection":[{"href":"https:\/\/lasprimeras.com.do\/index.php\/wp-json\/wp\/v2\/posts"}],"about":[{"href":"https:\/\/lasprimeras.com.do\/index.php\/wp-json\/wp\/v2\/types\/post"}],"author":[{"embeddable":true,"href":"https:\/\/lasprimeras.com.do\/index.php\/wp-json\/wp\/v2\/users\/3"}],"replies":[{"embeddable":true,"href":"https:\/\/lasprimeras.com.do\/index.php\/wp-json\/wp\/v2\/comments?post=72434"}],"version-history":[{"count":1,"href":"https:\/\/lasprimeras.com.do\/index.php\/wp-json\/wp\/v2\/posts\/72434\/revisions"}],"predecessor-version":[{"id":72436,"href":"https:\/\/lasprimeras.com.do\/index.php\/wp-json\/wp\/v2\/posts\/72434\/revisions\/72436"}],"wp:featuredmedia":[{"embeddable":true,"href":"https:\/\/lasprimeras.com.do\/index.php\/wp-json\/wp\/v2\/media\/72435"}],"wp:attachment":[{"href":"https:\/\/lasprimeras.com.do\/index.php\/wp-json\/wp\/v2\/media?parent=72434"}],"wp:term":[{"taxonomy":"category","embeddable":true,"href":"https:\/\/lasprimeras.com.do\/index.php\/wp-json\/wp\/v2\/categories?post=72434"},{"taxonomy":"post_tag","embeddable":true,"href":"https:\/\/lasprimeras.com.do\/index.php\/wp-json\/wp\/v2\/tags?post=72434"}],"curies":[{"name":"wp","href":"https:\/\/api.w.org\/{rel}","templated":true}]}}