{"id":72440,"date":"2023-12-29T14:05:36","date_gmt":"2023-12-29T18:05:36","guid":{"rendered":"https:\/\/lasprimeras.com.do\/?p=72440"},"modified":"2023-12-29T14:05:37","modified_gmt":"2023-12-29T18:05:37","slug":"medio-ambiente-dice-iniciara-proceso-de-sancion-por-extraccion-irregular-de-agregados-en-rio-jayaco","status":"publish","type":"post","link":"https:\/\/lasprimeras.com.do\/index.php\/2023\/12\/29\/medio-ambiente-dice-iniciara-proceso-de-sancion-por-extraccion-irregular-de-agregados-en-rio-jayaco\/","title":{"rendered":"Medio Ambiente dice iniciar\u00e1 proceso de sanci\u00f3n por extracci\u00f3n irregular de agregados en r\u00edo Jayaco"},"content":{"rendered":"\n<p class=\"wp-block-paragraph\">Santo Domingo.-El Ministerio de Medio Ambiente y Recursos Naturales (MMARN) iniciar\u00e1 el procedimiento sancionatorio en el caso de una extracci\u00f3n de agregados en el r\u00edo Jayaco, en Jima, paralizada por la Direcci\u00f3n Provincial de Monse\u00f1or Nouel y por el Servicio Nacional de Protecci\u00f3n Ambiental (Senpa) el pasado s\u00e1bado 23 de diciembre.<\/p>\n\n\n\n<p class=\"wp-block-paragraph\">El MMARN explic\u00f3 que inmediatamente tuvo conocimiento del hecho denunciado por la Sociedad Ecol\u00f3gica de Monse\u00f1or Nouel, el director provincial, Franklin Bautista, dispuso el traslado al r\u00edo del personal t\u00e9cnico del ministerio acompa\u00f1ado por agentes del Senpa y paralizaron la extracci\u00f3n de agregados promovida por el alcalde Willy C\u00e9spedes, quien tambi\u00e9n se present\u00f3 al lugar alegando que el material se estaba utilizando en la reparaci\u00f3n de caminos vecinales.<\/p>\n\n\n\n<p class=\"wp-block-paragraph\">El hecho llev\u00f3 al Viceministerio de Suelos y Aguas a realizar una evaluaci\u00f3n y a emitir una advertencia a la alcald\u00eda para que se abstenga de extraer material del cauce de los r\u00edos, lo cual est\u00e1 prohibido, salvo para las intervenciones puntuales que pudiera llevar a cabo el Instituto Nacional de Recursos Hidr\u00e1ulicos (Indrhi), bajo criterios t\u00e9cnicos y en consenso con la comunidad acad\u00e9mica, en caso de requerirse una intervenci\u00f3n para prevenir inundaciones.<\/p>\n\n\n\n<p class=\"wp-block-paragraph\">En el caso del r\u00edo Jayaco, las evaluaciones t\u00e9cnicas fueron realizadas por el ge\u00f3logo Wilson Castillo y el t\u00e9cnico Ambrosio Senci\u00f3n Pe\u00f1a.<\/p>\n\n\n\n<p class=\"wp-block-paragraph\">El MMARN agradeci\u00f3 el empoderamiento exhibido en este caso por Rub\u00e9n Luna y Ram\u00f3n Castillo, de la Sociedad Ecol\u00f3gica de Monse\u00f1or Nouel, as\u00ed como a Alfonso Ferm\u00edn (Ni\u00f1o), a quienes exhort\u00f3 a seguir vigilantes en favor de los recursos h\u00eddricos de esa provincia.<\/p>\n","protected":false},"excerpt":{"rendered":"<p>Santo Domingo.-El Ministerio de Medio Ambiente y Recursos Naturales (MMARN) iniciar\u00e1 el procedimiento sancionatorio en el caso de una extracci\u00f3n de agregados en el r\u00edo Jayaco, en Jima, paralizada por&hellip;<\/p>\n","protected":false},"author":3,"featured_media":72441,"comment_status":"open","ping_status":"open","sticky":false,"template":"","format":"standard","meta":{"content-type":"","_jetpack_newsletter_access":"","_jetpack_dont_email_post_to_subs":false,"_jetpack_newsletter_tier_id":0,"_jetpack_memberships_contains_paywalled_content":false,"_jetpack_feature_clip_id":0,"_jetpack_memberships_contains_paid_content":false,"footnotes":"","jetpack_post_was_ever_published":false},"categories":[35],"tags":[],"class_list":["post-72440","post","type-post","status-publish","format-standard","has-post-thumbnail","hentry","category-nacionales"],"jetpack-related-posts":[{"id":57401,"url":"https:\/\/lasprimeras.com.do\/index.php\/2023\/08\/12\/allanan-minas-que-operaban-de-manera-irregular-en-la-vega\/","url_meta":{"origin":72440,"position":0},"title":"Allanan minas que operaban de manera irregular en La Vega","author":"Nelson Feliz","date":"12 de agosto de 2023","format":false,"excerpt":"Durante los allanamientos tambi\u00e9n arrestaron a varias personas. La Procuradur\u00eda Especializada para la Defensa del Medio Ambiente y los Recursos Naturales (Proedemaren) ejecut\u00f3 este s\u00e1bado allanamientos e inspecciones en varias minas ubicadas en el sector Guaco, de La Vega, por dedicarse a la extracci\u00f3n, procesamiento y ventas de agregados, sin\u2026","rel":"","context":"En \u00abNACIONALES\u00bb","block_context":{"text":"NACIONALES","link":"https:\/\/lasprimeras.com.do\/index.php\/category\/nacionales\/"},"img":{"alt_text":"mina","src":"https:\/\/i0.wp.com\/lasprimeras.com.do\/wp-content\/uploads\/2023\/08\/mina.jpeg?resize=350%2C200&ssl=1","width":350,"height":200,"srcset":"https:\/\/i0.wp.com\/lasprimeras.com.do\/wp-content\/uploads\/2023\/08\/mina.jpeg?resize=350%2C200&ssl=1 1x, https:\/\/i0.wp.com\/lasprimeras.com.do\/wp-content\/uploads\/2023\/08\/mina.jpeg?resize=525%2C300&ssl=1 1.5x, https:\/\/i0.wp.com\/lasprimeras.com.do\/wp-content\/uploads\/2023\/08\/mina.jpeg?resize=700%2C400&ssl=1 2x"},"classes":[]},{"id":83889,"url":"https:\/\/lasprimeras.com.do\/index.php\/2024\/05\/27\/medio-ambiente-investiga-corte-de-ocho-arboles-por-la-alcaldia-de-sfm\/","url_meta":{"origin":72440,"position":1},"title":"Medio Ambiente investiga corte de ocho \u00e1rboles por la alcald\u00eda de SFM","author":"Nelson Feliz","date":"27 de mayo de 2024","format":false,"excerpt":"El desmonte de los arboles fue en el Paisaje Ecol\u00f3gico Riberas del Jaya. El Ministerio de Medio Ambiente y Recursos Naturales realiza levantamiento t\u00e9cnico para proceder conforme a la ley en el caso del corte de ocho \u00e1rboles y la nivelaci\u00f3n de terreno realizada de forma irregular por la Alcald\u00eda\u2026","rel":"","context":"En \u00abNACIONALES\u00bb","block_context":{"text":"NACIONALES","link":"https:\/\/lasprimeras.com.do\/index.php\/category\/nacionales\/"},"img":{"alt_text":"","src":"https:\/\/i0.wp.com\/lasprimeras.com.do\/wp-content\/uploads\/2024\/05\/Medio-Ambiente-investiga-desmonte-de-arboles-realizado-por-la-alcaldia-de-SFM-en-el-Paisaje-Ecologico-Riberas-del-Jaya-2.jpg?resize=350%2C200&ssl=1","width":350,"height":200,"srcset":"https:\/\/i0.wp.com\/lasprimeras.com.do\/wp-content\/uploads\/2024\/05\/Medio-Ambiente-investiga-desmonte-de-arboles-realizado-por-la-alcaldia-de-SFM-en-el-Paisaje-Ecologico-Riberas-del-Jaya-2.jpg?resize=350%2C200&ssl=1 1x, https:\/\/i0.wp.com\/lasprimeras.com.do\/wp-content\/uploads\/2024\/05\/Medio-Ambiente-investiga-desmonte-de-arboles-realizado-por-la-alcaldia-de-SFM-en-el-Paisaje-Ecologico-Riberas-del-Jaya-2.jpg?resize=525%2C300&ssl=1 1.5x, https:\/\/i0.wp.com\/lasprimeras.com.do\/wp-content\/uploads\/2024\/05\/Medio-Ambiente-investiga-desmonte-de-arboles-realizado-por-la-alcaldia-de-SFM-en-el-Paisaje-Ecologico-Riberas-del-Jaya-2.jpg?resize=700%2C400&ssl=1 2x"},"classes":[]},{"id":54379,"url":"https:\/\/lasprimeras.com.do\/index.php\/2023\/07\/10\/medio-ambiente-fortalece-cuenca-del-rio-haina-con-la-siembra-de-caoba-y-cedro\/","url_meta":{"origin":72440,"position":2},"title":"Medio Ambiente fortalece cuenca del r\u00edo Haina con la siembra de caoba y cedro","author":"Nelson Feliz","date":"10 de julio de 2023","format":false,"excerpt":"El Plan Nacional de Reforestaci\u00f3n estuvo presente este fin de semana en Santo Domingo, La Vega, Peravia, Monse\u00f1or Nouel. La comunidad de Arenoso se sum\u00f3 ayer a los voluntarios del Ministerio de Defensa y las brigadas del Ministerio de Medio Ambiente y Recursos Naturales para plantar caoba criolla, caoba hondure\u00f1a\u2026","rel":"","context":"En \u00abNACIONALES\u00bb","block_context":{"text":"NACIONALES","link":"https:\/\/lasprimeras.com.do\/index.php\/category\/nacionales\/"},"img":{"alt_text":"","src":"https:\/\/i0.wp.com\/lasprimeras.com.do\/wp-content\/uploads\/2023\/07\/ambiente.jpg?resize=350%2C200&ssl=1","width":350,"height":200,"srcset":"https:\/\/i0.wp.com\/lasprimeras.com.do\/wp-content\/uploads\/2023\/07\/ambiente.jpg?resize=350%2C200&ssl=1 1x, https:\/\/i0.wp.com\/lasprimeras.com.do\/wp-content\/uploads\/2023\/07\/ambiente.jpg?resize=525%2C300&ssl=1 1.5x, https:\/\/i0.wp.com\/lasprimeras.com.do\/wp-content\/uploads\/2023\/07\/ambiente.jpg?resize=700%2C400&ssl=1 2x"},"classes":[]},{"id":60990,"url":"https:\/\/lasprimeras.com.do\/index.php\/2023\/09\/21\/extraccion-de-arena-en-rio-masacre-por-haitianos-pone-en-peligro-el-afluente\/","url_meta":{"origin":72440,"position":3},"title":"Extracci\u00f3n de arena en r\u00edo Masacre por haitianos pone en peligro el afluente","author":"Nelson Feliz","date":"21 de septiembre de 2023","format":false,"excerpt":"En la construcci\u00f3n de un canal para desviar las aguas del r\u00edo Masacre, nacionales haitianos tambi\u00e9n se encuentran extrayendo importantes cantidades de arena del afluente provocando da\u00f1os ambientales. Desde los sectores La Sal y Los Cartones en Dajab\u00f3n, se puede observar como los haitianos bajan al r\u00edo masacre con cubetas\u2026","rel":"","context":"En \u00abNACIONALES\u00bb","block_context":{"text":"NACIONALES","link":"https:\/\/lasprimeras.com.do\/index.php\/category\/nacionales\/"},"img":{"alt_text":"Nacionales haitianos extraen arena del r\u00edo MasacreFUENTE EXTERNA","src":"https:\/\/i0.wp.com\/lasprimeras.com.do\/wp-content\/uploads\/2023\/09\/Extraccion-de-arena-1.jpeg?resize=350%2C200&ssl=1","width":350,"height":200,"srcset":"https:\/\/i0.wp.com\/lasprimeras.com.do\/wp-content\/uploads\/2023\/09\/Extraccion-de-arena-1.jpeg?resize=350%2C200&ssl=1 1x, https:\/\/i0.wp.com\/lasprimeras.com.do\/wp-content\/uploads\/2023\/09\/Extraccion-de-arena-1.jpeg?resize=525%2C300&ssl=1 1.5x, https:\/\/i0.wp.com\/lasprimeras.com.do\/wp-content\/uploads\/2023\/09\/Extraccion-de-arena-1.jpeg?resize=700%2C400&ssl=1 2x"},"classes":[]},{"id":60934,"url":"https:\/\/lasprimeras.com.do\/index.php\/2023\/09\/20\/suben-400-permisos-mensuales-medio-ambiente-para-extraccion\/","url_meta":{"origin":72440,"position":4},"title":"Suben 400% permisos mensuales Medio Ambiente para extracci\u00f3n","author":"Nelson Feliz","date":"20 de septiembre de 2023","format":false,"excerpt":"La Uni\u00f3n Empresarial Dominicana (UED), denunci\u00f3 que el Ministerio de Medio Ambiente y Recursos Naturales, aument\u00f3 en un 400 % los permisos temporales para la extracci\u00f3n de materiales no met\u00e1licos, se niega a otorgarlos de manera definitiva y les obliga a pagar por un m\u00ednimo de quince mil metros c\u00fabicos\u2026","rel":"","context":"En \u00abNACIONALES\u00bb","block_context":{"text":"NACIONALES","link":"https:\/\/lasprimeras.com.do\/index.php\/category\/nacionales\/"},"img":{"alt_text":"Medio Ambiente","src":"https:\/\/i0.wp.com\/lasprimeras.com.do\/wp-content\/uploads\/2023\/09\/Medio-Ambiente.jpg?resize=350%2C200&ssl=1","width":350,"height":200,"srcset":"https:\/\/i0.wp.com\/lasprimeras.com.do\/wp-content\/uploads\/2023\/09\/Medio-Ambiente.jpg?resize=350%2C200&ssl=1 1x, https:\/\/i0.wp.com\/lasprimeras.com.do\/wp-content\/uploads\/2023\/09\/Medio-Ambiente.jpg?resize=525%2C300&ssl=1 1.5x, https:\/\/i0.wp.com\/lasprimeras.com.do\/wp-content\/uploads\/2023\/09\/Medio-Ambiente.jpg?resize=700%2C400&ssl=1 2x"},"classes":[]},{"id":120795,"url":"https:\/\/lasprimeras.com.do\/index.php\/2026\/01\/27\/medio-ambiente-interviene-mina-de-agregados-en-nigua\/","url_meta":{"origin":72440,"position":5},"title":"Medio Ambiente interviene mina de agregados en Nigua","author":"Nelson Feliz","date":"27 de enero de 2026","format":false,"excerpt":"El Ministerio de Medio Ambiente y Recursos Naturales, a trav\u00e9s del Viceministerio de Suelos y Aguas, la Procuradur\u00eda Especializada para la Protecci\u00f3n del Medio Ambiente y los Recursos Naturales y el Servicio Nacional de Protecci\u00f3n Ambiental (SENPA), intervino la mina de agregados Aremax, la cual operaba de manera ilegal en\u2026","rel":"","context":"En \u00abMEDIO AMBIENTE\u00bb","block_context":{"text":"MEDIO AMBIENTE","link":"https:\/\/lasprimeras.com.do\/index.php\/category\/medio-ambiente\/"},"img":{"alt_text":"","src":"https:\/\/i0.wp.com\/lasprimeras.com.do\/wp-content\/uploads\/2026\/01\/unaaa.jpg?resize=350%2C200&ssl=1","width":350,"height":200,"srcset":"https:\/\/i0.wp.com\/lasprimeras.com.do\/wp-content\/uploads\/2026\/01\/unaaa.jpg?resize=350%2C200&ssl=1 1x, https:\/\/i0.wp.com\/lasprimeras.com.do\/wp-content\/uploads\/2026\/01\/unaaa.jpg?resize=525%2C300&ssl=1 1.5x, https:\/\/i0.wp.com\/lasprimeras.com.do\/wp-content\/uploads\/2026\/01\/unaaa.jpg?resize=700%2C400&ssl=1 2x"},"classes":[]}],"jetpack_sharing_enabled":true,"jetpack_featured_media_url":"https:\/\/lasprimeras.com.do\/wp-content\/uploads\/2023\/12\/Noticias-de-energia-2023-12-29T121726.807.jpg","_links":{"self":[{"href":"https:\/\/lasprimeras.com.do\/index.php\/wp-json\/wp\/v2\/posts\/72440","targetHints":{"allow":["GET"]}}],"collection":[{"href":"https:\/\/lasprimeras.com.do\/index.php\/wp-json\/wp\/v2\/posts"}],"about":[{"href":"https:\/\/lasprimeras.com.do\/index.php\/wp-json\/wp\/v2\/types\/post"}],"author":[{"embeddable":true,"href":"https:\/\/lasprimeras.com.do\/index.php\/wp-json\/wp\/v2\/users\/3"}],"replies":[{"embeddable":true,"href":"https:\/\/lasprimeras.com.do\/index.php\/wp-json\/wp\/v2\/comments?post=72440"}],"version-history":[{"count":1,"href":"https:\/\/lasprimeras.com.do\/index.php\/wp-json\/wp\/v2\/posts\/72440\/revisions"}],"predecessor-version":[{"id":72442,"href":"https:\/\/lasprimeras.com.do\/index.php\/wp-json\/wp\/v2\/posts\/72440\/revisions\/72442"}],"wp:featuredmedia":[{"embeddable":true,"href":"https:\/\/lasprimeras.com.do\/index.php\/wp-json\/wp\/v2\/media\/72441"}],"wp:attachment":[{"href":"https:\/\/lasprimeras.com.do\/index.php\/wp-json\/wp\/v2\/media?parent=72440"}],"wp:term":[{"taxonomy":"category","embeddable":true,"href":"https:\/\/lasprimeras.com.do\/index.php\/wp-json\/wp\/v2\/categories?post=72440"},{"taxonomy":"post_tag","embeddable":true,"href":"https:\/\/lasprimeras.com.do\/index.php\/wp-json\/wp\/v2\/tags?post=72440"}],"curies":[{"name":"wp","href":"https:\/\/api.w.org\/{rel}","templated":true}]}}