{"id":72449,"date":"2023-12-29T14:37:03","date_gmt":"2023-12-29T18:37:03","guid":{"rendered":"https:\/\/lasprimeras.com.do\/?p=72449"},"modified":"2023-12-29T14:37:05","modified_gmt":"2023-12-29T18:37:05","slug":"rusia-lanza-uno-de-los-mayores-ataques-aereos-contra-ucrania","status":"publish","type":"post","link":"https:\/\/lasprimeras.com.do\/index.php\/2023\/12\/29\/rusia-lanza-uno-de-los-mayores-ataques-aereos-contra-ucrania\/","title":{"rendered":"Rusia lanza uno de los mayores ataques a\u00e9reos contra Ucrania"},"content":{"rendered":"\n<p>KIEV, Ucrania.- Rusia dispar\u00f3 alrededor de 110 misiles durante la noche, adem\u00e1s de aviones no tripulados, contra objetivos ucranianos en uno de los mayores ataques del a\u00f1o, dijo el presidente de Ucrania, Volodymyr Zelenskyy, el viernes.<\/p>\n\n\n\n<p>La mayor\u00eda de los misiles y drones fueron derribados pero al menos siete civiles murieron y un n\u00famero indeterminado de personas quedaron atrapadas bajo los escombros, de acuerdo con las autoridades ucranianas. Adem\u00e1s, se reportaron docenas de heridos.<\/p>\n\n\n\n<p>Zelenskyy apunt\u00f3 que las fuerzas del Kremlin utilizaron una amplia variedad de armas, incluyendo misiles bal\u00edsticos y de crucero.<\/p>\n\n\n\n<p>Rusia \u201clanz\u00f3 aparentemente todo lo que ten\u00eda\u201d contra objetivos en toda Ucrania, dijo el vocero de la Fuerza A\u00e9rea ucraniana, Yurii Ihnat.<\/p>\n\n\n\n<p>El asalto de unas 18 horas, que comenz\u00f3 el jueves y se prolong\u00f3 durante la noche, alcanz\u00f3 seis ciudades, incluyendo la capital, Kiev, y otras zonas del este al oeste del pa\u00eds, indicaron las autoridades.<\/p>\n","protected":false},"excerpt":{"rendered":"<p>KIEV, Ucrania.- Rusia dispar\u00f3 alrededor de 110 misiles durante la noche, adem\u00e1s de aviones no tripulados, contra objetivos ucranianos en uno de los mayores ataques del a\u00f1o, dijo el presidente&hellip;<\/p>\n","protected":false},"author":3,"featured_media":72450,"comment_status":"open","ping_status":"open","sticky":false,"template":"","format":"standard","meta":{"content-type":"","jetpack_post_was_ever_published":false,"_jetpack_newsletter_access":"","_jetpack_dont_email_post_to_subs":false,"_jetpack_newsletter_tier_id":0,"_jetpack_memberships_contains_paywalled_content":false,"_jetpack_memberships_contains_paid_content":false,"footnotes":""},"categories":[1],"tags":[1119,1108],"class_list":["post-72449","post","type-post","status-publish","format-standard","has-post-thumbnail","hentry","category-sin-categoria","tag-rusia","tag-ucrania"],"jetpack_featured_media_url":"https:\/\/lasprimeras.com.do\/wp-content\/uploads\/2023\/12\/Noticias-de-energia-2023-12-29T121341.489.jpg","jetpack-related-posts":[{"id":94935,"url":"https:\/\/lasprimeras.com.do\/index.php\/2025\/03\/07\/rusia-bombardea-red-electrica-de-ucrania-tras-anuncio-de-zelenskyy-de-conversaciones-con-eeuu\/","url_meta":{"origin":72449,"position":0},"title":"Rusia bombardea red el\u00e9ctrica de Ucrania tras anuncio de Zelenskyy de conversaciones con EEUU","author":"Nelson Feliz","date":"7 de marzo de 2025","format":false,"excerpt":"POR ILLIA NOVIKOV KIEV, Ucrania (AP) \u2014 Rusia atac\u00f3 la infraestructura energ\u00e9tica de Ucrania con un bombardeo a gran escala con misiles y aviones no tripulados durante la noche, informaron autoridades el viernes, horas despu\u00e9s que el presidente Volodymyr Zelenskyy anunci\u00f3 que la pr\u00f3xima semana tendr\u00e1 conversaciones con Estados Unidos\u2026","rel":"","context":"En \u00abINTERNACIONALES\u00bb","block_context":{"text":"INTERNACIONALES","link":"https:\/\/lasprimeras.com.do\/index.php\/category\/sin-categoria\/internacionales\/"},"img":{"alt_text":"","src":"https:\/\/i0.wp.com\/lasprimeras.com.do\/wp-content\/uploads\/2025\/03\/INCENDIO.png?resize=350%2C200&ssl=1","width":350,"height":200,"srcset":"https:\/\/i0.wp.com\/lasprimeras.com.do\/wp-content\/uploads\/2025\/03\/INCENDIO.png?resize=350%2C200&ssl=1 1x, https:\/\/i0.wp.com\/lasprimeras.com.do\/wp-content\/uploads\/2025\/03\/INCENDIO.png?resize=525%2C300&ssl=1 1.5x, https:\/\/i0.wp.com\/lasprimeras.com.do\/wp-content\/uploads\/2025\/03\/INCENDIO.png?resize=700%2C400&ssl=1 2x"},"classes":[]},{"id":85113,"url":"https:\/\/lasprimeras.com.do\/index.php\/2024\/06\/22\/tres-muertos-en-bombardeo-de-jarkov-mientras-rusia-lanza-misiles-contra-energeticas-ucranianas\/","url_meta":{"origin":72449,"position":1},"title":"Tres muertos en bombardeo de J\u00e1rkov mientras Rusia lanza misiles contra energ\u00e9ticas ucranianas","author":"Nelson Feliz","date":"22 de junio de 2024","format":false,"excerpt":"POR TOM WILLIAMS KIEV, Ucrania (AP) \u2014 Al menos tres personas murieron en un bombardeo ruso contra la segunda ciudad de Ucrania, J\u00e1rkov, el s\u00e1bado por la tarde, dijo el presidente ucraniano Volodymyr Zelenskyy. Otras 38 personas resultaron heridas en el ataque, dijo el alcalde de J\u00e1rkov, Ihor Terekhov. Se\u2026","rel":"","context":"En \u00abSin categor\u00eda\u00bb","block_context":{"text":"Sin categor\u00eda","link":"https:\/\/lasprimeras.com.do\/index.php\/category\/sin-categoria\/"},"img":{"alt_text":"","src":"https:\/\/i0.wp.com\/lasprimeras.com.do\/wp-content\/uploads\/2024\/06\/bombardeo.jpg?resize=350%2C200&ssl=1","width":350,"height":200,"srcset":"https:\/\/i0.wp.com\/lasprimeras.com.do\/wp-content\/uploads\/2024\/06\/bombardeo.jpg?resize=350%2C200&ssl=1 1x, https:\/\/i0.wp.com\/lasprimeras.com.do\/wp-content\/uploads\/2024\/06\/bombardeo.jpg?resize=525%2C300&ssl=1 1.5x, https:\/\/i0.wp.com\/lasprimeras.com.do\/wp-content\/uploads\/2024\/06\/bombardeo.jpg?resize=700%2C400&ssl=1 2x"},"classes":[]},{"id":79762,"url":"https:\/\/lasprimeras.com.do\/index.php\/2024\/03\/31\/dos-muertos-mientras-rusia-lanza-ataques-contra-la-infraestructura-energetica-de-ucrania\/","url_meta":{"origin":72449,"position":2},"title":"Dos muertos mientras Rusia lanza ataques contra la infraestructura energ\u00e9tica de Ucrania","author":"Nelson Feliz","date":"31 de marzo de 2024","format":false,"excerpt":"KIEV, Ucrania (AP) \u2014 Un ataque ruso con misil de crucero contra infraestructura en la regi\u00f3n occidental de Lviv en Ucrania mat\u00f3 a un hombre, mientras que otro muri\u00f3 en un ataque en el noreste, dijeron funcionarios el domingo. El ataque en Lviv destruy\u00f3 un edificio y provoc\u00f3 un incendio,\u2026","rel":"","context":"En \u00abSin categor\u00eda\u00bb","block_context":{"text":"Sin categor\u00eda","link":"https:\/\/lasprimeras.com.do\/index.php\/category\/sin-categoria\/"},"img":{"alt_text":"Ataque","src":"https:\/\/i0.wp.com\/lasprimeras.com.do\/wp-content\/uploads\/2024\/03\/Ataque-2.jpg?resize=350%2C200&ssl=1","width":350,"height":200,"srcset":"https:\/\/i0.wp.com\/lasprimeras.com.do\/wp-content\/uploads\/2024\/03\/Ataque-2.jpg?resize=350%2C200&ssl=1 1x, https:\/\/i0.wp.com\/lasprimeras.com.do\/wp-content\/uploads\/2024\/03\/Ataque-2.jpg?resize=525%2C300&ssl=1 1.5x"},"classes":[]},{"id":84048,"url":"https:\/\/lasprimeras.com.do\/index.php\/2024\/05\/30\/el-jefe-del-ejercito-ucraniano-dice-que-rusia-esta-aumentando-sus-tropas-en-la-critica-region-de-jarkov\/","url_meta":{"origin":72449,"position":3},"title":"El jefe del ej\u00e9rcito ucraniano dice que Rusia est\u00e1 aumentando sus tropas en la cr\u00edtica regi\u00f3n de J\u00e1rkov","author":"Nelson Feliz","date":"30 de mayo de 2024","format":false,"excerpt":"POR ILLIA NOVIKOV KIEV, Ucrania (AP) \u2014 Rusia llev\u00f3 a cabo una serie de ataques a\u00e9reos contra Ucrania con misiles de crucero, drones y misiles bal\u00edsticos, dijo el jueves la fuerza a\u00e9rea de Ucrania, mientras que el jefe del ej\u00e9rcito dijo que Rusia est\u00e1 aumentando su concentraci\u00f3n de tropas en\u2026","rel":"","context":"En \u00abSin categor\u00eda\u00bb","block_context":{"text":"Sin categor\u00eda","link":"https:\/\/lasprimeras.com.do\/index.php\/category\/sin-categoria\/"},"img":{"alt_text":"","src":"https:\/\/i0.wp.com\/lasprimeras.com.do\/wp-content\/uploads\/2024\/05\/Tropas-ucrania.jpg?resize=350%2C200&ssl=1","width":350,"height":200,"srcset":"https:\/\/i0.wp.com\/lasprimeras.com.do\/wp-content\/uploads\/2024\/05\/Tropas-ucrania.jpg?resize=350%2C200&ssl=1 1x, https:\/\/i0.wp.com\/lasprimeras.com.do\/wp-content\/uploads\/2024\/05\/Tropas-ucrania.jpg?resize=525%2C300&ssl=1 1.5x, https:\/\/i0.wp.com\/lasprimeras.com.do\/wp-content\/uploads\/2024\/05\/Tropas-ucrania.jpg?resize=700%2C400&ssl=1 2x"},"classes":[]},{"id":92172,"url":"https:\/\/lasprimeras.com.do\/index.php\/2024\/12\/31\/un-ataque-ruso-con-misiles-y-drones-golpea-varias-poblaciones-en-ucrania-incluida-kiev\/","url_meta":{"origin":72449,"position":4},"title":"Un ataque ruso con misiles y drones golpea varias poblaciones en Ucrania, incluida Kiev","author":"Nelson Feliz","date":"31 de diciembre de 2024","format":false,"excerpt":"By ILLIA NOVIKOV KIEV, Ucrania (AP) \u2014 Rusia lanz\u00f3 el martes un ataque a\u00e9reo contra Ucrania que golpe\u00f3 la capital y otras regiones con m\u00faltiples misiles y drones. La fuerza a\u00e9rea de Ucrania inform\u00f3 de una amenaza de misil bal\u00edstico a las 3:00 de la madrugada, y se escucharon al\u2026","rel":"","context":"En \u00abINTERNACIONALES\u00bb","block_context":{"text":"INTERNACIONALES","link":"https:\/\/lasprimeras.com.do\/index.php\/category\/sin-categoria\/internacionales\/"},"img":{"alt_text":"","src":"https:\/\/i0.wp.com\/lasprimeras.com.do\/wp-content\/uploads\/2024\/12\/ataque.jpg?resize=350%2C200&ssl=1","width":350,"height":200,"srcset":"https:\/\/i0.wp.com\/lasprimeras.com.do\/wp-content\/uploads\/2024\/12\/ataque.jpg?resize=350%2C200&ssl=1 1x, https:\/\/i0.wp.com\/lasprimeras.com.do\/wp-content\/uploads\/2024\/12\/ataque.jpg?resize=525%2C300&ssl=1 1.5x, https:\/\/i0.wp.com\/lasprimeras.com.do\/wp-content\/uploads\/2024\/12\/ataque.jpg?resize=700%2C400&ssl=1 2x"},"classes":[]},{"id":106962,"url":"https:\/\/lasprimeras.com.do\/index.php\/2025\/08\/21\/un-ataque-ruso-deja-1-muerto-y-15-heridos-en-ucrania-mientras-se-alargan-los-esfuerzos-de-paz\/","url_meta":{"origin":72449,"position":5},"title":"Un ataque ruso deja 1 muerto y 15 heridos en Ucrania mientras se alargan los esfuerzos de paz","author":"Nelson Feliz","date":"21 de agosto de 2025","format":false,"excerpt":"POR SAMYA KULLAB KIEV, Ucrania (AP) \u2014 Rusia lanz\u00f3 uno de sus mayores ataques a\u00e9reos del a\u00f1o contra Ucrania, con 574 drones y 40 misiles bal\u00edsticos y de crucero lanzados durante la noche, seg\u00fan dijo el jueves la Fuerza A\u00e9rea ucraniana, mientras una reciente iniciativa diplom\u00e1tica para detener la guerra\u2026","rel":"","context":"En \u00abINTERNACIONALES\u00bb","block_context":{"text":"INTERNACIONALES","link":"https:\/\/lasprimeras.com.do\/index.php\/category\/sin-categoria\/internacionales\/"},"img":{"alt_text":"","src":"https:\/\/i0.wp.com\/lasprimeras.com.do\/wp-content\/uploads\/2025\/08\/Volodymyr-Zelenskyy-2.jpg?resize=350%2C200&ssl=1","width":350,"height":200,"srcset":"https:\/\/i0.wp.com\/lasprimeras.com.do\/wp-content\/uploads\/2025\/08\/Volodymyr-Zelenskyy-2.jpg?resize=350%2C200&ssl=1 1x, https:\/\/i0.wp.com\/lasprimeras.com.do\/wp-content\/uploads\/2025\/08\/Volodymyr-Zelenskyy-2.jpg?resize=525%2C300&ssl=1 1.5x, https:\/\/i0.wp.com\/lasprimeras.com.do\/wp-content\/uploads\/2025\/08\/Volodymyr-Zelenskyy-2.jpg?resize=700%2C400&ssl=1 2x"},"classes":[]}],"jetpack_sharing_enabled":true,"_links":{"self":[{"href":"https:\/\/lasprimeras.com.do\/index.php\/wp-json\/wp\/v2\/posts\/72449","targetHints":{"allow":["GET"]}}],"collection":[{"href":"https:\/\/lasprimeras.com.do\/index.php\/wp-json\/wp\/v2\/posts"}],"about":[{"href":"https:\/\/lasprimeras.com.do\/index.php\/wp-json\/wp\/v2\/types\/post"}],"author":[{"embeddable":true,"href":"https:\/\/lasprimeras.com.do\/index.php\/wp-json\/wp\/v2\/users\/3"}],"replies":[{"embeddable":true,"href":"https:\/\/lasprimeras.com.do\/index.php\/wp-json\/wp\/v2\/comments?post=72449"}],"version-history":[{"count":1,"href":"https:\/\/lasprimeras.com.do\/index.php\/wp-json\/wp\/v2\/posts\/72449\/revisions"}],"predecessor-version":[{"id":72451,"href":"https:\/\/lasprimeras.com.do\/index.php\/wp-json\/wp\/v2\/posts\/72449\/revisions\/72451"}],"wp:featuredmedia":[{"embeddable":true,"href":"https:\/\/lasprimeras.com.do\/index.php\/wp-json\/wp\/v2\/media\/72450"}],"wp:attachment":[{"href":"https:\/\/lasprimeras.com.do\/index.php\/wp-json\/wp\/v2\/media?parent=72449"}],"wp:term":[{"taxonomy":"category","embeddable":true,"href":"https:\/\/lasprimeras.com.do\/index.php\/wp-json\/wp\/v2\/categories?post=72449"},{"taxonomy":"post_tag","embeddable":true,"href":"https:\/\/lasprimeras.com.do\/index.php\/wp-json\/wp\/v2\/tags?post=72449"}],"curies":[{"name":"wp","href":"https:\/\/api.w.org\/{rel}","templated":true}]}}