{"id":72461,"date":"2023-12-29T20:40:44","date_gmt":"2023-12-30T00:40:44","guid":{"rendered":"https:\/\/lasprimeras.com.do\/?p=72461"},"modified":"2023-12-29T20:40:45","modified_gmt":"2023-12-30T00:40:45","slug":"desmantelan-banda-se-dedicada-a-extorsionar-cobros-compulsivos-tumbes-de-drogas-y-sicariato","status":"publish","type":"post","link":"https:\/\/lasprimeras.com.do\/index.php\/2023\/12\/29\/desmantelan-banda-se-dedicada-a-extorsionar-cobros-compulsivos-tumbes-de-drogas-y-sicariato\/","title":{"rendered":"Desmantelan banda se dedicada a extorsionar, cobros compulsivos, tumbes de drogas y sicariato"},"content":{"rendered":"\n<p>Por Martin Restituyo<\/p>\n\n\n\n<p>La Polic\u00eda Nacional a trav\u00e9s de la Direcci\u00f3n Central de Investigaciones Criminales (DICRIM), luego de decenas de diligencias de investigaci\u00f3n obtuvo informaciones y pruebas de que la organizaci\u00f3n criminal hab\u00eda participado en robos, atracos, tumbes de drogas, extorsi\u00f3n, cobros compulsivos, tr\u00e1fico y comercializaci\u00f3n de armas de fuego, sicariato, falsificaci\u00f3n de documentos, entre otros delitos.<\/p>\n\n\n\n<p>Los detenidos utilizaban indumentarias militares con las siglas de la Direcci\u00f3n Nacional de Control de Drogas DNCD.<\/p>\n\n\n\n<p>En tal sentido, alrededor de las 12:15 horas del d\u00eda de hoy miembros de la Direcci\u00f3n Central de Investigaci\u00f3n DICRIM obtuvieron informaciones entorno a una tirada que se dispon\u00eda realizar la organizaci\u00f3n criminal, por lo que materializ\u00f3 un amplio operativo en el km 12 de la Autopista 30 de mayo, y la caba\u00f1a T\u00eda Tania.<\/p>\n\n\n\n<p>Los miembros de la Polic\u00eda Nacional fueron recibidos a disparos por los integrantes de la organizaci\u00f3n criminal, teniendo los polic\u00edas actuantes que verse en la necesidad de repeler la agresi\u00f3n resultando abatidos 3 personas que responden a los nombres de Sandro Miguel Garc\u00eda, A.R.D., dom., Nicol\u00e1s Eladio Buten A.R.D y Joel Emilio Rodr\u00edguez Silva y el investigado Michael Jos\u00e9 Constanza Pi\u00f1a fue arrestado.<\/p>\n\n\n\n<p>A los miembros de las bandas se les ocuparon cuatro (4) pistolas y un fusil, as\u00ed como informaciones de tiradas que pensaban hacer en las pr\u00f3ximas horas, hechos que fueron evitados producto de las investigaciones que de ven\u00edan desplegando.<\/p>\n\n\n\n<p>La organizaci\u00f3n criminal hab\u00eda participado en varios hechos criminales, incluyendo el rapto de un comerciante del este del pa\u00eds.<\/p>\n\n\n\n<p>El Director de la Polic\u00eda Nacional, mayor general Ram\u00f3n Antonio Guzm\u00e1n Peralta y el presidente de la Direcci\u00f3n Nacional de Control de Drogas, Vicealmirante Jos\u00e9 Manuel Cabrera Ulloa, juntos al Ministerio P\u00fablico han establecido como una prioridad adecentar las instituciones que trabajan en aplicaci\u00f3n de la ley y combatir el crimen sin importar quien lo cometa.<\/p>\n\n\n\n<p>Las investigaciones est\u00e1n en proceso, en las pr\u00f3ximas horas se dar\u00e1n m\u00e1s detalles de la operaci\u00f3n.<\/p>\n","protected":false},"excerpt":{"rendered":"<p>Por Martin Restituyo La Polic\u00eda Nacional a trav\u00e9s de la Direcci\u00f3n Central de Investigaciones Criminales (DICRIM), luego de decenas de diligencias de investigaci\u00f3n obtuvo informaciones y pruebas de que la&hellip;<\/p>\n","protected":false},"author":2,"featured_media":70381,"comment_status":"open","ping_status":"open","sticky":false,"template":"","format":"standard","meta":{"content-type":"","jetpack_post_was_ever_published":false,"_jetpack_newsletter_access":"","_jetpack_dont_email_post_to_subs":false,"_jetpack_newsletter_tier_id":0,"_jetpack_memberships_contains_paywalled_content":false,"_jetpack_memberships_contains_paid_content":false,"footnotes":""},"categories":[3057],"tags":[943,10809,944,10807,1169,10808],"class_list":["post-72461","post","type-post","status-publish","format-standard","has-post-thumbnail","hentry","category-militares","tag-banda","tag-cobros-compulsivos","tag-desmantelan","tag-extorsionar","tag-sicariato","tag-tumbes-de-drogas"],"jetpack_featured_media_url":"https:\/\/lasprimeras.com.do\/wp-content\/uploads\/2023\/12\/image.png","jetpack-related-posts":[{"id":73026,"url":"https:\/\/lasprimeras.com.do\/index.php\/2024\/01\/05\/ministerio-publico-pide-prision-preventiva-contra-hombre-arrestado-en-cabana\/","url_meta":{"origin":72461,"position":0},"title":"Ministerio P\u00fablico pide prisi\u00f3n preventiva contra hombre arrestado en caba\u00f1a","author":"Nelson Feliz","date":"5 de enero de 2024","format":false,"excerpt":"La solicitud de medida de coerci\u00f3n y la declaratoria de caso complejo fue solicitada ante el Juzgado de Atenci\u00f3n Permanente de San Pedro de Macor\u00eds, que ya fij\u00f3 la vista de la audiencia para el 12 de enero. La Fiscal\u00eda de San Pedro de Macor\u00eds solicit\u00f3 prisi\u00f3n preventiva en contra\u2026","rel":"","context":"En \u00abJUSTICIA\u00bb","block_context":{"text":"JUSTICIA","link":"https:\/\/lasprimeras.com.do\/index.php\/category\/justicia\/"},"img":{"alt_text":"Palacio de Justicia de San Pedro de Macor\u00eds.","src":"https:\/\/i0.wp.com\/lasprimeras.com.do\/wp-content\/uploads\/2024\/01\/Palacio-de-Justicia-de-San-Pedro-de-Macoris.jpeg?resize=350%2C200&ssl=1","width":350,"height":200,"srcset":"https:\/\/i0.wp.com\/lasprimeras.com.do\/wp-content\/uploads\/2024\/01\/Palacio-de-Justicia-de-San-Pedro-de-Macoris.jpeg?resize=350%2C200&ssl=1 1x, https:\/\/i0.wp.com\/lasprimeras.com.do\/wp-content\/uploads\/2024\/01\/Palacio-de-Justicia-de-San-Pedro-de-Macoris.jpeg?resize=525%2C300&ssl=1 1.5x, https:\/\/i0.wp.com\/lasprimeras.com.do\/wp-content\/uploads\/2024\/01\/Palacio-de-Justicia-de-San-Pedro-de-Macoris.jpeg?resize=700%2C400&ssl=1 2x"},"classes":[]},{"id":96023,"url":"https:\/\/lasprimeras.com.do\/index.php\/2025\/03\/24\/desmantelan-en-bani-red-de-trafico-de-armas-con-vinculos-internacionales\/","url_meta":{"origin":72461,"position":1},"title":"Desmantelan en Ban\u00ed red de tr\u00e1fico de armas con v\u00ednculos internacionales","author":"Nelson Feliz","date":"24 de marzo de 2025","format":false,"excerpt":"-Ocupan 11 pistolas, seis fusiles, municiones, entre otras evidencias. -Apresan a dos hombres y persiguen a otros tres vinculados al grupo delictivo. La Direcci\u00f3n Central de Inteligencia (DINTEL) de la Polic\u00eda Nacional, en coordinaci\u00f3n con el Ministerio P\u00fablico, desmantel\u00f3 una organizaci\u00f3n criminal dedicada al tr\u00e1fico internacional de armas, con base\u2026","rel":"","context":"En \u00abMILITARES\u00bb","block_context":{"text":"MILITARES","link":"https:\/\/lasprimeras.com.do\/index.php\/category\/militares\/"},"img":{"alt_text":"","src":"https:\/\/i0.wp.com\/lasprimeras.com.do\/wp-content\/uploads\/2025\/03\/FOTOS.jpg?resize=350%2C200&ssl=1","width":350,"height":200},"classes":[]},{"id":70939,"url":"https:\/\/lasprimeras.com.do\/index.php\/2023\/12\/15\/la-pluma-termino-igual-a-como-vivio-entre-el-fuego-de-la-polvora\/","url_meta":{"origin":72461,"position":2},"title":"\u201cLa Pluma\u201d termin\u00f3 igual a como vivi\u00f3: entre el fuego de la p\u00f3lvora","author":"BIMARY DE JES\u00daS Matos","date":"15 de diciembre de 2023","format":false,"excerpt":"Santo Domingo.-Despu\u00e9s de transcurridos m\u00e1s de tres meses del llamamiento formulado por el presidente Luis Abinader, al pr\u00f3fugo Jony Oscar Charles Juan, alias \u201cLa Pluma\u201d, motiv\u00e1ndolo a entregarse a las autoridades, agentes de la Polic\u00eda Nacional lo abatieron la noche del pasado mi\u00e9rcoles durante un enfrentamiento a tiros en el\u2026","rel":"","context":"En \u00abPORTADA\u00bb","block_context":{"text":"PORTADA","link":"https:\/\/lasprimeras.com.do\/index.php\/category\/portada\/"},"img":{"alt_text":"","src":"https:\/\/i0.wp.com\/lasprimeras.com.do\/wp-content\/uploads\/2023\/12\/WhatsApp-Image-2023-12-14-at-4.48.00-PM-16.jpeg?resize=350%2C200&ssl=1","width":350,"height":200,"srcset":"https:\/\/i0.wp.com\/lasprimeras.com.do\/wp-content\/uploads\/2023\/12\/WhatsApp-Image-2023-12-14-at-4.48.00-PM-16.jpeg?resize=350%2C200&ssl=1 1x, https:\/\/i0.wp.com\/lasprimeras.com.do\/wp-content\/uploads\/2023\/12\/WhatsApp-Image-2023-12-14-at-4.48.00-PM-16.jpeg?resize=525%2C300&ssl=1 1.5x"},"classes":[]},{"id":109408,"url":"https:\/\/lasprimeras.com.do\/index.php\/2025\/09\/17\/se-entrega-supuesto-cabecilla-de-red-criminal-vinculada-a-los-abatidos-por-la-policia-en-santiago\/","url_meta":{"origin":72461,"position":3},"title":"Se entrega supuesto cabecilla de red criminal vinculada a los abatidos por la Polic\u00eda en Santiago","author":"Nelson Feliz","date":"17 de septiembre de 2025","format":false,"excerpt":"Se entreg\u00f3 Ronny Abel S\u00e1nchez Morillo, alias \"Mudita\", se\u00f1alado como supuesto cabecilla de una red criminal vinculada a los cinco abatidos por la Polic\u00eda en Santiago. Su entrega se produjo la tarde de este mi\u00e9rcoles a las autoridades, present\u00e1ndose ante la Fiscal\u00eda de Santiago en compa\u00f1\u00eda de su abogado \u00c1ngel\u2026","rel":"","context":"En \u00abMILITARES\u00bb","block_context":{"text":"MILITARES","link":"https:\/\/lasprimeras.com.do\/index.php\/category\/militares\/"},"img":{"alt_text":"","src":"https:\/\/i0.wp.com\/lasprimeras.com.do\/wp-content\/uploads\/2025\/09\/se-entrega-supuesto-cabecilla-red-vinculada-abatidos-en-santiago-c6d741e2-focus-min0.57-0.7-896-504.jpg?resize=350%2C200&ssl=1","width":350,"height":200,"srcset":"https:\/\/i0.wp.com\/lasprimeras.com.do\/wp-content\/uploads\/2025\/09\/se-entrega-supuesto-cabecilla-red-vinculada-abatidos-en-santiago-c6d741e2-focus-min0.57-0.7-896-504.jpg?resize=350%2C200&ssl=1 1x, https:\/\/i0.wp.com\/lasprimeras.com.do\/wp-content\/uploads\/2025\/09\/se-entrega-supuesto-cabecilla-red-vinculada-abatidos-en-santiago-c6d741e2-focus-min0.57-0.7-896-504.jpg?resize=525%2C300&ssl=1 1.5x, https:\/\/i0.wp.com\/lasprimeras.com.do\/wp-content\/uploads\/2025\/09\/se-entrega-supuesto-cabecilla-red-vinculada-abatidos-en-santiago-c6d741e2-focus-min0.57-0.7-896-504.jpg?resize=700%2C400&ssl=1 2x"},"classes":[]},{"id":90903,"url":"https:\/\/lasprimeras.com.do\/index.php\/2024\/11\/02\/dicrim-y-mp-desmantela-4-puntos-de-drogas-y-ocupan-36-maquinas-tragamonedas\/","url_meta":{"origin":72461,"position":4},"title":"DICRIM y MP desmantela 4 puntos de drogas y ocupan 36 m\u00e1quinas tragamonedas","author":"Nelson Feliz","date":"2 de noviembre de 2024","format":false,"excerpt":"-Operativos se intensifican en San Carlos, Capotillo, Villa Francisca y Villa Consuelo. Agentes de la Direcci\u00f3n Central de Investigaci\u00f3n (DICRIM), en coordinaci\u00f3n con el Ministerio P\u00fablico, desmantelaron cuatro puntos de drogas y decomisaron 36 m\u00e1quinas tragamonedas en operativos focalizados la noche del viernes en los sectores Villa Consuelo, Capotillo, Villa\u2026","rel":"","context":"En \u00abNACIONALES\u00bb","block_context":{"text":"NACIONALES","link":"https:\/\/lasprimeras.com.do\/index.php\/category\/nacionales\/"},"img":{"alt_text":"m\u00e1quinas tragamonedas","src":"https:\/\/i0.wp.com\/lasprimeras.com.do\/wp-content\/uploads\/2024\/11\/maquinas-tragamonedas.jpg?resize=350%2C200&ssl=1","width":350,"height":200,"srcset":"https:\/\/i0.wp.com\/lasprimeras.com.do\/wp-content\/uploads\/2024\/11\/maquinas-tragamonedas.jpg?resize=350%2C200&ssl=1 1x, https:\/\/i0.wp.com\/lasprimeras.com.do\/wp-content\/uploads\/2024\/11\/maquinas-tragamonedas.jpg?resize=525%2C300&ssl=1 1.5x"},"classes":[]},{"id":65604,"url":"https:\/\/lasprimeras.com.do\/index.php\/2023\/10\/30\/desmantelan-puntos-de-drogas-en-santiago-rodriguez\/","url_meta":{"origin":72461,"position":5},"title":"Desmantelan puntos de drogas en Santiago Rodr\u00edguez","author":"Nelson Feliz","date":"30 de octubre de 2023","format":false,"excerpt":"Confiscan presunta cocaina, marihuana y crack. Por Martin Restituyo Varios puntos de venta y distribuci\u00f3n de sustancias controladas fueron desmantelados en la comunidad Mata del Jobo, del municipio San Ignacio de Sabaneta, de la provincia Santiago Rodriguez. Durante la intervenci\u00f3n realizada por miembros preventivos y de investigaciones criminales de la\u2026","rel":"","context":"En \u00abMILITARES\u00bb","block_context":{"text":"MILITARES","link":"https:\/\/lasprimeras.com.do\/index.php\/category\/militares\/"},"img":{"alt_text":"drogas","src":"https:\/\/i0.wp.com\/lasprimeras.com.do\/wp-content\/uploads\/2023\/10\/drogas-2.jpg?resize=350%2C200&ssl=1","width":350,"height":200,"srcset":"https:\/\/i0.wp.com\/lasprimeras.com.do\/wp-content\/uploads\/2023\/10\/drogas-2.jpg?resize=350%2C200&ssl=1 1x, https:\/\/i0.wp.com\/lasprimeras.com.do\/wp-content\/uploads\/2023\/10\/drogas-2.jpg?resize=525%2C300&ssl=1 1.5x, https:\/\/i0.wp.com\/lasprimeras.com.do\/wp-content\/uploads\/2023\/10\/drogas-2.jpg?resize=700%2C400&ssl=1 2x"},"classes":[]}],"jetpack_sharing_enabled":true,"_links":{"self":[{"href":"https:\/\/lasprimeras.com.do\/index.php\/wp-json\/wp\/v2\/posts\/72461","targetHints":{"allow":["GET"]}}],"collection":[{"href":"https:\/\/lasprimeras.com.do\/index.php\/wp-json\/wp\/v2\/posts"}],"about":[{"href":"https:\/\/lasprimeras.com.do\/index.php\/wp-json\/wp\/v2\/types\/post"}],"author":[{"embeddable":true,"href":"https:\/\/lasprimeras.com.do\/index.php\/wp-json\/wp\/v2\/users\/2"}],"replies":[{"embeddable":true,"href":"https:\/\/lasprimeras.com.do\/index.php\/wp-json\/wp\/v2\/comments?post=72461"}],"version-history":[{"count":1,"href":"https:\/\/lasprimeras.com.do\/index.php\/wp-json\/wp\/v2\/posts\/72461\/revisions"}],"predecessor-version":[{"id":72462,"href":"https:\/\/lasprimeras.com.do\/index.php\/wp-json\/wp\/v2\/posts\/72461\/revisions\/72462"}],"wp:featuredmedia":[{"embeddable":true,"href":"https:\/\/lasprimeras.com.do\/index.php\/wp-json\/wp\/v2\/media\/70381"}],"wp:attachment":[{"href":"https:\/\/lasprimeras.com.do\/index.php\/wp-json\/wp\/v2\/media?parent=72461"}],"wp:term":[{"taxonomy":"category","embeddable":true,"href":"https:\/\/lasprimeras.com.do\/index.php\/wp-json\/wp\/v2\/categories?post=72461"},{"taxonomy":"post_tag","embeddable":true,"href":"https:\/\/lasprimeras.com.do\/index.php\/wp-json\/wp\/v2\/tags?post=72461"}],"curies":[{"name":"wp","href":"https:\/\/api.w.org\/{rel}","templated":true}]}}