{"id":72463,"date":"2023-12-29T21:14:13","date_gmt":"2023-12-30T01:14:13","guid":{"rendered":"https:\/\/lasprimeras.com.do\/?p=72463"},"modified":"2023-12-29T21:14:14","modified_gmt":"2023-12-30T01:14:14","slug":"area-vi-de-salud-en-operativo-navideno-para-la-prevencion-de-accidentes-de-transito","status":"publish","type":"post","link":"https:\/\/lasprimeras.com.do\/index.php\/2023\/12\/29\/area-vi-de-salud-en-operativo-navideno-para-la-prevencion-de-accidentes-de-transito\/","title":{"rendered":"\u00c1rea VI de Salud en Operativo Navide\u00f1o para la Prevenci\u00f3n de Accidentes de Transito"},"content":{"rendered":"\n<p>La Direcci\u00f3n Municipal del \u00c1rea VI de Salud, que dirige la doctora Karen G\u00f3mez Romano, a trav\u00e9s del programa de Prevenci\u00f3n de Lesiones y Violencia -PRELVI-, realiz\u00f3 este viernes un operativo de educaci\u00f3n y concienciaci\u00f3n a los transportistas del kil\u00f3metro nueve de la Carretera Duarte, con el objetivo de que tengan precauci\u00f3n al conducir durante la festividad navide\u00f1a.<\/p>\n\n\n\n<p>La doctora G\u00f3mez Romano, quien estuvo acompa\u00f1ada por la Cruz Roja Dominicana, colaboradores del \u00c1rea de Salud y la encargada del programa, Dinelva N\u00fa\u00f1ez.<\/p>\n\n\n\n<p>G\u00f3mez Romano y N\u00fa\u00f1ez, explicaron a los conductores de autobuses y choferes de carros p\u00fablicos que deben tener precauci\u00f3n al momento de conducir, porque contribuye a salvaguardar su vida, la de los pasajeros y la de los transe\u00fantes.<\/p>\n\n\n\n<p>\u201cEn estos d\u00edas de Navidad la familia quiere estar unida y se traslada a diferentes regiones para compartir con sus padres, hermanos, t\u00edos, sobrinos y dem\u00e1s seres queridos, es bueno que ustedes que tienen el volante en las manos, se aparten de los celulares, no tomar bebidas alcoh\u00f3licas hasta llegar a su destino, evitando as\u00ed, situaciones dif\u00edciles y accidentes de tr\u00e1nsito\u201d, agregaron.<\/p>\n\n\n\n<p>Exhortaron llevar a cabo las recomendaciones para pasar un fin de a\u00f1o feliz junto a las familias que esperan por ellos.<\/p>\n\n\n\n<p>En la jornada se entregaron materiales educativos y se colocaron afiches en lugares donde las personas pudieran leer.<\/p>\n","protected":false},"excerpt":{"rendered":"<p>La Direcci\u00f3n Municipal del \u00c1rea VI de Salud, que dirige la doctora Karen G\u00f3mez Romano, a trav\u00e9s del programa de Prevenci\u00f3n de Lesiones y Violencia -PRELVI-, realiz\u00f3 este viernes un&hellip;<\/p>\n","protected":false},"author":2,"featured_media":72464,"comment_status":"open","ping_status":"open","sticky":false,"template":"","format":"standard","meta":{"content-type":"","jetpack_post_was_ever_published":false,"_jetpack_newsletter_access":"","_jetpack_dont_email_post_to_subs":false,"_jetpack_newsletter_tier_id":0,"_jetpack_memberships_contains_paywalled_content":false,"_jetpack_memberships_contains_paid_content":false,"footnotes":""},"categories":[35,25],"tags":[1331,6058,10810,3036,10811],"class_list":["post-72463","post","type-post","status-publish","format-standard","has-post-thumbnail","hentry","category-nacionales","category-portada","tag-accidentes","tag-area-vi-de-salud","tag-operativo-navideno","tag-prevencion","tag-transito-2"],"jetpack_featured_media_url":"https:\/\/lasprimeras.com.do\/wp-content\/uploads\/2023\/12\/ope-1.jpg","jetpack-related-posts":[{"id":75115,"url":"https:\/\/lasprimeras.com.do\/index.php\/2024\/01\/29\/area-vi-de-salud-en-jornadas-para-la-prevencion-de-criaderos-de-mosquitos\/","url_meta":{"origin":72463,"position":0},"title":"\u00c1rea VI de Salud en jornadas para la prevenci\u00f3n de criaderos de mosquitos","author":"Nelson Feliz","date":"29 de enero de 2024","format":false,"excerpt":"La Direcci\u00f3n Municipal del \u00c1rea VI de Salud, que dirige la doctora Karen G\u00f3mez Romano, contin\u00faa con las jornadas de fumigaci\u00f3n, descacharrizaci\u00f3n, entrega de abate y otros insumos para la prevenci\u00f3n de criaderos de mosquitos que transmiten el dengue y otras enfermedades. La coordinadora de Salud Ambiental, Iscarla Medina junto\u2026","rel":"","context":"En \u00abSin categor\u00eda\u00bb","block_context":{"text":"Sin categor\u00eda","link":"https:\/\/lasprimeras.com.do\/index.php\/category\/sin-categoria\/"},"img":{"alt_text":"Karen G\u00f3mez Romano","src":"https:\/\/i0.wp.com\/lasprimeras.com.do\/wp-content\/uploads\/2024\/01\/Karen-Gomez-Romano-1.jpg?resize=350%2C200&ssl=1","width":350,"height":200,"srcset":"https:\/\/i0.wp.com\/lasprimeras.com.do\/wp-content\/uploads\/2024\/01\/Karen-Gomez-Romano-1.jpg?resize=350%2C200&ssl=1 1x, https:\/\/i0.wp.com\/lasprimeras.com.do\/wp-content\/uploads\/2024\/01\/Karen-Gomez-Romano-1.jpg?resize=525%2C300&ssl=1 1.5x"},"classes":[]},{"id":71444,"url":"https:\/\/lasprimeras.com.do\/index.php\/2023\/12\/19\/senasa-promueve-pacto-por-la-prevencion-y-tu-salud-durante-festividades-navidenas\/","url_meta":{"origin":72463,"position":1},"title":"SeNaSa promueve \u201cpacto por la prevenci\u00f3n y tu salud\u201d durante festividades navide\u00f1as","author":"Nelson Feliz","date":"19 de diciembre de 2023","format":false,"excerpt":"El director ejecutivo de SeNaSa, doctor Santiago Hazim invit\u00f3 a sus 7.5 millones de afiliados y a la poblaci\u00f3n en general a hacer un \u201cpacto por la prevenci\u00f3n y tu salud\u201d, durante las festividades navide\u00f1as, a prop\u00f3sito que se aproxima la conmemoraci\u00f3n de la Nochebuena, la Navidad y la celebraci\u00f3n\u2026","rel":"","context":"En \u00abPORTADA\u00bb","block_context":{"text":"PORTADA","link":"https:\/\/lasprimeras.com.do\/index.php\/category\/portada\/"},"img":{"alt_text":"Santiago Hazim","src":"https:\/\/i0.wp.com\/lasprimeras.com.do\/wp-content\/uploads\/2023\/12\/Santiago-Hazim.jpg?resize=350%2C200&ssl=1","width":350,"height":200,"srcset":"https:\/\/i0.wp.com\/lasprimeras.com.do\/wp-content\/uploads\/2023\/12\/Santiago-Hazim.jpg?resize=350%2C200&ssl=1 1x, https:\/\/i0.wp.com\/lasprimeras.com.do\/wp-content\/uploads\/2023\/12\/Santiago-Hazim.jpg?resize=525%2C300&ssl=1 1.5x"},"classes":[]},{"id":57271,"url":"https:\/\/lasprimeras.com.do\/index.php\/2023\/08\/10\/directora-del-area-vi-de-salud-imparte-charla-sobre-beneficios-de-la-lactancia-materna\/","url_meta":{"origin":72463,"position":2},"title":"\u00c1rea VI de Salud imparte charla sobre beneficios de la Lactancia Materna","author":"Nelson Feliz","date":"10 de agosto de 2023","format":false,"excerpt":"La Direcci\u00f3n Municipal del \u00c1rea VI de Salud, que encabeza la doctora Karen G\u00f3mez Romano, a trav\u00e9s del \"Programa Acompa\u00f1amiento Comunitario a Embarazadas\", imparti\u00f3 una charla a t\u00e9cnicos del \u00c1rea, a embarazadas y pu\u00e9rperas (madres que tienen menos de 24 horas de haber parido)sobre los Beneficios de la Lactancia Materna\u2026","rel":"","context":"En \u00abSin categor\u00eda\u00bb","block_context":{"text":"Sin categor\u00eda","link":"https:\/\/lasprimeras.com.do\/index.php\/category\/sin-categoria\/"},"img":{"alt_text":"Charla","src":"https:\/\/i0.wp.com\/lasprimeras.com.do\/wp-content\/uploads\/2023\/08\/Charla.jpg?resize=350%2C200&ssl=1","width":350,"height":200,"srcset":"https:\/\/i0.wp.com\/lasprimeras.com.do\/wp-content\/uploads\/2023\/08\/Charla.jpg?resize=350%2C200&ssl=1 1x, https:\/\/i0.wp.com\/lasprimeras.com.do\/wp-content\/uploads\/2023\/08\/Charla.jpg?resize=525%2C300&ssl=1 1.5x, https:\/\/i0.wp.com\/lasprimeras.com.do\/wp-content\/uploads\/2023\/08\/Charla.jpg?resize=700%2C400&ssl=1 2x"},"classes":[]},{"id":72716,"url":"https:\/\/lasprimeras.com.do\/index.php\/2024\/01\/02\/ney-arias-lora-mas-del-70-de-los-pacientes-asistidos-en-el-feriado-navideno-transitaba-en-motocicleta\/","url_meta":{"origin":72463,"position":3},"title":"Ney Arias Lora: M\u00e1s del 70% de los pacientes asistidos en el feriado navide\u00f1o transitaba en motocicleta","author":"Nelson Feliz","date":"2 de enero de 2024","format":false,"excerpt":"La direcci\u00f3n del Hospital Universitario Docente Traumatol\u00f3gico Dr. Ney Arias Lora, inform\u00f3 que en el segundo feriado navide\u00f1o, ofreci\u00f3 atenciones oportunas a las emergencias que se presentaron. El director general doctor Julio Landr\u00f3n, dijo que durante el fin de semana, la emergencia se mantuvo controlada, ya que se asistieron menos\u2026","rel":"","context":"En \u00abPORTADA\u00bb","block_context":{"text":"PORTADA","link":"https:\/\/lasprimeras.com.do\/index.php\/category\/portada\/"},"img":{"alt_text":"Hospital Universitario Docente Traumatol\u00f3gico Dr. Ney Arias Lora","src":"https:\/\/i0.wp.com\/lasprimeras.com.do\/wp-content\/uploads\/2024\/01\/Hospital-Universitario-Dr.-Ney-Arias-Lora.jpg?resize=350%2C200&ssl=1","width":350,"height":200,"srcset":"https:\/\/i0.wp.com\/lasprimeras.com.do\/wp-content\/uploads\/2024\/01\/Hospital-Universitario-Dr.-Ney-Arias-Lora.jpg?resize=350%2C200&ssl=1 1x, https:\/\/i0.wp.com\/lasprimeras.com.do\/wp-content\/uploads\/2024\/01\/Hospital-Universitario-Dr.-Ney-Arias-Lora.jpg?resize=525%2C300&ssl=1 1.5x, https:\/\/i0.wp.com\/lasprimeras.com.do\/wp-content\/uploads\/2024\/01\/Hospital-Universitario-Dr.-Ney-Arias-Lora.jpg?resize=700%2C400&ssl=1 2x"},"classes":[]},{"id":96712,"url":"https:\/\/lasprimeras.com.do\/index.php\/2025\/04\/06\/senasa-fomenta-educacion-vial-con-charla-divertida-para-ninos-y-familias\/","url_meta":{"origin":72463,"position":4},"title":"SeNaSa fomenta educaci\u00f3n vial con Charla Divertida para ni\u00f1os y Familias","author":"Nelson Feliz","date":"6 de abril de 2025","format":false,"excerpt":"En el marco de su campa\u00f1a \u201cSeguros con SeNaSa en Semana Santa\u201d, el Seguro Nacional de Salud (SeNaSa) realiz\u00f3 la \u201cCharla Vial Divertida\u201d para fomentar la prevenci\u00f3n y la educaci\u00f3n vial desde temprana edad. El director de SeNaSa, doctor Santiago Hazim, destac\u00f3 que la reducci\u00f3n de accidentes de tr\u00e1nsito comienza\u2026","rel":"","context":"En \u00abNACIONALES\u00bb","block_context":{"text":"NACIONALES","link":"https:\/\/lasprimeras.com.do\/index.php\/category\/nacionales\/"},"img":{"alt_text":"","src":"https:\/\/i0.wp.com\/lasprimeras.com.do\/wp-content\/uploads\/2025\/04\/senasa-1.jpg?resize=350%2C200&ssl=1","width":350,"height":200,"srcset":"https:\/\/i0.wp.com\/lasprimeras.com.do\/wp-content\/uploads\/2025\/04\/senasa-1.jpg?resize=350%2C200&ssl=1 1x, https:\/\/i0.wp.com\/lasprimeras.com.do\/wp-content\/uploads\/2025\/04\/senasa-1.jpg?resize=525%2C300&ssl=1 1.5x, https:\/\/i0.wp.com\/lasprimeras.com.do\/wp-content\/uploads\/2025\/04\/senasa-1.jpg?resize=700%2C400&ssl=1 2x"},"classes":[]},{"id":117142,"url":"https:\/\/lasprimeras.com.do\/index.php\/2025\/12\/08\/bautista-rojas-gomez-denuncia-crisis-en-senasa-y-el-sector-salud\/","url_meta":{"origin":72463,"position":5},"title":"Bautista Rojas G\u00f3mez denuncia crisis en SENASA y el sector salud","author":"Nelson Feliz","date":"8 de diciembre de 2025","format":false,"excerpt":"Advierte sobre alto costo del cerdo navide\u00f1o y posible movilizaci\u00f3n popular El prominente dirigente pol\u00edtico y secretario de Organizaci\u00f3n de la Fuerza del Pueblo (FP), Dr. Bautista Rojas G\u00f3mez, ha lanzado fuertes acusaciones contra la administraci\u00f3n del presidente Luis Abinader, centrando sus cr\u00edticas en la gesti\u00f3n de la Seguro Nacional\u2026","rel":"","context":"En \u00abPOLITICA\u00bb","block_context":{"text":"POLITICA","link":"https:\/\/lasprimeras.com.do\/index.php\/category\/politica\/"},"img":{"alt_text":"Bautista Rojas G\u00f3mez","src":"https:\/\/i0.wp.com\/lasprimeras.com.do\/wp-content\/uploads\/2025\/12\/Bautista-Rojas-Gomez.jpg?resize=350%2C200&ssl=1","width":350,"height":200,"srcset":"https:\/\/i0.wp.com\/lasprimeras.com.do\/wp-content\/uploads\/2025\/12\/Bautista-Rojas-Gomez.jpg?resize=350%2C200&ssl=1 1x, https:\/\/i0.wp.com\/lasprimeras.com.do\/wp-content\/uploads\/2025\/12\/Bautista-Rojas-Gomez.jpg?resize=525%2C300&ssl=1 1.5x, https:\/\/i0.wp.com\/lasprimeras.com.do\/wp-content\/uploads\/2025\/12\/Bautista-Rojas-Gomez.jpg?resize=700%2C400&ssl=1 2x, https:\/\/i0.wp.com\/lasprimeras.com.do\/wp-content\/uploads\/2025\/12\/Bautista-Rojas-Gomez.jpg?resize=1050%2C600&ssl=1 3x"},"classes":[]}],"jetpack_sharing_enabled":true,"_links":{"self":[{"href":"https:\/\/lasprimeras.com.do\/index.php\/wp-json\/wp\/v2\/posts\/72463","targetHints":{"allow":["GET"]}}],"collection":[{"href":"https:\/\/lasprimeras.com.do\/index.php\/wp-json\/wp\/v2\/posts"}],"about":[{"href":"https:\/\/lasprimeras.com.do\/index.php\/wp-json\/wp\/v2\/types\/post"}],"author":[{"embeddable":true,"href":"https:\/\/lasprimeras.com.do\/index.php\/wp-json\/wp\/v2\/users\/2"}],"replies":[{"embeddable":true,"href":"https:\/\/lasprimeras.com.do\/index.php\/wp-json\/wp\/v2\/comments?post=72463"}],"version-history":[{"count":1,"href":"https:\/\/lasprimeras.com.do\/index.php\/wp-json\/wp\/v2\/posts\/72463\/revisions"}],"predecessor-version":[{"id":72465,"href":"https:\/\/lasprimeras.com.do\/index.php\/wp-json\/wp\/v2\/posts\/72463\/revisions\/72465"}],"wp:featuredmedia":[{"embeddable":true,"href":"https:\/\/lasprimeras.com.do\/index.php\/wp-json\/wp\/v2\/media\/72464"}],"wp:attachment":[{"href":"https:\/\/lasprimeras.com.do\/index.php\/wp-json\/wp\/v2\/media?parent=72463"}],"wp:term":[{"taxonomy":"category","embeddable":true,"href":"https:\/\/lasprimeras.com.do\/index.php\/wp-json\/wp\/v2\/categories?post=72463"},{"taxonomy":"post_tag","embeddable":true,"href":"https:\/\/lasprimeras.com.do\/index.php\/wp-json\/wp\/v2\/tags?post=72463"}],"curies":[{"name":"wp","href":"https:\/\/api.w.org\/{rel}","templated":true}]}}