{"id":72481,"date":"2023-12-30T10:14:03","date_gmt":"2023-12-30T14:14:03","guid":{"rendered":"https:\/\/lasprimeras.com.do\/?p=72481"},"modified":"2023-12-30T10:14:05","modified_gmt":"2023-12-30T14:14:05","slug":"la-industria-cinematografica-dominicana-genero-mas-de-175-millones-de-dolares","status":"publish","type":"post","link":"https:\/\/lasprimeras.com.do\/index.php\/2023\/12\/30\/la-industria-cinematografica-dominicana-genero-mas-de-175-millones-de-dolares\/","title":{"rendered":"La industria cinematogr\u00e1fica dominicana gener\u00f3 m\u00e1s de 175 millones de d\u00f3lares"},"content":{"rendered":"\n<p>Santo Domingo.-La industria cinematogr\u00e1fica dominicana gener\u00f3 10.197 millones de pesos en 2023 (unos 175,8 millones de d\u00f3lares al cambio actual), de acuerdo con datos de la Direcci\u00f3n General de Cine (Dgcine), que destac\u00f3 el \u00absignificativo impacto econ\u00f3mico\u00bb de ese sector al pa\u00eds.<\/p>\n\n\n\n<p>Los recursos se generaron a trav\u00e9s de 120 producciones, entre ellas 75 nacionales y 45 extranjeras.<\/p>\n\n\n\n<p>Solo 12 del total de estas producciones se beneficiaron del incentivo del cr\u00e9dito fiscal, \u00ablo que denota lo atractivo que es el pa\u00eds aun sin contar con los beneficios fiscales\u00bb, resalt\u00f3 la Dgcine en un comunicado.<\/p>\n\n\n\n<p>\u00abEste impacto se tradujo en un impulso positivo para sectores como alimentos y bebidas, hosteler\u00eda, transporte, construcci\u00f3n y peque\u00f1as y medianas empresas\u00bb, agreg\u00f3.<\/p>\n\n\n\n<p>A la vez, subray\u00f3 que en este a\u00f1o se estrenaron 35 pel\u00edculas dominicanas, una muestra del crecimiento \u00absostenido de nuestra industria local\u00bb, agreg\u00f3 la instituci\u00f3n.<\/p>\n\n\n\n<p>Adem\u00e1s, a nivel internacional, en coordinaci\u00f3n con embajadas y organismos internacionales, la Cinemateca Dominicana, en su rol de difusor, lleg\u00f3 a 26 pa\u00edses con 34 ciclos y muestras cinematogr\u00e1ficas, agreg\u00f3 la informaci\u00f3n, al destacar las iniciativas locales para impulsar el cine local.<\/p>\n\n\n\n<p>El 2023 \u00abha sido un a\u00f1o de logros significativos para la Direcci\u00f3n General de Cine, consolidando a la Rep\u00fablica Dominicana como un referente en la industria cinematogr\u00e1fica a nivel regional e internacional\u00bb, concluy\u00f3 la nota.<\/p>\n","protected":false},"excerpt":{"rendered":"<p>Santo Domingo.-La industria cinematogr\u00e1fica dominicana gener\u00f3 10.197 millones de pesos en 2023 (unos 175,8 millones de d\u00f3lares al cambio actual), de acuerdo con datos de la Direcci\u00f3n General de Cine&hellip;<\/p>\n","protected":false},"author":3,"featured_media":72482,"comment_status":"open","ping_status":"open","sticky":false,"template":"","format":"standard","meta":{"content-type":"","jetpack_post_was_ever_published":false,"_jetpack_newsletter_access":"","_jetpack_dont_email_post_to_subs":false,"_jetpack_newsletter_tier_id":0,"_jetpack_memberships_contains_paywalled_content":false,"_jetpack_memberships_contains_paid_content":false,"footnotes":""},"categories":[84],"tags":[],"class_list":["post-72481","post","type-post","status-publish","format-standard","has-post-thumbnail","hentry","category-entretenimiento"],"jetpack_featured_media_url":"https:\/\/lasprimeras.com.do\/wp-content\/uploads\/2023\/12\/WhatsApp-Image-2023-12-29-at-9.00.36-AM-770x540-1-696x358-1.jpeg","jetpack-related-posts":[{"id":60783,"url":"https:\/\/lasprimeras.com.do\/index.php\/2023\/09\/18\/gobierno-dominicano-integra-a-la-ventanilla-unica-al-sector-cinematografico-y-audiovisual\/","url_meta":{"origin":72481,"position":0},"title":"Gobierno dominicano integra a la &#8220;Ventanilla \u00danica&#8221; al sector Cinematogr\u00e1fico y Audiovisual","author":"Nelson Feliz","date":"18 de septiembre de 2023","format":false,"excerpt":"El Centro de Exportaci\u00f3n e Inversi\u00f3n de la Rep\u00fablica Dominicana (ProDominicana) y la Direcci\u00f3n General de Cine (DGCINE) se unieron para integrar a la Ventanilla \u00danica de Inversi\u00f3n (VUI) el sector cinematogr\u00e1fico de Rep\u00fablica Dominicana dada la importancia que representa la actividad audiovisual para pa\u00eds. Esta integraci\u00f3n tiene como prop\u00f3sito\u2026","rel":"","context":"En \u00abECONOM\u00cdA\u00bb","block_context":{"text":"ECONOM\u00cdA","link":"https:\/\/lasprimeras.com.do\/index.php\/category\/economia\/"},"img":{"alt_text":"Biviana Riveiro Disla","src":"https:\/\/i0.wp.com\/lasprimeras.com.do\/wp-content\/uploads\/2023\/09\/Biviana-Riveiro-Disla.jpg?resize=350%2C200&ssl=1","width":350,"height":200,"srcset":"https:\/\/i0.wp.com\/lasprimeras.com.do\/wp-content\/uploads\/2023\/09\/Biviana-Riveiro-Disla.jpg?resize=350%2C200&ssl=1 1x, https:\/\/i0.wp.com\/lasprimeras.com.do\/wp-content\/uploads\/2023\/09\/Biviana-Riveiro-Disla.jpg?resize=525%2C300&ssl=1 1.5x, https:\/\/i0.wp.com\/lasprimeras.com.do\/wp-content\/uploads\/2023\/09\/Biviana-Riveiro-Disla.jpg?resize=700%2C400&ssl=1 2x"},"classes":[]},{"id":81827,"url":"https:\/\/lasprimeras.com.do\/index.php\/2024\/04\/25\/infotep-y-dgcine-certifican-95-participantes-en-diversas-areas-de-la-industria-cinematografica\/","url_meta":{"origin":72481,"position":1},"title":"INFOTEP y DGCINE certifican 95 participantes en la industria cinematogr\u00e1fica","author":"BIMARY DE JES\u00daS Matos","date":"25 de abril de 2024","format":false,"excerpt":"Santo Domingo, RD. -En su plan de contribuir a la consolidaci\u00f3n de la industria cinematogr\u00e1fica dominicana, el Instituto Nacional de Formaci\u00f3n T\u00e9cnico Profesional (INFOTEP), en alianza con la Direcci\u00f3n General de Cine (DGCINE), entreg\u00f3 certificados a 95 egresados formados en siete \u00e1reas vinculadas al sector. En el acto de entrega\u2026","rel":"","context":"En \u00abNACIONALES\u00bb","block_context":{"text":"NACIONALES","link":"https:\/\/lasprimeras.com.do\/index.php\/category\/nacionales\/"},"img":{"alt_text":"","src":"https:\/\/i0.wp.com\/lasprimeras.com.do\/wp-content\/uploads\/2024\/04\/WhatsApp-Image-2024-04-25-at-1.02.15-PM.jpeg?resize=350%2C200&ssl=1","width":350,"height":200,"srcset":"https:\/\/i0.wp.com\/lasprimeras.com.do\/wp-content\/uploads\/2024\/04\/WhatsApp-Image-2024-04-25-at-1.02.15-PM.jpeg?resize=350%2C200&ssl=1 1x, https:\/\/i0.wp.com\/lasprimeras.com.do\/wp-content\/uploads\/2024\/04\/WhatsApp-Image-2024-04-25-at-1.02.15-PM.jpeg?resize=525%2C300&ssl=1 1.5x, https:\/\/i0.wp.com\/lasprimeras.com.do\/wp-content\/uploads\/2024\/04\/WhatsApp-Image-2024-04-25-at-1.02.15-PM.jpeg?resize=700%2C400&ssl=1 2x, https:\/\/i0.wp.com\/lasprimeras.com.do\/wp-content\/uploads\/2024\/04\/WhatsApp-Image-2024-04-25-at-1.02.15-PM.jpeg?resize=1050%2C600&ssl=1 3x"},"classes":[]},{"id":90174,"url":"https:\/\/lasprimeras.com.do\/index.php\/2024\/10\/15\/adocco-plantea-eliminacion-de-privilegios-al-cine-por-falta-de-impacto-economico\/","url_meta":{"origin":72481,"position":2},"title":"ADOCCO plantea eliminaci\u00f3n de privilegios al cine por falta de impacto econ\u00f3mico","author":"Nelson Feliz","date":"15 de octubre de 2024","format":false,"excerpt":"Dijo que la Constituci\u00f3n de la Rep\u00fablica establece que no deben existir privilegios para ning\u00fan sector por encima de otro. El presidente de la Alianza Dominicana Contra la Corrupci\u00f3n, (ADOCCO), Julio C\u00e9sar de la Rosa Tiburco, plante\u00f3 que deben eliminarse los privilegios en la Ley de Cine, argumentando que los\u2026","rel":"","context":"En \u00abECONOM\u00cdA\u00bb","block_context":{"text":"ECONOM\u00cdA","link":"https:\/\/lasprimeras.com.do\/index.php\/category\/economia\/"},"img":{"alt_text":"Julio C\u00e9sar de la Rosa","src":"https:\/\/i0.wp.com\/lasprimeras.com.do\/wp-content\/uploads\/2024\/08\/Julio-Cesar-de-la-Rosa.jpg?resize=350%2C200&ssl=1","width":350,"height":200,"srcset":"https:\/\/i0.wp.com\/lasprimeras.com.do\/wp-content\/uploads\/2024\/08\/Julio-Cesar-de-la-Rosa.jpg?resize=350%2C200&ssl=1 1x, https:\/\/i0.wp.com\/lasprimeras.com.do\/wp-content\/uploads\/2024\/08\/Julio-Cesar-de-la-Rosa.jpg?resize=525%2C300&ssl=1 1.5x"},"classes":[]},{"id":79085,"url":"https:\/\/lasprimeras.com.do\/index.php\/2024\/03\/23\/alfonso-rodriguez-republica-dominicana-ha-recibido-rd48-mil-millones-en-ultimos-anos-en-producciones-cinematograficas\/","url_meta":{"origin":72481,"position":3},"title":"Alfonso Rodr\u00edguez: RD ha recibido RD$48 MM en producciones cinematogr\u00e1ficas","author":"Juana Mercedes","date":"23 de marzo de 2024","format":false,"excerpt":"El cineasta y c\u00f3nsul dominicano en Los \u00c1ngeles,\u00a0Alfonso Rodr\u00edguez,\u00a0declar\u00f3 que la Rep\u00fablica Dominicana ha recibido mientras su gesti\u00f3n como representante, mil millones de pesos en producciones cinematogr\u00e1ficas. \u201cA partir el 20 que yo estoy ah\u00ed, aqu\u00ed han entrado 48 mil millones de pesos, 616 millones de d\u00f3lares en producciones, en\u2026","rel":"","context":"En \u00abENTRETENIMIENTO\u00bb","block_context":{"text":"ENTRETENIMIENTO","link":"https:\/\/lasprimeras.com.do\/index.php\/category\/entretenimiento\/"},"img":{"alt_text":"Alfonso Rodr\u00edguez","src":"https:\/\/i0.wp.com\/lasprimeras.com.do\/wp-content\/uploads\/2024\/03\/image-1.png?resize=350%2C200&ssl=1","width":350,"height":200,"srcset":"https:\/\/i0.wp.com\/lasprimeras.com.do\/wp-content\/uploads\/2024\/03\/image-1.png?resize=350%2C200&ssl=1 1x, https:\/\/i0.wp.com\/lasprimeras.com.do\/wp-content\/uploads\/2024\/03\/image-1.png?resize=525%2C300&ssl=1 1.5x"},"classes":[]},{"id":90171,"url":"https:\/\/lasprimeras.com.do\/index.php\/2024\/10\/15\/peliculas-dominicanas-solo-recaudan-12-de-lo-que-cuestan-al-estado\/","url_meta":{"origin":72481,"position":4},"title":"Pel\u00edculas dominicanas solo recaudan 12% de lo que cuestan al Estado","author":"Nelson Feliz","date":"15 de octubre de 2024","format":false,"excerpt":"Legislaci\u00f3n actual permiti\u00f3 que Sandra Bullock recibiera 1,764 millones del Estado por una pel\u00edcula en RD La industria cinematogr\u00e1fica en Rep\u00fablica Dominicana enfrenta una realidad preocupante: las pel\u00edculas dominicanas apenas logran recaudar en promedio el 12% de su costo total en taquilla, mientras el Estado sigue invirtiendo millones de pesos\u2026","rel":"","context":"En \u00abECONOM\u00cdA\u00bb","block_context":{"text":"ECONOM\u00cdA","link":"https:\/\/lasprimeras.com.do\/index.php\/category\/economia\/"},"img":{"alt_text":"","src":"https:\/\/i0.wp.com\/lasprimeras.com.do\/wp-content\/uploads\/2024\/10\/WhatsApp-Image-2024-10-13-at-2.14.56-PM.jpeg?resize=350%2C200&ssl=1","width":350,"height":200,"srcset":"https:\/\/i0.wp.com\/lasprimeras.com.do\/wp-content\/uploads\/2024\/10\/WhatsApp-Image-2024-10-13-at-2.14.56-PM.jpeg?resize=350%2C200&ssl=1 1x, https:\/\/i0.wp.com\/lasprimeras.com.do\/wp-content\/uploads\/2024\/10\/WhatsApp-Image-2024-10-13-at-2.14.56-PM.jpeg?resize=525%2C300&ssl=1 1.5x, https:\/\/i0.wp.com\/lasprimeras.com.do\/wp-content\/uploads\/2024\/10\/WhatsApp-Image-2024-10-13-at-2.14.56-PM.jpeg?resize=700%2C400&ssl=1 2x, https:\/\/i0.wp.com\/lasprimeras.com.do\/wp-content\/uploads\/2024\/10\/WhatsApp-Image-2024-10-13-at-2.14.56-PM.jpeg?resize=1050%2C600&ssl=1 3x"},"classes":[]},{"id":67231,"url":"https:\/\/lasprimeras.com.do\/index.php\/2023\/11\/14\/caribbean-cinemas-rinde-homenaje-a-5-figuras-del-cine-dominicano-downtown\/","url_meta":{"origin":72481,"position":5},"title":"Caribbean Cinemas rinde homenaje a 5 figuras del Cine Dominicano Downtown","author":"Nelson Feliz","date":"14 de noviembre de 2023","format":false,"excerpt":"Los homenajeados en esta cuarta versi\u00f3n son los cineastas Manolo Ozuna, Judith Rodr\u00edguez, Leticia Tonos, Laura Amelia Guzm\u00e1n y p\u00f3stumo Pericles Mej\u00eda. Caribbean Cinemas, por cuarta ocasi\u00f3n, reconoce la carrera de personalidades de la industria de cine dominicana en el Paseo del cine dominicano Downtown. En este emotivo evento se\u2026","rel":"","context":"En \u00abENTRETENIMIENTO\u00bb","block_context":{"text":"ENTRETENIMIENTO","link":"https:\/\/lasprimeras.com.do\/index.php\/category\/entretenimiento\/"},"img":{"alt_text":"Marc Meji\u0117a, hijo de Pericles Meji\u0117a_ Judith Rodri\u0117guez, Laura Amelia Guzma\u0117n y Manolo Ozuna junto a ejecutivos de Caribbean Cinemas","src":"https:\/\/i0.wp.com\/lasprimeras.com.do\/wp-content\/uploads\/2023\/11\/Marc-Mejiea-hijo-de-Pericles-Mejiea_-Judith-Rodrieguez-Laura-Amelia-Guzmaen-y-Manolo-Ozuna-junto-a-ejecutivos-de-Caribbean-Cinemas.jpg?resize=350%2C200&ssl=1","width":350,"height":200,"srcset":"https:\/\/i0.wp.com\/lasprimeras.com.do\/wp-content\/uploads\/2023\/11\/Marc-Mejiea-hijo-de-Pericles-Mejiea_-Judith-Rodrieguez-Laura-Amelia-Guzmaen-y-Manolo-Ozuna-junto-a-ejecutivos-de-Caribbean-Cinemas.jpg?resize=350%2C200&ssl=1 1x, https:\/\/i0.wp.com\/lasprimeras.com.do\/wp-content\/uploads\/2023\/11\/Marc-Mejiea-hijo-de-Pericles-Mejiea_-Judith-Rodrieguez-Laura-Amelia-Guzmaen-y-Manolo-Ozuna-junto-a-ejecutivos-de-Caribbean-Cinemas.jpg?resize=525%2C300&ssl=1 1.5x, https:\/\/i0.wp.com\/lasprimeras.com.do\/wp-content\/uploads\/2023\/11\/Marc-Mejiea-hijo-de-Pericles-Mejiea_-Judith-Rodrieguez-Laura-Amelia-Guzmaen-y-Manolo-Ozuna-junto-a-ejecutivos-de-Caribbean-Cinemas.jpg?resize=700%2C400&ssl=1 2x"},"classes":[]}],"jetpack_sharing_enabled":true,"_links":{"self":[{"href":"https:\/\/lasprimeras.com.do\/index.php\/wp-json\/wp\/v2\/posts\/72481","targetHints":{"allow":["GET"]}}],"collection":[{"href":"https:\/\/lasprimeras.com.do\/index.php\/wp-json\/wp\/v2\/posts"}],"about":[{"href":"https:\/\/lasprimeras.com.do\/index.php\/wp-json\/wp\/v2\/types\/post"}],"author":[{"embeddable":true,"href":"https:\/\/lasprimeras.com.do\/index.php\/wp-json\/wp\/v2\/users\/3"}],"replies":[{"embeddable":true,"href":"https:\/\/lasprimeras.com.do\/index.php\/wp-json\/wp\/v2\/comments?post=72481"}],"version-history":[{"count":1,"href":"https:\/\/lasprimeras.com.do\/index.php\/wp-json\/wp\/v2\/posts\/72481\/revisions"}],"predecessor-version":[{"id":72483,"href":"https:\/\/lasprimeras.com.do\/index.php\/wp-json\/wp\/v2\/posts\/72481\/revisions\/72483"}],"wp:featuredmedia":[{"embeddable":true,"href":"https:\/\/lasprimeras.com.do\/index.php\/wp-json\/wp\/v2\/media\/72482"}],"wp:attachment":[{"href":"https:\/\/lasprimeras.com.do\/index.php\/wp-json\/wp\/v2\/media?parent=72481"}],"wp:term":[{"taxonomy":"category","embeddable":true,"href":"https:\/\/lasprimeras.com.do\/index.php\/wp-json\/wp\/v2\/categories?post=72481"},{"taxonomy":"post_tag","embeddable":true,"href":"https:\/\/lasprimeras.com.do\/index.php\/wp-json\/wp\/v2\/tags?post=72481"}],"curies":[{"name":"wp","href":"https:\/\/api.w.org\/{rel}","templated":true}]}}