{"id":72490,"date":"2023-12-30T14:45:52","date_gmt":"2023-12-30T18:45:52","guid":{"rendered":"https:\/\/lasprimeras.com.do\/?p=72490"},"modified":"2023-12-30T14:45:54","modified_gmt":"2023-12-30T18:45:54","slug":"fallece-destacado-empresario-venezolano-gustavo-cisneros","status":"publish","type":"post","link":"https:\/\/lasprimeras.com.do\/index.php\/2023\/12\/30\/fallece-destacado-empresario-venezolano-gustavo-cisneros\/","title":{"rendered":"Fallece destacado empresario venezolano Gustavo Cisneros"},"content":{"rendered":"\n<p>Venezuela.-Falleci\u00f3 este viernes el empresario venezolano Gustavo Cisneros fundador y due\u00f1o de uno de los canales m\u00e1s importantes de Venezuela, Venevisi\u00f3n.<\/p>\n\n\n\n<p>La confirmaci\u00f3n de su deceso la ofreci\u00f3 el propio medio de comunicaci\u00f3n a trav\u00e9s de sus sociales.<\/p>\n\n\n\n<p>Gustavo Alfredo Cisneros Rendiles naci\u00f3 en Caracas, 1 de junio de 1945 y fue un empresario e inversionista venezolano.<\/p>\n\n\n\n<p>Fue el presidente de la Junta Directiva de Cisneros, (anteriormente conocido como la Organizaci\u00f3n Cisneros), empresa de medios de comunicaci\u00f3n y entretenimiento en espa\u00f1ol.<\/p>\n","protected":false},"excerpt":{"rendered":"<p>Venezuela.-Falleci\u00f3 este viernes el empresario venezolano Gustavo Cisneros fundador y due\u00f1o de uno de los canales m\u00e1s importantes de Venezuela, Venevisi\u00f3n. La confirmaci\u00f3n de su deceso la ofreci\u00f3 el propio&hellip;<\/p>\n","protected":false},"author":3,"featured_media":72491,"comment_status":"open","ping_status":"open","sticky":false,"template":"","format":"standard","meta":{"content-type":"","jetpack_post_was_ever_published":false,"_jetpack_newsletter_access":"","_jetpack_dont_email_post_to_subs":false,"_jetpack_newsletter_tier_id":0,"_jetpack_memberships_contains_paywalled_content":false,"_jetpack_memberships_contains_paid_content":false,"footnotes":""},"categories":[1],"tags":[],"class_list":["post-72490","post","type-post","status-publish","format-standard","has-post-thumbnail","hentry","category-sin-categoria"],"jetpack_featured_media_url":"https:\/\/lasprimeras.com.do\/wp-content\/uploads\/2023\/12\/Noticias-de-energia-2023-12-30T100707.186-1.webp","jetpack-related-posts":[{"id":76555,"url":"https:\/\/lasprimeras.com.do\/index.php\/2024\/02\/12\/abinader-asiste-a-eucaristia-en-memoria-al-empresario-gustavo-cisnero\/","url_meta":{"origin":72490,"position":0},"title":"Abinader asiste a eucarist\u00eda en memoria al empresario Gustavo Cisnero","author":"Nelson Feliz","date":"12 de febrero de 2024","format":false,"excerpt":"Cisnero muri\u00f3 en diciembre de 2023 a sus 78 a\u00f1os de edad. El presidente Luis Abinader acudi\u00f3 este lunes a una misa ofrecida a la memoria de Gustavo Cisnero, un empresario de origen venezolano que falleci\u00f3 el a\u00f1o pasado. La eucarist\u00eda fue oficiada en la Catedral Primada de Am\u00e9rica, Ciudad\u2026","rel":"","context":"En \u00abPORTADA\u00bb","block_context":{"text":"PORTADA","link":"https:\/\/lasprimeras.com.do\/index.php\/category\/portada\/"},"img":{"alt_text":"Luis Abinader","src":"https:\/\/i0.wp.com\/lasprimeras.com.do\/wp-content\/uploads\/2024\/02\/aBINADER.jpeg?resize=350%2C200&ssl=1","width":350,"height":200,"srcset":"https:\/\/i0.wp.com\/lasprimeras.com.do\/wp-content\/uploads\/2024\/02\/aBINADER.jpeg?resize=350%2C200&ssl=1 1x, https:\/\/i0.wp.com\/lasprimeras.com.do\/wp-content\/uploads\/2024\/02\/aBINADER.jpeg?resize=525%2C300&ssl=1 1.5x, https:\/\/i0.wp.com\/lasprimeras.com.do\/wp-content\/uploads\/2024\/02\/aBINADER.jpeg?resize=700%2C400&ssl=1 2x"},"classes":[]},{"id":86720,"url":"https:\/\/lasprimeras.com.do\/index.php\/2024\/07\/31\/gustavo-petro-se-refirio-a-las-elecciones-venezolanas-aseguro-que-hay-graves-dudas-alrededor-del-proceso-electoral\/","url_meta":{"origin":72490,"position":1},"title":"Gustavo Petro se refiri\u00f3 a las elecciones venezolanas: asegur\u00f3 que hay \u201cgraves dudas alrededor del proceso electoral\u201d","author":"Nelson Feliz","date":"31 de julio de 2024","format":false,"excerpt":"El presidente colombiano se hab\u00eda mantenido en silencio ante el evidente fraude cometido por Nicol\u00e1s Maduro. Ahora dio su opini\u00f3n y alert\u00f3 por una intensificaci\u00f3n de la violencia pol\u00edtica. Por Mariana Mej\u00edaDesde Bogot\u00e1 El presidente Gustavo Petro se pronunci\u00f3 sobre la situaci\u00f3n de los comicios en Venezuela a trav\u00e9s de\u2026","rel":"","context":"En \u00abSin categor\u00eda\u00bb","block_context":{"text":"Sin categor\u00eda","link":"https:\/\/lasprimeras.com.do\/index.php\/category\/sin-categoria\/"},"img":{"alt_text":"Gustavo Petro","src":"https:\/\/i0.wp.com\/lasprimeras.com.do\/wp-content\/uploads\/2024\/07\/Gustavo-Petro.png?resize=350%2C200&ssl=1","width":350,"height":200,"srcset":"https:\/\/i0.wp.com\/lasprimeras.com.do\/wp-content\/uploads\/2024\/07\/Gustavo-Petro.png?resize=350%2C200&ssl=1 1x, https:\/\/i0.wp.com\/lasprimeras.com.do\/wp-content\/uploads\/2024\/07\/Gustavo-Petro.png?resize=525%2C300&ssl=1 1.5x, https:\/\/i0.wp.com\/lasprimeras.com.do\/wp-content\/uploads\/2024\/07\/Gustavo-Petro.png?resize=700%2C400&ssl=1 2x"},"classes":[]},{"id":91822,"url":"https:\/\/lasprimeras.com.do\/index.php\/2024\/12\/03\/petro-dice-que-los-venezolanos-ya-no-saben-si-su-pais-es-una-democracia\/","url_meta":{"origin":72490,"position":2},"title":"Petro dice que los venezolanos ya no saben si su pa\u00eds es una democracia","author":"Nelson Feliz","date":"3 de diciembre de 2024","format":false,"excerpt":"Bogot\u00e1, (EFE).- El presidente colombiano, Gustavo Petro, dijo este martes que el pueblo venezolano ya no sabe si en su pa\u00eds hay una democracia o no, al tiempo que sugiri\u00f3 que ellos ya no quieren al chavismo en el poder. Petro se refiri\u00f3 a la situaci\u00f3n de Venezuela al intervenir\u2026","rel":"","context":"En \u00abINTERNACIONALES\u00bb","block_context":{"text":"INTERNACIONALES","link":"https:\/\/lasprimeras.com.do\/index.php\/category\/sin-categoria\/internacionales\/"},"img":{"alt_text":"Gustavo Petro","src":"https:\/\/i0.wp.com\/lasprimeras.com.do\/wp-content\/uploads\/2024\/12\/Gustavo-Petro.jpg?resize=350%2C200&ssl=1","width":350,"height":200,"srcset":"https:\/\/i0.wp.com\/lasprimeras.com.do\/wp-content\/uploads\/2024\/12\/Gustavo-Petro.jpg?resize=350%2C200&ssl=1 1x, https:\/\/i0.wp.com\/lasprimeras.com.do\/wp-content\/uploads\/2024\/12\/Gustavo-Petro.jpg?resize=525%2C300&ssl=1 1.5x, https:\/\/i0.wp.com\/lasprimeras.com.do\/wp-content\/uploads\/2024\/12\/Gustavo-Petro.jpg?resize=700%2C400&ssl=1 2x"},"classes":[]},{"id":124488,"url":"https:\/\/lasprimeras.com.do\/index.php\/2026\/03\/13\/se-suspende-encuentro-entre-delcy-rodriguez-y-gustavo-petro\/","url_meta":{"origin":72490,"position":3},"title":"Se suspende encuentro entre Delcy Rodr\u00edguez y Gustavo Petro","author":"Nelson Feliz","date":"13 de marzo de 2026","format":false,"excerpt":"La reuni\u00f3n ser\u00e1 reprogramada para \"una fecha pr\u00f3xima\" que a\u00fan no ha sido fijada. El Gobierno de Venezuela confirm\u00f3 este jueves la suspensi\u00f3n del encuentro bilateral que iban a mantener en una zona fronteriza la presidenta encargada Delcy Rodr\u00edguez y el presidente colombiano, Gustavo Petro, a causa de \"motivos de\u2026","rel":"","context":"En \u00abINTERNACIONALES\u00bb","block_context":{"text":"INTERNACIONALES","link":"https:\/\/lasprimeras.com.do\/index.php\/category\/sin-categoria\/internacionales\/"},"img":{"alt_text":"","src":"https:\/\/i0.wp.com\/lasprimeras.com.do\/wp-content\/uploads\/2026\/03\/Delcy-Rodriguez.jpg?resize=350%2C200&ssl=1","width":350,"height":200,"srcset":"https:\/\/i0.wp.com\/lasprimeras.com.do\/wp-content\/uploads\/2026\/03\/Delcy-Rodriguez.jpg?resize=350%2C200&ssl=1 1x, https:\/\/i0.wp.com\/lasprimeras.com.do\/wp-content\/uploads\/2026\/03\/Delcy-Rodriguez.jpg?resize=525%2C300&ssl=1 1.5x, https:\/\/i0.wp.com\/lasprimeras.com.do\/wp-content\/uploads\/2026\/03\/Delcy-Rodriguez.jpg?resize=700%2C400&ssl=1 2x, https:\/\/i0.wp.com\/lasprimeras.com.do\/wp-content\/uploads\/2026\/03\/Delcy-Rodriguez.jpg?resize=1050%2C600&ssl=1 3x"},"classes":[]},{"id":87965,"url":"https:\/\/lasprimeras.com.do\/index.php\/2024\/08\/20\/ivan-duque-exhorta-a-fuerzas-militares-venezolanas-garantizar-transicion-hacia-el-gobierno-de-edmundo\/","url_meta":{"origin":72490,"position":4},"title":"Ivan Duque exhorta a fuerzas militares venezolanas garantizar transici\u00f3n hacia el gobierno de Edmundo","author":"Nelson Feliz","date":"20 de agosto de 2024","format":false,"excerpt":"El ex presidente colombiano Iv\u00e1n Duque ofreci\u00f3 una perspectiva cr\u00edtica sobre la crisis en Venezuela, desde donde inst\u00f3 a la comunidad internacional a redoblar esfuerzos para presionar por una transici\u00f3n democr\u00e1tica del pa\u00eds. En una reciente entrevista, en el programa No Se Diga M\u00e1s que transmite Top Latina, exhort\u00f3 a\u2026","rel":"","context":"En \u00abPORTADA\u00bb","block_context":{"text":"PORTADA","link":"https:\/\/lasprimeras.com.do\/index.php\/category\/portada\/"},"img":{"alt_text":"El expresidente colombiano Iv\u00e1n Duque ofreci\u00f3 una perspectiva cr\u00edtica sobre la crisis en Venezuela","src":"https:\/\/i0.wp.com\/lasprimeras.com.do\/wp-content\/uploads\/2024\/08\/Ivan-Duque.jpg?resize=350%2C200&ssl=1","width":350,"height":200,"srcset":"https:\/\/i0.wp.com\/lasprimeras.com.do\/wp-content\/uploads\/2024\/08\/Ivan-Duque.jpg?resize=350%2C200&ssl=1 1x, https:\/\/i0.wp.com\/lasprimeras.com.do\/wp-content\/uploads\/2024\/08\/Ivan-Duque.jpg?resize=525%2C300&ssl=1 1.5x, https:\/\/i0.wp.com\/lasprimeras.com.do\/wp-content\/uploads\/2024\/08\/Ivan-Duque.jpg?resize=700%2C400&ssl=1 2x"},"classes":[]},{"id":89548,"url":"https:\/\/lasprimeras.com.do\/index.php\/2024\/09\/28\/venezolanos-salen-a-protestar-en-bogota-para-reivindicar-el-triunfo-electoral-de-gonzalez\/","url_meta":{"origin":72490,"position":5},"title":"Venezolanos salen a protestar en Bogot\u00e1 para reivindicar el triunfo electoral de Gonz\u00e1lez","author":"Nelson Feliz","date":"28 de septiembre de 2024","format":false,"excerpt":"Bogot\u00e1, (EFE).- Menos de un centenar de venezolanos se congregaron este s\u00e1bado en la c\u00e9ntrica Plaza de Bol\u00edvar de Bogot\u00e1 en una nueva convocatoria para protestar contra la proclamada victoria de Nicol\u00e1s Maduro y a favor de Edmundo Gonz\u00e1lez, exiliado en Espa\u00f1a. En el pa\u00eds que m\u00e1s migrantes venezolanos acoge,\u2026","rel":"","context":"En \u00abSin categor\u00eda\u00bb","block_context":{"text":"Sin categor\u00eda","link":"https:\/\/lasprimeras.com.do\/index.php\/category\/sin-categoria\/"},"img":{"alt_text":"","src":"https:\/\/i0.wp.com\/lasprimeras.com.do\/wp-content\/uploads\/2024\/09\/opositores-1.jpg?resize=350%2C200&ssl=1","width":350,"height":200,"srcset":"https:\/\/i0.wp.com\/lasprimeras.com.do\/wp-content\/uploads\/2024\/09\/opositores-1.jpg?resize=350%2C200&ssl=1 1x, https:\/\/i0.wp.com\/lasprimeras.com.do\/wp-content\/uploads\/2024\/09\/opositores-1.jpg?resize=525%2C300&ssl=1 1.5x"},"classes":[]}],"jetpack_sharing_enabled":true,"_links":{"self":[{"href":"https:\/\/lasprimeras.com.do\/index.php\/wp-json\/wp\/v2\/posts\/72490","targetHints":{"allow":["GET"]}}],"collection":[{"href":"https:\/\/lasprimeras.com.do\/index.php\/wp-json\/wp\/v2\/posts"}],"about":[{"href":"https:\/\/lasprimeras.com.do\/index.php\/wp-json\/wp\/v2\/types\/post"}],"author":[{"embeddable":true,"href":"https:\/\/lasprimeras.com.do\/index.php\/wp-json\/wp\/v2\/users\/3"}],"replies":[{"embeddable":true,"href":"https:\/\/lasprimeras.com.do\/index.php\/wp-json\/wp\/v2\/comments?post=72490"}],"version-history":[{"count":1,"href":"https:\/\/lasprimeras.com.do\/index.php\/wp-json\/wp\/v2\/posts\/72490\/revisions"}],"predecessor-version":[{"id":72492,"href":"https:\/\/lasprimeras.com.do\/index.php\/wp-json\/wp\/v2\/posts\/72490\/revisions\/72492"}],"wp:featuredmedia":[{"embeddable":true,"href":"https:\/\/lasprimeras.com.do\/index.php\/wp-json\/wp\/v2\/media\/72491"}],"wp:attachment":[{"href":"https:\/\/lasprimeras.com.do\/index.php\/wp-json\/wp\/v2\/media?parent=72490"}],"wp:term":[{"taxonomy":"category","embeddable":true,"href":"https:\/\/lasprimeras.com.do\/index.php\/wp-json\/wp\/v2\/categories?post=72490"},{"taxonomy":"post_tag","embeddable":true,"href":"https:\/\/lasprimeras.com.do\/index.php\/wp-json\/wp\/v2\/tags?post=72490"}],"curies":[{"name":"wp","href":"https:\/\/api.w.org\/{rel}","templated":true}]}}