{"id":72572,"date":"2024-01-01T10:02:28","date_gmt":"2024-01-01T14:02:28","guid":{"rendered":"https:\/\/lasprimeras.com.do\/?p=72572"},"modified":"2024-01-01T10:02:30","modified_gmt":"2024-01-01T14:02:30","slug":"licey-anuncia-a-sam-mcwilliams-como-refuerzo","status":"publish","type":"post","link":"https:\/\/lasprimeras.com.do\/index.php\/2024\/01\/01\/licey-anuncia-a-sam-mcwilliams-como-refuerzo\/","title":{"rendered":"Licey anuncia a Sam McWilliams como refuerzo"},"content":{"rendered":"\n<p>SANTO DOMINGO.-Los Tigres del Licey anunci\u00f3 la contrataci\u00f3n del lanzador Sam McWilliams como refuerzo para la continuaci\u00f3n de la temporada 2023-24 de la Liga de B\u00e9isbol Profesional de la Rep\u00fablica Dominicana, dedicada a Onfalia Morillo.<\/p>\n\n\n\n<p>McWilliams es un pitcher derecho de 6-7 de estatura, 28 a\u00f1os y 230 libras con ocho campa\u00f1as de experiencia en las ligas menores con las organizaciones de los Filis de Filadelfia, Diamondbacks de Arizona, Rays de Tampa Bay, Mets de Nueva York, Padres de San Diego y Rojos de Cincinnati.<\/p>\n\n\n\n<p>Es un ganador de 34 partidos en las menores con 488 ponches y 224 bases por bolas en 602.2 entradas lanzadas durante 154 partidos, 101 de ellos como abridor.<\/p>\n\n\n\n<p>El nativo de Orlando, Florida, viene de tener su primera experiencia en las ligas del caribe luego de participar en 27 encuentros con los Sultanes de Monterrey en la Liga Mexicana del Pac\u00edfico.<\/p>\n\n\n\n<p>Tuvo una foja de 2-0 con un porcentaje de carreras limpias de 3.55. Ponch\u00f3 a 29 en 25.1 innings en los cuales concedi\u00f3 14 bases por bolas y 16 hits, incluyendo un solo cuadrangular.<\/p>\n","protected":false},"excerpt":{"rendered":"<p>SANTO DOMINGO.-Los Tigres del Licey anunci\u00f3 la contrataci\u00f3n del lanzador Sam McWilliams como refuerzo para la continuaci\u00f3n de la temporada 2023-24 de la Liga de B\u00e9isbol Profesional de la Rep\u00fablica&hellip;<\/p>\n","protected":false},"author":3,"featured_media":72573,"comment_status":"open","ping_status":"open","sticky":false,"template":"","format":"standard","meta":{"content-type":"","jetpack_post_was_ever_published":false,"_jetpack_newsletter_access":"","_jetpack_dont_email_post_to_subs":false,"_jetpack_newsletter_tier_id":0,"_jetpack_memberships_contains_paywalled_content":false,"_jetpack_memberships_contains_paid_content":false,"footnotes":""},"categories":[1],"tags":[],"class_list":["post-72572","post","type-post","status-publish","format-standard","has-post-thumbnail","hentry","category-sin-categoria"],"jetpack_featured_media_url":"https:\/\/lasprimeras.com.do\/wp-content\/uploads\/2024\/01\/Las-portadas-de-la-semana-EH-13-4.jpg","jetpack-related-posts":[{"id":67249,"url":"https:\/\/lasprimeras.com.do\/index.php\/2023\/11\/14\/colombiano-jair-camargo-regresa-como-refuerzo-tigres-del-licey\/","url_meta":{"origin":72572,"position":0},"title":"Colombiano Jair Camargo regresa como refuerzo Tigres del Licey","author":"Nelson Feliz","date":"14 de noviembre de 2023","format":false,"excerpt":"SANTO DOMINGO (Licey.com).- Los Campeones Nacionales y del Caribe Tigres del Licey anunciaron la contrataci\u00f3n del receptor Jair Camargo, como refuerzo para la temporada en curso de la Liga de B\u00e9isbol Profesional de la Rep\u00fablica Dominicana, dedicada a Onfalia Morillo. Camargo, de 24 a\u00f1os, es un jugador nativo de Barranquilla,\u2026","rel":"","context":"En \u00abSin categor\u00eda\u00bb","block_context":{"text":"Sin categor\u00eda","link":"https:\/\/lasprimeras.com.do\/index.php\/category\/sin-categoria\/"},"img":{"alt_text":"Jair Camargo","src":"https:\/\/i0.wp.com\/lasprimeras.com.do\/wp-content\/uploads\/2023\/11\/Jair-Camargo.jpg?resize=350%2C200&ssl=1","width":350,"height":200},"classes":[]},{"id":112821,"url":"https:\/\/lasprimeras.com.do\/index.php\/2025\/10\/27\/lluvias-obligan-a-posponer-partido-entre-tigres-del-licey-y-toros-del-este\/","url_meta":{"origin":72572,"position":1},"title":"Lluvias obligan a posponer partido entre Tigres del Licey y Toros del Este","author":"Nelson Feliz","date":"27 de octubre de 2025","format":false,"excerpt":"El partido programado para la noche de este lunes entre los Toros del Este y los Tigres del Licey, que deb\u00eda celebrarse a las 7:00 en el Estadio Quisqueya Juan Marichal, fue pospuesto debido a las condiciones clim\u00e1ticas adversas provocadas por las intensas lluvias registradas en la capital. La Liga\u2026","rel":"","context":"En \u00abDEPORTES\u00bb","block_context":{"text":"DEPORTES","link":"https:\/\/lasprimeras.com.do\/index.php\/category\/deportes\/"},"img":{"alt_text":"","src":"https:\/\/i0.wp.com\/lasprimeras.com.do\/wp-content\/uploads\/2025\/10\/lidom-pospuesto.jpg?resize=350%2C200&ssl=1","width":350,"height":200,"srcset":"https:\/\/i0.wp.com\/lasprimeras.com.do\/wp-content\/uploads\/2025\/10\/lidom-pospuesto.jpg?resize=350%2C200&ssl=1 1x, https:\/\/i0.wp.com\/lasprimeras.com.do\/wp-content\/uploads\/2025\/10\/lidom-pospuesto.jpg?resize=525%2C300&ssl=1 1.5x, https:\/\/i0.wp.com\/lasprimeras.com.do\/wp-content\/uploads\/2025\/10\/lidom-pospuesto.jpg?resize=700%2C400&ssl=1 2x"},"classes":[]},{"id":117246,"url":"https:\/\/lasprimeras.com.do\/index.php\/2025\/12\/09\/juan-soto-entrena-en-el-estadio-quisqueya-en-medio-de-expectativas-de-jugar-con-el-licey\/","url_meta":{"origin":72572,"position":2},"title":"Juan Soto entrena en el Estadio Quisqueya en medio de expectativas de jugar con el Licey","author":"Nelson Feliz","date":"9 de diciembre de 2025","format":false,"excerpt":"El estelar jardinero de los New York Mets, Juan Soto, gener\u00f3 gran revuelo al ser visto practicando este martes en las instalaciones del Estadio Quisqueya Juan Marichal, de Santo Domingo, Republieca Dominicana. La presencia de Soto en el terreno, mientras se encuentra en el pa\u00eds luego de su productiva temporada\u2026","rel":"","context":"En \u00abDEPORTES\u00bb","block_context":{"text":"DEPORTES","link":"https:\/\/lasprimeras.com.do\/index.php\/category\/deportes\/"},"img":{"alt_text":"Juan Soto","src":"https:\/\/i0.wp.com\/lasprimeras.com.do\/wp-content\/uploads\/2025\/12\/Juan-Soto.jpg?resize=350%2C200&ssl=1","width":350,"height":200,"srcset":"https:\/\/i0.wp.com\/lasprimeras.com.do\/wp-content\/uploads\/2025\/12\/Juan-Soto.jpg?resize=350%2C200&ssl=1 1x, https:\/\/i0.wp.com\/lasprimeras.com.do\/wp-content\/uploads\/2025\/12\/Juan-Soto.jpg?resize=525%2C300&ssl=1 1.5x, https:\/\/i0.wp.com\/lasprimeras.com.do\/wp-content\/uploads\/2025\/12\/Juan-Soto.jpg?resize=700%2C400&ssl=1 2x"},"classes":[]},{"id":63818,"url":"https:\/\/lasprimeras.com.do\/index.php\/2023\/10\/16\/refuerzos-del-licey-se-preparan-para-temporada-beisbol-de-la-rd\/","url_meta":{"origin":72572,"position":3},"title":"Refuerzos del Licey se preparan para temporada beisbol de la RD","author":"BIMARY DE JES\u00daS Matos","date":"16 de octubre de 2023","format":false,"excerpt":"BOCA CHICA (Licey.com).- Siguen haciendo acto de presencia los refuerzos de los Campeones Nacionales, Tigres del Licey, en los entrenamientos de la organizaci\u00f3n a pocos d\u00edas para que inicie la temporada 2023-24, dedicada a la periodista deportiva Onfalia Morillo. En esta ocasi\u00f3n el inicialista Tristin English estuvo hablando sobre sus\u2026","rel":"","context":"En \u00abSin categor\u00eda\u00bb","block_context":{"text":"Sin categor\u00eda","link":"https:\/\/lasprimeras.com.do\/index.php\/category\/sin-categoria\/"},"img":{"alt_text":"","src":"https:\/\/i0.wp.com\/lasprimeras.com.do\/wp-content\/uploads\/2023\/10\/WhatsApp-Image-2023-10-15-at-8.04.52-PM-4.jpeg?resize=350%2C200&ssl=1","width":350,"height":200,"srcset":"https:\/\/i0.wp.com\/lasprimeras.com.do\/wp-content\/uploads\/2023\/10\/WhatsApp-Image-2023-10-15-at-8.04.52-PM-4.jpeg?resize=350%2C200&ssl=1 1x, https:\/\/i0.wp.com\/lasprimeras.com.do\/wp-content\/uploads\/2023\/10\/WhatsApp-Image-2023-10-15-at-8.04.52-PM-4.jpeg?resize=525%2C300&ssl=1 1.5x, https:\/\/i0.wp.com\/lasprimeras.com.do\/wp-content\/uploads\/2023\/10\/WhatsApp-Image-2023-10-15-at-8.04.52-PM-4.jpeg?resize=700%2C400&ssl=1 2x"},"classes":[]},{"id":65919,"url":"https:\/\/lasprimeras.com.do\/index.php\/2023\/11\/01\/los-tigres-del-licey-contratan-al-veterano-agente-libre-robel-garcia\/","url_meta":{"origin":72572,"position":4},"title":"Los Tigres del Licey contratan al veterano agente libre Robel Garc\u00eda","author":"BIMARY DE JES\u00daS Matos","date":"1 de noviembre de 2023","format":false,"excerpt":"SANTO DOMINGO.- Los Tigres del Licey han firmado al veterano jugador de cuadro, Robel Garc\u00eda. \u00abGarc\u00eda nos ofrece una gran versatilidad que ser\u00e1 muy \u00fatil para buscar el bicampeonato. Tiene la capacidad de batear a ambos lados del plato. Llega al conjunto a aportar su gran experiencia y habilidad de\u2026","rel":"","context":"En \u00abSin categor\u00eda\u00bb","block_context":{"text":"Sin categor\u00eda","link":"https:\/\/lasprimeras.com.do\/index.php\/category\/sin-categoria\/"},"img":{"alt_text":"","src":"https:\/\/i0.wp.com\/lasprimeras.com.do\/wp-content\/uploads\/2023\/11\/WhatsApp-Image-2023-11-01-at-9.19.48-AM-4.jpeg?resize=350%2C200&ssl=1","width":350,"height":200,"srcset":"https:\/\/i0.wp.com\/lasprimeras.com.do\/wp-content\/uploads\/2023\/11\/WhatsApp-Image-2023-11-01-at-9.19.48-AM-4.jpeg?resize=350%2C200&ssl=1 1x, https:\/\/i0.wp.com\/lasprimeras.com.do\/wp-content\/uploads\/2023\/11\/WhatsApp-Image-2023-11-01-at-9.19.48-AM-4.jpeg?resize=525%2C300&ssl=1 1.5x"},"classes":[]},{"id":67428,"url":"https:\/\/lasprimeras.com.do\/index.php\/2023\/11\/15\/tigres-anuncian-su-rotacion-para-los-proximos-partidos-beisbol\/","url_meta":{"origin":72572,"position":5},"title":"Tigres anuncian su rotaci\u00f3n para los pr\u00f3ximos partidos beisbol","author":"BIMARY DE JES\u00daS Matos","date":"15 de noviembre de 2023","format":false,"excerpt":"SANTO DOMINGO (Licey.com).- Los Campeones Nacionales y del Caribe, Tigres del Licey, anunciaron su rotaci\u00f3n para los pr\u00f3ximos cinco d\u00edas de la Liga de B\u00e9isbol Profesional de la Rep\u00fablica Dominicana. El norteamericano Logan Allen subir\u00e1 al mont\u00edculo contra las \u00c1guilas Cibae\u00f1as esta noche en el Estadio Cibao. El refuerzo azul\u2026","rel":"","context":"En \u00abSin categor\u00eda\u00bb","block_context":{"text":"Sin categor\u00eda","link":"https:\/\/lasprimeras.com.do\/index.php\/category\/sin-categoria\/"},"img":{"alt_text":"","src":"https:\/\/i0.wp.com\/lasprimeras.com.do\/wp-content\/uploads\/2023\/11\/WhatsApp-Image-2023-11-15-at-11.49.55-AM-1.jpeg?resize=350%2C200&ssl=1","width":350,"height":200,"srcset":"https:\/\/i0.wp.com\/lasprimeras.com.do\/wp-content\/uploads\/2023\/11\/WhatsApp-Image-2023-11-15-at-11.49.55-AM-1.jpeg?resize=350%2C200&ssl=1 1x, https:\/\/i0.wp.com\/lasprimeras.com.do\/wp-content\/uploads\/2023\/11\/WhatsApp-Image-2023-11-15-at-11.49.55-AM-1.jpeg?resize=525%2C300&ssl=1 1.5x"},"classes":[]}],"jetpack_sharing_enabled":true,"_links":{"self":[{"href":"https:\/\/lasprimeras.com.do\/index.php\/wp-json\/wp\/v2\/posts\/72572","targetHints":{"allow":["GET"]}}],"collection":[{"href":"https:\/\/lasprimeras.com.do\/index.php\/wp-json\/wp\/v2\/posts"}],"about":[{"href":"https:\/\/lasprimeras.com.do\/index.php\/wp-json\/wp\/v2\/types\/post"}],"author":[{"embeddable":true,"href":"https:\/\/lasprimeras.com.do\/index.php\/wp-json\/wp\/v2\/users\/3"}],"replies":[{"embeddable":true,"href":"https:\/\/lasprimeras.com.do\/index.php\/wp-json\/wp\/v2\/comments?post=72572"}],"version-history":[{"count":1,"href":"https:\/\/lasprimeras.com.do\/index.php\/wp-json\/wp\/v2\/posts\/72572\/revisions"}],"predecessor-version":[{"id":72574,"href":"https:\/\/lasprimeras.com.do\/index.php\/wp-json\/wp\/v2\/posts\/72572\/revisions\/72574"}],"wp:featuredmedia":[{"embeddable":true,"href":"https:\/\/lasprimeras.com.do\/index.php\/wp-json\/wp\/v2\/media\/72573"}],"wp:attachment":[{"href":"https:\/\/lasprimeras.com.do\/index.php\/wp-json\/wp\/v2\/media?parent=72572"}],"wp:term":[{"taxonomy":"category","embeddable":true,"href":"https:\/\/lasprimeras.com.do\/index.php\/wp-json\/wp\/v2\/categories?post=72572"},{"taxonomy":"post_tag","embeddable":true,"href":"https:\/\/lasprimeras.com.do\/index.php\/wp-json\/wp\/v2\/tags?post=72572"}],"curies":[{"name":"wp","href":"https:\/\/api.w.org\/{rel}","templated":true}]}}