{"id":72578,"date":"2024-01-01T10:05:31","date_gmt":"2024-01-01T14:05:31","guid":{"rendered":"https:\/\/lasprimeras.com.do\/?p=72578"},"modified":"2024-01-01T10:05:33","modified_gmt":"2024-01-01T14:05:33","slug":"israel-acaba-2023-en-plena-guerra-con-hamas-en-gaza-sin-perspectiva","status":"publish","type":"post","link":"https:\/\/lasprimeras.com.do\/index.php\/2024\/01\/01\/israel-acaba-2023-en-plena-guerra-con-hamas-en-gaza-sin-perspectiva\/","title":{"rendered":"Israel acaba 2023 en plena guerra con Ham\u00e1s en Gaza sin perspectiva"},"content":{"rendered":"\n<p>Jerusal\u00e9n,.- Israel y Ham\u00e1s acaban 2023 en medio de una dura guerra en Gaza sin precedentes.<\/p>\n\n\n\n<p>El Ej\u00e9rcito israel\u00ed sigue combatiendo las milicias en la Franja para erradicar a Ham\u00e1s, pero su triunfo no parece inminente y el conflicto seguir\u00e1 en 2024 entre la devastaci\u00f3n en el enclave, que acumula ya m\u00e1s de 21.800 muertos.<\/p>\n\n\n\n<p>A inicios de 2023, nadie -tampoco el poderoso aparato de Defensa e Inteligencia israel\u00ed- hubiera imaginado que el 7 de octubre Ham\u00e1s ser\u00eda capaz de un ataque sorpresa a Israel que se sald\u00f3 con al menos 1.200 muertos y m\u00e1s de 240 rehenes llevados a Gaza, en el peor golpe militar que el Estado jud\u00edo sufri\u00f3 en sus 75 a\u00f1os de historia.<\/p>\n\n\n\n<p>Todo ello sacudi\u00f3 la regi\u00f3n, fue un punto de inflexi\u00f3n que rompi\u00f3 los fr\u00e1giles equilibrios del largo conflicto palestino-israel\u00ed y desencaden\u00f3 una dura ofensiva israel\u00ed sobre Gaza que caus\u00f3 la mayor cifra de muertos palestinos en los \u00faltimos tres cuartos de siglo, incluso m\u00e1s que en la guerra \u00e1rabe-israel\u00ed que estall\u00f3 en el marco de la creaci\u00f3n del Estado de Israel en 1948.<\/p>\n\n\n\n<p>Los fallecidos confirmados en Gaza alcanzar\u00e1n pronto los 22.000, hay unas 7.000 personas desaparecidas bajo escombros y la crisis humanitaria derivada del conflicto es extrema- 1,9 millones de gazat\u00edes (el 85% de poblaci\u00f3n) se han visto desplazados, y muchos se acumulan en el sur en tiendas de campa\u00f1a, campamentos improvisados o hacinados en escuelas de la ONU u hospitales en condici\u00f3n precaria.<\/p>\n\n\n\n<p>El hambre o las enfermedades epid\u00e9micas se extienden por escasez de comida y falta de medicinas o suministros b\u00e1sicos, mientras que casi no hay agua potable ni combustible, clave para la electricidad, pr\u00e1cticamente inexistente y un grave problema para los hospitales, muchos de ellos fuera de servicio o bien funcionando con extrema escasez y al l\u00edmite de sus pocas capacidades.<\/p>\n\n\n\n<p>Desde el 7 de octubre, los heridos en Gaza son casi 57.000, y los soldados israel\u00edes muertos superan los 500, m\u00e1s de 170 desde inicios de la invasi\u00f3n terrestre israel\u00ed de Gaza el 27 de octubre.<\/p>\n\n\n\n<p>Los militares israel\u00edes siguen luchando cuerpo a cuerpo y en combates feroces con milicianos palestinos, que siguen atacando o realizando emboscadas contra el Ej\u00e9rcito en un escenario de guerra de guerrillas y organizados desde una extensa red subterr\u00e1nea de t\u00faneles que Israel parece estar a\u00fan lejos de tener controlada.<\/p>\n\n\n\n<p>D\u00eda tras d\u00eda, las Brigadas Al Qasam, brazo armado de Ham\u00e1s, siguen enviando v\u00eddeos donde muestran como sus milicianos hacen ataques sorpresa a soldados o tanques israel\u00edes dentro de Gaza, donde el Ej\u00e9rcito expande desde hace d\u00edas sus operaciones en la ciudad de Jan Yunis y sus alrededores, en el sur de la Franja.<\/p>\n\n\n\n<p>Tambi\u00e9n sigue combatiendo en el centro y el norte de la Franja, y pese a que asegura que cada d\u00eda mata a milicianos, incauta armamento o da\u00f1a infraestructura de Ham\u00e1s, el grupo islamista parece tener a\u00fan capacidades para continuar resistiendo y asestando golpes. A su vez, siguen lanzando cohetes a territorio israel\u00ed, aunque la intensidad de los disparos se redujo a medida que Israel ampli\u00f3 su ofensiva.<\/p>\n\n\n\n<p>Ante ello, inform\u00f3 prensa israel\u00ed, el Ej\u00e9rcito comenzar\u00e1 a mandar a casa a soldados reservistas de cinco brigadas, aunque sus fuerzas seguir\u00e1n muy movilizadas ante un conflicto que por ahora no acabar\u00e1 y que las autoridades prev\u00e9n que dure al menos varios meses m\u00e1s.<\/p>\n\n\n\n<p>El primer ministro israel\u00ed, Benjamin Netanyahu, est\u00e1 a\u00fan lejos de cumplir su meta declarada de \u201cdesmantelar\u201d a Ham\u00e1s, y no ha logrado liberar a todos los rehenes en la Franja.<\/p>\n\n\n\n<p>Solo unos 110 fueron soltados, y unos 129 -m\u00e1s de 20 de ellos muertos- siguen cautivos mientras sus familias pierden paciencia y confianza en el Gobierno.<\/p>\n\n\n\n<p>Con todos, los frentes abiertos para Israel no acaban en los 86 d\u00edas de guerra abiertos en Gaza, sino que casi desde el siete de octubre se repiten casi d\u00eda tras d\u00eda los intercambios de fuego con milicias en L\u00edbano y el grupo chi\u00ed liban\u00e9s Hizbul\u00e1, aliado de Ham\u00e1s.<\/p>\n\n\n\n<p>Todo ello llev\u00f3 a la evacuaci\u00f3n de decenas de miles de personas tanto de las comunidades israel\u00edes colindantes con Gaza como de las localidades norte\u00f1as fronterizas con L\u00edbano, y tampoco hay previsi\u00f3n de que ninguno de estos residentes puedan volver pronto a su casa.<\/p>\n\n\n\n<p>Desde el estallido de la guerra en Gaza, la violencia ha aumentado a\u00fan m\u00e1s en Cisjordania ocupada, que registr\u00f3 su a\u00f1o m\u00e1s mort\u00edfero en dos d\u00e9cadas. Este 2023 han muerto casi 530 palestinos en incidentes violentos vinculados al conflicto palestino-israel\u00ed, y unos 321 de ellos han muerto desde el inicio del conflicto el 7 de octubre.<\/p>\n","protected":false},"excerpt":{"rendered":"<p>Jerusal\u00e9n,.- Israel y Ham\u00e1s acaban 2023 en medio de una dura guerra en Gaza sin precedentes. El Ej\u00e9rcito israel\u00ed sigue combatiendo las milicias en la Franja para erradicar a Ham\u00e1s,&hellip;<\/p>\n","protected":false},"author":3,"featured_media":72579,"comment_status":"open","ping_status":"open","sticky":false,"template":"","format":"standard","meta":{"content-type":"","jetpack_post_was_ever_published":false,"_jetpack_newsletter_access":"","_jetpack_dont_email_post_to_subs":false,"_jetpack_newsletter_tier_id":0,"_jetpack_memberships_contains_paywalled_content":false,"_jetpack_memberships_contains_paid_content":false,"footnotes":""},"categories":[1],"tags":[3499],"class_list":["post-72578","post","type-post","status-publish","format-standard","has-post-thumbnail","hentry","category-sin-categoria","tag-israel"],"jetpack_featured_media_url":"https:\/\/lasprimeras.com.do\/wp-content\/uploads\/2024\/01\/Las-portadas-de-la-semana-EH-13-2.webp","jetpack-related-posts":[{"id":70954,"url":"https:\/\/lasprimeras.com.do\/index.php\/2023\/12\/15\/israel-advierte-su-ofensiva-contra-hamas-durara-muchos-meses\/","url_meta":{"origin":72578,"position":0},"title":"Israel advierte su ofensiva contra Ham\u00e1s durar\u00e1 \u00abmuchos meses\u00bb","author":"BIMARY DE JES\u00daS Matos","date":"15 de diciembre de 2023","format":false,"excerpt":"JERUSALEN.- La guerra en Gaza es \u00abuna campa\u00f1a en m\u00faltiples arenas a la que todav\u00eda le quedan muchos meses por delante\u00bb, advirti\u00f3 el general de divisi\u00f3n Aharon Haliva, jefe de la Divisi\u00f3n de Inteligencia del Ej\u00e9rcito de Israel. La cita es indicativa de la magnitud y la extensi\u00f3n de la\u2026","rel":"","context":"En \u00abSin categor\u00eda\u00bb","block_context":{"text":"Sin categor\u00eda","link":"https:\/\/lasprimeras.com.do\/index.php\/category\/sin-categoria\/"},"img":{"alt_text":"","src":"https:\/\/i0.wp.com\/lasprimeras.com.do\/wp-content\/uploads\/2023\/12\/WhatsApp-Image-2023-12-14-at-4.48.00-PM-20.jpeg?resize=350%2C200&ssl=1","width":350,"height":200,"srcset":"https:\/\/i0.wp.com\/lasprimeras.com.do\/wp-content\/uploads\/2023\/12\/WhatsApp-Image-2023-12-14-at-4.48.00-PM-20.jpeg?resize=350%2C200&ssl=1 1x, https:\/\/i0.wp.com\/lasprimeras.com.do\/wp-content\/uploads\/2023\/12\/WhatsApp-Image-2023-12-14-at-4.48.00-PM-20.jpeg?resize=525%2C300&ssl=1 1.5x"},"classes":[]},{"id":62910,"url":"https:\/\/lasprimeras.com.do\/index.php\/2023\/10\/09\/mas-de-1100-muertos-en-primeros-dias-de-guerra-entre-israel-y-gaza\/","url_meta":{"origin":72578,"position":1},"title":"M\u00e1s de 1,100 muertos en primeros d\u00edas de guerra entre Israel y Gaza","author":"BIMARY DE JES\u00daS Matos","date":"9 de octubre de 2023","format":false,"excerpt":"EIsrael y las milicias palestinas de Gaza viven hoy su segundo d\u00eda de guerra con intensos combates en zonas israel\u00edes cercanas a la Franja donde todav\u00eda hay presencia de Ham\u00e1s, mientras contin\u00faan el disparo de cohetes y los bombardeos, con m\u00e1s de 1,100 muertos a ambos lados en un conflicto\u2026","rel":"","context":"En \u00abSin categor\u00eda\u00bb","block_context":{"text":"Sin categor\u00eda","link":"https:\/\/lasprimeras.com.do\/index.php\/category\/sin-categoria\/"},"img":{"alt_text":"","src":"https:\/\/i0.wp.com\/lasprimeras.com.do\/wp-content\/uploads\/2023\/10\/WhatsApp-Image-2023-10-08-at-12.09.51-PM-1.png?resize=350%2C200&ssl=1","width":350,"height":200,"srcset":"https:\/\/i0.wp.com\/lasprimeras.com.do\/wp-content\/uploads\/2023\/10\/WhatsApp-Image-2023-10-08-at-12.09.51-PM-1.png?resize=350%2C200&ssl=1 1x, https:\/\/i0.wp.com\/lasprimeras.com.do\/wp-content\/uploads\/2023\/10\/WhatsApp-Image-2023-10-08-at-12.09.51-PM-1.png?resize=525%2C300&ssl=1 1.5x, https:\/\/i0.wp.com\/lasprimeras.com.do\/wp-content\/uploads\/2023\/10\/WhatsApp-Image-2023-10-08-at-12.09.51-PM-1.png?resize=700%2C400&ssl=1 2x"},"classes":[]},{"id":64723,"url":"https:\/\/lasprimeras.com.do\/index.php\/2023\/10\/23\/nuevos-bombardeos-de-israel-en-gaza-dejan-260-muertos-en-24-hs\/","url_meta":{"origin":72578,"position":2},"title":"Nuevos bombardeos de Israel en Gaza dejan 260 muertos en 24 hs.","author":"BIMARY DE JES\u00daS Matos","date":"23 de octubre de 2023","format":false,"excerpt":"Israel.-La guerra desencadenada entre Israel y Ham\u00e1s tras el ataque terrorista del pasado 7 de octubre se ha intensificado este domingo con nuevos bombardeos sobre Gaza -que han dejado m\u00e1s de 260 muertos en 24 horas, la mayor\u00eda ni\u00f1os. Asimismo, Israel habr\u00eda alcanzado los aeropuertos de Alepo y Damasco, seg\u00fan\u2026","rel":"","context":"En \u00abSin categor\u00eda\u00bb","block_context":{"text":"Sin categor\u00eda","link":"https:\/\/lasprimeras.com.do\/index.php\/category\/sin-categoria\/"},"img":{"alt_text":"","src":"https:\/\/i0.wp.com\/lasprimeras.com.do\/wp-content\/uploads\/2023\/10\/WhatsApp-Image-2023-05-20-at-11.41.19-AM-1-2.jpeg?resize=350%2C200&ssl=1","width":350,"height":200,"srcset":"https:\/\/i0.wp.com\/lasprimeras.com.do\/wp-content\/uploads\/2023\/10\/WhatsApp-Image-2023-05-20-at-11.41.19-AM-1-2.jpeg?resize=350%2C200&ssl=1 1x, https:\/\/i0.wp.com\/lasprimeras.com.do\/wp-content\/uploads\/2023\/10\/WhatsApp-Image-2023-05-20-at-11.41.19-AM-1-2.jpeg?resize=525%2C300&ssl=1 1.5x, https:\/\/i0.wp.com\/lasprimeras.com.do\/wp-content\/uploads\/2023\/10\/WhatsApp-Image-2023-05-20-at-11.41.19-AM-1-2.jpeg?resize=700%2C400&ssl=1 2x, https:\/\/i0.wp.com\/lasprimeras.com.do\/wp-content\/uploads\/2023\/10\/WhatsApp-Image-2023-05-20-at-11.41.19-AM-1-2.jpeg?resize=1050%2C600&ssl=1 3x, https:\/\/i0.wp.com\/lasprimeras.com.do\/wp-content\/uploads\/2023\/10\/WhatsApp-Image-2023-05-20-at-11.41.19-AM-1-2.jpeg?resize=1400%2C800&ssl=1 4x"},"classes":[]},{"id":85947,"url":"https:\/\/lasprimeras.com.do\/index.php\/2024\/07\/13\/ataque-israeli-contra-comandante-militar-de-hamas-deja-al-menos-90-muertos-en-sur-de-gaza\/","url_meta":{"origin":72578,"position":3},"title":"Ataque israel\u00ed contra comandante militar de Ham\u00e1s deja al menos 90 muertos en sur de Gaza","author":"Nelson Feliz","date":"13 de julio de 2024","format":false,"excerpt":"BY MOHAMED JAHJOUH JAN YUNIS, Franja de Gaza (AP) \u2014 Israel indic\u00f3 que hab\u00eda atacado al misterioso comandante militar de Ham\u00e1s en un ataque masivo el s\u00e1bado en la sobrepoblada zona sur de la Franja de Gaza, incidente en que murieron al menos 90 personas, incluidos ni\u00f1os, seg\u00fan trabajadores m\u00e9dicos\u2026","rel":"","context":"En \u00abSin categor\u00eda\u00bb","block_context":{"text":"Sin categor\u00eda","link":"https:\/\/lasprimeras.com.do\/index.php\/category\/sin-categoria\/"},"img":{"alt_text":"","src":"https:\/\/i0.wp.com\/lasprimeras.com.do\/wp-content\/uploads\/2024\/07\/silueta.jpg?resize=350%2C200&ssl=1","width":350,"height":200,"srcset":"https:\/\/i0.wp.com\/lasprimeras.com.do\/wp-content\/uploads\/2024\/07\/silueta.jpg?resize=350%2C200&ssl=1 1x, https:\/\/i0.wp.com\/lasprimeras.com.do\/wp-content\/uploads\/2024\/07\/silueta.jpg?resize=525%2C300&ssl=1 1.5x, https:\/\/i0.wp.com\/lasprimeras.com.do\/wp-content\/uploads\/2024\/07\/silueta.jpg?resize=700%2C400&ssl=1 2x"},"classes":[]},{"id":62822,"url":"https:\/\/lasprimeras.com.do\/index.php\/2023\/10\/08\/israel-dice-que-esta-en-guerra-tras-ataque-sorpresa-de-hamas\/","url_meta":{"origin":72578,"position":4},"title":"Israel dice que est\u00e1 en guerra tras ataque sorpresa de Ham\u00e1s","author":"Nelson Feliz","date":"8 de octubre de 2023","format":false,"excerpt":"Israel dice que est\u00e1 en guerra mientras sus soldados luchan contra los combatientes de Hamas en las calles del sur de Israel y lanzan ataques a\u00e9reos en Gaza, un d\u00eda despu\u00e9s de un ataque sorpresa sin precedentes por parte de combatientes de Hamas. En el norte de Israel, un breve\u2026","rel":"","context":"En \u00abSin categor\u00eda\u00bb","block_context":{"text":"Sin categor\u00eda","link":"https:\/\/lasprimeras.com.do\/index.php\/category\/sin-categoria\/"},"img":{"alt_text":"Palestinos se alejan del kibbutz de Kfar Azza, Israel, cerca de la valla fronteriza de la Franja de Gaza, el 7 de octubre de 2023. (AP)","src":"https:\/\/i0.wp.com\/lasprimeras.com.do\/wp-content\/uploads\/2023\/10\/Palestinos-se-alejan-del-kibbutz-de-Kfar-Azza-Israel.jpg?resize=350%2C200&ssl=1","width":350,"height":200,"srcset":"https:\/\/i0.wp.com\/lasprimeras.com.do\/wp-content\/uploads\/2023\/10\/Palestinos-se-alejan-del-kibbutz-de-Kfar-Azza-Israel.jpg?resize=350%2C200&ssl=1 1x, https:\/\/i0.wp.com\/lasprimeras.com.do\/wp-content\/uploads\/2023\/10\/Palestinos-se-alejan-del-kibbutz-de-Kfar-Azza-Israel.jpg?resize=525%2C300&ssl=1 1.5x, https:\/\/i0.wp.com\/lasprimeras.com.do\/wp-content\/uploads\/2023\/10\/Palestinos-se-alejan-del-kibbutz-de-Kfar-Azza-Israel.jpg?resize=700%2C400&ssl=1 2x"},"classes":[]},{"id":62824,"url":"https:\/\/lasprimeras.com.do\/index.php\/2023\/10\/08\/israel-declara-la-guerra-y-aprueba-medidas-significativas-para-tomar-represalias-por-el-ataque-sorpresa-de-hamas\/","url_meta":{"origin":72578,"position":5},"title":"Israel declara la guerra y aprueba medidas &#8216;significativas&#8217; para tomar represalias por el ataque sorpresa de Ham\u00e1s","author":"Nelson Feliz","date":"8 de octubre de 2023","format":false,"excerpt":"POR TIA GOLDENBERG Y WAFAA SHURAFA TEL AVIV, Israel (AP) \u2014 El gobierno israel\u00ed declar\u00f3 formalmente la guerra el domingo y dio luz verde a \u201cmedidas militares significativas\u201d para tomar represalias contra Ham\u00e1s por su ataque sorpresa desde la Franja de Gaza, presagiando mayores combates en el futuro a medida\u2026","rel":"","context":"En \u00abSin categor\u00eda\u00bb","block_context":{"text":"Sin categor\u00eda","link":"https:\/\/lasprimeras.com.do\/index.php\/category\/sin-categoria\/"},"img":{"alt_text":"guerra","src":"https:\/\/i0.wp.com\/lasprimeras.com.do\/wp-content\/uploads\/2023\/10\/guerra-1.jpg?resize=350%2C200&ssl=1","width":350,"height":200,"srcset":"https:\/\/i0.wp.com\/lasprimeras.com.do\/wp-content\/uploads\/2023\/10\/guerra-1.jpg?resize=350%2C200&ssl=1 1x, https:\/\/i0.wp.com\/lasprimeras.com.do\/wp-content\/uploads\/2023\/10\/guerra-1.jpg?resize=525%2C300&ssl=1 1.5x, https:\/\/i0.wp.com\/lasprimeras.com.do\/wp-content\/uploads\/2023\/10\/guerra-1.jpg?resize=700%2C400&ssl=1 2x"},"classes":[]}],"jetpack_sharing_enabled":true,"_links":{"self":[{"href":"https:\/\/lasprimeras.com.do\/index.php\/wp-json\/wp\/v2\/posts\/72578","targetHints":{"allow":["GET"]}}],"collection":[{"href":"https:\/\/lasprimeras.com.do\/index.php\/wp-json\/wp\/v2\/posts"}],"about":[{"href":"https:\/\/lasprimeras.com.do\/index.php\/wp-json\/wp\/v2\/types\/post"}],"author":[{"embeddable":true,"href":"https:\/\/lasprimeras.com.do\/index.php\/wp-json\/wp\/v2\/users\/3"}],"replies":[{"embeddable":true,"href":"https:\/\/lasprimeras.com.do\/index.php\/wp-json\/wp\/v2\/comments?post=72578"}],"version-history":[{"count":1,"href":"https:\/\/lasprimeras.com.do\/index.php\/wp-json\/wp\/v2\/posts\/72578\/revisions"}],"predecessor-version":[{"id":72580,"href":"https:\/\/lasprimeras.com.do\/index.php\/wp-json\/wp\/v2\/posts\/72578\/revisions\/72580"}],"wp:featuredmedia":[{"embeddable":true,"href":"https:\/\/lasprimeras.com.do\/index.php\/wp-json\/wp\/v2\/media\/72579"}],"wp:attachment":[{"href":"https:\/\/lasprimeras.com.do\/index.php\/wp-json\/wp\/v2\/media?parent=72578"}],"wp:term":[{"taxonomy":"category","embeddable":true,"href":"https:\/\/lasprimeras.com.do\/index.php\/wp-json\/wp\/v2\/categories?post=72578"},{"taxonomy":"post_tag","embeddable":true,"href":"https:\/\/lasprimeras.com.do\/index.php\/wp-json\/wp\/v2\/tags?post=72578"}],"curies":[{"name":"wp","href":"https:\/\/api.w.org\/{rel}","templated":true}]}}