{"id":72656,"date":"2024-01-02T07:50:21","date_gmt":"2024-01-02T11:50:21","guid":{"rendered":"https:\/\/lasprimeras.com.do\/?p=72656"},"modified":"2024-01-02T07:50:22","modified_gmt":"2024-01-02T11:50:22","slug":"bad-bunny-lanza-video-no-me-quiero-casar-de-casi-10-minutos","status":"publish","type":"post","link":"https:\/\/lasprimeras.com.do\/index.php\/2024\/01\/02\/bad-bunny-lanza-video-no-me-quiero-casar-de-casi-10-minutos\/","title":{"rendered":"Bad Bunny lanza video &#8220;No me quiero casar&#8221;, de casi 10 minutos"},"content":{"rendered":"\n<p>\u00abNo me quiero casar\u00bb es una frase que se lleva un segundo pronunciarla, pero a Bad Bunny le tom\u00f3 casi 10 minutos explicarla en un sorpresivo video que lanz\u00f3 justo al despedir el 2023, a pocas horas de recibir el 2024 y dos semanas despu\u00e9s de que se diera a conocer la supuesta ruptura entre el cantante puertorrique\u00f1o y la modelo estadounidense Kendall Jenner.<\/p>\n\n\n\n<p>El tema \u201cNo me quiero casar\u201d pertenece a su m\u00e1s reciente \u00e1lbum \u201cNadie sabe lo que va a pasar ma\u00f1ana\u201d, que lanz\u00f3 el pasado 13 de octubre con 22 canciones.<\/p>\n\n\n\n<p>Bad Bunny reapareci\u00f3 el domingo en su Instagram previo a la salida del video, posteando un viejo video del cantante mexicano Luis Miguel en el que se refiere a que no habla de novias ni de temas referentes a relaciones sentimentales.<\/p>\n\n\n\n<p>Antes de ejecutar la interpretaci\u00f3n, se presenta una dramatizaci\u00f3n en la que Benito Antonio Mart\u00ednez Ocasio, verdadero nombre del artista, en medio de la fiesta de a\u00f1o nuevo es presionado por amigos y familiares pregunt\u00e1ndole cu\u00e1ndo se va a casar.<\/p>\n\n\n\n<p>En todos los escenarios presentados, \u00e9l rechaza casarse o vacila en medio de las incesantes preguntas sobre el tema, como \u00ab\u00bfy el novio?\u00bb, \u00ab\u00bfcu\u00e1ndo te casas?\u00bb o \u00ab\u00bfen d\u00f3nde dejaste a la novia?\u00bb.<\/p>\n\n\n\n<p>Tambi\u00e9n hay otra escena, en la que en la misma fiesta un joven le propone matrimonio a su novia, pero \u00e9sta lo rechaza ante la desilusi\u00f3n de los presentes.<\/p>\n\n\n\n<p>Entonces, el DJ toma el control y anima a continuar la fiesta para entonces dar paso al audiovisual dirigido por Stillz, la cabeza pensante detr\u00e1s de muchos video clips del int\u00e9rprete de trap.<\/p>\n\n\n\n<p>BAD BUNNY \u2013 NO ME QUIERO CASAR<br>www.nadiesabeloquevaapasarmanana.com<\/p>\n\n\n\n<p>Suscr\u00edbete al canal: https:\/\/www.youtube.com\/BadBunnyPR<\/p>\n\n\n\n<p>M\u00e1s de Bad Bunny:<br>nadie sabe lo que va a pasar ma\u00f1ana \u2013 https:\/\/www.youtube.com\/playlist?list=PLRW7iEDD9RDR3nExwJcID9uzkHI3y53YX<br>UN PREVIEW \u2013 https:\/\/youtu.be\/Ll2rA7IpeNI<br>Me Porto Bonito \u2013 https:\/\/youtu.be\/saGYMhApaH8<\/p>\n\n\n\n<p>Sigue a Bad Bunny:<br>Spotify: https:\/\/rimas.io\/spotifybb\u200b<br>Apple Music: https:\/\/rimas.io\/applemusicbb\u200b<br>Instagram: https:\/\/www.instagram.com\/badbunnypr\u200b<\/p>\n\n\n\n<p>\u00a9 2023 Rimas EntertainmentVIDEO<\/p>\n\n\n\n<p>El lanzamiento coincide con la aparente separaci\u00f3n sentimental de Bad Bunny Kendall Jenner, sustentadas en las ausencias p\u00fablicas de la pareja, siendo la \u00faltima vez que se les vio juntos en octubre durante el afterparty del programa \u2018Saturday Night Live\u2019, donde \u00e9l fue invitado.<\/p>\n\n\n\n<p>La prensa internacional resalt\u00f3 la presencia de Jenner en esa ocasi\u00f3n, subrayando su apoyo p\u00fablico a Bad Bunny en uno de sus proyectos.<\/p>\n\n\n\n<p>Sin embargo, las apariciones conjuntas se volvieron escasas, aunque el medio \u00abTMZ\u00bb los fotografi\u00f3 d\u00edas despu\u00e9s en un restaurante.<\/p>\n\n\n\n<p>El romance entre Bad Bunny y la CEO de 818 Tequila comenz\u00f3 como un rumor en febrero, cuando fueron vistos en una cita doble con Hailey Bieber y Justin Bieber.<\/p>\n\n\n\n<p>La confirmaci\u00f3n lleg\u00f3 m\u00e1s tarde, con im\u00e1genes de ambos bes\u00e1ndose y saliendo de un club en Los \u00c1ngeles.<\/p>\n\n\n\n<p>En septiembre, durante una entrevista con Vanity Fair, Bad Bunny abord\u00f3 aspectos de su vida personal, incluyendo la privacidad y los rumores sobre su relaci\u00f3n con Jenner.<\/p>\n\n\n\n<p>Entonces revel\u00f3 que, a pesar de hablar ingl\u00e9s, el idioma se hab\u00eda convertido en un inconveniente al comunicarse con Kendall.<\/p>\n","protected":false},"excerpt":{"rendered":"<p>\u00abNo me quiero casar\u00bb es una frase que se lleva un segundo pronunciarla, pero a Bad Bunny le tom\u00f3 casi 10 minutos explicarla en un sorpresivo video que lanz\u00f3 justo&hellip;<\/p>\n","protected":false},"author":3,"featured_media":72657,"comment_status":"open","ping_status":"open","sticky":false,"template":"","format":"standard","meta":{"content-type":"","jetpack_post_was_ever_published":false,"_jetpack_newsletter_access":"","_jetpack_dont_email_post_to_subs":false,"_jetpack_newsletter_tier_id":0,"_jetpack_memberships_contains_paywalled_content":false,"_jetpack_memberships_contains_paid_content":false,"footnotes":""},"categories":[84],"tags":[],"class_list":["post-72656","post","type-post","status-publish","format-standard","has-post-thumbnail","hentry","category-entretenimiento"],"jetpack_featured_media_url":"https:\/\/lasprimeras.com.do\/wp-content\/uploads\/2024\/01\/esta-3.jpg","jetpack-related-posts":[{"id":78475,"url":"https:\/\/lasprimeras.com.do\/index.php\/2024\/03\/17\/video-bad-bunny-hace-caso-omiso-al-comunicado-de-peta-y-vuelve-a-entrar-a-un-show-en-caballo\/","url_meta":{"origin":72656,"position":0},"title":"VIDEO: Bad Bunny hace caso omiso al comunicado de PETA y vuelve a entrar a un show en caballo","author":"Nelson Feliz","date":"17 de marzo de 2024","format":false,"excerpt":"Bad Bunny se encuentra dentro de su actual gira, \u201cMost Wanted Tour\u201d por diversas ciudades de Estados Unidos. Por Miguel \u00c1ngel Escudero Bad Bunny ha vuelto a convertirse en blanco de cr\u00edticas debido a su m\u00e1s reciente aparici\u00f3n en caballo durante el concierto que brind\u00f3 el pasado 13 de marzo\u2026","rel":"","context":"En \u00abENTRETENIMIENTO\u00bb","block_context":{"text":"ENTRETENIMIENTO","link":"https:\/\/lasprimeras.com.do\/index.php\/category\/entretenimiento\/"},"img":{"alt_text":"Bad Bunny","src":"https:\/\/i0.wp.com\/lasprimeras.com.do\/wp-content\/uploads\/2024\/03\/Bad-Bunny.jpg?resize=350%2C200&ssl=1","width":350,"height":200,"srcset":"https:\/\/i0.wp.com\/lasprimeras.com.do\/wp-content\/uploads\/2024\/03\/Bad-Bunny.jpg?resize=350%2C200&ssl=1 1x, https:\/\/i0.wp.com\/lasprimeras.com.do\/wp-content\/uploads\/2024\/03\/Bad-Bunny.jpg?resize=525%2C300&ssl=1 1.5x, https:\/\/i0.wp.com\/lasprimeras.com.do\/wp-content\/uploads\/2024\/03\/Bad-Bunny.jpg?resize=700%2C400&ssl=1 2x"},"classes":[]},{"id":63017,"url":"https:\/\/lasprimeras.com.do\/index.php\/2023\/10\/09\/bad-bunny-anuncia-su-nuevo-album-y-se-filtra-la-lista-de-canciones\/","url_meta":{"origin":72656,"position":1},"title":"Bad Bunny anuncia su nuevo \u00e1lbum y se filtra la lista de canciones","author":"BIMARY DE JES\u00daS Matos","date":"9 de octubre de 2023","format":false,"excerpt":"Santo Domingo.-Al mediod\u00eda de este lunes, la estrella del trap Bad Bunny anunci\u00f3 el lanzamiento de su nueva producci\u00f3n discogr\u00e1fica con un video que incluye el siguiente mensaje segundos antes de terminar: \"Nadie sabe lo que va a pasar ma\u00f1ana, viernes 13, 2023\". En el audiovisual publicado en sus redes\u2026","rel":"","context":"En \u00abENTRETENIMIENTO\u00bb","block_context":{"text":"ENTRETENIMIENTO","link":"https:\/\/lasprimeras.com.do\/index.php\/category\/entretenimiento\/"},"img":{"alt_text":"","src":"https:\/\/i0.wp.com\/lasprimeras.com.do\/wp-content\/uploads\/2023\/10\/WhatsApp-Image-2023-10-09-at-2.37.38-PM-1.jpeg?resize=350%2C200&ssl=1","width":350,"height":200,"srcset":"https:\/\/i0.wp.com\/lasprimeras.com.do\/wp-content\/uploads\/2023\/10\/WhatsApp-Image-2023-10-09-at-2.37.38-PM-1.jpeg?resize=350%2C200&ssl=1 1x, https:\/\/i0.wp.com\/lasprimeras.com.do\/wp-content\/uploads\/2023\/10\/WhatsApp-Image-2023-10-09-at-2.37.38-PM-1.jpeg?resize=525%2C300&ssl=1 1.5x, https:\/\/i0.wp.com\/lasprimeras.com.do\/wp-content\/uploads\/2023\/10\/WhatsApp-Image-2023-10-09-at-2.37.38-PM-1.jpeg?resize=700%2C400&ssl=1 2x"},"classes":[]},{"id":64428,"url":"https:\/\/lasprimeras.com.do\/index.php\/2023\/10\/20\/bad-bunny-anuncia-nueva-gira-most-wanted-tour-por-estados-unidos-en-2024\/","url_meta":{"origin":72656,"position":2},"title":"Bad Bunny anuncia nueva gira, \u201cMost Wanted Tour\u201d, por Estados Unidos en 2024","author":"BIMARY DE JES\u00daS Matos","date":"20 de octubre de 2023","format":false,"excerpt":"Santo Domingo.-El cantante puertorrique\u00f1o Bad Bunny anunci\u00f3 este jueves una nueva gira, titulada \u00abMost Wanted Tour\u00bb, que lo llevar\u00e1 en 2024 por una treintena de ciudades de Estados Unidos para presentar su \u00faltimo \u00e1lbum \u00abNadie sabe lo que va a pasar ma\u00f1ana\u00bb. El artista incluy\u00f3 en el anuncio, realizado en\u2026","rel":"","context":"En \u00abENTRETENIMIENTO\u00bb","block_context":{"text":"ENTRETENIMIENTO","link":"https:\/\/lasprimeras.com.do\/index.php\/category\/entretenimiento\/"},"img":{"alt_text":"","src":"https:\/\/i0.wp.com\/lasprimeras.com.do\/wp-content\/uploads\/2023\/10\/WhatsApp-Image-2023-10-18-at-9.33.42-PM-12.jpeg?resize=350%2C200&ssl=1","width":350,"height":200,"srcset":"https:\/\/i0.wp.com\/lasprimeras.com.do\/wp-content\/uploads\/2023\/10\/WhatsApp-Image-2023-10-18-at-9.33.42-PM-12.jpeg?resize=350%2C200&ssl=1 1x, https:\/\/i0.wp.com\/lasprimeras.com.do\/wp-content\/uploads\/2023\/10\/WhatsApp-Image-2023-10-18-at-9.33.42-PM-12.jpeg?resize=525%2C300&ssl=1 1.5x, https:\/\/i0.wp.com\/lasprimeras.com.do\/wp-content\/uploads\/2023\/10\/WhatsApp-Image-2023-10-18-at-9.33.42-PM-12.jpeg?resize=700%2C400&ssl=1 2x"},"classes":[]},{"id":63692,"url":"https:\/\/lasprimeras.com.do\/index.php\/2023\/10\/15\/nuevo-disco-de-bad-bunny-se-convierte-en-album-mas-reproducido-en-spotify\/","url_meta":{"origin":72656,"position":3},"title":"Nuevo disco de Bad Bunny se convierte en \u00e1lbum m\u00e1s reproducido en Spotify","author":"BIMARY DE JES\u00daS Matos","date":"15 de octubre de 2023","format":false,"excerpt":"San Juan.- La plataforma musical Spotify inform\u00f3 este s\u00e1bado de que el nuevo y s\u00e9ptimo \u00e1lbum, \u00abNadie sabe lo que va a pasar ma\u00f1ana\u00bb que el artista urbano puertorrique\u00f1o Bad Bunny lanz\u00f3 el viernes, se convirti\u00f3 en el \u00e1lbum m\u00e1s reproducido en un solo d\u00eda en 2023. \u00abEl 13 de\u2026","rel":"","context":"En \u00abENTRETENIMIENTO\u00bb","block_context":{"text":"ENTRETENIMIENTO","link":"https:\/\/lasprimeras.com.do\/index.php\/category\/entretenimiento\/"},"img":{"alt_text":"","src":"https:\/\/i0.wp.com\/lasprimeras.com.do\/wp-content\/uploads\/2023\/10\/WhatsApp-Image-2023-10-14-at-10.00.32-PM-1.webp?resize=350%2C200&ssl=1","width":350,"height":200,"srcset":"https:\/\/i0.wp.com\/lasprimeras.com.do\/wp-content\/uploads\/2023\/10\/WhatsApp-Image-2023-10-14-at-10.00.32-PM-1.webp?resize=350%2C200&ssl=1 1x, https:\/\/i0.wp.com\/lasprimeras.com.do\/wp-content\/uploads\/2023\/10\/WhatsApp-Image-2023-10-14-at-10.00.32-PM-1.webp?resize=525%2C300&ssl=1 1.5x, https:\/\/i0.wp.com\/lasprimeras.com.do\/wp-content\/uploads\/2023\/10\/WhatsApp-Image-2023-10-14-at-10.00.32-PM-1.webp?resize=700%2C400&ssl=1 2x, https:\/\/i0.wp.com\/lasprimeras.com.do\/wp-content\/uploads\/2023\/10\/WhatsApp-Image-2023-10-14-at-10.00.32-PM-1.webp?resize=1050%2C600&ssl=1 3x"},"classes":[]},{"id":90774,"url":"https:\/\/lasprimeras.com.do\/index.php\/2024\/10\/27\/bad-bunny-muestra-su-apoyo-a-kamala-harris-y-recuerda-el-mal-trato-de-trump-a-puerto-rico\/","url_meta":{"origin":72656,"position":4},"title":"Bad Bunny muestra su apoyo a Kamala Harris y recuerda el mal trato de Trump a Puerto Rico","author":"Nelson Feliz","date":"27 de octubre de 2024","format":false,"excerpt":"El artista puertorrique\u00f1o Bad Bunny mostr\u00f3 este domingo su apoyo a la vicepresidenta de Estados Unidos, Kamala Harris, justo el mismo d\u00eda en que la candidata dem\u00f3crata present\u00f3 su plan para Puerto Rico, enfocado en mejorar la econom\u00eda de la isla. En su cuenta de Instagram, donde posee cerca de\u2026","rel":"","context":"En \u00abSin categor\u00eda\u00bb","block_context":{"text":"Sin categor\u00eda","link":"https:\/\/lasprimeras.com.do\/index.php\/category\/sin-categoria\/"},"img":{"alt_text":"","src":"https:\/\/i0.wp.com\/lasprimeras.com.do\/wp-content\/uploads\/2024\/10\/Bad-Bunny.jpg?resize=350%2C200&ssl=1","width":350,"height":200,"srcset":"https:\/\/i0.wp.com\/lasprimeras.com.do\/wp-content\/uploads\/2024\/10\/Bad-Bunny.jpg?resize=350%2C200&ssl=1 1x, https:\/\/i0.wp.com\/lasprimeras.com.do\/wp-content\/uploads\/2024\/10\/Bad-Bunny.jpg?resize=525%2C300&ssl=1 1.5x"},"classes":[]},{"id":82129,"url":"https:\/\/lasprimeras.com.do\/index.php\/2024\/04\/29\/penelope-cruz-celebra-sus-50-anos-en-concierto-de-bad-bunny\/","url_meta":{"origin":72656,"position":5},"title":"Pen\u00e9lope Cruz celebra sus 50 a\u00f1os en concierto de Bad Bunny","author":"BIMARY DE JES\u00daS Matos","date":"29 de abril de 2024","format":false,"excerpt":"La exitosa y reconocida, actriz y modelo espa\u00f1ola Pen\u00e9lope Cruz S\u00e1nchez, inici\u00f3 la noche de ayer la celebraci\u00f3n de su cumplea\u00f1os n\u00famero 50 en la cuidad de New York en un concierto del Conejo Malo, Bad Bunny. La afamada actriz quien en el pasado a\u00f1o 2006 se convirtiera en la\u2026","rel":"","context":"En \u00abENTRETENIMIENTO\u00bb","block_context":{"text":"ENTRETENIMIENTO","link":"https:\/\/lasprimeras.com.do\/index.php\/category\/entretenimiento\/"},"img":{"alt_text":"","src":"https:\/\/i0.wp.com\/lasprimeras.com.do\/wp-content\/uploads\/2024\/04\/6a0c8a05-4f4b-48f5-a1d9-1ad180753c4a-55.jpg?resize=350%2C200&ssl=1","width":350,"height":200},"classes":[]}],"jetpack_sharing_enabled":true,"_links":{"self":[{"href":"https:\/\/lasprimeras.com.do\/index.php\/wp-json\/wp\/v2\/posts\/72656","targetHints":{"allow":["GET"]}}],"collection":[{"href":"https:\/\/lasprimeras.com.do\/index.php\/wp-json\/wp\/v2\/posts"}],"about":[{"href":"https:\/\/lasprimeras.com.do\/index.php\/wp-json\/wp\/v2\/types\/post"}],"author":[{"embeddable":true,"href":"https:\/\/lasprimeras.com.do\/index.php\/wp-json\/wp\/v2\/users\/3"}],"replies":[{"embeddable":true,"href":"https:\/\/lasprimeras.com.do\/index.php\/wp-json\/wp\/v2\/comments?post=72656"}],"version-history":[{"count":1,"href":"https:\/\/lasprimeras.com.do\/index.php\/wp-json\/wp\/v2\/posts\/72656\/revisions"}],"predecessor-version":[{"id":72658,"href":"https:\/\/lasprimeras.com.do\/index.php\/wp-json\/wp\/v2\/posts\/72656\/revisions\/72658"}],"wp:featuredmedia":[{"embeddable":true,"href":"https:\/\/lasprimeras.com.do\/index.php\/wp-json\/wp\/v2\/media\/72657"}],"wp:attachment":[{"href":"https:\/\/lasprimeras.com.do\/index.php\/wp-json\/wp\/v2\/media?parent=72656"}],"wp:term":[{"taxonomy":"category","embeddable":true,"href":"https:\/\/lasprimeras.com.do\/index.php\/wp-json\/wp\/v2\/categories?post=72656"},{"taxonomy":"post_tag","embeddable":true,"href":"https:\/\/lasprimeras.com.do\/index.php\/wp-json\/wp\/v2\/tags?post=72656"}],"curies":[{"name":"wp","href":"https:\/\/api.w.org\/{rel}","templated":true}]}}