{"id":72680,"date":"2024-01-02T09:06:21","date_gmt":"2024-01-02T13:06:21","guid":{"rendered":"https:\/\/lasprimeras.com.do\/?p=72680"},"modified":"2024-01-02T09:06:23","modified_gmt":"2024-01-02T13:06:23","slug":"mueren-dos-personas-en-accidentes-de-transito-en-la-romana-y-san-pedro-de-macoris","status":"publish","type":"post","link":"https:\/\/lasprimeras.com.do\/index.php\/2024\/01\/02\/mueren-dos-personas-en-accidentes-de-transito-en-la-romana-y-san-pedro-de-macoris\/","title":{"rendered":"Mueren dos personas en accidentes de tr\u00e1nsito en La Romana y San Pedro de Macor\u00eds"},"content":{"rendered":"\n<p>Dos motociclistas perdieron la vida este primero de enero del 2024 en La Romana y en San Pedro de Macor\u00eds, uno al colisionar con un veh\u00edculo CRV y el otro con un poste del tendido el\u00e9ctrico.<\/p>\n\n\n\n<p>Una de las v\u00edctimas, Francisco Julio Inirio Rojas, de 22 a\u00f1os de edad, impact\u00f3 la motocicleta con un veh\u00edculo CRV en la avenida Luis Amiama Ti\u00f3, pr\u00f3ximo al Jumbo, en direcci\u00f3n oeste\/este, en la madrugada de este lunes.<\/p>\n\n\n\n<p>Inirio Rojas no conduc\u00eda con el casco protector; los familiares lo llevaron al Hospital Antonio Musa de esa provincia, donde falleci\u00f3. La conductora del veh\u00edculo, Jennifer Quezada Solano, result\u00f3 ilesa.<\/p>\n\n\n\n<p>La motocicleta que conduc\u00eda Inirio Rojas, marca 3KJ, blanca, no ten\u00eda placa.<\/p>\n\n\n\n<p>La otra v\u00edctima fue identificada como Eddy Beras, de 44 a\u00f1os, quien recibi\u00f3 un trauma craneoencef\u00e1lico severo abierto, seg\u00fan el m\u00e9dico legista Yoel Cabrera.<\/p>\n\n\n\n<p>El accidente en el que muri\u00f3 Beras ocurri\u00f3 cuando este perdi\u00f3 el control de la motocicleta y se estrell\u00f3 con un poste del tendido el\u00e9ctrico en La Romana, a las nueve de la ma\u00f1ana de este lunes.<\/p>\n\n\n\n<p>Seg\u00fan se supo, el fallecido estaba visitando unos parientes en la comunidad de Cucama, que pertenece al municipio de Villa Hermosa, de la mencionada provincia.<\/p>\n\n\n\n<p>En el levantamiento tambi\u00e9n particip\u00f3 la fiscal de tr\u00e1nsito de La Romana, Mar\u00eda Magdalena Polanco.<\/p>\n","protected":false},"excerpt":{"rendered":"<p>Dos motociclistas perdieron la vida este primero de enero del 2024 en La Romana y en San Pedro de Macor\u00eds, uno al colisionar con un veh\u00edculo CRV y el otro&hellip;<\/p>\n","protected":false},"author":2,"featured_media":72681,"comment_status":"open","ping_status":"open","sticky":false,"template":"","format":"standard","meta":{"content-type":"","jetpack_post_was_ever_published":false,"_jetpack_newsletter_access":"","_jetpack_dont_email_post_to_subs":false,"_jetpack_newsletter_tier_id":0,"_jetpack_memberships_contains_paywalled_content":false,"_jetpack_memberships_contains_paid_content":false,"footnotes":""},"categories":[35],"tags":[10652,965,10832,1425],"class_list":["post-72680","post","type-post","status-publish","format-standard","has-post-thumbnail","hentry","category-nacionales","tag-accidentes-de-transito","tag-la-romana","tag-mueren-dos-personas","tag-san-pedro-de-macoris"],"jetpack_featured_media_url":"https:\/\/lasprimeras.com.do\/wp-content\/uploads\/2024\/01\/accidentes.jpg","jetpack-related-posts":[{"id":70730,"url":"https:\/\/lasprimeras.com.do\/index.php\/2023\/12\/13\/muere-adolescente-de-16-anos-en-accidente-de-transito-en-carretera-spm\/","url_meta":{"origin":72680,"position":0},"title":"Muere adolescente de 16 a\u00f1os en accidente de tr\u00e1nsito en carretera SPM","author":"Nelson Feliz","date":"13 de diciembre de 2023","format":false,"excerpt":"Un adolescente de 16 a\u00f1os perdi\u00f3 la vida la tarde de este martes, producto de un accidente de tr\u00e1nsito. El hecho ocurri\u00f3 en la carretera Consuelo-San Pedro de Macor\u00eds. La v\u00edctima fue identificada como Junior Taveras, quien muri\u00f3 tras colisionar su motocicleta con un veh\u00edculo, de datos desconocidos. Taveras resid\u00eda\u2026","rel":"","context":"En \u00abNACIONALES\u00bb","block_context":{"text":"NACIONALES","link":"https:\/\/lasprimeras.com.do\/index.php\/category\/nacionales\/"},"img":{"alt_text":"MOTO","src":"https:\/\/i0.wp.com\/lasprimeras.com.do\/wp-content\/uploads\/2023\/12\/MOTO.jpg?resize=350%2C200&ssl=1","width":350,"height":200,"srcset":"https:\/\/i0.wp.com\/lasprimeras.com.do\/wp-content\/uploads\/2023\/12\/MOTO.jpg?resize=350%2C200&ssl=1 1x, https:\/\/i0.wp.com\/lasprimeras.com.do\/wp-content\/uploads\/2023\/12\/MOTO.jpg?resize=525%2C300&ssl=1 1.5x, https:\/\/i0.wp.com\/lasprimeras.com.do\/wp-content\/uploads\/2023\/12\/MOTO.jpg?resize=700%2C400&ssl=1 2x"},"classes":[]},{"id":92427,"url":"https:\/\/lasprimeras.com.do\/index.php\/2025\/01\/04\/hombre-muere-tras-sufrir-infarto-mientras-conducia-e-impactar-vehiculo-en-spm\/","url_meta":{"origin":72680,"position":1},"title":"Hombre muere tras sufrir infarto mientras conduc\u00eda e impactar veh\u00edculo en SPM","author":"Nelson Feliz","date":"4 de enero de 2025","format":false,"excerpt":"Un hombre perdi\u00f3 la vida luego de que sufriera un infarto que lo hizo impactar el veh\u00edculo que conduc\u00eda, en un hecho registrado en la avenida Laureano Canto, frente al parque Los Restauradores, en San Pedro de Macor\u00eds. La v\u00edctima fue identificada como Julio C\u00e9sar Derrick, quien manejaba una yipeta\u2026","rel":"","context":"En \u00abNACIONALES\u00bb","block_context":{"text":"NACIONALES","link":"https:\/\/lasprimeras.com.do\/index.php\/category\/nacionales\/"},"img":{"alt_text":"","src":"https:\/\/i0.wp.com\/lasprimeras.com.do\/wp-content\/uploads\/2025\/01\/Julio-Cesar-Derrick.jpg?resize=350%2C200&ssl=1","width":350,"height":200},"classes":[]},{"id":48586,"url":"https:\/\/lasprimeras.com.do\/index.php\/2023\/05\/02\/dos-jovenes-mueren-tras-ser-impactadas-por-un-vehiculo-en-la-carretera-hato-mayor-spm\/","url_meta":{"origin":72680,"position":2},"title":"Dos jovenes mueren tras ser impactadas por un veh\u00edculo en la carretera Hato Mayor-SPM","author":"prenxa100","date":"2 de mayo de 2023","format":false,"excerpt":"Manuel Antonio Vega SAN PEDRO DE MACOR\u00cdS. \u2013 Una mujer y un hombre murieron tras ser impactados por un veh\u00edculo mientras se desplazaban en la carretera Mella, pr\u00f3ximo al batey Alejandro Bass del municipio Consuelo, provincia San Pedro de Macor\u00eds. Las victimas mortales solo han sido identificadas como Yasm\u00edn Dominga\u2026","rel":"","context":"En \u00abNACIONALES\u00bb","block_context":{"text":"NACIONALES","link":"https:\/\/lasprimeras.com.do\/index.php\/category\/nacionales\/"},"img":{"alt_text":"","src":"","width":0,"height":0},"classes":[]},{"id":98677,"url":"https:\/\/lasprimeras.com.do\/index.php\/2025\/05\/11\/dos-hermanos-pierden-la-vida-en-accidente-en-la-carretera-hato-mayor-spm\/","url_meta":{"origin":72680,"position":3},"title":"Dos hermanos pierden la vida en accidente en la carretera Hato Mayor-SPM","author":"Nelson Feliz","date":"11 de mayo de 2025","format":false,"excerpt":"Los residentes culpan a la falta de iluminaci\u00f3n por los siniestros frecuentes en esa v\u00eda Dos hermanos perdieron la vida la noche del s\u00e1bado 10 de mayo en un hecho ocurrido en el kil\u00f3metro 24 de la carretera Hato Mayor-San Pedro de Macor\u00eds, pr\u00f3ximo a la comunidad de Jalonga. Los\u2026","rel":"","context":"En \u00abNACIONALES\u00bb","block_context":{"text":"NACIONALES","link":"https:\/\/lasprimeras.com.do\/index.php\/category\/nacionales\/"},"img":{"alt_text":"","src":"https:\/\/i0.wp.com\/lasprimeras.com.do\/wp-content\/uploads\/2025\/05\/EMERGEMCIA-OSCURA.jpg?resize=350%2C200&ssl=1","width":350,"height":200,"srcset":"https:\/\/i0.wp.com\/lasprimeras.com.do\/wp-content\/uploads\/2025\/05\/EMERGEMCIA-OSCURA.jpg?resize=350%2C200&ssl=1 1x, https:\/\/i0.wp.com\/lasprimeras.com.do\/wp-content\/uploads\/2025\/05\/EMERGEMCIA-OSCURA.jpg?resize=525%2C300&ssl=1 1.5x, https:\/\/i0.wp.com\/lasprimeras.com.do\/wp-content\/uploads\/2025\/05\/EMERGEMCIA-OSCURA.jpg?resize=700%2C400&ssl=1 2x"},"classes":[]},{"id":64684,"url":"https:\/\/lasprimeras.com.do\/index.php\/2023\/10\/22\/dos-personas-heridas-tras-deslizarse-vehiculo-en-la-autovia-en-spm\/","url_meta":{"origin":72680,"position":4},"title":"Dos personas heridas tras deslizarse veh\u00edculo en la autov\u00eda en SPM","author":"Nelson Feliz","date":"22 de octubre de 2023","format":false,"excerpt":"Dos personas resultaron heridas este domingo tras deslizarse el veh\u00edculo en el que viajaban, debido a las lluvias, en la autov\u00eda en San Pedro de Macor\u00eds, con destino a Boca Chica, kil\u00f3metro 22. De momento, las dos victimas no han sido identificadas. Tras el incidente, fueron trasladadas al hospital de\u2026","rel":"","context":"En \u00abNACIONALES\u00bb","block_context":{"text":"NACIONALES","link":"https:\/\/lasprimeras.com.do\/index.php\/category\/nacionales\/"},"img":{"alt_text":"VEHICULO ACCIDENTADO","src":"https:\/\/i0.wp.com\/lasprimeras.com.do\/wp-content\/uploads\/2023\/10\/VEHICULO-ACCIDENTADO.jpg?resize=350%2C200&ssl=1","width":350,"height":200,"srcset":"https:\/\/i0.wp.com\/lasprimeras.com.do\/wp-content\/uploads\/2023\/10\/VEHICULO-ACCIDENTADO.jpg?resize=350%2C200&ssl=1 1x, https:\/\/i0.wp.com\/lasprimeras.com.do\/wp-content\/uploads\/2023\/10\/VEHICULO-ACCIDENTADO.jpg?resize=525%2C300&ssl=1 1.5x, https:\/\/i0.wp.com\/lasprimeras.com.do\/wp-content\/uploads\/2023\/10\/VEHICULO-ACCIDENTADO.jpg?resize=700%2C400&ssl=1 2x"},"classes":[]},{"id":66403,"url":"https:\/\/lasprimeras.com.do\/index.php\/2023\/11\/06\/la-romana-hombre-muere-al-chocar-motocicleta-cuando-intentaba-escapar-de-una-patrulla\/","url_meta":{"origin":72680,"position":5},"title":"La Romana: Hombre muere al chocar motocicleta cuando intentaba escapar de una patrulla","author":"Nelson Feliz","date":"6 de noviembre de 2023","format":false,"excerpt":"El individuo estaba armado y dos de sus compa\u00f1eros fueron heridos y apresados, mientras que un tercero escap\u00f3. Un individuo muri\u00f3 al chocar contra un veh\u00edculo la motocicleta en la que intentaba escapar de una patrulla policial junto a otros tres compa\u00f1eros, quienes son buscados activamente en La Romana por\u2026","rel":"","context":"En \u00abNACIONALES\u00bb","block_context":{"text":"NACIONALES","link":"https:\/\/lasprimeras.com.do\/index.php\/category\/nacionales\/"},"img":{"alt_text":"ACCIDENTE","src":"https:\/\/i0.wp.com\/lasprimeras.com.do\/wp-content\/uploads\/2023\/11\/ACCIDENTE.jpg?resize=350%2C200&ssl=1","width":350,"height":200,"srcset":"https:\/\/i0.wp.com\/lasprimeras.com.do\/wp-content\/uploads\/2023\/11\/ACCIDENTE.jpg?resize=350%2C200&ssl=1 1x, https:\/\/i0.wp.com\/lasprimeras.com.do\/wp-content\/uploads\/2023\/11\/ACCIDENTE.jpg?resize=525%2C300&ssl=1 1.5x, https:\/\/i0.wp.com\/lasprimeras.com.do\/wp-content\/uploads\/2023\/11\/ACCIDENTE.jpg?resize=700%2C400&ssl=1 2x"},"classes":[]}],"jetpack_sharing_enabled":true,"_links":{"self":[{"href":"https:\/\/lasprimeras.com.do\/index.php\/wp-json\/wp\/v2\/posts\/72680","targetHints":{"allow":["GET"]}}],"collection":[{"href":"https:\/\/lasprimeras.com.do\/index.php\/wp-json\/wp\/v2\/posts"}],"about":[{"href":"https:\/\/lasprimeras.com.do\/index.php\/wp-json\/wp\/v2\/types\/post"}],"author":[{"embeddable":true,"href":"https:\/\/lasprimeras.com.do\/index.php\/wp-json\/wp\/v2\/users\/2"}],"replies":[{"embeddable":true,"href":"https:\/\/lasprimeras.com.do\/index.php\/wp-json\/wp\/v2\/comments?post=72680"}],"version-history":[{"count":1,"href":"https:\/\/lasprimeras.com.do\/index.php\/wp-json\/wp\/v2\/posts\/72680\/revisions"}],"predecessor-version":[{"id":72682,"href":"https:\/\/lasprimeras.com.do\/index.php\/wp-json\/wp\/v2\/posts\/72680\/revisions\/72682"}],"wp:featuredmedia":[{"embeddable":true,"href":"https:\/\/lasprimeras.com.do\/index.php\/wp-json\/wp\/v2\/media\/72681"}],"wp:attachment":[{"href":"https:\/\/lasprimeras.com.do\/index.php\/wp-json\/wp\/v2\/media?parent=72680"}],"wp:term":[{"taxonomy":"category","embeddable":true,"href":"https:\/\/lasprimeras.com.do\/index.php\/wp-json\/wp\/v2\/categories?post=72680"},{"taxonomy":"post_tag","embeddable":true,"href":"https:\/\/lasprimeras.com.do\/index.php\/wp-json\/wp\/v2\/tags?post=72680"}],"curies":[{"name":"wp","href":"https:\/\/api.w.org\/{rel}","templated":true}]}}