{"id":72745,"date":"2024-01-02T21:15:55","date_gmt":"2024-01-03T01:15:55","guid":{"rendered":"https:\/\/lasprimeras.com.do\/?p=72745"},"modified":"2024-01-02T21:15:57","modified_gmt":"2024-01-03T01:15:57","slug":"felix-bautista-senala-no-se-encuentra-negociando-con-el-prm","status":"publish","type":"post","link":"https:\/\/lasprimeras.com.do\/index.php\/2024\/01\/02\/felix-bautista-senala-no-se-encuentra-negociando-con-el-prm\/","title":{"rendered":"F\u00e9lix Bautista se\u00f1ala no se encuentra negociando con el PRM"},"content":{"rendered":"\n<p>Bautista es senador por San Juan desde el 2010 y buscar\u00e1 continuar en esa curul en las pr\u00f3ximas elecciones congresuales en el mes de mayo.<\/p>\n\n\n\n<p>El actual senador por San Juan de la Maguana y miembro de la direcci\u00f3n pol\u00edtica de Fuerza del Pueblo, F\u00e9lix Bautista, indic\u00f3 que no se encuentra negociando con los miembros del Partido Revolucionario Moderno (PRM).<\/p>\n\n\n\n<p>\u201cEn estos d\u00edas han estado saliendo en las redes sociales y en algunos medios de comunicaci\u00f3n informaciones relacionadas con el hecho de que nosotros est\u00e1bamos en un proceso de negociaci\u00f3n con el PRM, eso no es cierto. Soy miembro de la direcci\u00f3n pol\u00edtica de la Fuerza del Pueblo, soy senador de la Fuerza del Pueblo y volver\u00e9 a ser senador por la Fuerza del Pueblo\u201d, exclam\u00f3 Bautista mediante un video difundido por redes sociales.<\/p>\n\n\n\n<p>Bautista es senador por San Juan desde el 2010 y buscar\u00e1 continuar en esa curul en las pr\u00f3ximas elecciones congresuales en el mes de mayo.<\/p>\n\n\n\n<figure class=\"wp-block-embed is-type-rich is-provider-twitter wp-block-embed-twitter\"><div class=\"wp-block-embed__wrapper\">\n<div class=\"embed-twitter\"><blockquote class=\"twitter-tweet\" data-width=\"500\" data-dnt=\"true\"><p lang=\"es\" dir=\"ltr\"><a href=\"https:\/\/twitter.com\/hashtag\/FPComunica?src=hash&amp;ref_src=twsrc%5Etfw\">#FPComunica<\/a> |<br><br>[VIDEO \ud83c\udfa5] El senador por la provincia San Juan de la <a href=\"https:\/\/twitter.com\/hashtag\/FuerzaDelPueblo?src=hash&amp;ref_src=twsrc%5Etfw\">#FuerzaDelPueblo<\/a>, <a href=\"https:\/\/twitter.com\/felixrbautista?ref_src=twsrc%5Etfw\">@FelixRBautista<\/a>, desmiente <br>informaciones sobre que \u00e9l estaba en negociaciones con el PRM. <a href=\"https:\/\/t.co\/eWvKb4xuQi\">pic.twitter.com\/eWvKb4xuQi<\/a><\/p>&mdash; @Fuerza del Pueblo (FP) (@FPcomunica) <a href=\"https:\/\/twitter.com\/FPcomunica\/status\/1742271901651583228?ref_src=twsrc%5Etfw\">January 2, 2024<\/a><\/blockquote><script async src=\"https:\/\/platform.twitter.com\/widgets.js\" charset=\"utf-8\"><\/script><\/div>\n<\/div><\/figure>\n","protected":false},"excerpt":{"rendered":"<p>Bautista es senador por San Juan desde el 2010 y buscar\u00e1 continuar en esa curul en las pr\u00f3ximas elecciones congresuales en el mes de mayo. El actual senador por San&hellip;<\/p>\n","protected":false},"author":2,"featured_media":72746,"comment_status":"open","ping_status":"open","sticky":false,"template":"","format":"standard","meta":{"content-type":"","jetpack_post_was_ever_published":false,"_jetpack_newsletter_access":"","_jetpack_dont_email_post_to_subs":false,"_jetpack_newsletter_tier_id":0,"_jetpack_memberships_contains_paywalled_content":false,"_jetpack_memberships_contains_paid_content":false,"footnotes":""},"categories":[25],"tags":[2478,10853,31],"class_list":["post-72745","post","type-post","status-publish","format-standard","has-post-thumbnail","hentry","category-portada","tag-felix-bautista","tag-negociando","tag-prm"],"jetpack_featured_media_url":"https:\/\/lasprimeras.com.do\/wp-content\/uploads\/2024\/01\/Felix-Bautista.jpeg","jetpack-related-posts":[{"id":51115,"url":"https:\/\/lasprimeras.com.do\/index.php\/2023\/05\/27\/estudios-revelan-senador-felix-bautista-obtiene-82-de-intencion-de-votos\/","url_meta":{"origin":72745,"position":0},"title":"Estudios revelan senador F\u00e9lix Bautista obtiene 82% de intenci\u00f3n de votos","author":"prenxa100","date":"27 de mayo de 2023","format":false,"excerpt":"SANTO DOMINGO. -Un estudio reciente publicado por la empresa Aldabra Consulting Srl, de fecha 25 de mayo, revel\u00f3 que el senador de San Juan, F\u00e9lix Bautista, es el m\u00e1s popular entre sus pares, superando incluso a los l\u00edderes nacionales y a los partidos pol\u00edticos en su provincia. Seg\u00fan el estudio,\u2026","rel":"","context":"En \u00abPORTADA\u00bb","block_context":{"text":"PORTADA","link":"https:\/\/lasprimeras.com.do\/index.php\/category\/portada\/"},"img":{"alt_text":"","src":"","width":0,"height":0},"classes":[]},{"id":122594,"url":"https:\/\/lasprimeras.com.do\/index.php\/2026\/02\/19\/asaltan-residencia-del-senador-felix-bautista-en-sjm-la-madrugada-de-este-jueves\/","url_meta":{"origin":72745,"position":1},"title":"Asaltan residencia del senador F\u00e9lix Bautista en SJM la madrugada de este jueves","author":"Nelson Feliz","date":"19 de febrero de 2026","format":false,"excerpt":"El senador descart\u00f3 que el hecho tuviera otras intenciones m\u00e1s all\u00e1 de sustraer objetos y afirm\u00f3 que no teme por su seguridad. La residencia del senador por San Juan de la Maguana, F\u00e9lix Bautista, fue asaltada la madrugada de este jueves por cuatro desconocidos, en un hecho que investiga la\u2026","rel":"","context":"En \u00abNACIONALES\u00bb","block_context":{"text":"NACIONALES","link":"https:\/\/lasprimeras.com.do\/index.php\/category\/nacionales\/"},"img":{"alt_text":"","src":"https:\/\/i0.wp.com\/lasprimeras.com.do\/wp-content\/uploads\/2026\/02\/felix-bautista.jpg?resize=350%2C200&ssl=1","width":350,"height":200,"srcset":"https:\/\/i0.wp.com\/lasprimeras.com.do\/wp-content\/uploads\/2026\/02\/felix-bautista.jpg?resize=350%2C200&ssl=1 1x, https:\/\/i0.wp.com\/lasprimeras.com.do\/wp-content\/uploads\/2026\/02\/felix-bautista.jpg?resize=525%2C300&ssl=1 1.5x, https:\/\/i0.wp.com\/lasprimeras.com.do\/wp-content\/uploads\/2026\/02\/felix-bautista.jpg?resize=700%2C400&ssl=1 2x"},"classes":[]},{"id":83346,"url":"https:\/\/lasprimeras.com.do\/index.php\/2024\/05\/15\/leonel-en-san-juan-ganaremos-aqui-y-ganaremos-en-todo-el-pais\/","url_meta":{"origin":72745,"position":2},"title":"Leonel en San Juan: &#8220;Ganaremos aqu\u00ed y ganaremos en todo el pa\u00eds&#8221;","author":"Nelson Feliz","date":"15 de mayo de 2024","format":false,"excerpt":"Un mar humano inunda calles de SJM para acompa\u00f1ar al l\u00edder y candidato presidencial de la FP SAN JUAN.- El candidato presidencial del partido Fuerza del Pueblo y organizaciones aliadas, Leonel Fern\u00e1ndez, asegur\u00f3 este martes que el pr\u00f3ximo domingo ganar\u00e1 las elecciones en esta provincia y en todo el pa\u00eds.\u2026","rel":"","context":"En \u00abPORTADA\u00bb","block_context":{"text":"PORTADA","link":"https:\/\/lasprimeras.com.do\/index.php\/category\/portada\/"},"img":{"alt_text":"","src":"https:\/\/i0.wp.com\/lasprimeras.com.do\/wp-content\/uploads\/2024\/05\/WhatsApp-Image-2024-05-14-at-10.02.14-PM.jpeg?resize=350%2C200&ssl=1","width":350,"height":200,"srcset":"https:\/\/i0.wp.com\/lasprimeras.com.do\/wp-content\/uploads\/2024\/05\/WhatsApp-Image-2024-05-14-at-10.02.14-PM.jpeg?resize=350%2C200&ssl=1 1x, https:\/\/i0.wp.com\/lasprimeras.com.do\/wp-content\/uploads\/2024\/05\/WhatsApp-Image-2024-05-14-at-10.02.14-PM.jpeg?resize=525%2C300&ssl=1 1.5x, https:\/\/i0.wp.com\/lasprimeras.com.do\/wp-content\/uploads\/2024\/05\/WhatsApp-Image-2024-05-14-at-10.02.14-PM.jpeg?resize=700%2C400&ssl=1 2x, https:\/\/i0.wp.com\/lasprimeras.com.do\/wp-content\/uploads\/2024\/05\/WhatsApp-Image-2024-05-14-at-10.02.14-PM.jpeg?resize=1050%2C600&ssl=1 3x, https:\/\/i0.wp.com\/lasprimeras.com.do\/wp-content\/uploads\/2024\/05\/WhatsApp-Image-2024-05-14-at-10.02.14-PM.jpeg?resize=1400%2C800&ssl=1 4x"},"classes":[]},{"id":61314,"url":"https:\/\/lasprimeras.com.do\/index.php\/2023\/09\/25\/bauta-acusa-a-vinicio-castillo-seman-de-ser-un-agente-pagado-por-el-gobierno\/","url_meta":{"origin":72745,"position":3},"title":"Bauta acusa a Vinicio Castillo Sem\u00e1n de ser un agente pagado por el gobierno","author":"Nelson Feliz","date":"25 de septiembre de 2023","format":false,"excerpt":"El miembro de la Direcci\u00f3n Pol\u00edtica del Partido Fuerza del Pueblo, Bautista Rojas G\u00f3mez, calific\u00f3 a Vinicio Castillo Sem\u00e1n de ser un agente pagado por el gobierno y quien es una persona mal agradecida. Rojas G\u00f3mez, dijo que el dirigente de la Fuerza Nacional progresista est\u00e1 vinculado a negocios con\u2026","rel":"","context":"En \u00abPORTADA\u00bb","block_context":{"text":"PORTADA","link":"https:\/\/lasprimeras.com.do\/index.php\/category\/portada\/"},"img":{"alt_text":"Bautista Rojas G\u00f3mez","src":"https:\/\/i0.wp.com\/lasprimeras.com.do\/wp-content\/uploads\/2023\/07\/Bauta-Rojas.jpg?resize=350%2C200&ssl=1","width":350,"height":200,"srcset":"https:\/\/i0.wp.com\/lasprimeras.com.do\/wp-content\/uploads\/2023\/07\/Bauta-Rojas.jpg?resize=350%2C200&ssl=1 1x, https:\/\/i0.wp.com\/lasprimeras.com.do\/wp-content\/uploads\/2023\/07\/Bauta-Rojas.jpg?resize=525%2C300&ssl=1 1.5x, https:\/\/i0.wp.com\/lasprimeras.com.do\/wp-content\/uploads\/2023\/07\/Bauta-Rojas.jpg?resize=700%2C400&ssl=1 2x"},"classes":[]},{"id":117142,"url":"https:\/\/lasprimeras.com.do\/index.php\/2025\/12\/08\/bautista-rojas-gomez-denuncia-crisis-en-senasa-y-el-sector-salud\/","url_meta":{"origin":72745,"position":4},"title":"Bautista Rojas G\u00f3mez denuncia crisis en SENASA y el sector salud","author":"Nelson Feliz","date":"8 de diciembre de 2025","format":false,"excerpt":"Advierte sobre alto costo del cerdo navide\u00f1o y posible movilizaci\u00f3n popular El prominente dirigente pol\u00edtico y secretario de Organizaci\u00f3n de la Fuerza del Pueblo (FP), Dr. Bautista Rojas G\u00f3mez, ha lanzado fuertes acusaciones contra la administraci\u00f3n del presidente Luis Abinader, centrando sus cr\u00edticas en la gesti\u00f3n de la Seguro Nacional\u2026","rel":"","context":"En \u00abPOLITICA\u00bb","block_context":{"text":"POLITICA","link":"https:\/\/lasprimeras.com.do\/index.php\/category\/politica\/"},"img":{"alt_text":"Bautista Rojas G\u00f3mez","src":"https:\/\/i0.wp.com\/lasprimeras.com.do\/wp-content\/uploads\/2025\/12\/Bautista-Rojas-Gomez.jpg?resize=350%2C200&ssl=1","width":350,"height":200,"srcset":"https:\/\/i0.wp.com\/lasprimeras.com.do\/wp-content\/uploads\/2025\/12\/Bautista-Rojas-Gomez.jpg?resize=350%2C200&ssl=1 1x, https:\/\/i0.wp.com\/lasprimeras.com.do\/wp-content\/uploads\/2025\/12\/Bautista-Rojas-Gomez.jpg?resize=525%2C300&ssl=1 1.5x, https:\/\/i0.wp.com\/lasprimeras.com.do\/wp-content\/uploads\/2025\/12\/Bautista-Rojas-Gomez.jpg?resize=700%2C400&ssl=1 2x, https:\/\/i0.wp.com\/lasprimeras.com.do\/wp-content\/uploads\/2025\/12\/Bautista-Rojas-Gomez.jpg?resize=1050%2C600&ssl=1 3x"},"classes":[]},{"id":49325,"url":"https:\/\/lasprimeras.com.do\/index.php\/2023\/05\/10\/madrid-fp-juramento-al-presidente-del-movimiento-rai-a-jose-luis-encarnacion\/","url_meta":{"origin":72745,"position":5},"title":"Madrid: FP jurament\u00f3 al presidente del movimiento RAI a Jos\u00e9 Luis Encarnaci\u00f3n","author":"prenxa100","date":"10 de mayo de 2023","format":false,"excerpt":"MADRID, Espa\u00f1a.- El presidente y candidato presidencial de la Fuerza del Pueblo Dr. Leonel Fern\u00e1ndez, jurament\u00f3 al doctor Jos\u00e9 Luis Encarnaci\u00f3n Bautista y parte representativa compuesta por unos 40 integrantes del movimiento Red de Avance Integral (RAI), quienes se sumar\u00e1n a la candidatura presidencial del exmandatario. La juramentaci\u00f3n se llev\u00f3\u2026","rel":"","context":"En \u00abPORTADA\u00bb","block_context":{"text":"PORTADA","link":"https:\/\/lasprimeras.com.do\/index.php\/category\/portada\/"},"img":{"alt_text":"","src":"https:\/\/i0.wp.com\/atento.com.do\/wp-content\/uploads\/2023\/05\/Bautista-y-Leonel.jpg?resize=350%2C200&ssl=1","width":350,"height":200,"srcset":"https:\/\/i0.wp.com\/atento.com.do\/wp-content\/uploads\/2023\/05\/Bautista-y-Leonel.jpg?resize=350%2C200&ssl=1 1x, https:\/\/i0.wp.com\/atento.com.do\/wp-content\/uploads\/2023\/05\/Bautista-y-Leonel.jpg?resize=525%2C300&ssl=1 1.5x"},"classes":[]}],"jetpack_sharing_enabled":true,"_links":{"self":[{"href":"https:\/\/lasprimeras.com.do\/index.php\/wp-json\/wp\/v2\/posts\/72745","targetHints":{"allow":["GET"]}}],"collection":[{"href":"https:\/\/lasprimeras.com.do\/index.php\/wp-json\/wp\/v2\/posts"}],"about":[{"href":"https:\/\/lasprimeras.com.do\/index.php\/wp-json\/wp\/v2\/types\/post"}],"author":[{"embeddable":true,"href":"https:\/\/lasprimeras.com.do\/index.php\/wp-json\/wp\/v2\/users\/2"}],"replies":[{"embeddable":true,"href":"https:\/\/lasprimeras.com.do\/index.php\/wp-json\/wp\/v2\/comments?post=72745"}],"version-history":[{"count":1,"href":"https:\/\/lasprimeras.com.do\/index.php\/wp-json\/wp\/v2\/posts\/72745\/revisions"}],"predecessor-version":[{"id":72747,"href":"https:\/\/lasprimeras.com.do\/index.php\/wp-json\/wp\/v2\/posts\/72745\/revisions\/72747"}],"wp:featuredmedia":[{"embeddable":true,"href":"https:\/\/lasprimeras.com.do\/index.php\/wp-json\/wp\/v2\/media\/72746"}],"wp:attachment":[{"href":"https:\/\/lasprimeras.com.do\/index.php\/wp-json\/wp\/v2\/media?parent=72745"}],"wp:term":[{"taxonomy":"category","embeddable":true,"href":"https:\/\/lasprimeras.com.do\/index.php\/wp-json\/wp\/v2\/categories?post=72745"},{"taxonomy":"post_tag","embeddable":true,"href":"https:\/\/lasprimeras.com.do\/index.php\/wp-json\/wp\/v2\/tags?post=72745"}],"curies":[{"name":"wp","href":"https:\/\/api.w.org\/{rel}","templated":true}]}}