{"id":72748,"date":"2024-01-02T21:25:29","date_gmt":"2024-01-03T01:25:29","guid":{"rendered":"https:\/\/lasprimeras.com.do\/?p=72748"},"modified":"2024-01-02T21:25:31","modified_gmt":"2024-01-03T01:25:31","slug":"senor-presidente-lo-invito-a-reflexionar","status":"publish","type":"post","link":"https:\/\/lasprimeras.com.do\/index.php\/2024\/01\/02\/senor-presidente-lo-invito-a-reflexionar\/","title":{"rendered":"\u00a1Se\u00f1or Presidente, lo invito a reflexionar!"},"content":{"rendered":"\n<p>Por Cristal Acevedo<\/p>\n\n\n\n<p>Pese a que de acuerdo con el \u00faltimo estudio del Observatorio de Medios Digitales Dominicanos se comprob\u00f3 que m\u00e1s del 90% de la poblaci\u00f3n dominicana con acceso a Internet, se informa a trav\u00e9s de los medios digitales, en 2023, el Gobierno s\u00f3lo invirti\u00f3 el 3% del presupuesto de publicidad en estos espacios.<\/p>\n\n\n\n<p>As\u00ed lo se\u00f1ala la m\u00e1s reciente investigaci\u00f3n del Observatorio, que ser\u00e1 publicada la semana pr\u00f3xima, donde se podr\u00e1 verificar que siguen siendo las grandes corporaciones los grandes beneficiarios de los recursos p\u00fablicos, en franco desconocimiento y evidente falta de apoyo estatal a los emprendimientos locales y profesionales que ya suman m\u00e1s 800 en todo el pa\u00eds.<\/p>\n\n\n\n<p>Es penoso, se\u00f1or Presidente, que adem\u00e1s de la alta carga impositiva que sufren los medios digitales nacionales, los mismos que le permitieron a usted llegar a grandes masas en la campa\u00f1a de 2020, en 2024 se vean enfrentando una situaci\u00f3n tan dif\u00edcil, la cual ahora se agudiza con la emisi\u00f3n del Decreto 1-24, dise\u00f1ado para seguir beneficiando a los mismos grupos empresariales que se han beneficiado de los recursos del Estado en todos los gobiernos. Los gobiernos que pasaron, este y los que vendr\u00e1n.<\/p>\n\n\n\n<p>Con mucho respeto y altura, lo invito a que pueda conocer el d\u00eda a d\u00eda de un due\u00f1o o trabajador de un medio digital, quien se levanta, va a la calle a cubrir eventos, visita instituciones en la b\u00fasqueda de noticias, pasa horas sentado confeccionando el contenido que difunde, para garantizar la calidad de las informaciones que sirve.<\/p>\n\n\n\n<p>Todo esto sin la seguridad de que a final de mes tendr\u00e1 el dinero para pagar los servicios b\u00e1sicos que debe cubrir para seguir informando oportunamente, como manda la Constituci\u00f3n, en el pa\u00eds que muy bien usted ha dirigido los \u00faltimos 3 a\u00f1os.<\/p>\n\n\n\n<p>Y es en esa direcci\u00f3n, que le invito a reflexionar y as\u00ed como ha indicado en todas sus campa\u00f1as publicitarias, logre el cambio que necesitan los due\u00f1os y trabajadores de medios digitales de la Rep\u00fablica Dominicana, a quienes le invito a conocer, para que pueda palpar por usted mismo, que los medios digitales que usted seguro lee cada d\u00eda, son los mismos que necesitan su apoyo para seguir apostando a la generaci\u00f3n de contenido de calidad, en un pa\u00eds como el nuestro, plagado de indecentes enganchados a periodistas, estafadores insufribles, extorsionadores que acaparan titulares y medios &#8220;con gran audiencia&#8221;, lograda en base a presionar, mentir, exagerar, enga\u00f1ar, da\u00f1ar reputaciones y difundir grandes cantidades de contenido basura o lo que es peor, contenido interesado.<\/p>\n\n\n\n<p>\u00a1Le invito a reflexionar, se\u00f1or Presidente!<\/p>\n","protected":false},"excerpt":{"rendered":"<p>Por Cristal Acevedo Pese a que de acuerdo con el \u00faltimo estudio del Observatorio de Medios Digitales Dominicanos se comprob\u00f3 que m\u00e1s del 90% de la poblaci\u00f3n dominicana con acceso&hellip;<\/p>\n","protected":false},"author":2,"featured_media":72749,"comment_status":"open","ping_status":"open","sticky":false,"template":"","format":"standard","meta":{"content-type":"","jetpack_post_was_ever_published":false,"_jetpack_newsletter_access":"","_jetpack_dont_email_post_to_subs":false,"_jetpack_newsletter_tier_id":0,"_jetpack_memberships_contains_paywalled_content":false,"_jetpack_memberships_contains_paid_content":false,"footnotes":""},"categories":[25],"tags":[10854,10637],"class_list":["post-72748","post","type-post","status-publish","format-standard","has-post-thumbnail","hentry","category-portada","tag-lo-invito-a-reflexionar","tag-senor-presidente"],"jetpack_featured_media_url":"https:\/\/lasprimeras.com.do\/wp-content\/uploads\/2024\/01\/Cristal-Acevedo.jpg","jetpack-related-posts":[{"id":86112,"url":"https:\/\/lasprimeras.com.do\/index.php\/2024\/07\/18\/observatorio-de-medios-digitales-preocupado-por-crecimiento-de-difusion-de-contenido-vulgar-en-plataformas-digitales\/","url_meta":{"origin":72748,"position":0},"title":"Observatorio de Medios Digitales preocupado por crecimiento de difusi\u00f3n de contenido vulgar en plataformas digitales","author":"Nelson Feliz","date":"18 de julio de 2024","format":false,"excerpt":"El Observatorio de Medios Digitales Dominicanos manifest\u00f3 este jueves preocupaci\u00f3n por la gran cantidad de contenido expl\u00edcito y vulgar que circula en los medios digitales nacionales. Al hablar en nombre de la entidad, la periodista y maestra Cristal Acevedo, dijo que es alarmante c\u00f3mo sigue creciendo la producci\u00f3n y difusi\u00f3n\u2026","rel":"","context":"En \u00abPORTADA\u00bb","block_context":{"text":"PORTADA","link":"https:\/\/lasprimeras.com.do\/index.php\/category\/portada\/"},"img":{"alt_text":"Cristal Acevedo","src":"https:\/\/i0.wp.com\/lasprimeras.com.do\/wp-content\/uploads\/2024\/07\/Cristal-Acevedo-1.jpg?resize=350%2C200&ssl=1","width":350,"height":200,"srcset":"https:\/\/i0.wp.com\/lasprimeras.com.do\/wp-content\/uploads\/2024\/07\/Cristal-Acevedo-1.jpg?resize=350%2C200&ssl=1 1x, https:\/\/i0.wp.com\/lasprimeras.com.do\/wp-content\/uploads\/2024\/07\/Cristal-Acevedo-1.jpg?resize=525%2C300&ssl=1 1.5x, https:\/\/i0.wp.com\/lasprimeras.com.do\/wp-content\/uploads\/2024\/07\/Cristal-Acevedo-1.jpg?resize=700%2C400&ssl=1 2x"},"classes":[]},{"id":57144,"url":"https:\/\/lasprimeras.com.do\/index.php\/2023\/08\/09\/observatorio-realizara-segundo-estudio-de-uso-de-medios-digitales-en-republica-dominicana\/","url_meta":{"origin":72748,"position":1},"title":"Observatorio realizar\u00e1 Segundo estudio de uso de Medios Digitales en Rep\u00fablica Dominicana","author":"Nelson Feliz","date":"9 de agosto de 2023","format":false,"excerpt":"El Observatorio de Medios Digitales Dominicanos inform\u00f3 este mi\u00e9rcoles que realizar\u00e1 la segunda investigaci\u00f3n cient\u00edfica sobre uso de medios digitales en Rep\u00fablica Dominicana. La informaci\u00f3n fue ofrecida por la presidenta del Observatorio de Medios Digitales Dominicanos, periodista Cristal Acevedo, quien explic\u00f3 que con el estudio buscan verificar c\u00f3mo utilizan los\u2026","rel":"","context":"En \u00abNACIONALES\u00bb","block_context":{"text":"NACIONALES","link":"https:\/\/lasprimeras.com.do\/index.php\/category\/nacionales\/"},"img":{"alt_text":"Observatorio de Medios Digitales","src":"https:\/\/i0.wp.com\/lasprimeras.com.do\/wp-content\/uploads\/2023\/08\/Observatorio-de-Medios-Digitales.jpg?resize=350%2C200&ssl=1","width":350,"height":200,"srcset":"https:\/\/i0.wp.com\/lasprimeras.com.do\/wp-content\/uploads\/2023\/08\/Observatorio-de-Medios-Digitales.jpg?resize=350%2C200&ssl=1 1x, https:\/\/i0.wp.com\/lasprimeras.com.do\/wp-content\/uploads\/2023\/08\/Observatorio-de-Medios-Digitales.jpg?resize=525%2C300&ssl=1 1.5x"},"classes":[]},{"id":51578,"url":"https:\/\/lasprimeras.com.do\/index.php\/2023\/06\/01\/cristal-acevedo-anuncia-prorroga-para-trabajadores-de-periodicos-digitales\/","url_meta":{"origin":72748,"position":2},"title":"Cristal Acevedo anuncia pr\u00f3rroga para trabajadores de peri\u00f3dicos digitales","author":"prenxa100","date":"1 de junio de 2023","format":false,"excerpt":"Santo Domingo.-. El Observatorio de Medios Digitales Dominicanos anunci\u00f3 este jueves que habilit\u00f3 una pr\u00f3rroga para que los trabajadores de peri\u00f3dicos digitales del pa\u00eds tengan tiempo de inscribirse en la habilitaci\u00f3n ocupacional que ha organizado junto al Instituto de Formaci\u00f3n T\u00e9cnico Profesional (Infotep). La fundadora y presidenta del Observatorio de\u2026","rel":"","context":"En \u00abNACIONALES\u00bb","block_context":{"text":"NACIONALES","link":"https:\/\/lasprimeras.com.do\/index.php\/category\/nacionales\/"},"img":{"alt_text":"","src":"","width":0,"height":0},"classes":[]},{"id":63172,"url":"https:\/\/lasprimeras.com.do\/index.php\/2023\/10\/10\/observatorio-de-medios-digitales-anuncia-premio-nacional-de-periodismo-digital-2023\/","url_meta":{"origin":72748,"position":3},"title":"Observatorio de Medios Digitales anuncia Premio Nacional de Periodismo Digital 2023","author":"Nelson Feliz","date":"10 de octubre de 2023","format":false,"excerpt":"La ceremonia de entrega ser\u00e1 el martes 28 de noviembre, en el Centro Indotel de la Zona Colonial. Con el respaldo del Banco Popular y el Consorcio Energ\u00e9tico Punta Cana-Macao, el Observatorio de Medios Digitales anunci\u00f3 la sexta versi\u00f3n del Premio Nacional de Periodismo Digital de la Rep\u00fablica Dominicana, iniciativa\u2026","rel":"","context":"En \u00abENTRETENIMIENTO\u00bb","block_context":{"text":"ENTRETENIMIENTO","link":"https:\/\/lasprimeras.com.do\/index.php\/category\/entretenimiento\/"},"img":{"alt_text":"observatorio","src":"https:\/\/i0.wp.com\/lasprimeras.com.do\/wp-content\/uploads\/2023\/10\/observatorio-1.jpg?resize=350%2C200&ssl=1","width":350,"height":200,"srcset":"https:\/\/i0.wp.com\/lasprimeras.com.do\/wp-content\/uploads\/2023\/10\/observatorio-1.jpg?resize=350%2C200&ssl=1 1x, https:\/\/i0.wp.com\/lasprimeras.com.do\/wp-content\/uploads\/2023\/10\/observatorio-1.jpg?resize=525%2C300&ssl=1 1.5x, https:\/\/i0.wp.com\/lasprimeras.com.do\/wp-content\/uploads\/2023\/10\/observatorio-1.jpg?resize=700%2C400&ssl=1 2x"},"classes":[]},{"id":72856,"url":"https:\/\/lasprimeras.com.do\/index.php\/2024\/01\/03\/persio-maldonado-gobierno-debe-mantener-publicidad-necesaria-para-dinamica-institucional-del-estado\/","url_meta":{"origin":72748,"position":4},"title":"Persio Maldonado: Gobierno debe mantener publicidad necesaria para din\u00e1mica institucional del Estado","author":"Nelson Feliz","date":"3 de enero de 2024","format":false,"excerpt":"El presidente de la SDD entiende que debe primar la equidad en los medios Tras el presidente Luis Abinader dar a conocer este pasado martes el Decreto 1-24 que busca regular la publicidad gubernamental en el pa\u00eds, diversos sectores de la sociedad, en particular del \u00e1rea de la comunicaci\u00f3n, han\u2026","rel":"","context":"En \u00abNACIONALES\u00bb","block_context":{"text":"NACIONALES","link":"https:\/\/lasprimeras.com.do\/index.php\/category\/nacionales\/"},"img":{"alt_text":"Persio Maldonado","src":"https:\/\/i0.wp.com\/lasprimeras.com.do\/wp-content\/uploads\/2024\/01\/Persio-Maldonado-1.jpg?resize=350%2C200&ssl=1","width":350,"height":200,"srcset":"https:\/\/i0.wp.com\/lasprimeras.com.do\/wp-content\/uploads\/2024\/01\/Persio-Maldonado-1.jpg?resize=350%2C200&ssl=1 1x, https:\/\/i0.wp.com\/lasprimeras.com.do\/wp-content\/uploads\/2024\/01\/Persio-Maldonado-1.jpg?resize=525%2C300&ssl=1 1.5x, https:\/\/i0.wp.com\/lasprimeras.com.do\/wp-content\/uploads\/2024\/01\/Persio-Maldonado-1.jpg?resize=700%2C400&ssl=1 2x"},"classes":[]},{"id":99289,"url":"https:\/\/lasprimeras.com.do\/index.php\/2025\/05\/19\/lf-llama-a-reflexionar-sobre-el-proyecto-de-ley-de-libertad-de-expresion-y-medios-audiovisuales\/","url_meta":{"origin":72748,"position":5},"title":"LF llama a reflexionar sobre el Proyecto de Ley de Libertad de Expresi\u00f3n y Medios Audiovisuales","author":"Nelson Feliz","date":"19 de mayo de 2025","format":false,"excerpt":"El expresidente de la Rep\u00fablica y presidente del partido Fuerza del Pueblo, Leonel Fern\u00e1ndez, llam\u00f3 a abrir un espacio de reflexi\u00f3n cr\u00edtica sobre el Proyecto de Ley Org\u00e1nica de Libertad de Expresi\u00f3n y Medios Audiovisuales, sometido recientemente al Congreso Nacional por el Poder Ejecutivo. El planteamiento fue presentado en su\u2026","rel":"","context":"En \u00abPOLITICA\u00bb","block_context":{"text":"POLITICA","link":"https:\/\/lasprimeras.com.do\/index.php\/category\/politica\/"},"img":{"alt_text":"","src":"https:\/\/i0.wp.com\/lasprimeras.com.do\/wp-content\/uploads\/2025\/05\/Leonel-Fernandez-1.jpg?resize=350%2C200&ssl=1","width":350,"height":200,"srcset":"https:\/\/i0.wp.com\/lasprimeras.com.do\/wp-content\/uploads\/2025\/05\/Leonel-Fernandez-1.jpg?resize=350%2C200&ssl=1 1x, https:\/\/i0.wp.com\/lasprimeras.com.do\/wp-content\/uploads\/2025\/05\/Leonel-Fernandez-1.jpg?resize=525%2C300&ssl=1 1.5x"},"classes":[]}],"jetpack_sharing_enabled":true,"_links":{"self":[{"href":"https:\/\/lasprimeras.com.do\/index.php\/wp-json\/wp\/v2\/posts\/72748","targetHints":{"allow":["GET"]}}],"collection":[{"href":"https:\/\/lasprimeras.com.do\/index.php\/wp-json\/wp\/v2\/posts"}],"about":[{"href":"https:\/\/lasprimeras.com.do\/index.php\/wp-json\/wp\/v2\/types\/post"}],"author":[{"embeddable":true,"href":"https:\/\/lasprimeras.com.do\/index.php\/wp-json\/wp\/v2\/users\/2"}],"replies":[{"embeddable":true,"href":"https:\/\/lasprimeras.com.do\/index.php\/wp-json\/wp\/v2\/comments?post=72748"}],"version-history":[{"count":1,"href":"https:\/\/lasprimeras.com.do\/index.php\/wp-json\/wp\/v2\/posts\/72748\/revisions"}],"predecessor-version":[{"id":72750,"href":"https:\/\/lasprimeras.com.do\/index.php\/wp-json\/wp\/v2\/posts\/72748\/revisions\/72750"}],"wp:featuredmedia":[{"embeddable":true,"href":"https:\/\/lasprimeras.com.do\/index.php\/wp-json\/wp\/v2\/media\/72749"}],"wp:attachment":[{"href":"https:\/\/lasprimeras.com.do\/index.php\/wp-json\/wp\/v2\/media?parent=72748"}],"wp:term":[{"taxonomy":"category","embeddable":true,"href":"https:\/\/lasprimeras.com.do\/index.php\/wp-json\/wp\/v2\/categories?post=72748"},{"taxonomy":"post_tag","embeddable":true,"href":"https:\/\/lasprimeras.com.do\/index.php\/wp-json\/wp\/v2\/tags?post=72748"}],"curies":[{"name":"wp","href":"https:\/\/api.w.org\/{rel}","templated":true}]}}