{"id":72751,"date":"2024-01-02T21:52:56","date_gmt":"2024-01-03T01:52:56","guid":{"rendered":"https:\/\/lasprimeras.com.do\/?p=72751"},"modified":"2024-01-02T21:52:57","modified_gmt":"2024-01-03T01:52:57","slug":"representantes-del-sector-comunicacion-reaccionan-al-decreto-que-regula-la-publicidad-gubernamental","status":"publish","type":"post","link":"https:\/\/lasprimeras.com.do\/index.php\/2024\/01\/02\/representantes-del-sector-comunicacion-reaccionan-al-decreto-que-regula-la-publicidad-gubernamental\/","title":{"rendered":"Representantes del sector comunicaci\u00f3n reaccionan al decreto que regula la publicidad gubernamental"},"content":{"rendered":"\n<p><strong>El presidente Luis Abinader emiti\u00f3 el decreto 1-24 que regula publicidad oficial en tiempo electoral.<\/strong><\/p>\n\n\n\n<p>Representantes del sector comunicaciones del pa\u00eds han reaccionado a la disposici\u00f3n que mediante el decreto 1-24 regula la publicidad gubernamental, el cual fue emitido este martes por el presidente Luis Abinader.<\/p>\n\n\n\n<p>Es la primera vez en la historia de la democracia dominicana que se regula la publicidad oficial y tiene por objeto establecer los criterios e instrucciones para la contrataci\u00f3n de la difusi\u00f3n de las pautas oficiales con los medios de comunicaci\u00f3n, comunicadores, periodistas o influenciadores con plataformas de difusi\u00f3n propias.<\/p>\n\n\n\n<p>El presidente de la Sociedad Dominicana de Diarios (SDD), Persio Maldonado S\u00e1nchez, considera que el gobierno est\u00e1 en la libertad de ajustar sus gastos dentro de lo que son las normas.<\/p>\n\n\n\n<p>&#8220;El gobierno, por el mismo ambiente electoral, querr\u00e1 cuidar la forma de que no se use mucha publicidad fuera de las responsabilidades institucionales del pa\u00eds y, por tanto, no tendr\u00edamos ninguna objeci\u00f3n de que eso ocurra&#8221;, argument\u00f3.<\/p>\n\n\n\n<p>Maldonado manifest\u00f3 que el gobierno deber\u00e1 mantener la publicidad que necesitan las actividades del Estado para dar a conocer y brindar los servicios a la poblaci\u00f3n.<\/p>\n\n\n\n<p>Al comentar sobre lo estipulado en el art\u00edculo 7 del decreto, que se refiere a la participaci\u00f3n equitativa de todos los medios de comunicaci\u00f3n, Maldonado S\u00e1nchez afirm\u00f3 que en las pautas debe haber siempre un sentido de equidad, porque la comunicaci\u00f3n debe democratizarse y llegar a la mayor cantidad de dominicanos posibles.<\/p>\n\n\n\n<p>El titular de la Sociedad Dominicana de Diarios sostuvo que &#8220;la democracia necesita comunicaci\u00f3n y la comunicaci\u00f3n es democracia&#8221;.<\/p>\n\n\n\n<p>De su lado, Ricardo Ginebra, presidente de la Asociaci\u00f3n Dominicana de Empresas de Comunicaci\u00f3n Comercial (ADECC) destac\u00f3 que el actual gobierno ha demostrado un inter\u00e9s en la transparencia y eficiencia en sus inversiones publicitarias desde el inicio de su gesti\u00f3n.<\/p>\n\n\n\n<p>&#8220;ADECC valora la iniciativa de licitar las compras de medios publicitarios, y queremos reconocer la profesionalidad con la que se han llevado a cabo estos procesos. Nuestra industria ha participado de manera activa en estas licitaciones, lo que subraya nuestro compromiso con un proceso justo y equitativo&#8221;.<\/p>\n\n\n\n<p>Entiende que es normal que el gobierno busque una mayor concentraci\u00f3n de sus negociaciones de publicidad oficial con el objetivo de lograr eficiencias y ahorros en favor de sus iniciativas, instituciones y, en \u00faltima instancia, la ciudadan\u00eda en general.<\/p>\n\n\n\n<p>&#8220;Creemos que este enfoque permitir\u00e1 un mayor alcance y eficiencia en las campa\u00f1as publicitarias del gobierno, al tiempo que proporcionar\u00e1 m\u00e1s transparencia en las aprobaciones y negociaciones. Estamos comprometidos a adaptarnos a estos cambios y a seguir colaborando de manera proactiva con el gobierno para garantizar que se logren los objetivos de transparencia y eficiencia en la publicidad estatal&#8221;, puntualiz\u00f3.<\/p>\n\n\n\n<p>Por su parte, Pavel De Camps, consultor en comunicaci\u00f3n y analista de redes, enumer\u00f3 los beneficios y retos de esta norma:<\/p>\n\n\n\n<p>Beneficios<\/p>\n\n\n\n<p>Entre los beneficios ve la promoci\u00f3n de la transparencia. Indica que el decreto busca asegurar que la publicidad estatal no se utilice con fines electorales, lo cual puede aumentar la transparencia y la integridad en el proceso pol\u00edtico.<\/p>\n\n\n\n<p>Tambi\u00e9n, la prevenci\u00f3n del uso inadecuado de recursos p\u00fablicos, al limitar el uso de la publicidad estatal para fines partidistas.<\/p>\n\n\n\n<p>De igual forma mira como favorable el fomento de la equidad en el espacio p\u00fablico, al prohibir la utilizaci\u00f3n de publicidad oficial para favorecer a partidos o candidatos pol\u00edticos.<\/p>\n\n\n\n<p>&#8220;El decreto puede ayudar a nivelar el campo de juego durante las elecciones, permitiendo una competencia m\u00e1s justa&#8221;, expres\u00f3 De Camps a Diario Libre.<br>Retos<\/p>\n\n\n\n<p>Entre los retos, De Camps indic\u00f3: &#8220;La eficacia del decreto depender\u00e1 en gran medida de su implementaci\u00f3n y monitoreo, lo que podr\u00eda representar un desaf\u00edo significativo, especialmente en t\u00e9rminos de asegurar su cumplimiento&#8221;. Esto debe ser de libre acceso a la informaci\u00f3n, en l\u00ednea, tanto para la prensa como para la ciudadan\u00eda, puntualiz\u00f3.<\/p>\n\n\n\n<p>Ve que pueden darse restricciones a la comunicaci\u00f3n gubernamental, lo que podr\u00eda limitar la capacidad del gobierno para informar al p\u00fablico sobre sus iniciativas y programas.<\/p>\n\n\n\n<p>Otro reto es el impacto en los medios de comunicaci\u00f3n, especialmente en aquellos que dependen en gran medida de la publicidad gubernamental.<\/p>\n\n\n\n<p>De Camps cree que la ambig\u00fcedad en los criterios de aplicaci\u00f3n puede representar una traba si el decreto no establece criterios claros y precisos para definir qu\u00e9 constituye publicidad con prop\u00f3sitos electorales. Entiende que podr\u00eda haber un margen significativo para interpretaciones ambiguas, lo que afectar\u00eda la transparencia total de su aplicaci\u00f3n.<\/p>\n\n\n\n<p>El presidente de ADECC apunta como posibles problemas el riesgo de censura o control de la informaci\u00f3n, la falta de mecanismos de supervisi\u00f3n independientes, los posibles conflictos de inter\u00e9s, la influencia pol\u00edtica en las decisiones de publicidad y las repercusiones en la diversidad de opiniones en los medios.<\/p>\n\n\n\n<p>Obervatorio pide revisar decreto<br>El Observatorio de Medios Digitales Dominicanos pidi\u00f3 este martes al presidente Luis Abinader revisar el decreto 1-24 que regula la colocaci\u00f3n de publicidad gubernamental.<\/p>\n\n\n\n<p>En una nota de prensa enviada a los medios, el Observatorio explic\u00f3 que, si bien los recursos p\u00fablicos deben invertirse de manera eficiente, &#8220;hay que recordar que la Rep\u00fablica Dominicana es un pa\u00eds que ofrece pocas oportunidades a los emprendedores, sobre todo, a quienes pagan impuestos&#8221;.<\/p>\n\n\n\n<p>Al hablar en nombre de la instituci\u00f3n, la periodista y maestra Cristal Acevedo, valor\u00f3 de manera positiva todos los esfuerzos hechos por el Gobierno para transparentar la inversi\u00f3n p\u00fablica. Sin embargo, solicit\u00f3 al mandatario analizar los criterios de colocaci\u00f3n publicitaria establecidos en el decreto, por considerar que van en perjuicio de los due\u00f1os y trabajadores de medios digitales emergentes.<\/p>\n\n\n\n<p>&#8220;Es importante puntualizar que la mayor\u00eda de los medianos y peque\u00f1os medios no cuentan con un grupo empresarial que les respalde. M\u00e1s bien, se trata de emprendimientos que buscan garantizar el derecho a la informaci\u00f3n de la poblaci\u00f3n&#8221;, manifest\u00f3.<\/p>\n","protected":false},"excerpt":{"rendered":"<p>El presidente Luis Abinader emiti\u00f3 el decreto 1-24 que regula publicidad oficial en tiempo electoral. Representantes del sector comunicaciones del pa\u00eds han reaccionado a la disposici\u00f3n que mediante el decreto&hellip;<\/p>\n","protected":false},"author":2,"featured_media":72752,"comment_status":"open","ping_status":"open","sticky":false,"template":"","format":"standard","meta":{"content-type":"","jetpack_post_was_ever_published":false,"_jetpack_newsletter_access":"","_jetpack_dont_email_post_to_subs":false,"_jetpack_newsletter_tier_id":0,"_jetpack_memberships_contains_paywalled_content":false,"_jetpack_memberships_contains_paid_content":false,"footnotes":""},"categories":[35,25],"tags":[4171,2885,1460,2775,9096,2271,10855],"class_list":["post-72751","post","type-post","status-publish","format-standard","has-post-thumbnail","hentry","category-nacionales","category-portada","tag-decreto","tag-gubernamental","tag-publicidad","tag-reaccionan","tag-regula","tag-representantes","tag-sector-comunicacion"],"jetpack_featured_media_url":"https:\/\/lasprimeras.com.do\/wp-content\/uploads\/2024\/01\/Persio-Maldonado.jpg","jetpack-related-posts":[{"id":72828,"url":"https:\/\/lasprimeras.com.do\/index.php\/2024\/01\/03\/amdi-dice-decreto-1-24-sobre-regulacion-de-la-publicidad-debe-ser-revisada\/","url_meta":{"origin":72751,"position":0},"title":"AMDI dice decreto 1-24 sobre regulaci\u00f3n de la publicidad debe ser revisada\u00a0","author":"Nelson Feliz","date":"3 de enero de 2024","format":false,"excerpt":"El secretario general de la Asociaci\u00f3n de Medios Digitales Independientes (AMDI), Nelson Feliz, solicit\u00f3 hoy al presidente Luis Abinader revise cuidadosamente el reciente decreto 1-24 que regula la colocaci\u00f3n de publicidad gubernamental, ya que muchos periodistas y comunicadores de todo el pa\u00eds, depende de la publicidad que son colocadas en\u2026","rel":"","context":"En \u00abNACIONALES\u00bb","block_context":{"text":"NACIONALES","link":"https:\/\/lasprimeras.com.do\/index.php\/category\/nacionales\/"},"img":{"alt_text":"Nelson-Feliz","src":"https:\/\/i0.wp.com\/lasprimeras.com.do\/wp-content\/uploads\/2024\/01\/Nelson-Feliz.jpg?resize=350%2C200&ssl=1","width":350,"height":200,"srcset":"https:\/\/i0.wp.com\/lasprimeras.com.do\/wp-content\/uploads\/2024\/01\/Nelson-Feliz.jpg?resize=350%2C200&ssl=1 1x, https:\/\/i0.wp.com\/lasprimeras.com.do\/wp-content\/uploads\/2024\/01\/Nelson-Feliz.jpg?resize=525%2C300&ssl=1 1.5x"},"classes":[]},{"id":72711,"url":"https:\/\/lasprimeras.com.do\/index.php\/2024\/01\/02\/luis-abinader-promulga-decreto-1-24-que-regula-la-publicidad-oficial\/","url_meta":{"origin":72751,"position":1},"title":"Luis Abinader promulga Decreto 1-24 que regula la publicidad oficial","author":"Nelson Feliz","date":"2 de enero de 2024","format":false,"excerpt":"Por primera vez en la historia, el Gobierno dominicano regula la publicidad oficial en un contexto electoral. El Gobierno dominicano encabezado por el presidente Luis Abinader promulg\u00f3 este martes el decreto 1-24 que regula la publicidad oficial y establece los criterios e instrucciones para la contrataci\u00f3n de la difusi\u00f3n publicitaria\u2026","rel":"","context":"En \u00abNACIONALES\u00bb","block_context":{"text":"NACIONALES","link":"https:\/\/lasprimeras.com.do\/index.php\/category\/nacionales\/"},"img":{"alt_text":"LUIS ABINADER","src":"https:\/\/i0.wp.com\/lasprimeras.com.do\/wp-content\/uploads\/2023\/11\/LUIS-ABINADER-1-2.jpg?resize=350%2C200&ssl=1","width":350,"height":200,"srcset":"https:\/\/i0.wp.com\/lasprimeras.com.do\/wp-content\/uploads\/2023\/11\/LUIS-ABINADER-1-2.jpg?resize=350%2C200&ssl=1 1x, https:\/\/i0.wp.com\/lasprimeras.com.do\/wp-content\/uploads\/2023\/11\/LUIS-ABINADER-1-2.jpg?resize=525%2C300&ssl=1 1.5x, https:\/\/i0.wp.com\/lasprimeras.com.do\/wp-content\/uploads\/2023\/11\/LUIS-ABINADER-1-2.jpg?resize=700%2C400&ssl=1 2x"},"classes":[]},{"id":72863,"url":"https:\/\/lasprimeras.com.do\/index.php\/2024\/01\/03\/legisladores-a-favor-y-en-contra-del-decreto-presidencial-para-regular-publicidad-estatal\/","url_meta":{"origin":72751,"position":2},"title":"Legisladores a favor y en contra del decreto presidencial para regular publicidad estatal","author":"Nelson Feliz","date":"3 de enero de 2024","format":false,"excerpt":"Diversas reacciones se han generado entre los legisladores por el decreto emitido por el presidente de la Rep\u00fablica, Luis Abinader, en el que se dispone regular el uso de publicidad estatal durante el per\u00edodo de campa\u00f1a electoral. La ordenanza n\u00famero 1-24 que tambi\u00e9n estable criterios e instrucciones para la contrataci\u00f3n\u2026","rel":"","context":"En \u00abNACIONALES\u00bb","block_context":{"text":"NACIONALES","link":"https:\/\/lasprimeras.com.do\/index.php\/category\/nacionales\/"},"img":{"alt_text":"Congreso Nacional","src":"https:\/\/i0.wp.com\/lasprimeras.com.do\/wp-content\/uploads\/2024\/01\/Congreso-Nacional.jpg?resize=350%2C200&ssl=1","width":350,"height":200,"srcset":"https:\/\/i0.wp.com\/lasprimeras.com.do\/wp-content\/uploads\/2024\/01\/Congreso-Nacional.jpg?resize=350%2C200&ssl=1 1x, https:\/\/i0.wp.com\/lasprimeras.com.do\/wp-content\/uploads\/2024\/01\/Congreso-Nacional.jpg?resize=525%2C300&ssl=1 1.5x, https:\/\/i0.wp.com\/lasprimeras.com.do\/wp-content\/uploads\/2024\/01\/Congreso-Nacional.jpg?resize=700%2C400&ssl=1 2x"},"classes":[]},{"id":72825,"url":"https:\/\/lasprimeras.com.do\/index.php\/2024\/01\/03\/periodista-exige-mayor-equidad-en-publicidad-estatal-en-cumplimiento-a-decreto-1-24\/","url_meta":{"origin":72751,"position":3},"title":"Periodista exige mayor equidad en publicidad Estatal en cumplimiento a Decreto 1-24","author":"Nelson Feliz","date":"3 de enero de 2024","format":false,"excerpt":"Tras la emisi\u00f3n del Decreto presidencial 1-24, por parte del presidente Luis Abinader, para democratizar la publicidad Estatal, el periodista Jes\u00fas Camilo inst\u00f3 a sus colegas, comunicadores y a propietarios de medios digitales a convertirse en veedores de las campa\u00f1as publicitarias que impulsar\u00e1n las distintas instituciones del gobierno, en procura\u2026","rel":"","context":"En \u00abNACIONALES\u00bb","block_context":{"text":"NACIONALES","link":"https:\/\/lasprimeras.com.do\/index.php\/category\/nacionales\/"},"img":{"alt_text":"Jesus Camilo","src":"https:\/\/i0.wp.com\/lasprimeras.com.do\/wp-content\/uploads\/2024\/01\/Jesus-Camilo.jpg?resize=350%2C200&ssl=1","width":350,"height":200,"srcset":"https:\/\/i0.wp.com\/lasprimeras.com.do\/wp-content\/uploads\/2024\/01\/Jesus-Camilo.jpg?resize=350%2C200&ssl=1 1x, https:\/\/i0.wp.com\/lasprimeras.com.do\/wp-content\/uploads\/2024\/01\/Jesus-Camilo.jpg?resize=525%2C300&ssl=1 1.5x, https:\/\/i0.wp.com\/lasprimeras.com.do\/wp-content\/uploads\/2024\/01\/Jesus-Camilo.jpg?resize=700%2C400&ssl=1 2x"},"classes":[]},{"id":72947,"url":"https:\/\/lasprimeras.com.do\/index.php\/2024\/01\/04\/fp-califica-de-vulgar-engano-decreto-que-regula-publicidad\/","url_meta":{"origin":72751,"position":4},"title":"FP califica de \u00abvulgar enga\u00f1o\u00bb decreto que regula publicidad","author":"BIMARY DE JES\u00daS Matos","date":"4 de enero de 2024","format":false,"excerpt":"Santo Domingo.- El Comit\u00e9 Nacional de Campa\u00f1a del partido Fuerza del Pueblo (FP) califica como \u00abun vulgar enga\u00f1o\u00bb el decreto emitido por el presidente Luis Abinader para regular la publicidad. Dijo que el mismo d\u00eda en que el gobierno da a conocer ese decreto que regula la publicidad oficial, Luis\u2026","rel":"","context":"En \u00abSin categor\u00eda\u00bb","block_context":{"text":"Sin categor\u00eda","link":"https:\/\/lasprimeras.com.do\/index.php\/category\/sin-categoria\/"},"img":{"alt_text":"","src":"https:\/\/i0.wp.com\/lasprimeras.com.do\/wp-content\/uploads\/2024\/01\/Noticias-de-energia-2024-01-04T083335.106-1.jpg?resize=350%2C200&ssl=1","width":350,"height":200,"srcset":"https:\/\/i0.wp.com\/lasprimeras.com.do\/wp-content\/uploads\/2024\/01\/Noticias-de-energia-2024-01-04T083335.106-1.jpg?resize=350%2C200&ssl=1 1x, https:\/\/i0.wp.com\/lasprimeras.com.do\/wp-content\/uploads\/2024\/01\/Noticias-de-energia-2024-01-04T083335.106-1.jpg?resize=525%2C300&ssl=1 1.5x, https:\/\/i0.wp.com\/lasprimeras.com.do\/wp-content\/uploads\/2024\/01\/Noticias-de-energia-2024-01-04T083335.106-1.jpg?resize=700%2C400&ssl=1 2x"},"classes":[]},{"id":72856,"url":"https:\/\/lasprimeras.com.do\/index.php\/2024\/01\/03\/persio-maldonado-gobierno-debe-mantener-publicidad-necesaria-para-dinamica-institucional-del-estado\/","url_meta":{"origin":72751,"position":5},"title":"Persio Maldonado: Gobierno debe mantener publicidad necesaria para din\u00e1mica institucional del Estado","author":"Nelson Feliz","date":"3 de enero de 2024","format":false,"excerpt":"El presidente de la SDD entiende que debe primar la equidad en los medios Tras el presidente Luis Abinader dar a conocer este pasado martes el Decreto 1-24 que busca regular la publicidad gubernamental en el pa\u00eds, diversos sectores de la sociedad, en particular del \u00e1rea de la comunicaci\u00f3n, han\u2026","rel":"","context":"En \u00abNACIONALES\u00bb","block_context":{"text":"NACIONALES","link":"https:\/\/lasprimeras.com.do\/index.php\/category\/nacionales\/"},"img":{"alt_text":"Persio Maldonado","src":"https:\/\/i0.wp.com\/lasprimeras.com.do\/wp-content\/uploads\/2024\/01\/Persio-Maldonado-1.jpg?resize=350%2C200&ssl=1","width":350,"height":200,"srcset":"https:\/\/i0.wp.com\/lasprimeras.com.do\/wp-content\/uploads\/2024\/01\/Persio-Maldonado-1.jpg?resize=350%2C200&ssl=1 1x, https:\/\/i0.wp.com\/lasprimeras.com.do\/wp-content\/uploads\/2024\/01\/Persio-Maldonado-1.jpg?resize=525%2C300&ssl=1 1.5x, https:\/\/i0.wp.com\/lasprimeras.com.do\/wp-content\/uploads\/2024\/01\/Persio-Maldonado-1.jpg?resize=700%2C400&ssl=1 2x"},"classes":[]}],"jetpack_sharing_enabled":true,"_links":{"self":[{"href":"https:\/\/lasprimeras.com.do\/index.php\/wp-json\/wp\/v2\/posts\/72751","targetHints":{"allow":["GET"]}}],"collection":[{"href":"https:\/\/lasprimeras.com.do\/index.php\/wp-json\/wp\/v2\/posts"}],"about":[{"href":"https:\/\/lasprimeras.com.do\/index.php\/wp-json\/wp\/v2\/types\/post"}],"author":[{"embeddable":true,"href":"https:\/\/lasprimeras.com.do\/index.php\/wp-json\/wp\/v2\/users\/2"}],"replies":[{"embeddable":true,"href":"https:\/\/lasprimeras.com.do\/index.php\/wp-json\/wp\/v2\/comments?post=72751"}],"version-history":[{"count":1,"href":"https:\/\/lasprimeras.com.do\/index.php\/wp-json\/wp\/v2\/posts\/72751\/revisions"}],"predecessor-version":[{"id":72753,"href":"https:\/\/lasprimeras.com.do\/index.php\/wp-json\/wp\/v2\/posts\/72751\/revisions\/72753"}],"wp:featuredmedia":[{"embeddable":true,"href":"https:\/\/lasprimeras.com.do\/index.php\/wp-json\/wp\/v2\/media\/72752"}],"wp:attachment":[{"href":"https:\/\/lasprimeras.com.do\/index.php\/wp-json\/wp\/v2\/media?parent=72751"}],"wp:term":[{"taxonomy":"category","embeddable":true,"href":"https:\/\/lasprimeras.com.do\/index.php\/wp-json\/wp\/v2\/categories?post=72751"},{"taxonomy":"post_tag","embeddable":true,"href":"https:\/\/lasprimeras.com.do\/index.php\/wp-json\/wp\/v2\/tags?post=72751"}],"curies":[{"name":"wp","href":"https:\/\/api.w.org\/{rel}","templated":true}]}}