{"id":72757,"date":"2024-01-02T23:06:52","date_gmt":"2024-01-03T03:06:52","guid":{"rendered":"https:\/\/lasprimeras.com.do\/?p=72757"},"modified":"2024-01-02T23:11:26","modified_gmt":"2024-01-03T03:11:26","slug":"director-general-de-la-policia-amplia-la-investigacion-sobre-el-ciudadano-que-amenaza-a-otro-con-pistola","status":"publish","type":"post","link":"https:\/\/lasprimeras.com.do\/index.php\/2024\/01\/02\/director-general-de-la-policia-amplia-la-investigacion-sobre-el-ciudadano-que-amenaza-a-otro-con-pistola\/","title":{"rendered":"Polic\u00eda investiga caso en que se observa ciudadano amenazar a otro con pistola"},"content":{"rendered":"\n<p>Por Martin Restituyo<\/p>\n\n\n\n<p>El director de la Polic\u00eda Nacional, mayor general Ram\u00f3n Antonio Guzm\u00e1n Peralta, dispuso que la Inspector\u00eda General de la instituci\u00f3n investigue las razones, motivos y circunstancias por las cuales dos agentes que se encontraban de servicio en las proximidades de una estaci\u00f3n de combustible del sector de Herrera, Santo Domingo Oeste, no intervinieron al ver ante ellos una discusi\u00f3n en la cual se observa un hombre que con pistola en manos amenazaba a otro que se encuentra junto a una motocicleta.<\/p>\n\n\n\n<p>Por el incidente que qued\u00f3 captado en video aficionado, registrado en la estaci\u00f3n de combustible, cuyo nombre se hace reserva, son investigados el segundo teniente Pablo Rivera Abad y el raso Junior Liona Arias.<\/p>\n\n\n\n<p>Al dar a conocer la informaci\u00f3n, a trav\u00e9s de un parte de prensa, la Polic\u00eda precisa que la evidente falta de intervenci\u00f3n de ambos agentes, quienes se encuentran suspendidos en funciones, resulta contraria a los lineamientos institucionales y al correcto accionar que debe tener cada miembro de la instituci\u00f3n del orden en casos similares.<\/p>\n\n\n\n<p>En el proceso investigativo del caso en cuesti\u00f3n, el cual ha sido viralizado en redes sociales, se pudo ocupar el arma que utilizaba el ciudadano que se observa en el v\u00eddeo amenazando a otro, determin\u00e1ndose que se trata de una pistola de fogueo \u201cno letal\u201d.<\/p>\n\n\n\n<p>La Inspector\u00eda General de la Polic\u00eda ampl\u00eda las investigaciones del hecho y oportunamente har\u00e1 las recomendaciones de lugar al mayor general Guzm\u00e1n Peralta, cumpliendo de manera estricta la Ley institucional y el C\u00f3digo Procesal Penal.<\/p>\n\n\n\n<p><\/p>\n\n\n\n<p><a href=\"https:\/\/atento.com.do\/category\/nacionales\/\"><\/a><\/p>\n","protected":false},"excerpt":{"rendered":"<p>Por Martin Restituyo El director de la Polic\u00eda Nacional, mayor general Ram\u00f3n Antonio Guzm\u00e1n Peralta, dispuso que la Inspector\u00eda General de la instituci\u00f3n investigue las razones, motivos y circunstancias por&hellip;<\/p>\n","protected":false},"author":3,"featured_media":72759,"comment_status":"open","ping_status":"open","sticky":false,"template":"","format":"standard","meta":{"content-type":"","jetpack_post_was_ever_published":false,"_jetpack_newsletter_access":"","_jetpack_dont_email_post_to_subs":false,"_jetpack_newsletter_tier_id":0,"_jetpack_memberships_contains_paywalled_content":false,"_jetpack_memberships_contains_paid_content":false,"footnotes":""},"categories":[35],"tags":[434,692,3809,5426,48],"class_list":["post-72757","post","type-post","status-publish","format-standard","has-post-thumbnail","hentry","category-nacionales","tag-amenaza","tag-ciudadano","tag-investiga","tag-pistola","tag-policia"],"jetpack_featured_media_url":"https:\/\/lasprimeras.com.do\/wp-content\/uploads\/2024\/01\/WhatsApp-Image-2024-01-02-at-10.28.51-PM.jpeg","jetpack-related-posts":[{"id":76113,"url":"https:\/\/lasprimeras.com.do\/index.php\/2024\/02\/07\/detienen-hombre-con-pistola-vencida-en-bani\/","url_meta":{"origin":72757,"position":0},"title":"Detienen hombre con pistola vencida en Bani","author":"Nelson Feliz","date":"7 de febrero de 2024","format":false,"excerpt":"Miembros de la Subdirecci\u00f3n de Investigaciones Sur Central de la Polic\u00eda Nacional y la Polic\u00eda Preventiva arrestaron en un operativo a Rafael Santana Guerrero, de 59 a\u00f1os, residente en el sector Ca\u00f1afistolde Ban\u00ed. Santana Guerrero fue detenido en la calle (B) del residencial Costa Sur, donde se le incaut\u00f3 una\u2026","rel":"","context":"En \u00abMILITARES\u00bb","block_context":{"text":"MILITARES","link":"https:\/\/lasprimeras.com.do\/index.php\/category\/militares\/"},"img":{"alt_text":"pistola","src":"https:\/\/i0.wp.com\/lasprimeras.com.do\/wp-content\/uploads\/2024\/02\/pistola.jpg?resize=350%2C200&ssl=1","width":350,"height":200,"srcset":"https:\/\/i0.wp.com\/lasprimeras.com.do\/wp-content\/uploads\/2024\/02\/pistola.jpg?resize=350%2C200&ssl=1 1x, https:\/\/i0.wp.com\/lasprimeras.com.do\/wp-content\/uploads\/2024\/02\/pistola.jpg?resize=525%2C300&ssl=1 1.5x, https:\/\/i0.wp.com\/lasprimeras.com.do\/wp-content\/uploads\/2024\/02\/pistola.jpg?resize=700%2C400&ssl=1 2x"},"classes":[]},{"id":79296,"url":"https:\/\/lasprimeras.com.do\/index.php\/2024\/03\/25\/policia-apresa-en-barahona-a-hombre-captado-en-video-con-pistola-en-mano-amenazando-a-otro\/","url_meta":{"origin":72757,"position":1},"title":"Polic\u00eda apresa en Barahona a hombre captado en video con pistola en mano amenazando a otro","author":"BIMARY DE JES\u00daS Matos","date":"25 de marzo de 2024","format":false,"excerpt":"Martin Restituyo Santo Domingo.-Agentes policiales, pertenecientes a la Direcci\u00f3n Central de Investigaci\u00f3n (DICRIM), apresaron un hombre que fue hecho viral en las redes sociales al ser captado en video portando un arma de fuego y retando de manera agresiva a otro a que saliera de una vivienda en la que\u2026","rel":"","context":"En \u00abNACIONALES\u00bb","block_context":{"text":"NACIONALES","link":"https:\/\/lasprimeras.com.do\/index.php\/category\/nacionales\/"},"img":{"alt_text":"","src":"https:\/\/i0.wp.com\/lasprimeras.com.do\/wp-content\/uploads\/2024\/03\/IMG-20240325-WA0023.jpg?resize=350%2C200&ssl=1","width":350,"height":200,"srcset":"https:\/\/i0.wp.com\/lasprimeras.com.do\/wp-content\/uploads\/2024\/03\/IMG-20240325-WA0023.jpg?resize=350%2C200&ssl=1 1x, https:\/\/i0.wp.com\/lasprimeras.com.do\/wp-content\/uploads\/2024\/03\/IMG-20240325-WA0023.jpg?resize=525%2C300&ssl=1 1.5x, https:\/\/i0.wp.com\/lasprimeras.com.do\/wp-content\/uploads\/2024\/03\/IMG-20240325-WA0023.jpg?resize=700%2C400&ssl=1 2x"},"classes":[]},{"id":76109,"url":"https:\/\/lasprimeras.com.do\/index.php\/2024\/02\/07\/incautan-escopeta-pistola-y-dinero-en-efectivo-en-residencia-de-bani\/","url_meta":{"origin":72757,"position":2},"title":"Incautan escopeta, pistola y dinero en efectivo en una Residencia de Bani","author":"Nelson Feliz","date":"7 de febrero de 2024","format":false,"excerpt":"La Subdirecci\u00f3n de Investigaciones Sur Central de la Polic\u00eda Nacional junto con la Polic\u00eda Preventiva y el magistrado fiscal Rafael Melo, llev\u00f3 a cabo un allanamiento (No. 00242-2024, fecha 06-02-2024) en la residencia de \u00c1ngel Onasy Bernab\u00e9 Marte, de 53 a\u00f1os, ubicada en la calle B del residencial Costa Sur\u2026","rel":"","context":"En \u00abMILITARES\u00bb","block_context":{"text":"MILITARES","link":"https:\/\/lasprimeras.com.do\/index.php\/category\/militares\/"},"img":{"alt_text":"allanamiento","src":"https:\/\/i0.wp.com\/lasprimeras.com.do\/wp-content\/uploads\/2024\/02\/allanamiento.jpg?resize=350%2C200&ssl=1","width":350,"height":200,"srcset":"https:\/\/i0.wp.com\/lasprimeras.com.do\/wp-content\/uploads\/2024\/02\/allanamiento.jpg?resize=350%2C200&ssl=1 1x, https:\/\/i0.wp.com\/lasprimeras.com.do\/wp-content\/uploads\/2024\/02\/allanamiento.jpg?resize=525%2C300&ssl=1 1.5x, https:\/\/i0.wp.com\/lasprimeras.com.do\/wp-content\/uploads\/2024\/02\/allanamiento.jpg?resize=700%2C400&ssl=1 2x"},"classes":[]},{"id":95524,"url":"https:\/\/lasprimeras.com.do\/index.php\/2025\/03\/14\/apresan-en-arenoso-a-luis-la-perla-acusado-de-amenazar-con-arma-de-fuego-a-varias-personas\/","url_meta":{"origin":72757,"position":3},"title":"Apresan en Arenoso a \u201cLuis la Perla\u201d acusado de amenazar con arma de fuego a varias personas","author":"Nelson Feliz","date":"14 de marzo de 2025","format":false,"excerpt":"-Le ocupan cargadores, dinero y joyas. La Polic\u00eda Nacional, en coordinaci\u00f3n con el Ministerio P\u00fablico, apres\u00f3 mediante un allanamiento a Luis Alberto Ortega Conde (a) \u201cLuis La Perla\u201d, acusado de amenazar con un arma de fuego a varias personas tras una discusi\u00f3n por contaminaci\u00f3n s\u00f3nica en el municipio de Arenoso,\u2026","rel":"","context":"En \u00abMILITARES\u00bb","block_context":{"text":"MILITARES","link":"https:\/\/lasprimeras.com.do\/index.php\/category\/militares\/"},"img":{"alt_text":"","src":"https:\/\/i0.wp.com\/lasprimeras.com.do\/wp-content\/uploads\/2025\/03\/evide.jpg?resize=350%2C200&ssl=1","width":350,"height":200,"srcset":"https:\/\/i0.wp.com\/lasprimeras.com.do\/wp-content\/uploads\/2025\/03\/evide.jpg?resize=350%2C200&ssl=1 1x, https:\/\/i0.wp.com\/lasprimeras.com.do\/wp-content\/uploads\/2025\/03\/evide.jpg?resize=525%2C300&ssl=1 1.5x, https:\/\/i0.wp.com\/lasprimeras.com.do\/wp-content\/uploads\/2025\/03\/evide.jpg?resize=700%2C400&ssl=1 2x"},"classes":[]},{"id":96023,"url":"https:\/\/lasprimeras.com.do\/index.php\/2025\/03\/24\/desmantelan-en-bani-red-de-trafico-de-armas-con-vinculos-internacionales\/","url_meta":{"origin":72757,"position":4},"title":"Desmantelan en Ban\u00ed red de tr\u00e1fico de armas con v\u00ednculos internacionales","author":"Nelson Feliz","date":"24 de marzo de 2025","format":false,"excerpt":"-Ocupan 11 pistolas, seis fusiles, municiones, entre otras evidencias. -Apresan a dos hombres y persiguen a otros tres vinculados al grupo delictivo. La Direcci\u00f3n Central de Inteligencia (DINTEL) de la Polic\u00eda Nacional, en coordinaci\u00f3n con el Ministerio P\u00fablico, desmantel\u00f3 una organizaci\u00f3n criminal dedicada al tr\u00e1fico internacional de armas, con base\u2026","rel":"","context":"En \u00abMILITARES\u00bb","block_context":{"text":"MILITARES","link":"https:\/\/lasprimeras.com.do\/index.php\/category\/militares\/"},"img":{"alt_text":"","src":"https:\/\/i0.wp.com\/lasprimeras.com.do\/wp-content\/uploads\/2025\/03\/FOTOS.jpg?resize=350%2C200&ssl=1","width":350,"height":200},"classes":[]},{"id":65965,"url":"https:\/\/lasprimeras.com.do\/index.php\/2023\/11\/02\/cae-abatido-en-sdn-presunto-delincuente-ataco-a-tiros-a-agentes-policiales\/","url_meta":{"origin":72757,"position":5},"title":"Cae abatido en SDN presunto delincuente atac\u00f3 a tiros a agentes policiales","author":"Nelson Feliz","date":"2 de noviembre de 2023","format":false,"excerpt":"-Se ampl\u00edan las investigaciones en torno al caso donde se ocup\u00f3 una pistola ilegal y varios cargadores. Por Mart\u00edn Restituyo La Polic\u00eda Nacional inform\u00f3 que cay\u00f3 abatido un reconocido delincuente, tras enfrentar a tiros a agentes policiales que trataron de apresarlo en el residencial Bienaventuranza, del municipio Santo Domingo Norte.\u2026","rel":"","context":"En \u00abMILITARES\u00bb","block_context":{"text":"MILITARES","link":"https:\/\/lasprimeras.com.do\/index.php\/category\/militares\/"},"img":{"alt_text":"pistola","src":"https:\/\/i0.wp.com\/lasprimeras.com.do\/wp-content\/uploads\/2023\/11\/pistola.jpg?resize=350%2C200&ssl=1","width":350,"height":200,"srcset":"https:\/\/i0.wp.com\/lasprimeras.com.do\/wp-content\/uploads\/2023\/11\/pistola.jpg?resize=350%2C200&ssl=1 1x, https:\/\/i0.wp.com\/lasprimeras.com.do\/wp-content\/uploads\/2023\/11\/pistola.jpg?resize=525%2C300&ssl=1 1.5x, https:\/\/i0.wp.com\/lasprimeras.com.do\/wp-content\/uploads\/2023\/11\/pistola.jpg?resize=700%2C400&ssl=1 2x"},"classes":[]}],"jetpack_sharing_enabled":true,"_links":{"self":[{"href":"https:\/\/lasprimeras.com.do\/index.php\/wp-json\/wp\/v2\/posts\/72757","targetHints":{"allow":["GET"]}}],"collection":[{"href":"https:\/\/lasprimeras.com.do\/index.php\/wp-json\/wp\/v2\/posts"}],"about":[{"href":"https:\/\/lasprimeras.com.do\/index.php\/wp-json\/wp\/v2\/types\/post"}],"author":[{"embeddable":true,"href":"https:\/\/lasprimeras.com.do\/index.php\/wp-json\/wp\/v2\/users\/3"}],"replies":[{"embeddable":true,"href":"https:\/\/lasprimeras.com.do\/index.php\/wp-json\/wp\/v2\/comments?post=72757"}],"version-history":[{"count":3,"href":"https:\/\/lasprimeras.com.do\/index.php\/wp-json\/wp\/v2\/posts\/72757\/revisions"}],"predecessor-version":[{"id":72765,"href":"https:\/\/lasprimeras.com.do\/index.php\/wp-json\/wp\/v2\/posts\/72757\/revisions\/72765"}],"wp:featuredmedia":[{"embeddable":true,"href":"https:\/\/lasprimeras.com.do\/index.php\/wp-json\/wp\/v2\/media\/72759"}],"wp:attachment":[{"href":"https:\/\/lasprimeras.com.do\/index.php\/wp-json\/wp\/v2\/media?parent=72757"}],"wp:term":[{"taxonomy":"category","embeddable":true,"href":"https:\/\/lasprimeras.com.do\/index.php\/wp-json\/wp\/v2\/categories?post=72757"},{"taxonomy":"post_tag","embeddable":true,"href":"https:\/\/lasprimeras.com.do\/index.php\/wp-json\/wp\/v2\/tags?post=72757"}],"curies":[{"name":"wp","href":"https:\/\/api.w.org\/{rel}","templated":true}]}}