{"id":72769,"date":"2024-01-02T23:29:22","date_gmt":"2024-01-03T03:29:22","guid":{"rendered":"https:\/\/lasprimeras.com.do\/?p=72769"},"modified":"2024-01-02T23:29:23","modified_gmt":"2024-01-03T03:29:23","slug":"carlos-manzano-transparencia-del-gobierno-del-prm-es-solo-un-discurso","status":"publish","type":"post","link":"https:\/\/lasprimeras.com.do\/index.php\/2024\/01\/02\/carlos-manzano-transparencia-del-gobierno-del-prm-es-solo-un-discurso\/","title":{"rendered":"Carlos Manzano: Transparencia del Gobierno del PRM es solo un discurso"},"content":{"rendered":"\n<p><strong>Mientras el pa\u00eds se endeuda hasta el gollete, funcionarios del Gobierno se enriquecen en medio de la mayor impunidad, denuncia Carlos Manzano del CC del PLD.<\/strong><\/p>\n\n\n\n<p>El miembro del Comit\u00e9 Central e integrante de la Secretar\u00eda de la Administraci\u00f3n P\u00fablica del Partido de la Liberaci\u00f3n Dominicana (PLD), Carlos Manzano, dijo que el discurso enarbolado por el presidente, Luis Abinader, desde que asumi\u00f3 la presidencia, sobre el manejo eficiente y transparente de los recursos p\u00fablicos, se ha quedado s\u00f3lo en eso: en un simple discurso.<\/p>\n\n\n\n<p>Manzano cita una serie de acciones tipificadas como irregularidades y manejo alegre de los fondos p\u00fablicos.<\/p>\n\n\n\n<p>En primer t\u00e9rmino cita los altos e injustificados aumentos de salarios que se hicieran a inicio de gesti\u00f3n la mayor\u00eda de los funcionarios del gobierno, tambi\u00e9n las concesiones alegres de permisos para importar productos a decenas de amigos y allegados del gobierno.<\/p>\n\n\n\n<p>Enumera tambi\u00e9n el otorgamiento de m\u00e1s de 50,000 \u00a8pensiones\u00a8, sin ning\u00fan sustento legal, a dirigentes pol\u00edticos del partido oficial, el desborde sin control de pagos por publicidad a medios de comunicaci\u00f3n y periodistas para que salgan en defensa de la gesti\u00f3n.<\/p>\n\n\n\n<p>\u201cY m\u00e1s recientemente, el gobierno, a trav\u00e9s del MAP, dispuso de manera alegre, y sin previo proceso de consulta, una \u00a8compensaci\u00f3n\u00a8 a funcionarios del Estado para la adquisici\u00f3n de veh\u00edculos, bajo el burdo pretexto de que ser\u00e1n usados para asuntos oficiales\u201d, denuncia Carlos Manzano en su trabajo.<\/p>\n\n\n\n<p>Se lamenta que los hechos se\u00f1alados no han llamado la atenci\u00f3n a las autoridades competentes ni a los \u00f3rganos que se encargan de la promoci\u00f3n de la \u00e9tica y el control y prevenci\u00f3n de la corrupci\u00f3n.<\/p>\n\n\n\n<p>Entiende como un imperativo acabar con el derroche de los recursos p\u00fablicos, \u201ces decir, aquellos gastos superfluos a cargo del erario que, aunque a simple vista no constituyen actos de corrupci\u00f3n, s\u00ed afecta el buen uso de los mismos en detrimento de la ciudadan\u00eda\u201d.<\/p>\n\n\n\n<p>\u201cMientras el pa\u00eds se endeuda hasta el gollete, funcionarios del Gobierno se enriquecen en medio de la mayor impunidad, en un fest\u00edn que permiten y toleran autoridades que deb\u00edan perseguir y castigar esos actos re\u00f1idos con la moral y la \u00e9tica\u201d, concluye Carlos Manzano su art\u00edculo.<\/p>\n","protected":false},"excerpt":{"rendered":"<p>Mientras el pa\u00eds se endeuda hasta el gollete, funcionarios del Gobierno se enriquecen en medio de la mayor impunidad, denuncia Carlos Manzano del CC del PLD. El miembro del Comit\u00e9&hellip;<\/p>\n","protected":false},"author":2,"featured_media":72770,"comment_status":"open","ping_status":"open","sticky":false,"template":"","format":"standard","meta":{"content-type":"","jetpack_post_was_ever_published":false,"_jetpack_newsletter_access":"","_jetpack_dont_email_post_to_subs":false,"_jetpack_newsletter_tier_id":0,"_jetpack_memberships_contains_paywalled_content":false,"_jetpack_memberships_contains_paid_content":false,"footnotes":""},"categories":[25],"tags":[10859,190,171,31,898],"class_list":["post-72769","post","type-post","status-publish","format-standard","has-post-thumbnail","hentry","category-portada","tag-carlos-manzano","tag-discurso","tag-gobierno","tag-prm","tag-transparencia"],"jetpack_featured_media_url":"https:\/\/lasprimeras.com.do\/wp-content\/uploads\/2024\/01\/Carlos-Manzano.png","jetpack-related-posts":[{"id":113616,"url":"https:\/\/lasprimeras.com.do\/index.php\/2025\/11\/04\/carlos-manzano-gobierno-sepulto-discurso-de-transparencia-con-estados-de-emergencias\/","url_meta":{"origin":72769,"position":0},"title":"Carlos Manzano: Gobierno sepult\u00f3 Discurso de Transparencia con Estados de Emergencias","author":"Nelson Feliz","date":"4 de noviembre de 2025","format":false,"excerpt":"El titular de la Secretar\u00eda de Administraci\u00f3n P\u00fablica del Partido de la Liberaci\u00f3n Dominicana (PLD) Carlos Manzano denunci\u00f3 que la pr\u00e1ctica del gobierno de declarar \u00a8estados de emergencia\u00a8 de manera reiteradas \u2014tres en menos de seis meses\u2014 se ha convertido en una clara estrategia para evadir los controles internos que\u2026","rel":"","context":"En \u00abPOLITICA\u00bb","block_context":{"text":"POLITICA","link":"https:\/\/lasprimeras.com.do\/index.php\/category\/politica\/"},"img":{"alt_text":"","src":"https:\/\/i0.wp.com\/lasprimeras.com.do\/wp-content\/uploads\/2025\/11\/Carlos-Manzano.jpg?resize=350%2C200&ssl=1","width":350,"height":200,"srcset":"https:\/\/i0.wp.com\/lasprimeras.com.do\/wp-content\/uploads\/2025\/11\/Carlos-Manzano.jpg?resize=350%2C200&ssl=1 1x, https:\/\/i0.wp.com\/lasprimeras.com.do\/wp-content\/uploads\/2025\/11\/Carlos-Manzano.jpg?resize=525%2C300&ssl=1 1.5x, https:\/\/i0.wp.com\/lasprimeras.com.do\/wp-content\/uploads\/2025\/11\/Carlos-Manzano.jpg?resize=700%2C400&ssl=1 2x"},"classes":[]},{"id":109133,"url":"https:\/\/lasprimeras.com.do\/index.php\/2025\/09\/14\/desfalco-del-senasa-es-un-atentado-a-la-salud-de-las-personas\/","url_meta":{"origin":72769,"position":1},"title":"Desfalco del SeNaSa es un atentado a la salud de las personas","author":"Nelson Feliz","date":"14 de septiembre de 2025","format":false,"excerpt":"La impunidad se ha convertido en pol\u00edtica de Estado y los ciudadanos son los que pagan las consecuencias, denuncia Carlos Manzano, del CC del PLD. El secretario de Administraci\u00f3n P\u00fablica del Partido de la Liberaci\u00f3n Dominicana (PLD), Carlos Manzano, denunci\u00f3 que el reciente desfalco que se produjo en el Seguro\u2026","rel":"","context":"En \u00abSALUD\u00bb","block_context":{"text":"SALUD","link":"https:\/\/lasprimeras.com.do\/index.php\/category\/salud\/"},"img":{"alt_text":"","src":"https:\/\/i0.wp.com\/lasprimeras.com.do\/wp-content\/uploads\/2025\/09\/Carlos-Manzano.jpg?resize=350%2C200&ssl=1","width":350,"height":200,"srcset":"https:\/\/i0.wp.com\/lasprimeras.com.do\/wp-content\/uploads\/2025\/09\/Carlos-Manzano.jpg?resize=350%2C200&ssl=1 1x, https:\/\/i0.wp.com\/lasprimeras.com.do\/wp-content\/uploads\/2025\/09\/Carlos-Manzano.jpg?resize=525%2C300&ssl=1 1.5x, https:\/\/i0.wp.com\/lasprimeras.com.do\/wp-content\/uploads\/2025\/09\/Carlos-Manzano.jpg?resize=700%2C400&ssl=1 2x"},"classes":[]},{"id":115284,"url":"https:\/\/lasprimeras.com.do\/index.php\/2025\/11\/20\/carlos-manzano-denuncia-derroche-de-recurso-en-propaganda-del-gobierno\/","url_meta":{"origin":72769,"position":2},"title":"Carlos Manzano denuncia derroche de recurso en propaganda del Gobierno","author":"Nelson Feliz","date":"20 de noviembre de 2025","format":false,"excerpt":"El Secretario de Administraci\u00f3n P\u00fablica del Partido de la Liberaci\u00f3n Dominicana (PLD), Carlos Manzano, reclam\u00f3 del Gobierno respetar la institucionalidad y ser responsable en el manejo de los recursos p\u00fablicos. \u201cNo se puede hablar de buen gobierno mientras se derrochan millones en propaganda y se ignoran los principios b\u00e1sicos de\u2026","rel":"","context":"En \u00abPOLITICA\u00bb","block_context":{"text":"POLITICA","link":"https:\/\/lasprimeras.com.do\/index.php\/category\/politica\/"},"img":{"alt_text":"Carlos Manzano","src":"https:\/\/i0.wp.com\/lasprimeras.com.do\/wp-content\/uploads\/2024\/01\/Carlos-Manzano.png?resize=350%2C200&ssl=1","width":350,"height":200},"classes":[]},{"id":125101,"url":"https:\/\/lasprimeras.com.do\/index.php\/2026\/03\/19\/carlos-manzanoel-prm-busca-tapar-escandalos-con-legislacion-innecesaria\/","url_meta":{"origin":72769,"position":3},"title":"Carlos Manzano:\u201cEl PRM busca tapar esc\u00e1ndalos con legislaci\u00f3n innecesaria\u201d","author":"Nelson Feliz","date":"19 de marzo de 2026","format":false,"excerpt":"Con la presentaci\u00f3n ante el Congreso de la Rep\u00fablica de nuevas regulaciones sobre el financiamiento de los partidos pol\u00edticos constituye un intento de desviar la atenci\u00f3n de la opini\u00f3n p\u00fablica ante los graves cuestionamientos que han afectado a sectores del gobierno con el financiamiento proveniente del narcotr\u00e1fico y la corrupci\u00f3n\u2026","rel":"","context":"En \u00abPOLITICA\u00bb","block_context":{"text":"POLITICA","link":"https:\/\/lasprimeras.com.do\/index.php\/category\/politica\/"},"img":{"alt_text":"Carlos Manzano","src":"https:\/\/i0.wp.com\/lasprimeras.com.do\/wp-content\/uploads\/2024\/01\/Carlos-Manzano.png?resize=350%2C200&ssl=1","width":350,"height":200},"classes":[]},{"id":127645,"url":"https:\/\/lasprimeras.com.do\/index.php\/2026\/04\/14\/carlos-manzano-considera-que-la-resolucion-de-aumento-de-salario-en-camara-de-cuentas-refleja-un-manejo-abusivo-del-poder\/","url_meta":{"origin":72769,"position":4},"title":"Carlos Manzano:&#8221;La resoluci\u00f3n de aumento de salario en C\u00e1mara de Cuentas refleja un manejo abusivo del poder&#8221;","author":"Nelson Feliz","date":"14 de abril de 2026","format":false,"excerpt":"El titular de la Secretar\u00eda de Administraci\u00f3n P\u00fablica del Partido de la Liberaci\u00f3n Dominicana, Carlos Manzano, manifest\u00f3 que la resoluci\u00f3n que decret\u00f3 un aumento salarial a los miembros de la C\u00e1mara de Cuentas ha sido recibida como la expresi\u00f3n m\u00e1s evidente de un manejo abusivo del poder. \u201cEn un pa\u00eds\u2026","rel":"","context":"En \u00abECONOM\u00cdA\u00bb","block_context":{"text":"ECONOM\u00cdA","link":"https:\/\/lasprimeras.com.do\/index.php\/category\/economia\/"},"img":{"alt_text":"","src":"https:\/\/i0.wp.com\/lasprimeras.com.do\/wp-content\/uploads\/2026\/04\/Carlos-Manzano.jpg?resize=350%2C200&ssl=1","width":350,"height":200,"srcset":"https:\/\/i0.wp.com\/lasprimeras.com.do\/wp-content\/uploads\/2026\/04\/Carlos-Manzano.jpg?resize=350%2C200&ssl=1 1x, https:\/\/i0.wp.com\/lasprimeras.com.do\/wp-content\/uploads\/2026\/04\/Carlos-Manzano.jpg?resize=525%2C300&ssl=1 1.5x"},"classes":[]},{"id":104655,"url":"https:\/\/lasprimeras.com.do\/index.php\/2025\/07\/25\/advierte-sobre-espejismo-burocratico-administrativo-en-fusiones-institucionales-del-gobierno\/","url_meta":{"origin":72769,"position":5},"title":"Advierte sobre \u201cEspejismo burocr\u00e1tico-administrativo\u201d en fusiones institucionales del gobierno","author":"Nelson Feliz","date":"25 de julio de 2025","format":false,"excerpt":"\u201cMientras la n\u00f3mina estatal siga siendo un instrumento para pagar compromisos pol\u00edticos, cualquier intento de \u2018optimizaci\u00f3n\u2019 ser\u00e1 solo eso: un titular vac\u00edo\u201d, afirma Carlos Manzano. El Partido de la Liberaci\u00f3n Dominicana (PLD), a trav\u00e9s de su Secretar\u00eda de Administraci\u00f3n P\u00fablica, advirti\u00f3 que las fusiones y eliminaciones de instituciones p\u00fablicas anunciadas\u2026","rel":"","context":"En \u00abPOLITICA\u00bb","block_context":{"text":"POLITICA","link":"https:\/\/lasprimeras.com.do\/index.php\/category\/politica\/"},"img":{"alt_text":"Carlos Manzano","src":"https:\/\/i0.wp.com\/lasprimeras.com.do\/wp-content\/uploads\/2025\/07\/Carlos-Manzano.jpg?resize=350%2C200&ssl=1","width":350,"height":200,"srcset":"https:\/\/i0.wp.com\/lasprimeras.com.do\/wp-content\/uploads\/2025\/07\/Carlos-Manzano.jpg?resize=350%2C200&ssl=1 1x, https:\/\/i0.wp.com\/lasprimeras.com.do\/wp-content\/uploads\/2025\/07\/Carlos-Manzano.jpg?resize=525%2C300&ssl=1 1.5x, https:\/\/i0.wp.com\/lasprimeras.com.do\/wp-content\/uploads\/2025\/07\/Carlos-Manzano.jpg?resize=700%2C400&ssl=1 2x"},"classes":[]}],"jetpack_sharing_enabled":true,"_links":{"self":[{"href":"https:\/\/lasprimeras.com.do\/index.php\/wp-json\/wp\/v2\/posts\/72769","targetHints":{"allow":["GET"]}}],"collection":[{"href":"https:\/\/lasprimeras.com.do\/index.php\/wp-json\/wp\/v2\/posts"}],"about":[{"href":"https:\/\/lasprimeras.com.do\/index.php\/wp-json\/wp\/v2\/types\/post"}],"author":[{"embeddable":true,"href":"https:\/\/lasprimeras.com.do\/index.php\/wp-json\/wp\/v2\/users\/2"}],"replies":[{"embeddable":true,"href":"https:\/\/lasprimeras.com.do\/index.php\/wp-json\/wp\/v2\/comments?post=72769"}],"version-history":[{"count":1,"href":"https:\/\/lasprimeras.com.do\/index.php\/wp-json\/wp\/v2\/posts\/72769\/revisions"}],"predecessor-version":[{"id":72771,"href":"https:\/\/lasprimeras.com.do\/index.php\/wp-json\/wp\/v2\/posts\/72769\/revisions\/72771"}],"wp:featuredmedia":[{"embeddable":true,"href":"https:\/\/lasprimeras.com.do\/index.php\/wp-json\/wp\/v2\/media\/72770"}],"wp:attachment":[{"href":"https:\/\/lasprimeras.com.do\/index.php\/wp-json\/wp\/v2\/media?parent=72769"}],"wp:term":[{"taxonomy":"category","embeddable":true,"href":"https:\/\/lasprimeras.com.do\/index.php\/wp-json\/wp\/v2\/categories?post=72769"},{"taxonomy":"post_tag","embeddable":true,"href":"https:\/\/lasprimeras.com.do\/index.php\/wp-json\/wp\/v2\/tags?post=72769"}],"curies":[{"name":"wp","href":"https:\/\/api.w.org\/{rel}","templated":true}]}}