{"id":72785,"date":"2024-01-03T08:51:53","date_gmt":"2024-01-03T12:51:53","guid":{"rendered":"https:\/\/lasprimeras.com.do\/?p=72785"},"modified":"2024-01-03T08:51:53","modified_gmt":"2024-01-03T12:51:53","slug":"estos-son-los-siete-documentales-rd-proyectados-en-2023","status":"publish","type":"post","link":"https:\/\/lasprimeras.com.do\/index.php\/2024\/01\/03\/estos-son-los-siete-documentales-rd-proyectados-en-2023\/","title":{"rendered":"Estos son los siete documentales RD, proyectados en 2023"},"content":{"rendered":"\n<p>Los documentales dominicanos en 2023 recorren aspectos hist\u00f3ricos, medioambientales y problemas sociales. Solo los Premios La Silla reconocen el documental como g\u00e9nero<br>Jos\u00e9 Rafael Sosa.<\/p>\n\n\n\n<p>El 2023 fue un a\u00f1o excepcional del documental dominicano al presentar siete piezas de considerable calidad, consistencia tem\u00e1tica y un correcto desarrollo de sus valores t\u00e9cnicos y art\u00edsticos.<\/p>\n\n\n\n<p>Normalmente, cada a\u00f1o en el pa\u00eds, de los cines llegan a pantallas solo entre cuatro y seis, documentales, como promedio.<\/p>\n\n\n\n<p>Lastimeramente, todav\u00eda existen personas, personalidades y cronistas de arte que consideran el documental como \u201cun cine menor\u201d y se niegan a abrirle el espacio de reconocimiento que el g\u00e9nero merece.<\/p>\n\n\n\n<p>Al parecer se ignora que el documental es cine, y que presenta exigencias t\u00e9cnicas y art\u00edsticas tan demandantes como las planteadas por el cine de ficci\u00f3n. Se sigue ignorando que el documental fue inici\u00f3 el cine.<\/p>\n\n\n\n<p><strong>Documentales RD en 2023<\/strong><\/p>\n\n\n\n<figure class=\"wp-block-image size-full is-resized\"><img decoding=\"async\" width=\"704\" height=\"351\" src=\"https:\/\/lasprimeras.com.do\/wp-content\/uploads\/2024\/01\/Ojos-de-CaamanoDeno-como-coronel-de-abril-1965.png\" alt=\"\" class=\"wp-image-72786\" style=\"width:840px;height:auto\" srcset=\"https:\/\/lasprimeras.com.do\/wp-content\/uploads\/2024\/01\/Ojos-de-CaamanoDeno-como-coronel-de-abril-1965.png 704w, https:\/\/lasprimeras.com.do\/wp-content\/uploads\/2024\/01\/Ojos-de-CaamanoDeno-como-coronel-de-abril-1965-300x150.png 300w\" sizes=\"(max-width: 704px) 100vw, 704px\" \/><\/figure>\n\n\n\n<p>Caama\u00f1o: de militar a guerrillero (Ren\u00e9 Fortunato), estrenado el jueves 16 de febrero, considerado el testimonio m\u00e1s actualizado del rol jugado por Caama\u00f1o De\u00f1\u00f3.<\/p>\n\n\n\n<p>Se trata de una pieza reveladora de aspectos in\u00e9ditos de la actividad clandestina del coronel, desde su \u201cdesaparici\u00f3n\u201d en Londres, en donde ocupaba un cargo diplom\u00e1tico, hasta su traslado clandestino a Cuba para preparar la insurrecci\u00f3n de 1973.<\/p>\n\n\n\n<p>Cinematogr\u00e1ficamente, es una propuesta atractiva, con un ritmo ascendente, fluida en su edici\u00f3n y cargada de revelaciones. Buena parte de los documentos en im\u00e1genes en movimiento, el director los consigui\u00f3 mediante visitas web a portales internacionales que tienen perfil hist\u00f3rico.<\/p>\n\n\n\n<p>Fortunato logra una narrativa consistente y reveladora, aportando una versi\u00f3n que ha sido tomada de referencia, por instituciones como el Archivo General de la Naci\u00f3n, del cual es Fortunato es recurrente donante de documentaci\u00f3n hist\u00f3rica.<\/p>\n\n\n\n<figure class=\"wp-block-image size-full is-resized\"><img decoding=\"async\" width=\"556\" height=\"383\" src=\"https:\/\/lasprimeras.com.do\/wp-content\/uploads\/2024\/01\/Ramona.png\" alt=\"\" class=\"wp-image-72787\" style=\"width:840px;height:auto\" srcset=\"https:\/\/lasprimeras.com.do\/wp-content\/uploads\/2024\/01\/Ramona.png 556w, https:\/\/lasprimeras.com.do\/wp-content\/uploads\/2024\/01\/Ramona-300x207.png 300w\" sizes=\"(max-width: 556px) 100vw, 556px\" \/><\/figure>\n\n\n\n<p>Ramona (Victoria Linares); Tema: embarazo en adolescentes. La directora, una joven cineasta que tiene muy claros sus objetivos como contadora de historias, orientadas a aspectos fundamentales, enfoc\u00e1ndose ahora en el testimonio intimista de las chicas adolescentes embarazadas tempranamente. Haciendo un cine guerrillero de bajo costo.<\/p>\n\n\n\n<p>Pese a las limitaciones econ\u00f3micas para el rodaje, Villegas, que, en 2021, hab\u00eda ofrecido su documental biogr\u00e1fico Lo Que Se Hereda sobre la vida y el aporte al cine dominicano de \u00d3scar Torres.<\/p>\n\n\n\n<p>Resalta una realizaci\u00f3n cinematogr\u00e1fica que evidencia su mejor manejo como cine independiente; sus escenas testimoniales se coordinan con tomas barriales de sectores de los cuales mostr\u00f3 un perfil no conocido hasta ahora.<\/p>\n\n\n\n<p>Resalta el respaldo incondicional que le ofreci\u00f3 y ofrece a esta joven directora, los Estudios L\u00e1ntica y en particular el productor general Rafael El\u00edas Mu\u00f1oz.<\/p>\n\n\n\n<p>Tumba y Quema (Jos\u00e9 Mar\u00eda Cabral), un director comprometido con la preocupaci\u00f3n medioambiental. Ya antes Cabral, en 2021, hab\u00eda entregado Isla de pl\u00e1stico (2020), con un trascendente el papel de copresentadora de Nashla Bogaert y el esfuerzo que hacen ambos para desentra\u00f1ar el origen y el destino de los desechos pl\u00e1sticos en el ambiente dominicano y haitiano.<\/p>\n\n\n\n<p>Es el \u00fanico director de cine que ha incursionado en experiencias de realidad virtual, con Vertedero reality, una experiencia que impactaban a quienes hacia el recorrido. Cabral es probablemente el director dominicano de mayor compromiso medioambiental, solo comparable con Marvin del Cid.<\/p>\n\n\n\n<figure class=\"wp-block-image size-full is-resized\"><img decoding=\"async\" width=\"632\" height=\"473\" src=\"https:\/\/lasprimeras.com.do\/wp-content\/uploads\/2024\/01\/Nashla-Gobaert-copia.png\" alt=\"\" class=\"wp-image-72788\" style=\"width:841px;height:auto\" srcset=\"https:\/\/lasprimeras.com.do\/wp-content\/uploads\/2024\/01\/Nashla-Gobaert-copia.png 632w, https:\/\/lasprimeras.com.do\/wp-content\/uploads\/2024\/01\/Nashla-Gobaert-copia-300x225.png 300w\" sizes=\"(max-width: 632px) 100vw, 632px\" \/><\/figure>\n\n\n\n<p>No me conoces, (Nashla Bogaert\/Cacique Films) \u00c9tnico\/Antropol\u00f3gico\/Origen familiar de la directora. Que se plante\u00f3 desarrollar un tema que opera como un terreno minado, tocando sensibilidades y opacidades de visi\u00f3n social que nos han hecho levantar muros de prejuicios en un fest\u00edn sin sentido de todos contra todos, y hacerlo desde una perspectiva que involucre tanto un mensaje matizado de justo an\u00e1lisis y con el uso creativo de los recursos del cine.<\/p>\n\n\n\n<p>Lo que se plante\u00f3 Bogaert, no era una tarea sencilla. Buscaba un proyecto bien logrado, comprometido, valiente y que incursiona en t\u00e9cnicas expositivas novedosas.<\/p>\n\n\n\n<p>La principal caracter\u00edstica que asalta al espectador es la sinceridad de la directora y la calidad de sus expositores, que desglosan con nuevas perspectivas el concepto \u201cprejuicio\u201d.<\/p>\n\n\n\n<p>Renacer, (Tito Rodr\u00edguez, Danilo Reynoso y Evelina Rodr\u00edguez, productores); Cuenta, con efectividad, la historia de superaci\u00f3n del atleta paral\u00edmpico dominicano Patricio L\u00f3pez, cuya discapacidad f\u00edsico-motora no fue impedimento para ser nadador y campe\u00f3n ol\u00edmpico.<\/p>\n\n\n\n<p>Los trabajos f\u00edlmicos (de ficci\u00f3n o documentales) sobre la capacidad humana para sobre imponerse a las limitaciones f\u00edsicas, sociales o de cualquier otro tipo, ha aportado importantes t\u00edtulos al cine universal.<\/p>\n\n\n\n<p>El documental es altamente inspirador sobre todo por el empe\u00f1o de sus productores, Reynoso y Rodriguez, impulsaron Renaeer, impactados por el ejemplo del protagonista de la historia. Rodr\u00edguez acepta el tema y entrega un documental de calidad universal\u2026 Bien desarrollada por Tito Rodr\u00edguez (un director que tiene un papel activo en varias de las pel\u00edculas m\u00e1s importantes de 2023 y que tendr\u00e1 en 2024 el biopic de Fefita, cuyo t\u00edtulo de trabajo hasta ahora es \u201cLa Grande\u201d).<\/p>\n\n\n\n<p>Yaque, (Oliver Olivo) Un proyecto realizado con criterio y el amor regional por una fuente de vida por medio del agua, estableciendo la relaci\u00f3n de dependencia humana de las comunidades de las inmediaciones del Yaque. Tom\u00f3 varios a\u00f1os su realizaci\u00f3n a cargo de un equipo que trabajo pr\u00e1cticamente gratis para realizarlo porque su objetivo no era el monto del salario, sino de aporte que podr\u00edan hacer.<\/p>\n\n\n\n<p>Las tomas del atardecer y amanecer del r\u00edo, logran captar la belleza de la corriente de agua, y la forma de proyectar a los personajes que viven y sobreviven gracias al Yaque, suman valores al proyecto, que fue realizado por la fuerza del amor, m\u00e1s que el imperativo laboral de la industria.<\/p>\n\n\n\n<figure class=\"wp-block-image size-full is-resized\"><img decoding=\"async\" width=\"395\" height=\"466\" src=\"https:\/\/lasprimeras.com.do\/wp-content\/uploads\/2024\/01\/orgullo-de-mi-tierra.png\" alt=\"\" class=\"wp-image-72789\" style=\"width:840px;height:auto\" srcset=\"https:\/\/lasprimeras.com.do\/wp-content\/uploads\/2024\/01\/orgullo-de-mi-tierra.png 395w, https:\/\/lasprimeras.com.do\/wp-content\/uploads\/2024\/01\/orgullo-de-mi-tierra-254x300.png 254w\" sizes=\"(max-width: 395px) 100vw, 395px\" \/><\/figure>\n\n\n\n<p>Orgullo de Quisqueya (Tito Rodr\u00edguez, Jessica Hasb\u00fan y Kelvin Liria, productores). Cuando se anunci\u00f3 que se presentar\u00eda este proyecto, mucha gente pens\u00f3 que sus gestores se dejar\u00edan subyugar por el formato del reportaje televisivo, en vista del trabajo cotidiano de Jessica Hasbum en un sistema de noticias (Grupo SIN), pero vano fue el presupuesto porque la pieza rompi\u00f3 el esquema y se plante\u00f3 como un cine documental sentido y bien planteado, desde la selecci\u00f3n de sus talentos (muchos previamente conocidos) y otros \u2013 los mejores\u2014 siendo una total novedad informativa, muchachos y muchachos que exponen su esfuerzo contra valladares acad\u00e9micos, sociales, raciales.<\/p>\n\n\n\n<p>El trabajo vale por s\u00ed mismo. La elevaci\u00f3n de la calidad f\u00edlmica del proyecto est\u00e1 determinada por la concepci\u00f3n de los productores y la selecci\u00f3n tanto de Rodr\u00edguez, como director la habilidad del guionista Junior Rosario.<\/p>\n\n\n\n<p>En momentos, el documental invita a las l\u00e1grimas a recorrer en silencio los rostros. Hay testimonios que estremecen.<\/p>\n","protected":false},"excerpt":{"rendered":"<p>Los documentales dominicanos en 2023 recorren aspectos hist\u00f3ricos, medioambientales y problemas sociales. Solo los Premios La Silla reconocen el documental como g\u00e9neroJos\u00e9 Rafael Sosa. El 2023 fue un a\u00f1o excepcional&hellip;<\/p>\n","protected":false},"author":2,"featured_media":72794,"comment_status":"open","ping_status":"open","sticky":false,"template":"","format":"standard","meta":{"content-type":"","jetpack_post_was_ever_published":false,"_jetpack_newsletter_access":"","_jetpack_dont_email_post_to_subs":false,"_jetpack_newsletter_tier_id":0,"_jetpack_memberships_contains_paywalled_content":false,"_jetpack_memberships_contains_paid_content":false,"footnotes":""},"categories":[84],"tags":[10871,10873,10872,127],"class_list":["post-72785","post","type-post","status-publish","format-standard","has-post-thumbnail","hentry","category-entretenimiento","tag-documentales","tag-jose-rafael-sosa","tag-proyectados-en-2023","tag-rd"],"jetpack_featured_media_url":"https:\/\/lasprimeras.com.do\/wp-content\/uploads\/2024\/01\/JOSE-RAFAEL-SOSA.jpg","jetpack-related-posts":[{"id":73134,"url":"https:\/\/lasprimeras.com.do\/index.php\/2024\/01\/06\/cine-dominicano-2023-las-historias-los-talentos-las-virtudes-y-los-fallos\/","url_meta":{"origin":72785,"position":0},"title":"Cine dominicano 2023: las historias, los talentos, las virtudes y los fallos","author":"Nelson Feliz","date":"6 de enero de 2024","format":false,"excerpt":"El cine dominicano en 2023 desarroll\u00f3 una de sus jornadas m\u00e1s productivas, mejorando sus historias, dando fuerza a g\u00e9neros y apuntando a un mejor futuro. Por Jos\u00e9 Rafael Sosa Los reportes oficiales de la Direcci\u00f3n General de Cine indican que fueron 35 las pel\u00edculas dominicanas las que se rodaron en\u2026","rel":"","context":"En \u00abENTRETENIMIENTO\u00bb","block_context":{"text":"ENTRETENIMIENTO","link":"https:\/\/lasprimeras.com.do\/index.php\/category\/entretenimiento\/"},"img":{"alt_text":"","src":"https:\/\/i0.wp.com\/lasprimeras.com.do\/wp-content\/uploads\/2024\/01\/Pies-en-la-Arena-Poster.jpg?resize=350%2C200&ssl=1","width":350,"height":200,"srcset":"https:\/\/i0.wp.com\/lasprimeras.com.do\/wp-content\/uploads\/2024\/01\/Pies-en-la-Arena-Poster.jpg?resize=350%2C200&ssl=1 1x, https:\/\/i0.wp.com\/lasprimeras.com.do\/wp-content\/uploads\/2024\/01\/Pies-en-la-Arena-Poster.jpg?resize=525%2C300&ssl=1 1.5x"},"classes":[]},{"id":105698,"url":"https:\/\/lasprimeras.com.do\/index.php\/2025\/08\/06\/estrenan-documental-mama-ninon-estara-en-los-cines-desde-septiembre\/","url_meta":{"origin":72785,"position":1},"title":"Estrenan documental \u201cMam\u00e1 Nin\u00f3n\u201d estar\u00e1 en los cines desde septiembre","author":"Nelson Feliz","date":"6 de agosto de 2025","format":false,"excerpt":"El filme retrata la vida de la dominicana Graciela Gratereaux y su trabajo voluntario en las c\u00e1rceles del pa\u00eds desde 1973 En una funci\u00f3n especial, con la presencia de personalidades del mundo del arte y el altruismo, se estren\u00f3 el fin de semana el documental \u201cMam\u00e1 Nin\u00f3n\u201d, filme inspirado en\u2026","rel":"","context":"En \u00abENTRETENIMIENTO\u00bb","block_context":{"text":"ENTRETENIMIENTO","link":"https:\/\/lasprimeras.com.do\/index.php\/category\/entretenimiento\/"},"img":{"alt_text":"","src":"https:\/\/i0.wp.com\/lasprimeras.com.do\/wp-content\/uploads\/2025\/08\/Mama-Ninon-1.jpg?resize=350%2C200&ssl=1","width":350,"height":200,"srcset":"https:\/\/i0.wp.com\/lasprimeras.com.do\/wp-content\/uploads\/2025\/08\/Mama-Ninon-1.jpg?resize=350%2C200&ssl=1 1x, https:\/\/i0.wp.com\/lasprimeras.com.do\/wp-content\/uploads\/2025\/08\/Mama-Ninon-1.jpg?resize=525%2C300&ssl=1 1.5x, https:\/\/i0.wp.com\/lasprimeras.com.do\/wp-content\/uploads\/2025\/08\/Mama-Ninon-1.jpg?resize=700%2C400&ssl=1 2x"},"classes":[]},{"id":100682,"url":"https:\/\/lasprimeras.com.do\/index.php\/2025\/06\/10\/documental-rene-fortunato-expondra-campana-racista-contra-pena-gomez\/","url_meta":{"origin":72785,"position":2},"title":"Documental Ren\u00e9 Fortunato expondr\u00e1 campa\u00f1a racista contra Pe\u00f1a G\u00f3mez","author":"Nelson Feliz","date":"10 de junio de 2025","format":false,"excerpt":"El nuevo documental de Ren\u00e9 Fortunato, \"Triunfo de la democracia\", expone la intensa campa\u00f1a racista contra el doctor Jos\u00e9 Francisco Pe\u00f1a G\u00f3mez, acus\u00e1ndolo de no ser dominicano e intentar la fusi\u00f3n de Rep\u00fablica Dominicana con la naci\u00f3n vecina. El cineasta indica que esta campa\u00f1a fue desarrollada por reconocidos voceros de\u2026","rel":"","context":"En \u00abENTRETENIMIENTO\u00bb","block_context":{"text":"ENTRETENIMIENTO","link":"https:\/\/lasprimeras.com.do\/index.php\/category\/entretenimiento\/"},"img":{"alt_text":"","src":"https:\/\/i0.wp.com\/lasprimeras.com.do\/wp-content\/uploads\/2025\/06\/Juramentacion-de-Antonio-Guzman-Congreso-Nacional-16-agosto-1978.jpg?resize=350%2C200&ssl=1","width":350,"height":200,"srcset":"https:\/\/i0.wp.com\/lasprimeras.com.do\/wp-content\/uploads\/2025\/06\/Juramentacion-de-Antonio-Guzman-Congreso-Nacional-16-agosto-1978.jpg?resize=350%2C200&ssl=1 1x, https:\/\/i0.wp.com\/lasprimeras.com.do\/wp-content\/uploads\/2025\/06\/Juramentacion-de-Antonio-Guzman-Congreso-Nacional-16-agosto-1978.jpg?resize=525%2C300&ssl=1 1.5x, https:\/\/i0.wp.com\/lasprimeras.com.do\/wp-content\/uploads\/2025\/06\/Juramentacion-de-Antonio-Guzman-Congreso-Nacional-16-agosto-1978.jpg?resize=700%2C400&ssl=1 2x"},"classes":[]},{"id":103586,"url":"https:\/\/lasprimeras.com.do\/index.php\/2025\/07\/16\/senado-presenta-documental-el-triunfo-de-la-democracia-del-cineasta-rene-fortunato\/","url_meta":{"origin":72785,"position":3},"title":"Senado presenta documental \u201cEl Triunfo de la Democracia\u201d del cineasta Ren\u00e9 Fortunato","author":"Nelson Feliz","date":"16 de julio de 2025","format":false,"excerpt":"Por Elvis Castro En un acto encabezado por el presidente del Senado, Ricardo de los Santos, fue presentado este mi\u00e9rcoles el documental \u201cEl Triunfo de la Democracia\u201d, un largometraje del cineasta dominicano Ren\u00e9 Fortunato, que muestra las luchas del pueblo dominicano por el establecimiento de una democracia verdadera durante el\u2026","rel":"","context":"En \u00abENTRETENIMIENTO\u00bb","block_context":{"text":"ENTRETENIMIENTO","link":"https:\/\/lasprimeras.com.do\/index.php\/category\/entretenimiento\/"},"img":{"alt_text":"","src":"https:\/\/i0.wp.com\/lasprimeras.com.do\/wp-content\/uploads\/2025\/07\/Ricardo-de-los-Santos-y-Rafael-Santos-Badia-4.jpg?resize=350%2C200&ssl=1","width":350,"height":200,"srcset":"https:\/\/i0.wp.com\/lasprimeras.com.do\/wp-content\/uploads\/2025\/07\/Ricardo-de-los-Santos-y-Rafael-Santos-Badia-4.jpg?resize=350%2C200&ssl=1 1x, https:\/\/i0.wp.com\/lasprimeras.com.do\/wp-content\/uploads\/2025\/07\/Ricardo-de-los-Santos-y-Rafael-Santos-Badia-4.jpg?resize=525%2C300&ssl=1 1.5x, https:\/\/i0.wp.com\/lasprimeras.com.do\/wp-content\/uploads\/2025\/07\/Ricardo-de-los-Santos-y-Rafael-Santos-Badia-4.jpg?resize=700%2C400&ssl=1 2x"},"classes":[]},{"id":95637,"url":"https:\/\/lasprimeras.com.do\/index.php\/2025\/03\/17\/valoran-en-ny-reconocimiento-internacional-a-trayectoria-victor-dume-en-industria-cinematografica-rd\/","url_meta":{"origin":72785,"position":4},"title":"Valoran en NY reconocimiento internacional a trayectoria V\u00edctor Dume en industria cinematogr\u00e1fica RD","author":"Nelson Feliz","date":"17 de marzo de 2025","format":false,"excerpt":"Por Ram\u00f3n Mercedes NUEVA YORK.- Dominicanos en esta ciudad valoran el reconocimiento internacional otorgado la semana pasada a V\u00edctor Dume como productor de cine por \u00abPrensam\u00e9rica Internacional\u00bb y la \u00abAsociaci\u00f3n de Prensa de Ecuador\u00bb. A Dume le fue entregado el premio \u00abLatinoamericano doctor Zenobio Saldivia\u00bb por ser un calificado y\u2026","rel":"","context":"En \u00abINTERNACIONALES\u00bb","block_context":{"text":"INTERNACIONALES","link":"https:\/\/lasprimeras.com.do\/index.php\/category\/sin-categoria\/internacionales\/"},"img":{"alt_text":"reconocimiento internacional","src":"https:\/\/i0.wp.com\/lasprimeras.com.do\/wp-content\/uploads\/2025\/03\/WhatsApp-Image-2025-03-17-at-7.03.01-AM.jpeg?resize=350%2C200&ssl=1","width":350,"height":200,"srcset":"https:\/\/i0.wp.com\/lasprimeras.com.do\/wp-content\/uploads\/2025\/03\/WhatsApp-Image-2025-03-17-at-7.03.01-AM.jpeg?resize=350%2C200&ssl=1 1x, https:\/\/i0.wp.com\/lasprimeras.com.do\/wp-content\/uploads\/2025\/03\/WhatsApp-Image-2025-03-17-at-7.03.01-AM.jpeg?resize=525%2C300&ssl=1 1.5x"},"classes":[]},{"id":124467,"url":"https:\/\/lasprimeras.com.do\/index.php\/2026\/03\/12\/documental-dominicano-diablos-cojuelos-reconocido-en-cannes\/","url_meta":{"origin":72785,"position":5},"title":"Documental dominicano \u201cDiablos Cojuelos\u201d reconocido en Cannes","author":"Nelson Feliz","date":"12 de marzo de 2026","format":false,"excerpt":"El documental dominicano \"Diablos Cojuelos: El Coraz\u00f3n de La Vega\", dirigido por Denny Feliz y F\u00e9lix Limardo, obtuvo el premio Best Director Documentary Feature en el World Film Festival de Cannes, reconocimiento que coloca al tradicional carnaval vegano en uno de los escenarios cinematogr\u00e1ficos m\u00e1s prestigiosos del mundo. La producci\u00f3n\u2026","rel":"","context":"En \u00abENTRETENIMIENTO\u00bb","block_context":{"text":"ENTRETENIMIENTO","link":"https:\/\/lasprimeras.com.do\/index.php\/category\/entretenimiento\/"},"img":{"alt_text":"Diablos Cojuelos","src":"https:\/\/i0.wp.com\/lasprimeras.com.do\/wp-content\/uploads\/2026\/03\/Diablos-Cojuelos.jpg?resize=350%2C200&ssl=1","width":350,"height":200,"srcset":"https:\/\/i0.wp.com\/lasprimeras.com.do\/wp-content\/uploads\/2026\/03\/Diablos-Cojuelos.jpg?resize=350%2C200&ssl=1 1x, https:\/\/i0.wp.com\/lasprimeras.com.do\/wp-content\/uploads\/2026\/03\/Diablos-Cojuelos.jpg?resize=525%2C300&ssl=1 1.5x, https:\/\/i0.wp.com\/lasprimeras.com.do\/wp-content\/uploads\/2026\/03\/Diablos-Cojuelos.jpg?resize=700%2C400&ssl=1 2x"},"classes":[]}],"jetpack_sharing_enabled":true,"_links":{"self":[{"href":"https:\/\/lasprimeras.com.do\/index.php\/wp-json\/wp\/v2\/posts\/72785","targetHints":{"allow":["GET"]}}],"collection":[{"href":"https:\/\/lasprimeras.com.do\/index.php\/wp-json\/wp\/v2\/posts"}],"about":[{"href":"https:\/\/lasprimeras.com.do\/index.php\/wp-json\/wp\/v2\/types\/post"}],"author":[{"embeddable":true,"href":"https:\/\/lasprimeras.com.do\/index.php\/wp-json\/wp\/v2\/users\/2"}],"replies":[{"embeddable":true,"href":"https:\/\/lasprimeras.com.do\/index.php\/wp-json\/wp\/v2\/comments?post=72785"}],"version-history":[{"count":1,"href":"https:\/\/lasprimeras.com.do\/index.php\/wp-json\/wp\/v2\/posts\/72785\/revisions"}],"predecessor-version":[{"id":72800,"href":"https:\/\/lasprimeras.com.do\/index.php\/wp-json\/wp\/v2\/posts\/72785\/revisions\/72800"}],"wp:featuredmedia":[{"embeddable":true,"href":"https:\/\/lasprimeras.com.do\/index.php\/wp-json\/wp\/v2\/media\/72794"}],"wp:attachment":[{"href":"https:\/\/lasprimeras.com.do\/index.php\/wp-json\/wp\/v2\/media?parent=72785"}],"wp:term":[{"taxonomy":"category","embeddable":true,"href":"https:\/\/lasprimeras.com.do\/index.php\/wp-json\/wp\/v2\/categories?post=72785"},{"taxonomy":"post_tag","embeddable":true,"href":"https:\/\/lasprimeras.com.do\/index.php\/wp-json\/wp\/v2\/tags?post=72785"}],"curies":[{"name":"wp","href":"https:\/\/api.w.org\/{rel}","templated":true}]}}