{"id":72790,"date":"2024-01-03T08:49:11","date_gmt":"2024-01-03T12:49:11","guid":{"rendered":"https:\/\/lasprimeras.com.do\/?p=72790"},"modified":"2024-01-03T08:49:13","modified_gmt":"2024-01-03T12:49:13","slug":"crean-escultura-de-tekashi-6ix9ine-en-cuba","status":"publish","type":"post","link":"https:\/\/lasprimeras.com.do\/index.php\/2024\/01\/03\/crean-escultura-de-tekashi-6ix9ine-en-cuba\/","title":{"rendered":"Crean escultura de Tekashi 6ix9ine en Cuba"},"content":{"rendered":"\n<p>Santo Domingo.-El escultor urbano Genis M. Osoria Vargas present\u00f3 el proceso de creaci\u00f3n de un busto en honor al rapero estadounidense de origen mexicano Tekashi 6ix9ine.<\/p>\n\n\n\n<p>La escultura en metal, que se encuentra en Cuba, es casi id\u00e9ntica a 6ix9ine (69), quien en varias ocasiones ha visitado el pa\u00eds, incluso en compa\u00f1\u00eda de su pareja Yailin.<\/p>\n\n\n\n<p>&#8220;Complaciendo al cliente con un pedido bastante singular. 6ix9ine o tekachi69 uno de los raperos m\u00e1s controversial y pol\u00e9mico de la actualidad. Sin l\u00edmites de tem\u00e1ticas e ideas asumidas desde las artes pl\u00e1sticas&#8221;, escribi\u00f3 en su cuenta de Instagram.<\/p>\n\n\n\n<p>Las im\u00e1genes del homenaje al int\u00e9rprete de &#8220;Gooba&#8221; compartidas por Osoria Vargas se han vuelto viral en redes sociales.<\/p>\n","protected":false},"excerpt":{"rendered":"<p>Santo Domingo.-El escultor urbano Genis M. Osoria Vargas present\u00f3 el proceso de creaci\u00f3n de un busto en honor al rapero estadounidense de origen mexicano Tekashi 6ix9ine. La escultura en metal,&hellip;<\/p>\n","protected":false},"author":3,"featured_media":72791,"comment_status":"open","ping_status":"open","sticky":false,"template":"","format":"standard","meta":{"content-type":"","jetpack_post_was_ever_published":false,"_jetpack_newsletter_access":"","_jetpack_dont_email_post_to_subs":false,"_jetpack_newsletter_tier_id":0,"_jetpack_memberships_contains_paywalled_content":false,"_jetpack_memberships_contains_paid_content":false,"footnotes":""},"categories":[84],"tags":[],"class_list":["post-72790","post","type-post","status-publish","format-standard","has-post-thumbnail","hentry","category-entretenimiento"],"jetpack_featured_media_url":"https:\/\/lasprimeras.com.do\/wp-content\/uploads\/2024\/01\/WhatsApp-Image-2023-12-30-at-3.02.08-PM.jpeg","jetpack-related-posts":[{"id":74942,"url":"https:\/\/lasprimeras.com.do\/index.php\/2024\/01\/27\/apelaran-medidas-de-coercion-impuestas-al-arapero-tekashi-o-6ix9ine\/","url_meta":{"origin":72790,"position":0},"title":"Apelar\u00e1n medidas de coerci\u00f3n impuestas al arapero Tekashi o 6ix9ine","author":"Nelson Feliz","date":"27 de enero de 2024","format":false,"excerpt":"El Ministerio P\u00fablico inform\u00f3 que apelar\u00e1 las medidas de coerci\u00f3n impuestas por la jueza F\u00e1tima Veloz, de la Oficina Judicial de Servicios de Atenci\u00f3n Permanente del Distrito Nacional, al rapero estadounidense Daniel Hern\u00e1ndez, mejor conocido como Tekashi o 6ix9ine, quien es implicado en hechos de violencia de g\u00e9nero e intrafamiliar.\u2026","rel":"","context":"En \u00abJUSTICIA\u00bb","block_context":{"text":"JUSTICIA","link":"https:\/\/lasprimeras.com.do\/index.php\/category\/justicia\/"},"img":{"alt_text":"","src":"https:\/\/i0.wp.com\/lasprimeras.com.do\/wp-content\/uploads\/2024\/01\/apelaran-medidas-de-coercion-impuestas-al-arapero-tekashi-o-6ix9ine.jpg?resize=350%2C200&ssl=1","width":350,"height":200,"srcset":"https:\/\/i0.wp.com\/lasprimeras.com.do\/wp-content\/uploads\/2024\/01\/apelaran-medidas-de-coercion-impuestas-al-arapero-tekashi-o-6ix9ine.jpg?resize=350%2C200&ssl=1 1x, https:\/\/i0.wp.com\/lasprimeras.com.do\/wp-content\/uploads\/2024\/01\/apelaran-medidas-de-coercion-impuestas-al-arapero-tekashi-o-6ix9ine.jpg?resize=525%2C300&ssl=1 1.5x, https:\/\/i0.wp.com\/lasprimeras.com.do\/wp-content\/uploads\/2024\/01\/apelaran-medidas-de-coercion-impuestas-al-arapero-tekashi-o-6ix9ine.jpg?resize=700%2C400&ssl=1 2x, https:\/\/i0.wp.com\/lasprimeras.com.do\/wp-content\/uploads\/2024\/01\/apelaran-medidas-de-coercion-impuestas-al-arapero-tekashi-o-6ix9ine.jpg?resize=1050%2C600&ssl=1 3x, https:\/\/i0.wp.com\/lasprimeras.com.do\/wp-content\/uploads\/2024\/01\/apelaran-medidas-de-coercion-impuestas-al-arapero-tekashi-o-6ix9ine.jpg?resize=1400%2C800&ssl=1 4x"},"classes":[]},{"id":74641,"url":"https:\/\/lasprimeras.com.do\/index.php\/2024\/01\/25\/yailin-llego-a-la-audiencia-contra-tekashi-diciendo-yo-soy-la-para\/","url_meta":{"origin":72790,"position":1},"title":"Yailin lleg\u00f3 a la audiencia contra Tekashi diciendo: \u00abYo soy la para\u00bb","author":"BIMARY DE JES\u00daS Matos","date":"25 de enero de 2024","format":false,"excerpt":"Santo Domingo.-Este jueves, Yailin La M\u00e1s Viral lleg\u00f3 a la oficina de Atenci\u00f3n Permanente del Distrito Nacional, donde se tiene fijado el conocimiento de solicitud de medida de coerci\u00f3n contra el rapero estadounidense Daniel Hern\u00e1ndez, Tekashi 6ix9ine, por presunta violencia de g\u00e9nero. Al llegar al tribunal, y consultada por los\u2026","rel":"","context":"En \u00abENTRETENIMIENTO\u00bb","block_context":{"text":"ENTRETENIMIENTO","link":"https:\/\/lasprimeras.com.do\/index.php\/category\/entretenimiento\/"},"img":{"alt_text":"","src":"https:\/\/i0.wp.com\/lasprimeras.com.do\/wp-content\/uploads\/2024\/01\/Diseno-sin-titulo-7-2.jpg?resize=350%2C200&ssl=1","width":350,"height":200,"srcset":"https:\/\/i0.wp.com\/lasprimeras.com.do\/wp-content\/uploads\/2024\/01\/Diseno-sin-titulo-7-2.jpg?resize=350%2C200&ssl=1 1x, https:\/\/i0.wp.com\/lasprimeras.com.do\/wp-content\/uploads\/2024\/01\/Diseno-sin-titulo-7-2.jpg?resize=525%2C300&ssl=1 1.5x"},"classes":[]},{"id":64969,"url":"https:\/\/lasprimeras.com.do\/index.php\/2023\/10\/24\/tekashi-6ix9ine-agradece-a-la-vega-por-el-apoyo-la-promesa-sigue-firme\/","url_meta":{"origin":72790,"position":2},"title":"Tekashi 6ix9ine agradece a La Vega por el apoyo: &#8220;La promesa sigue firme&#8221;","author":"Nelson Feliz","date":"24 de octubre de 2023","format":false,"excerpt":"El artista estadounidense Daniel Hern\u00e1ndez, alias Tekashi 6ix9ine, agradeci\u00f3 a sus fan\u00e1ticos de La Vega por el \"apoyo brindado\" durante su proceso judicial por agresi\u00f3n a varios productores musicales y record\u00f3 que \"la promesa sigue firme\". A trav\u00e9s de un video compartido en su historia de Instagram, agradeci\u00f3 a Dios,\u2026","rel":"","context":"En \u00abJUSTICIA\u00bb","block_context":{"text":"JUSTICIA","link":"https:\/\/lasprimeras.com.do\/index.php\/category\/justicia\/"},"img":{"alt_text":"Tekashi","src":"https:\/\/i0.wp.com\/lasprimeras.com.do\/wp-content\/uploads\/2023\/10\/Tekashi.jpg?resize=350%2C200&ssl=1","width":350,"height":200,"srcset":"https:\/\/i0.wp.com\/lasprimeras.com.do\/wp-content\/uploads\/2023\/10\/Tekashi.jpg?resize=350%2C200&ssl=1 1x, https:\/\/i0.wp.com\/lasprimeras.com.do\/wp-content\/uploads\/2023\/10\/Tekashi.jpg?resize=525%2C300&ssl=1 1.5x, https:\/\/i0.wp.com\/lasprimeras.com.do\/wp-content\/uploads\/2023\/10\/Tekashi.jpg?resize=700%2C400&ssl=1 2x"},"classes":[]},{"id":63895,"url":"https:\/\/lasprimeras.com.do\/index.php\/2023\/10\/16\/tekashi-6ix9ine-detenido-en-la-vega-enfrentara-a-la-justicia-por-agresion-a-productores-musicales\/","url_meta":{"origin":72790,"position":3},"title":"Tekashi 6ix9ine detenido en La Vega: Enfrentar\u00e1 a la Justicia por agresi\u00f3n a productores musicales","author":"BIMARY DE JES\u00daS Matos","date":"16 de octubre de 2023","format":false,"excerpt":"Santo Domingo.-En una operaci\u00f3n que involucr\u00f3 a numerosos agentes policiales, Daniel Hern\u00e1ndez, conocido como \u00abTekashi 6ix9ine\u00ab, lleg\u00f3 a la Direcci\u00f3n Regional en La Vega de la Polic\u00eda Nacional a las 1:25 a. m. El artista urbano hab\u00eda sido capturado por las autoridades judiciales y policiales el pasado domingo en un\u2026","rel":"","context":"En \u00abENTRETENIMIENTO\u00bb","block_context":{"text":"ENTRETENIMIENTO","link":"https:\/\/lasprimeras.com.do\/index.php\/category\/entretenimiento\/"},"img":{"alt_text":"","src":"https:\/\/i0.wp.com\/lasprimeras.com.do\/wp-content\/uploads\/2023\/10\/WhatsApp-Image-2023-10-16-at-11.32.47-AM-1-6.jpeg?resize=350%2C200&ssl=1","width":350,"height":200,"srcset":"https:\/\/i0.wp.com\/lasprimeras.com.do\/wp-content\/uploads\/2023\/10\/WhatsApp-Image-2023-10-16-at-11.32.47-AM-1-6.jpeg?resize=350%2C200&ssl=1 1x, https:\/\/i0.wp.com\/lasprimeras.com.do\/wp-content\/uploads\/2023\/10\/WhatsApp-Image-2023-10-16-at-11.32.47-AM-1-6.jpeg?resize=525%2C300&ssl=1 1.5x, https:\/\/i0.wp.com\/lasprimeras.com.do\/wp-content\/uploads\/2023\/10\/WhatsApp-Image-2023-10-16-at-11.32.47-AM-1-6.jpeg?resize=700%2C400&ssl=1 2x"},"classes":[]},{"id":64128,"url":"https:\/\/lasprimeras.com.do\/index.php\/2023\/10\/18\/piden-18-meses-de-prision-preventiva-para-tekashi-y-que-sea-enviado-a-carcel-del-15-de-azua-2\/","url_meta":{"origin":72790,"position":4},"title":"Piden 18 meses de prisi\u00f3n preventiva para Tekashi y que sea enviado a c\u00e1rcel del 15 de Azua","author":"BIMARY DE JES\u00daS Matos","date":"18 de octubre de 2023","format":false,"excerpt":"Santo Domingo.-El Ministerio P\u00fablico solicit\u00f3 18 meses de prisi\u00f3n preventiva como medida de coerci\u00f3n en contra del artista estadounidense Tekashi 6ix9ine, acusado de golpear a dos personas en Azua durante la semana pasada. Asimismo, los fiscales pidieron que el rapero norteamericano sea enviado a la c\u00e1rcel p\u00fablica del 15 de\u2026","rel":"","context":"En \u00abENTRETENIMIENTO\u00bb","block_context":{"text":"ENTRETENIMIENTO","link":"https:\/\/lasprimeras.com.do\/index.php\/category\/entretenimiento\/"},"img":{"alt_text":"","src":"https:\/\/i0.wp.com\/lasprimeras.com.do\/wp-content\/uploads\/2023\/10\/WhatsApp-Image-2023-09-16-at-4.14.02-PM-2.png?resize=350%2C200&ssl=1","width":350,"height":200,"srcset":"https:\/\/i0.wp.com\/lasprimeras.com.do\/wp-content\/uploads\/2023\/10\/WhatsApp-Image-2023-09-16-at-4.14.02-PM-2.png?resize=350%2C200&ssl=1 1x, https:\/\/i0.wp.com\/lasprimeras.com.do\/wp-content\/uploads\/2023\/10\/WhatsApp-Image-2023-09-16-at-4.14.02-PM-2.png?resize=525%2C300&ssl=1 1.5x, https:\/\/i0.wp.com\/lasprimeras.com.do\/wp-content\/uploads\/2023\/10\/WhatsApp-Image-2023-09-16-at-4.14.02-PM-2.png?resize=700%2C400&ssl=1 2x"},"classes":[]},{"id":64080,"url":"https:\/\/lasprimeras.com.do\/index.php\/2023\/10\/17\/piden-18-meses-de-prision-preventiva-para-tekashi-y-que-sea-enviado-a-carcel-del-15-de-azua\/","url_meta":{"origin":72790,"position":5},"title":"Piden 18 meses de prisi\u00f3n preventiva para Tekashi y que sea enviado a c\u00e1rcel del 15 de Azua","author":"Nelson Feliz","date":"17 de octubre de 2023","format":false,"excerpt":"Tambi\u00e9n solicitaron que Tekashi sea condenado a 30 a\u00f1os de c\u00e1rcel en una prisi\u00f3n de m\u00e1xima seguridad. El Ministerio P\u00fablico solicit\u00f3 18 meses de prisi\u00f3n preventiva como medida de coerci\u00f3n en contra del artista estadounidense Tekashi 6ix9ine, acusado de golpear a dos personas en Azua durante la semana pasada. Asimismo,\u2026","rel":"","context":"En \u00abJUSTICIA\u00bb","block_context":{"text":"JUSTICIA","link":"https:\/\/lasprimeras.com.do\/index.php\/category\/justicia\/"},"img":{"alt_text":"Tekashi","src":"https:\/\/i0.wp.com\/lasprimeras.com.do\/wp-content\/uploads\/2023\/10\/Tekashi.png?resize=350%2C200&ssl=1","width":350,"height":200,"srcset":"https:\/\/i0.wp.com\/lasprimeras.com.do\/wp-content\/uploads\/2023\/10\/Tekashi.png?resize=350%2C200&ssl=1 1x, https:\/\/i0.wp.com\/lasprimeras.com.do\/wp-content\/uploads\/2023\/10\/Tekashi.png?resize=525%2C300&ssl=1 1.5x, https:\/\/i0.wp.com\/lasprimeras.com.do\/wp-content\/uploads\/2023\/10\/Tekashi.png?resize=700%2C400&ssl=1 2x"},"classes":[]}],"jetpack_sharing_enabled":true,"_links":{"self":[{"href":"https:\/\/lasprimeras.com.do\/index.php\/wp-json\/wp\/v2\/posts\/72790","targetHints":{"allow":["GET"]}}],"collection":[{"href":"https:\/\/lasprimeras.com.do\/index.php\/wp-json\/wp\/v2\/posts"}],"about":[{"href":"https:\/\/lasprimeras.com.do\/index.php\/wp-json\/wp\/v2\/types\/post"}],"author":[{"embeddable":true,"href":"https:\/\/lasprimeras.com.do\/index.php\/wp-json\/wp\/v2\/users\/3"}],"replies":[{"embeddable":true,"href":"https:\/\/lasprimeras.com.do\/index.php\/wp-json\/wp\/v2\/comments?post=72790"}],"version-history":[{"count":1,"href":"https:\/\/lasprimeras.com.do\/index.php\/wp-json\/wp\/v2\/posts\/72790\/revisions"}],"predecessor-version":[{"id":72792,"href":"https:\/\/lasprimeras.com.do\/index.php\/wp-json\/wp\/v2\/posts\/72790\/revisions\/72792"}],"wp:featuredmedia":[{"embeddable":true,"href":"https:\/\/lasprimeras.com.do\/index.php\/wp-json\/wp\/v2\/media\/72791"}],"wp:attachment":[{"href":"https:\/\/lasprimeras.com.do\/index.php\/wp-json\/wp\/v2\/media?parent=72790"}],"wp:term":[{"taxonomy":"category","embeddable":true,"href":"https:\/\/lasprimeras.com.do\/index.php\/wp-json\/wp\/v2\/categories?post=72790"},{"taxonomy":"post_tag","embeddable":true,"href":"https:\/\/lasprimeras.com.do\/index.php\/wp-json\/wp\/v2\/tags?post=72790"}],"curies":[{"name":"wp","href":"https:\/\/api.w.org\/{rel}","templated":true}]}}