{"id":72793,"date":"2024-01-03T08:50:07","date_gmt":"2024-01-03T12:50:07","guid":{"rendered":"https:\/\/lasprimeras.com.do\/?p=72793"},"modified":"2024-01-03T08:50:09","modified_gmt":"2024-01-03T12:50:09","slug":"programa-frontal-integra-en-su-produccion-a-dos-jovenes-de-la-plataforma-imaginativa-tv","status":"publish","type":"post","link":"https:\/\/lasprimeras.com.do\/index.php\/2024\/01\/03\/programa-frontal-integra-en-su-produccion-a-dos-jovenes-de-la-plataforma-imaginativa-tv\/","title":{"rendered":"Programa &#8220;Frontal&#8221; integra en su producci\u00f3n a dos j\u00f3venes de la plataforma &#8220;Imaginativa TV&#8221;"},"content":{"rendered":"\n<p>Santo Domingo.-En v\u00edspera del cuarto a\u00f1o de transmisi\u00f3n continua de &#8220;Frontal&#8221;, programa especializado en an\u00e1lisis noticioso e investigaci\u00f3n social, su productora Laura Guzm\u00e1n de Ruiz anunci\u00f3 la entrada de dos nuevos talentos provenientes de la plataforma &#8220;TV Imaginativa\u201d.<\/p>\n\n\n\n<p>Los j\u00f3venes Jay Jim\u00e9nez y Wen Caminero fueron seleccionados por Laura Guzm\u00e1n para que la acompa\u00f1en en su propuesta televisiva que se transmite los s\u00e1bados 11:00 de la noche por la Red Nacional de Noticias, RNN canal 27.<\/p>\n\n\n\n<p>Jay Jimenez, un comunicador graduado de la licenciatura en Comunicaci\u00f3n Social del INTEC y quien actualmente funge como colaborador para el canal VTV, aportar\u00e1 una perspectiva din\u00e1mica a la actualidad noticiosa, indica Guzm\u00e1n.<\/p>\n\n\n\n<p>Mientras, a\u00f1ade, la periodista y locutora Wen Caminero, egresada del Instituto Dominicano de Periodismo, colaboradora del canal Liberty Puerto Rico Canal 85 y actual locutora de la emisora Radio Disney &#8220;se integra al programa realizando reportajes especiales con profundidad investigativa tal como inicio desde su propio canal de YouTube&#8221;.<\/p>\n\n\n\n<p>Ambos j\u00f3venes fueron seleccionados por Laura del grupo de comunicadores y productores del proyecto \u201cTV Imaginativa\u201d, impulsado por la productora de TV Edilenia Tactuk.<\/p>\n\n\n\n<p>\u201cEdilenia que para m\u00ed es un referente de trabajo de calidad y experiencia, tiene cinco a\u00f1os haciendo un trabajo maravilloso con decenas de j\u00f3venes talentosos que est\u00e1n en busca de una oportunidad y todos los que trabajamos en esta industria debemos abrir puertas para ellos, creo en el talento joven que encuentra la oportunidad prepar\u00e1ndose y estoy convencida que la televisi\u00f3n dominicana necesita refrescarse con contenidos de valor que sean atractivos, que aporten y que vayan a la vanguardia de los nuevos tiempos\u201d, manifest\u00f3 la productora de &#8220;Frontal&#8221;.<\/p>\n\n\n\n<p>En cuatro a\u00f1os de transmisi\u00f3n en &#8220;Frontal&#8221; se han destacado reportajes e investigaciones como \u201cCes\u00e1reas, tras las cicatrices ocultas\u201d, \u201cMedios Digitales Vs Comunicaci\u00f3n Responsable\u201d y el caso \u201cSada Goray\u201d, en el cual la periodista Guzm\u00e1n colabor\u00f3 para la cadena de Televisi\u00f3n Internacional America TV en su divisi\u00f3n Per\u00fa, descubriendo nuevos datos.<\/p>\n\n\n\n<p>&#8220;Frontal&#8221; naci\u00f3 en 2020 como una necesidad comunicacional de convertirse en un resumen referente de las noticias filtradas y temas sociales de mayor relevancia nacional, con alta preocupaci\u00f3n ante la saturaci\u00f3n de informaci\u00f3n que vivimos con el auge de las redes sociales, las informaciones no depuradas, \u201cfake news\u201d y b\u00fasqueda de primicias, explic\u00f3 Laura.<\/p>\n\n\n\n<p>\u201cEn esta nueva temporada de Frontal estamos enfocados en continuar haciendo un trabajo de alta calidad de cara a un periodismo de soluciones comprometido con los resultados, lejos de sesgos partidarios ni influencias e impulsando el talento joven hacia la televisi\u00f3n abierta y su gran valor como medio tradicional que sella la credibilidad\u201d, manifest\u00f3.<\/p>\n\n\n\n<p>Laura agradeci\u00f3 a la empresa con sede en Miami Hemisphere Media Group por llevarlo al canal dominicano en Estados Unidos \u201cTelevisi\u00f3n Dominicana\u201d, transmitido los s\u00e1bados 7:00 de la noche.<\/p>\n\n\n\n<p>\u201cMi experiencia como productora en estos a\u00f1os, me ha demostrado que las agencias y marcas est\u00e1n apostando por el morbo y accediendo a los contenidos que generan \u201clikes\u201d a costa de promover anti valores, y es la evidencia en programas como el nuestro y muchos otros que dan val\u00eda a los medios de comunicaci\u00f3n pero no estamos recibiendo el apoyo comercial&#8221;, coment\u00f3.<\/p>\n","protected":false},"excerpt":{"rendered":"<p>Santo Domingo.-En v\u00edspera del cuarto a\u00f1o de transmisi\u00f3n continua de &#8220;Frontal&#8221;, programa especializado en an\u00e1lisis noticioso e investigaci\u00f3n social, su productora Laura Guzm\u00e1n de Ruiz anunci\u00f3 la entrada de dos&hellip;<\/p>\n","protected":false},"author":3,"featured_media":72795,"comment_status":"open","ping_status":"open","sticky":false,"template":"","format":"standard","meta":{"content-type":"","jetpack_post_was_ever_published":false,"_jetpack_newsletter_access":"","_jetpack_dont_email_post_to_subs":false,"_jetpack_newsletter_tier_id":0,"_jetpack_memberships_contains_paywalled_content":false,"_jetpack_memberships_contains_paid_content":false,"footnotes":""},"categories":[84],"tags":[],"class_list":["post-72793","post","type-post","status-publish","format-standard","has-post-thumbnail","hentry","category-entretenimiento"],"jetpack_featured_media_url":"https:\/\/lasprimeras.com.do\/wp-content\/uploads\/2024\/01\/WhatsApp-Image-2023-12-30-at-3.02.08-PM-1.jpeg","jetpack-related-posts":[{"id":115970,"url":"https:\/\/lasprimeras.com.do\/index.php\/2025\/11\/26\/reconocen-a-colombia-alcantara-por-su-trayectoria-y-altanto-tv-gana-el-premio-nacional-de-periodismo-digital\/","url_meta":{"origin":72793,"position":0},"title":"Reconocen a Colombia Alc\u00e1ntara por su trayectoria y Altanto TV gana el Premio Nacional de Periodismo Digital","author":"Nelson Feliz","date":"26 de noviembre de 2025","format":false,"excerpt":"La periodista y comunicadora Colombia Alc\u00e1ntara fue homenajeada durante la Octava Entrega del Premio Nacional de Periodismo Digital, un evento celebrado en el Centro Indotel de la Zona Colonial que reconoce la excelencia en los medios digitales de la Rep\u00fablica Dominicana. Alc\u00e1ntara recibi\u00f3 una distinci\u00f3n especial del Observatorio de Medios\u2026","rel":"","context":"En \u00abENTRETENIMIENTO\u00bb","block_context":{"text":"ENTRETENIMIENTO","link":"https:\/\/lasprimeras.com.do\/index.php\/category\/entretenimiento\/"},"img":{"alt_text":"Colombia Alc\u00e1ntara","src":"https:\/\/i0.wp.com\/lasprimeras.com.do\/wp-content\/uploads\/2025\/11\/Colombia-Alcantara.jpg?resize=350%2C200&ssl=1","width":350,"height":200,"srcset":"https:\/\/i0.wp.com\/lasprimeras.com.do\/wp-content\/uploads\/2025\/11\/Colombia-Alcantara.jpg?resize=350%2C200&ssl=1 1x, https:\/\/i0.wp.com\/lasprimeras.com.do\/wp-content\/uploads\/2025\/11\/Colombia-Alcantara.jpg?resize=525%2C300&ssl=1 1.5x, https:\/\/i0.wp.com\/lasprimeras.com.do\/wp-content\/uploads\/2025\/11\/Colombia-Alcantara.jpg?resize=700%2C400&ssl=1 2x"},"classes":[]},{"id":70500,"url":"https:\/\/lasprimeras.com.do\/index.php\/2023\/12\/12\/colombia-alcantara-presenta-altanto-tv\/","url_meta":{"origin":72793,"position":1},"title":"Colombia Alc\u00e1ntara presenta AlTanto Tv","author":"BIMARY DE JES\u00daS Matos","date":"12 de diciembre de 2023","format":false,"excerpt":"Santo Domingo.- La comunicadora Colombia Alc\u00e1ntara present\u00f3 su moderno canal de televisi\u00f3n, as\u00ed como la novedosa plataforma digital Altanto TV. La parrilla de programaci\u00f3n de Altanto TV est\u00e1 disponible en la frecuencia del canal 106 de Claro, donde el p\u00fablico puede disfrutar de programas con tem\u00e1ticas que van desde informaci\u00f3n,\u2026","rel":"","context":"En \u00abENTRETENIMIENTO\u00bb","block_context":{"text":"ENTRETENIMIENTO","link":"https:\/\/lasprimeras.com.do\/index.php\/category\/entretenimiento\/"},"img":{"alt_text":"","src":"https:\/\/i0.wp.com\/lasprimeras.com.do\/wp-content\/uploads\/2023\/12\/juegos-sde-7.jpg?resize=350%2C200&ssl=1","width":350,"height":200,"srcset":"https:\/\/i0.wp.com\/lasprimeras.com.do\/wp-content\/uploads\/2023\/12\/juegos-sde-7.jpg?resize=350%2C200&ssl=1 1x, https:\/\/i0.wp.com\/lasprimeras.com.do\/wp-content\/uploads\/2023\/12\/juegos-sde-7.jpg?resize=525%2C300&ssl=1 1.5x"},"classes":[]},{"id":68831,"url":"https:\/\/lasprimeras.com.do\/index.php\/2023\/11\/28\/edilenia-tactuk-impulsa-el-talento-para-la-comunicacion-de-mas-de-200-jovenes-en-imaginativa-tv\/","url_meta":{"origin":72793,"position":2},"title":"Edilenia Tactuk impulsa el talento para la comunicaci\u00f3n de m\u00e1s de 200 j\u00f3venes en Imaginativa TV","author":"BIMARY DE JES\u00daS Matos","date":"28 de noviembre de 2023","format":false,"excerpt":"En una edici\u00f3n dedicada a\u00a0Anita Ontiveros,\u00a0la primera mujer en ser directora de c\u00e1mara en Rep\u00fablica Dominicana,\u00a0\u201cImaginativa TV,\u00a0la semana de la televisi\u00f3n dominicana\u201d\u00a0impuls\u00f3 el talento en los medios de comunicaci\u00f3n de m\u00e1s de 200 j\u00f3venes. Durante cuatro d\u00edas en el Teatro La Fiesta del hotel Jaragua, la plataforma creada y encabezada\u2026","rel":"","context":"En \u00abENTRETENIMIENTO\u00bb","block_context":{"text":"ENTRETENIMIENTO","link":"https:\/\/lasprimeras.com.do\/index.php\/category\/entretenimiento\/"},"img":{"alt_text":"","src":"https:\/\/i0.wp.com\/lasprimeras.com.do\/wp-content\/uploads\/2023\/11\/Noticias-de-economia-2-7.jpg?resize=350%2C200&ssl=1","width":350,"height":200,"srcset":"https:\/\/i0.wp.com\/lasprimeras.com.do\/wp-content\/uploads\/2023\/11\/Noticias-de-economia-2-7.jpg?resize=350%2C200&ssl=1 1x, https:\/\/i0.wp.com\/lasprimeras.com.do\/wp-content\/uploads\/2023\/11\/Noticias-de-economia-2-7.jpg?resize=525%2C300&ssl=1 1.5x, https:\/\/i0.wp.com\/lasprimeras.com.do\/wp-content\/uploads\/2023\/11\/Noticias-de-economia-2-7.jpg?resize=700%2C400&ssl=1 2x"},"classes":[]},{"id":64714,"url":"https:\/\/lasprimeras.com.do\/index.php\/2023\/10\/23\/programa-tv-camino-real-cumple-ocho-anos-en-el-aire\/","url_meta":{"origin":72793,"position":3},"title":"Programa TV \u201cCamino Real\u201d cumple ocho a\u00f1os en el aire","author":"Nelson Feliz","date":"23 de octubre de 2023","format":false,"excerpt":"El programa semanal de investigaci\u00f3n hist\u00f3rica \u201cCamino Real\u201d cumple ocho a\u00f1os de transmisi\u00f3n ininterrumpida por varios canales televisi\u00f3n en territorio dominicano y en el extranjero. Producido y conducido por Rub\u00e9n Jim\u00e9nez Bichara el programa sali\u00f3 al aire por primera vez el 20 de septiembre del 2015, a trav\u00e9s de Teleradio\u2026","rel":"","context":"En \u00abENTRETENIMIENTO\u00bb","block_context":{"text":"ENTRETENIMIENTO","link":"https:\/\/lasprimeras.com.do\/index.php\/category\/entretenimiento\/"},"img":{"alt_text":"Ruben-Bichara","src":"https:\/\/i0.wp.com\/lasprimeras.com.do\/wp-content\/uploads\/2023\/10\/Ruben-Jimenez-Bichara-1.png?resize=350%2C200&ssl=1","width":350,"height":200,"srcset":"https:\/\/i0.wp.com\/lasprimeras.com.do\/wp-content\/uploads\/2023\/10\/Ruben-Jimenez-Bichara-1.png?resize=350%2C200&ssl=1 1x, https:\/\/i0.wp.com\/lasprimeras.com.do\/wp-content\/uploads\/2023\/10\/Ruben-Jimenez-Bichara-1.png?resize=525%2C300&ssl=1 1.5x"},"classes":[]},{"id":110480,"url":"https:\/\/lasprimeras.com.do\/index.php\/2025\/09\/29\/junior-caminero-supero-todas-las-expectativas-en-el-2025\/","url_meta":{"origin":72793,"position":4},"title":"Junior Caminero super\u00f3 todas las expectativas en el 2025","author":"Nelson Feliz","date":"29 de septiembre de 2025","format":false,"excerpt":"TORONTO, MLB \u2014 Cuando Junior Caminero se present\u00f3 a los entrenamientos primaverales, la expectativa era inevitable. El dominicano hab\u00eda sido el mejor prospecto de MLB durante un tiempo en su temporada de novato, luego se convirti\u00f3 en h\u00e9roe en su ciudad natal y en una sensaci\u00f3n viral tras su jonr\u00f3n\u2026","rel":"","context":"En \u00abDEPORTES\u00bb","block_context":{"text":"DEPORTES","link":"https:\/\/lasprimeras.com.do\/index.php\/category\/deportes\/"},"img":{"alt_text":"","src":"https:\/\/i0.wp.com\/lasprimeras.com.do\/wp-content\/uploads\/2025\/06\/Junior-Caminero.jpg?resize=350%2C200&ssl=1","width":350,"height":200,"srcset":"https:\/\/i0.wp.com\/lasprimeras.com.do\/wp-content\/uploads\/2025\/06\/Junior-Caminero.jpg?resize=350%2C200&ssl=1 1x, https:\/\/i0.wp.com\/lasprimeras.com.do\/wp-content\/uploads\/2025\/06\/Junior-Caminero.jpg?resize=525%2C300&ssl=1 1.5x, https:\/\/i0.wp.com\/lasprimeras.com.do\/wp-content\/uploads\/2025\/06\/Junior-Caminero.jpg?resize=700%2C400&ssl=1 2x"},"classes":[]},{"id":115098,"url":"https:\/\/lasprimeras.com.do\/index.php\/2025\/11\/19\/caminero-reafirma-compromiso-etico-y-cero-tolerancia-a-la-corrupcion-impulsada-por-el-presidente-abinader\/","url_meta":{"origin":72793,"position":5},"title":"Caminero reafirma compromiso \u00e9tico y cero tolerancia a la corrupci\u00f3n impulsada por el presidente Abinader","author":"Nelson Feliz","date":"19 de noviembre de 2025","format":false,"excerpt":"La Direcci\u00f3n de Prensa del Presidente junto a la Direcci\u00f3n General de Bellas Artes, celebraron este jueves el Foro \u201cTransparencia y Responsabilidad P\u00fablica: Nuevos Desaf\u00edos del Estado de Derecho\u201d, un espacio en el que el director de Prensa del presidente, Carlos Alberto Caminero, destac\u00f3 el compromiso \u00e9tico y la pol\u00edtica\u2026","rel":"","context":"En \u00abNACIONALES\u00bb","block_context":{"text":"NACIONALES","link":"https:\/\/lasprimeras.com.do\/index.php\/category\/nacionales\/"},"img":{"alt_text":"","src":"https:\/\/i0.wp.com\/lasprimeras.com.do\/wp-content\/uploads\/2025\/11\/Alberto-Caminero.jpg?resize=350%2C200&ssl=1","width":350,"height":200,"srcset":"https:\/\/i0.wp.com\/lasprimeras.com.do\/wp-content\/uploads\/2025\/11\/Alberto-Caminero.jpg?resize=350%2C200&ssl=1 1x, https:\/\/i0.wp.com\/lasprimeras.com.do\/wp-content\/uploads\/2025\/11\/Alberto-Caminero.jpg?resize=525%2C300&ssl=1 1.5x, https:\/\/i0.wp.com\/lasprimeras.com.do\/wp-content\/uploads\/2025\/11\/Alberto-Caminero.jpg?resize=700%2C400&ssl=1 2x"},"classes":[]}],"jetpack_sharing_enabled":true,"_links":{"self":[{"href":"https:\/\/lasprimeras.com.do\/index.php\/wp-json\/wp\/v2\/posts\/72793","targetHints":{"allow":["GET"]}}],"collection":[{"href":"https:\/\/lasprimeras.com.do\/index.php\/wp-json\/wp\/v2\/posts"}],"about":[{"href":"https:\/\/lasprimeras.com.do\/index.php\/wp-json\/wp\/v2\/types\/post"}],"author":[{"embeddable":true,"href":"https:\/\/lasprimeras.com.do\/index.php\/wp-json\/wp\/v2\/users\/3"}],"replies":[{"embeddable":true,"href":"https:\/\/lasprimeras.com.do\/index.php\/wp-json\/wp\/v2\/comments?post=72793"}],"version-history":[{"count":1,"href":"https:\/\/lasprimeras.com.do\/index.php\/wp-json\/wp\/v2\/posts\/72793\/revisions"}],"predecessor-version":[{"id":72796,"href":"https:\/\/lasprimeras.com.do\/index.php\/wp-json\/wp\/v2\/posts\/72793\/revisions\/72796"}],"wp:featuredmedia":[{"embeddable":true,"href":"https:\/\/lasprimeras.com.do\/index.php\/wp-json\/wp\/v2\/media\/72795"}],"wp:attachment":[{"href":"https:\/\/lasprimeras.com.do\/index.php\/wp-json\/wp\/v2\/media?parent=72793"}],"wp:term":[{"taxonomy":"category","embeddable":true,"href":"https:\/\/lasprimeras.com.do\/index.php\/wp-json\/wp\/v2\/categories?post=72793"},{"taxonomy":"post_tag","embeddable":true,"href":"https:\/\/lasprimeras.com.do\/index.php\/wp-json\/wp\/v2\/tags?post=72793"}],"curies":[{"name":"wp","href":"https:\/\/api.w.org\/{rel}","templated":true}]}}