{"id":72834,"date":"2024-01-03T14:21:51","date_gmt":"2024-01-03T18:21:51","guid":{"rendered":"https:\/\/lasprimeras.com.do\/?p=72834"},"modified":"2024-01-03T14:21:52","modified_gmt":"2024-01-03T18:21:52","slug":"caso-wander-franco-ministerio-publico-deposita-solicitud-de-medida-de-coercion","status":"publish","type":"post","link":"https:\/\/lasprimeras.com.do\/index.php\/2024\/01\/03\/caso-wander-franco-ministerio-publico-deposita-solicitud-de-medida-de-coercion\/","title":{"rendered":"Caso Wander Franco: Ministerio P\u00fablico deposita solicitud de medida de coerci\u00f3n"},"content":{"rendered":"\n<p class=\"wp-block-paragraph\">Santo Domingo.\u2013 El Ministerio P\u00fablico deposit\u00f3 este mi\u00e9rcoles la solicitud de medida de coerci\u00f3n contra el pelotero de Grandes Ligas, Wander Franco, acusado de tener relaciones intimas con una menor de edad.<\/p>\n\n\n\n<p class=\"wp-block-paragraph\">Pocas horas antes que venciera el plazo de las 48 horas de su detenci\u00f3n, las fiscales Olga Dina Llaverias, titular de la direcci\u00f3n de Ni\u00f1os, Ni\u00f1as y Adolescentes, y Luisa Marmolejos depositaron el documento.<\/p>\n\n\n\n<p class=\"wp-block-paragraph\">Escoltadas por oficiales de la Polic\u00eda Nacional, ambas magistradas se negaron a ofrecer declaraciones a la prensa sobre los detalles del documento de coerci\u00f3n en contra el campocorto de 22 a\u00f1os.<\/p>\n\n\n\n<p class=\"wp-block-paragraph\">El jugador de los Tampa Bay Rays, est\u00e1 detenido desde el lunes, luego de que se presentara a la Unidad de Atenci\u00f3n a V\u00edctimas de Violencia de G\u00e9nero, Intrafamiliar y Delitos Sexuales de Puerto Plata.<\/p>\n","protected":false},"excerpt":{"rendered":"<p>Santo Domingo.\u2013 El Ministerio P\u00fablico deposit\u00f3 este mi\u00e9rcoles la solicitud de medida de coerci\u00f3n contra el pelotero de Grandes Ligas, Wander Franco, acusado de tener relaciones intimas con una menor&hellip;<\/p>\n","protected":false},"author":3,"featured_media":72835,"comment_status":"open","ping_status":"open","sticky":false,"template":"","format":"standard","meta":{"content-type":"","_jetpack_newsletter_access":"","_jetpack_dont_email_post_to_subs":false,"_jetpack_newsletter_tier_id":0,"_jetpack_memberships_contains_paywalled_content":false,"_jetpack_feature_clip_id":0,"_jetpack_memberships_contains_paid_content":false,"footnotes":"","jetpack_post_was_ever_published":false},"categories":[25],"tags":[],"class_list":["post-72834","post","type-post","status-publish","format-standard","has-post-thumbnail","hentry","category-portada"],"jetpack-related-posts":[{"id":73076,"url":"https:\/\/lasprimeras.com.do\/index.php\/2024\/01\/05\/trasladan-a-wander-franco-al-palacio-de-justicia-de-puerto-plata\/","url_meta":{"origin":72834,"position":0},"title":"Trasladan a Wander Franco al Palacio de Justicia de Puerto Plata","author":"BIMARY DE JES\u00daS Matos","date":"5 de enero de 2024","format":false,"excerpt":"Puerto Plata.- El Pelotero de grandes Ligas, Wander Franco acusado de explotaci\u00f3n sexual comercial y lavado de activos, fue trasladado este viernes al Palacio de Justicia de Puerto Plata, donde se le conocer\u00e1 la medida de coerci\u00f3n. Escoltado por varios miembros de la Polic\u00eda Nacional, esposado, cabizbajo y en silencio\u2026","rel":"","context":"En \u00abPORTADA\u00bb","block_context":{"text":"PORTADA","link":"https:\/\/lasprimeras.com.do\/index.php\/category\/portada\/"},"img":{"alt_text":"","src":"https:\/\/i0.wp.com\/lasprimeras.com.do\/wp-content\/uploads\/2024\/01\/Noticias-de-energia-2024-01-05T110914.641-1.webp?resize=350%2C200&ssl=1","width":350,"height":200,"srcset":"https:\/\/i0.wp.com\/lasprimeras.com.do\/wp-content\/uploads\/2024\/01\/Noticias-de-energia-2024-01-05T110914.641-1.webp?resize=350%2C200&ssl=1 1x, https:\/\/i0.wp.com\/lasprimeras.com.do\/wp-content\/uploads\/2024\/01\/Noticias-de-energia-2024-01-05T110914.641-1.webp?resize=525%2C300&ssl=1 1.5x"},"classes":[]},{"id":100658,"url":"https:\/\/lasprimeras.com.do\/index.php\/2025\/06\/10\/mp-deposita-acusacion-contra-wander-franco-por-porte-ilegal-de-arma-de-fuego\/","url_meta":{"origin":72834,"position":1},"title":"MP deposita acusaci\u00f3n contra Wander Franco por porte ilegal de arma de fuego","author":"Nelson Feliz","date":"10 de junio de 2025","format":false,"excerpt":"El Ministerio P\u00fablico deposit\u00f3 ante el Juzgado de la Instrucci\u00f3n de San Juan de la Maguana la acusaci\u00f3n contra Wander Samuel Franco Aybar por el porte ilegal del arma de fuego que le fue ocupada el pasado a\u00f1o, luego de sostener una discusi\u00f3n con un hombre de esa localidad. El\u2026","rel":"","context":"En \u00abJUSTICIA\u00bb","block_context":{"text":"JUSTICIA","link":"https:\/\/lasprimeras.com.do\/index.php\/category\/justicia\/"},"img":{"alt_text":"","src":"https:\/\/i0.wp.com\/lasprimeras.com.do\/wp-content\/uploads\/2025\/06\/franco.jpg?resize=350%2C200&ssl=1","width":350,"height":200,"srcset":"https:\/\/i0.wp.com\/lasprimeras.com.do\/wp-content\/uploads\/2025\/06\/franco.jpg?resize=350%2C200&ssl=1 1x, https:\/\/i0.wp.com\/lasprimeras.com.do\/wp-content\/uploads\/2025\/06\/franco.jpg?resize=525%2C300&ssl=1 1.5x, https:\/\/i0.wp.com\/lasprimeras.com.do\/wp-content\/uploads\/2025\/06\/franco.jpg?resize=700%2C400&ssl=1 2x"},"classes":[]},{"id":73073,"url":"https:\/\/lasprimeras.com.do\/index.php\/2024\/01\/05\/padre-de-menor-se-querella-contra-wander-franco\/","url_meta":{"origin":72834,"position":2},"title":"Padre de menor se querella contra Wander Franco","author":"BIMARY DE JES\u00daS Matos","date":"5 de enero de 2024","format":false,"excerpt":"SANTO DOMINGO.- El padre de la menor con la cual Wander Franco sosten\u00eda una relaci\u00f3n amorosa, se querell\u00f3 este viernes en contra del pelotero de Grandes Ligas quien est\u00e1 acusado de explotaci\u00f3n sexual comercial y lavado de activo. Los abogados Mar\u00eda Dignora Dilon\u00e9 Cruz y Ruddy Gonz\u00e1lez Pe\u00f1a est\u00e1n apoderados\u2026","rel":"","context":"En \u00abPORTADA\u00bb","block_context":{"text":"PORTADA","link":"https:\/\/lasprimeras.com.do\/index.php\/category\/portada\/"},"img":{"alt_text":"","src":"https:\/\/i0.wp.com\/lasprimeras.com.do\/wp-content\/uploads\/2024\/01\/Noticias-de-energia-2024-01-05T110914.641.webp?resize=350%2C200&ssl=1","width":350,"height":200,"srcset":"https:\/\/i0.wp.com\/lasprimeras.com.do\/wp-content\/uploads\/2024\/01\/Noticias-de-energia-2024-01-05T110914.641.webp?resize=350%2C200&ssl=1 1x, https:\/\/i0.wp.com\/lasprimeras.com.do\/wp-content\/uploads\/2024\/01\/Noticias-de-energia-2024-01-05T110914.641.webp?resize=525%2C300&ssl=1 1.5x"},"classes":[]},{"id":74221,"url":"https:\/\/lasprimeras.com.do\/index.php\/2024\/01\/20\/yailin-y-su-madre-se-presentan-en-audiencia-donde-conocen-medida-de-coercion-contra-tekashi\/","url_meta":{"origin":72834,"position":3},"title":"Yailin y su madre se presentan en audiencia donde conocen medida de coerci\u00f3n contra Tekashi","author":"BIMARY DE JES\u00daS Matos","date":"20 de enero de 2024","format":false,"excerpt":"Santo Domingo.-Georgina Lul\u00fa Guillermo D\u00edaz, mejor conocida como Yailin la M\u00e1s Viral, lleg\u00f3 al Palacio de Justica de Ciudad Nueva a las 10:28 de la ma\u00f1ana, donde es conocida la medida de coerci\u00f3n contra el rapero Tekashi, acusado de violencia de g\u00e9nero e intrafamiliar. Con un vestido color azul y\u2026","rel":"","context":"En \u00abENTRETENIMIENTO\u00bb","block_context":{"text":"ENTRETENIMIENTO","link":"https:\/\/lasprimeras.com.do\/index.php\/category\/entretenimiento\/"},"img":{"alt_text":"","src":"https:\/\/i0.wp.com\/lasprimeras.com.do\/wp-content\/uploads\/2024\/01\/Diseno-sin-titulo-10.jpg?resize=350%2C200&ssl=1","width":350,"height":200,"srcset":"https:\/\/i0.wp.com\/lasprimeras.com.do\/wp-content\/uploads\/2024\/01\/Diseno-sin-titulo-10.jpg?resize=350%2C200&ssl=1 1x, https:\/\/i0.wp.com\/lasprimeras.com.do\/wp-content\/uploads\/2024\/01\/Diseno-sin-titulo-10.jpg?resize=525%2C300&ssl=1 1.5x, https:\/\/i0.wp.com\/lasprimeras.com.do\/wp-content\/uploads\/2024\/01\/Diseno-sin-titulo-10.jpg?resize=700%2C400&ssl=1 2x"},"classes":[]},{"id":73113,"url":"https:\/\/lasprimeras.com.do\/index.php\/2024\/01\/06\/juez-puerto-plata-ordena-libertad-condicional-de-wander-franco\/","url_meta":{"origin":72834,"position":4},"title":"Juez Puerto Plata ordena libertad condicional de Wander Franco","author":"BIMARY DE JES\u00daS Matos","date":"6 de enero de 2024","format":false,"excerpt":"Santo Domingo.- Un tribunal dominicano le impuso este viernes el pago de una garant\u00eda econ\u00f3mica de dos millones de pesos (unos 34.000 d\u00f3lares) y presentaci\u00f3n peri\u00f3dica durante seis meses al jugador de Grandes Ligas Wander Franco, detenido el lunes por, supuestamente, haber mantenido relaciones \u00edntimas con una menor de edad.\u2026","rel":"","context":"En \u00abNACIONALES\u00bb","block_context":{"text":"NACIONALES","link":"https:\/\/lasprimeras.com.do\/index.php\/category\/nacionales\/"},"img":{"alt_text":"","src":"https:\/\/i0.wp.com\/lasprimeras.com.do\/wp-content\/uploads\/2024\/01\/Noticias-de-energia-2024-01-04T183445.722.png?resize=350%2C200&ssl=1","width":350,"height":200,"srcset":"https:\/\/i0.wp.com\/lasprimeras.com.do\/wp-content\/uploads\/2024\/01\/Noticias-de-energia-2024-01-04T183445.722.png?resize=350%2C200&ssl=1 1x, https:\/\/i0.wp.com\/lasprimeras.com.do\/wp-content\/uploads\/2024\/01\/Noticias-de-energia-2024-01-04T183445.722.png?resize=525%2C300&ssl=1 1.5x"},"classes":[]},{"id":100585,"url":"https:\/\/lasprimeras.com.do\/index.php\/2025\/06\/09\/wander-franco-enfrenta-nueva-acusacion-en-san-juan-de-la-maguana\/","url_meta":{"origin":72834,"position":5},"title":"Wander Franco enfrenta nueva acusaci\u00f3n en San Juan de la Maguana","author":"Nelson Feliz","date":"9 de junio de 2025","format":false,"excerpt":"El Ministerio P\u00fablico inform\u00f3 este domingo que present\u00f3 formalmente una acusaci\u00f3n contra el pelotero de Grandes Ligas Wander Franco, en un juzgado de San Juan de la Maguana, suroeste del pa\u00eds, con relaci\u00f3n al caso de presunto porte ilegal de un arma de fuego, la cual le fue incautada el\u2026","rel":"","context":"En \u00abJUSTICIA\u00bb","block_context":{"text":"JUSTICIA","link":"https:\/\/lasprimeras.com.do\/index.php\/category\/justicia\/"},"img":{"alt_text":"","src":"https:\/\/i0.wp.com\/lasprimeras.com.do\/wp-content\/uploads\/2025\/06\/Wander-Franco.jpg?resize=350%2C200&ssl=1","width":350,"height":200,"srcset":"https:\/\/i0.wp.com\/lasprimeras.com.do\/wp-content\/uploads\/2025\/06\/Wander-Franco.jpg?resize=350%2C200&ssl=1 1x, https:\/\/i0.wp.com\/lasprimeras.com.do\/wp-content\/uploads\/2025\/06\/Wander-Franco.jpg?resize=525%2C300&ssl=1 1.5x, https:\/\/i0.wp.com\/lasprimeras.com.do\/wp-content\/uploads\/2025\/06\/Wander-Franco.jpg?resize=700%2C400&ssl=1 2x"},"classes":[]}],"jetpack_sharing_enabled":true,"jetpack_featured_media_url":"https:\/\/lasprimeras.com.do\/wp-content\/uploads\/2024\/01\/Noticias-de-energia-2024-01-03T105402.336.webp","_links":{"self":[{"href":"https:\/\/lasprimeras.com.do\/index.php\/wp-json\/wp\/v2\/posts\/72834","targetHints":{"allow":["GET"]}}],"collection":[{"href":"https:\/\/lasprimeras.com.do\/index.php\/wp-json\/wp\/v2\/posts"}],"about":[{"href":"https:\/\/lasprimeras.com.do\/index.php\/wp-json\/wp\/v2\/types\/post"}],"author":[{"embeddable":true,"href":"https:\/\/lasprimeras.com.do\/index.php\/wp-json\/wp\/v2\/users\/3"}],"replies":[{"embeddable":true,"href":"https:\/\/lasprimeras.com.do\/index.php\/wp-json\/wp\/v2\/comments?post=72834"}],"version-history":[{"count":1,"href":"https:\/\/lasprimeras.com.do\/index.php\/wp-json\/wp\/v2\/posts\/72834\/revisions"}],"predecessor-version":[{"id":72836,"href":"https:\/\/lasprimeras.com.do\/index.php\/wp-json\/wp\/v2\/posts\/72834\/revisions\/72836"}],"wp:featuredmedia":[{"embeddable":true,"href":"https:\/\/lasprimeras.com.do\/index.php\/wp-json\/wp\/v2\/media\/72835"}],"wp:attachment":[{"href":"https:\/\/lasprimeras.com.do\/index.php\/wp-json\/wp\/v2\/media?parent=72834"}],"wp:term":[{"taxonomy":"category","embeddable":true,"href":"https:\/\/lasprimeras.com.do\/index.php\/wp-json\/wp\/v2\/categories?post=72834"},{"taxonomy":"post_tag","embeddable":true,"href":"https:\/\/lasprimeras.com.do\/index.php\/wp-json\/wp\/v2\/tags?post=72834"}],"curies":[{"name":"wp","href":"https:\/\/api.w.org\/{rel}","templated":true}]}}