{"id":72843,"date":"2024-01-03T14:26:36","date_gmt":"2024-01-03T18:26:36","guid":{"rendered":"https:\/\/lasprimeras.com.do\/?p=72843"},"modified":"2024-01-03T14:26:38","modified_gmt":"2024-01-03T18:26:38","slug":"se-entrega-presunto-responsable-del-asalto-a-crazy-design","status":"publish","type":"post","link":"https:\/\/lasprimeras.com.do\/index.php\/2024\/01\/03\/se-entrega-presunto-responsable-del-asalto-a-crazy-design\/","title":{"rendered":"Se entrega presunto responsable del asalto a Crazy Design"},"content":{"rendered":"\n<p>SANTIAGO.- Se entreg\u00f3 ante las autoridades Jordanis De La Cruz, quien es se\u00f1alado como uno de los responsables del asalto al artista urbano Jos\u00e9 Rafael Col\u00f3n, mejor conocido como Crazy Design.<\/p>\n\n\n\n<p>El joven indic\u00f3 que decidi\u00f3 entregarse por temor a que la polic\u00eda lo mate y que quiere que se le respete su integridad f\u00edsica.<\/p>\n\n\n\n<p>En las pr\u00f3ximas horas el joven ser\u00e1 puesto a disposici\u00f3n del Ministerio P\u00fablico para los fines correspondientes.<\/p>\n\n\n\n<p>Se recuerda que, por el mismo caso, en el mes de noviembre cayeron abatidos dos hombres tras enfrentar a tiros a miembros de la Polic\u00eda Nacional, en un hecho ocurrido en el sector La Noriega, del municipio Santiago de los Caballeros.<\/p>\n\n\n\n<p>Los hombres fueron identificados como Renny Manuel N\u00fa\u00f1ez (Kiro), de 22 a\u00f1os, y Anyelo Uriel Jorge Santana (a) La Para, de 25.<\/p>\n","protected":false},"excerpt":{"rendered":"<p>SANTIAGO.- Se entreg\u00f3 ante las autoridades Jordanis De La Cruz, quien es se\u00f1alado como uno de los responsables del asalto al artista urbano Jos\u00e9 Rafael Col\u00f3n, mejor conocido como Crazy&hellip;<\/p>\n","protected":false},"author":3,"featured_media":72844,"comment_status":"open","ping_status":"open","sticky":false,"template":"","format":"standard","meta":{"content-type":"","jetpack_post_was_ever_published":false,"_jetpack_newsletter_access":"","_jetpack_dont_email_post_to_subs":false,"_jetpack_newsletter_tier_id":0,"_jetpack_memberships_contains_paywalled_content":false,"_jetpack_memberships_contains_paid_content":false,"footnotes":""},"categories":[84],"tags":[],"class_list":["post-72843","post","type-post","status-publish","format-standard","has-post-thumbnail","hentry","category-entretenimiento"],"jetpack_featured_media_url":"https:\/\/lasprimeras.com.do\/wp-content\/uploads\/2024\/01\/Noticias-de-energia-2024-01-03T105402.336-2.webp","jetpack-related-posts":[{"id":91504,"url":"https:\/\/lasprimeras.com.do\/index.php\/2024\/11\/25\/joven-muerto-a-tiros-en-santiago-intento-asaltar-pareja\/","url_meta":{"origin":72843,"position":0},"title":"Joven muerto a tiros en Santiago intent\u00f3 asaltar pareja","author":"Nelson Feliz","date":"25 de noviembre de 2024","format":false,"excerpt":"Un joven que result\u00f3 muerto este lunes en el sector Sabaneta de Las Palomas, al este de Santiago, habr\u00eda sido herido mortalmente por un hombre de 75 a\u00f1os mientras el hoy occiso, cuchillo en mano, intent\u00f3 atracarlo junto a su esposa mientras se ejercitaban. Se trata de Jos\u00e9 Antonio Segura\u2026","rel":"","context":"En \u00abMILITARES\u00bb","block_context":{"text":"MILITARES","link":"https:\/\/lasprimeras.com.do\/index.php\/category\/militares\/"},"img":{"alt_text":"","src":"https:\/\/i0.wp.com\/lasprimeras.com.do\/wp-content\/uploads\/2024\/11\/ambulancia.jpg?resize=350%2C200&ssl=1","width":350,"height":200,"srcset":"https:\/\/i0.wp.com\/lasprimeras.com.do\/wp-content\/uploads\/2024\/11\/ambulancia.jpg?resize=350%2C200&ssl=1 1x, https:\/\/i0.wp.com\/lasprimeras.com.do\/wp-content\/uploads\/2024\/11\/ambulancia.jpg?resize=525%2C300&ssl=1 1.5x, https:\/\/i0.wp.com\/lasprimeras.com.do\/wp-content\/uploads\/2024\/11\/ambulancia.jpg?resize=700%2C400&ssl=1 2x"},"classes":[]},{"id":65922,"url":"https:\/\/lasprimeras.com.do\/index.php\/2023\/11\/01\/policias-matan-a-dos-vinculados-al-atraco-del-urbano-crazy-design\/","url_meta":{"origin":72843,"position":1},"title":"Polic\u00edas matan a dos vinculados al atraco del urbano Crazy Design","author":"BIMARY DE JES\u00daS Matos","date":"1 de noviembre de 2023","format":false,"excerpt":"Santo Domingo.-Dos j\u00f3venes que eran buscados por varios atracos y robos a mano armada resultaron muertos en medio de un supuesto intercambio de disparos con agentes de la Polic\u00eda Nacional, ocurrido anoche en el sector La Noriega, al sur de Santiago. Los occisos fueron identificados como Renny Manuel N\u00fa\u00f1ez (Kiro),\u2026","rel":"","context":"En \u00abENTRETENIMIENTO\u00bb","block_context":{"text":"ENTRETENIMIENTO","link":"https:\/\/lasprimeras.com.do\/index.php\/category\/entretenimiento\/"},"img":{"alt_text":"","src":"https:\/\/i0.wp.com\/lasprimeras.com.do\/wp-content\/uploads\/2023\/11\/WhatsApp-Image-2023-11-01-at-9.19.48-AM-6.jpeg?resize=350%2C200&ssl=1","width":350,"height":200,"srcset":"https:\/\/i0.wp.com\/lasprimeras.com.do\/wp-content\/uploads\/2023\/11\/WhatsApp-Image-2023-11-01-at-9.19.48-AM-6.jpeg?resize=350%2C200&ssl=1 1x, https:\/\/i0.wp.com\/lasprimeras.com.do\/wp-content\/uploads\/2023\/11\/WhatsApp-Image-2023-11-01-at-9.19.48-AM-6.jpeg?resize=525%2C300&ssl=1 1.5x"},"classes":[]},{"id":107744,"url":"https:\/\/lasprimeras.com.do\/index.php\/2025\/08\/30\/policia-advierte-seran-perseguidos-quienes-difundan-video-de-mujer-victima-de-violacion-en-grupo\/","url_meta":{"origin":72843,"position":2},"title":"Polic\u00eda advierte ser\u00e1n perseguidos quienes difundan video de mujer v\u00edctima de violaci\u00f3n en grupo","author":"Nelson Feliz","date":"30 de agosto de 2025","format":false,"excerpt":"Polic\u00eda Nacional condena difusi\u00f3n de video de violaci\u00f3n en Villa Gonz\u00e1lez; Ministerio P\u00fablico designa dos fiscales para el caso. La Polic\u00eda Nacional conden\u00f3 la difusi\u00f3n en redes sociales de un video que muestra la agresi\u00f3n sexual cometida contra una joven en Villa Gonz\u00e1lez, provincia Santiago, y advirti\u00f3 que los seis\u2026","rel":"","context":"En \u00abMILITARES\u00bb","block_context":{"text":"MILITARES","link":"https:\/\/lasprimeras.com.do\/index.php\/category\/militares\/"},"img":{"alt_text":"","src":"https:\/\/i0.wp.com\/lasprimeras.com.do\/wp-content\/uploads\/2023\/08\/Policia.jpeg?resize=350%2C200&ssl=1","width":350,"height":200,"srcset":"https:\/\/i0.wp.com\/lasprimeras.com.do\/wp-content\/uploads\/2023\/08\/Policia.jpeg?resize=350%2C200&ssl=1 1x, https:\/\/i0.wp.com\/lasprimeras.com.do\/wp-content\/uploads\/2023\/08\/Policia.jpeg?resize=525%2C300&ssl=1 1.5x, https:\/\/i0.wp.com\/lasprimeras.com.do\/wp-content\/uploads\/2023\/08\/Policia.jpeg?resize=700%2C400&ssl=1 2x"},"classes":[]},{"id":107741,"url":"https:\/\/lasprimeras.com.do\/index.php\/2025\/08\/29\/policia-dice-senalados-de-violacion-en-villa-gonzalez-estan-armados-y-les-insta-a-entregarse\/","url_meta":{"origin":72843,"position":3},"title":"Polic\u00eda dice se\u00f1alados de violaci\u00f3n en Villa Gonz\u00e1lez est\u00e1n armados y les insta a entregarse","author":"Nelson Feliz","date":"29 de agosto de 2025","format":false,"excerpt":"La denuncia fue presentada esta semana por la v\u00edctima en la Jurisdicci\u00f3n de Violencia de G\u00e9nero de Santiago. La Polic\u00eda Nacional inform\u00f3 que los seis hombres se\u00f1alados por alegadamente drogar y abusar sexualmente de una joven en Villa Gonz\u00e1lez, provincia Santiago, estar\u00edan fuertemente armados, por lo que exhort\u00f3 a los\u2026","rel":"","context":"En \u00abMILITARES\u00bb","block_context":{"text":"MILITARES","link":"https:\/\/lasprimeras.com.do\/index.php\/category\/militares\/"},"img":{"alt_text":"","src":"https:\/\/i0.wp.com\/lasprimeras.com.do\/wp-content\/uploads\/2025\/08\/Diego-Pesqueira.jpeg?resize=350%2C200&ssl=1","width":350,"height":200,"srcset":"https:\/\/i0.wp.com\/lasprimeras.com.do\/wp-content\/uploads\/2025\/08\/Diego-Pesqueira.jpeg?resize=350%2C200&ssl=1 1x, https:\/\/i0.wp.com\/lasprimeras.com.do\/wp-content\/uploads\/2025\/08\/Diego-Pesqueira.jpeg?resize=525%2C300&ssl=1 1.5x, https:\/\/i0.wp.com\/lasprimeras.com.do\/wp-content\/uploads\/2025\/08\/Diego-Pesqueira.jpeg?resize=700%2C400&ssl=1 2x"},"classes":[]},{"id":89219,"url":"https:\/\/lasprimeras.com.do\/index.php\/2024\/09\/19\/policia-captura-a-seis-hombres-senalados-como-autores-del-robo-de-cerca-de-rd3-millones-a-mensajero-mediante-asalto-en-santiago\/","url_meta":{"origin":72843,"position":4},"title":"Polic\u00eda captura a seis hombres se\u00f1alados como autores del robo de cerca de RD$3 millones a mensajero mediante asalto en Santiago","author":"Paola Castillo","date":"19 de septiembre de 2024","format":false,"excerpt":"Santiago. - Agentes de la Direcci\u00f3n Central de Investigaci\u00f3n (DICRIM) en Santiago, en coordinaci\u00f3n con miembros del Ministerio P\u00fablico, capturaron a seis hombres presuntamente implicados en el asalto a un mensajero, a quien despojaron de RD$2,861,600 en las afueras de una entidad bancaria de esta ciudad. Los detenidos son Johan\u2026","rel":"","context":"En \u00abNACIONALES\u00bb","block_context":{"text":"NACIONALES","link":"https:\/\/lasprimeras.com.do\/index.php\/category\/nacionales\/"},"img":{"alt_text":"","src":"https:\/\/i0.wp.com\/lasprimeras.com.do\/wp-content\/uploads\/2024\/09\/WhatsApp-Image-2024-09-19-at-3.39.10-PM.jpeg?resize=350%2C200&ssl=1","width":350,"height":200,"srcset":"https:\/\/i0.wp.com\/lasprimeras.com.do\/wp-content\/uploads\/2024\/09\/WhatsApp-Image-2024-09-19-at-3.39.10-PM.jpeg?resize=350%2C200&ssl=1 1x, https:\/\/i0.wp.com\/lasprimeras.com.do\/wp-content\/uploads\/2024\/09\/WhatsApp-Image-2024-09-19-at-3.39.10-PM.jpeg?resize=525%2C300&ssl=1 1.5x, https:\/\/i0.wp.com\/lasprimeras.com.do\/wp-content\/uploads\/2024\/09\/WhatsApp-Image-2024-09-19-at-3.39.10-PM.jpeg?resize=700%2C400&ssl=1 2x, https:\/\/i0.wp.com\/lasprimeras.com.do\/wp-content\/uploads\/2024\/09\/WhatsApp-Image-2024-09-19-at-3.39.10-PM.jpeg?resize=1050%2C600&ssl=1 3x, https:\/\/i0.wp.com\/lasprimeras.com.do\/wp-content\/uploads\/2024\/09\/WhatsApp-Image-2024-09-19-at-3.39.10-PM.jpeg?resize=1400%2C800&ssl=1 4x"},"classes":[]},{"id":49725,"url":"https:\/\/lasprimeras.com.do\/index.php\/2023\/05\/13\/apresan-hombre-cuando-asaltaba-una-femina-en-santiago\/","url_meta":{"origin":72843,"position":5},"title":"Apresan hombre cuando asaltaba una f\u00e9mina en Santiago","author":"prenxa100","date":"13 de mayo de 2023","format":false,"excerpt":"Por Roberto P\u00e9rez SANTIAGO.- Agentes de la Polic\u00eda Preventiva, apresaron en flagrante delito un antisocial, tras despojar a una f\u00e9mina de sus pertenec\u00edas a mano armada. El apresado es identificado como Raymond Junior Bencosme Rodr\u00edguez, de 23 a\u00f1os de edad, residente en el Sector Secara de esta ciudad. El mismo,\u2026","rel":"","context":"En \u00abNACIONALES\u00bb","block_context":{"text":"NACIONALES","link":"https:\/\/lasprimeras.com.do\/index.php\/category\/nacionales\/"},"img":{"alt_text":"","src":"","width":0,"height":0},"classes":[]}],"jetpack_sharing_enabled":true,"_links":{"self":[{"href":"https:\/\/lasprimeras.com.do\/index.php\/wp-json\/wp\/v2\/posts\/72843","targetHints":{"allow":["GET"]}}],"collection":[{"href":"https:\/\/lasprimeras.com.do\/index.php\/wp-json\/wp\/v2\/posts"}],"about":[{"href":"https:\/\/lasprimeras.com.do\/index.php\/wp-json\/wp\/v2\/types\/post"}],"author":[{"embeddable":true,"href":"https:\/\/lasprimeras.com.do\/index.php\/wp-json\/wp\/v2\/users\/3"}],"replies":[{"embeddable":true,"href":"https:\/\/lasprimeras.com.do\/index.php\/wp-json\/wp\/v2\/comments?post=72843"}],"version-history":[{"count":1,"href":"https:\/\/lasprimeras.com.do\/index.php\/wp-json\/wp\/v2\/posts\/72843\/revisions"}],"predecessor-version":[{"id":72845,"href":"https:\/\/lasprimeras.com.do\/index.php\/wp-json\/wp\/v2\/posts\/72843\/revisions\/72845"}],"wp:featuredmedia":[{"embeddable":true,"href":"https:\/\/lasprimeras.com.do\/index.php\/wp-json\/wp\/v2\/media\/72844"}],"wp:attachment":[{"href":"https:\/\/lasprimeras.com.do\/index.php\/wp-json\/wp\/v2\/media?parent=72843"}],"wp:term":[{"taxonomy":"category","embeddable":true,"href":"https:\/\/lasprimeras.com.do\/index.php\/wp-json\/wp\/v2\/categories?post=72843"},{"taxonomy":"post_tag","embeddable":true,"href":"https:\/\/lasprimeras.com.do\/index.php\/wp-json\/wp\/v2\/tags?post=72843"}],"curies":[{"name":"wp","href":"https:\/\/api.w.org\/{rel}","templated":true}]}}