{"id":72899,"date":"2024-01-04T06:58:39","date_gmt":"2024-01-04T10:58:39","guid":{"rendered":"https:\/\/lasprimeras.com.do\/?p=72899"},"modified":"2024-01-04T06:58:41","modified_gmt":"2024-01-04T10:58:41","slug":"muere-anita-ontiveros-la-primera-mujer-directora-de-camara-en-republica-dominicana","status":"publish","type":"post","link":"https:\/\/lasprimeras.com.do\/index.php\/2024\/01\/04\/muere-anita-ontiveros-la-primera-mujer-directora-de-camara-en-republica-dominicana\/","title":{"rendered":"Muere Anita Ontiveros, la primera mujer directora de c\u00e1mara en Rep\u00fablica Dominicana"},"content":{"rendered":"\n<p>Santo Domingo.-Anita Ontiveros, quien se convirti\u00f3 en la primera mujer en ser directora de c\u00e1mara en Rep\u00fablica Dominicana, muri\u00f3 este mi\u00e9rcoles 3 de enero en su residencia luego de una larga batalla contra el Alzheimer. Ten\u00eda 76 a\u00f1os de edad.<\/p>\n\n\n\n<p>\u00abLamento informarte del fallecimiento de mami esta ma\u00f1ana. Se encontraba en su residencia\u00bb, revel\u00f3 su hija Vanesa Samantha Ontiveros.<\/p>\n\n\n\n<p>Anita Ontiveros lleg\u00f3 al pa\u00eds desde Argentina en 1967, junto a su esposo, el tambi\u00e9n productor Horacio Lamadrid, como bailarines de tango, pero r\u00e1pidamente se involucraron en la creaci\u00f3n de contenido audiovisual.<\/p>\n\n\n\n<p>Ontiveros, quien naci\u00f3 en Buenos Aires en 1947, estuvo al frente de trascendentales transmisiones como XXII Juegos de 1974, Siete d\u00edas con el Pueblo (1974), la primera visita del Papa Juan Pablo II (1979) y la de los reyes de Espa\u00f1a (1976) y Miss Universo Internacional (1977).<\/p>\n\n\n\n<p>Tambi\u00e9n trabaj\u00f3 en Color Visi\u00f3n, Teleantillas, Radio Televisi\u00f3n Dominicana, Rahintel y S\u00faper Canal 33.<\/p>\n\n\n\n<p>Ontiveros lleg\u00f3 a producir los estelares programas televisivos \u201cOtra vez con Yaqui\u201d, \u201cDe Noche\u201d, \u201cLos Dirigentes\u201d, \u201cEl Gordo de la Semana\u201d y los desaparecidos premios El Dorado.<\/p>\n","protected":false},"excerpt":{"rendered":"<p>Santo Domingo.-Anita Ontiveros, quien se convirti\u00f3 en la primera mujer en ser directora de c\u00e1mara en Rep\u00fablica Dominicana, muri\u00f3 este mi\u00e9rcoles 3 de enero en su residencia luego de una&hellip;<\/p>\n","protected":false},"author":3,"featured_media":72900,"comment_status":"open","ping_status":"open","sticky":false,"template":"","format":"standard","meta":{"content-type":"","jetpack_post_was_ever_published":false,"_jetpack_newsletter_access":"","_jetpack_dont_email_post_to_subs":false,"_jetpack_newsletter_tier_id":0,"_jetpack_memberships_contains_paywalled_content":false,"_jetpack_memberships_contains_paid_content":false,"footnotes":""},"categories":[84],"tags":[],"class_list":["post-72899","post","type-post","status-publish","format-standard","has-post-thumbnail","hentry","category-entretenimiento"],"jetpack_featured_media_url":"https:\/\/lasprimeras.com.do\/wp-content\/uploads\/2024\/01\/WhatsApp-Image-2024-01-03-at-11.55.29-PM-2.jpeg","jetpack-related-posts":[{"id":68831,"url":"https:\/\/lasprimeras.com.do\/index.php\/2023\/11\/28\/edilenia-tactuk-impulsa-el-talento-para-la-comunicacion-de-mas-de-200-jovenes-en-imaginativa-tv\/","url_meta":{"origin":72899,"position":0},"title":"Edilenia Tactuk impulsa el talento para la comunicaci\u00f3n de m\u00e1s de 200 j\u00f3venes en Imaginativa TV","author":"BIMARY DE JES\u00daS Matos","date":"28 de noviembre de 2023","format":false,"excerpt":"En una edici\u00f3n dedicada a\u00a0Anita Ontiveros,\u00a0la primera mujer en ser directora de c\u00e1mara en Rep\u00fablica Dominicana,\u00a0\u201cImaginativa TV,\u00a0la semana de la televisi\u00f3n dominicana\u201d\u00a0impuls\u00f3 el talento en los medios de comunicaci\u00f3n de m\u00e1s de 200 j\u00f3venes. Durante cuatro d\u00edas en el Teatro La Fiesta del hotel Jaragua, la plataforma creada y encabezada\u2026","rel":"","context":"En \u00abENTRETENIMIENTO\u00bb","block_context":{"text":"ENTRETENIMIENTO","link":"https:\/\/lasprimeras.com.do\/index.php\/category\/entretenimiento\/"},"img":{"alt_text":"","src":"https:\/\/i0.wp.com\/lasprimeras.com.do\/wp-content\/uploads\/2023\/11\/Noticias-de-economia-2-7.jpg?resize=350%2C200&ssl=1","width":350,"height":200,"srcset":"https:\/\/i0.wp.com\/lasprimeras.com.do\/wp-content\/uploads\/2023\/11\/Noticias-de-economia-2-7.jpg?resize=350%2C200&ssl=1 1x, https:\/\/i0.wp.com\/lasprimeras.com.do\/wp-content\/uploads\/2023\/11\/Noticias-de-economia-2-7.jpg?resize=525%2C300&ssl=1 1.5x, https:\/\/i0.wp.com\/lasprimeras.com.do\/wp-content\/uploads\/2023\/11\/Noticias-de-economia-2-7.jpg?resize=700%2C400&ssl=1 2x"},"classes":[]},{"id":68162,"url":"https:\/\/lasprimeras.com.do\/index.php\/2023\/11\/22\/imaginativa-en-su-quinta-edicion-estara-dedicada-a-la-productora-anita-ontiveros\/","url_meta":{"origin":72899,"position":1},"title":"&#8220;Imaginativa&#8221; en su quinta edici\u00f3n estar\u00e1 dedicada a la productora Anita Ontiveros","author":"BIMARY DE JES\u00daS Matos","date":"22 de noviembre de 2023","format":false,"excerpt":"Santo Domingo.-En la celebraci\u00f3n de su quinta edici\u00f3n, \u00abImaginativa, la semana de la televisi\u00f3n dominicana\u00bb abrir\u00e1 nuevamente las puertas de su estudio de televisi\u00f3n con una agenda de transmisiones en vivo, conferencias y conversatorios del 23 al 26 de noviembre en el Hotel Jaragua. La productora Edilenia Tactuk manifest\u00f3 que\u2026","rel":"","context":"En \u00abENTRETENIMIENTO\u00bb","block_context":{"text":"ENTRETENIMIENTO","link":"https:\/\/lasprimeras.com.do\/index.php\/category\/entretenimiento\/"},"img":{"alt_text":"","src":"https:\/\/i0.wp.com\/lasprimeras.com.do\/wp-content\/uploads\/2023\/11\/Noticias-de-energia-6-20.jpg?resize=350%2C200&ssl=1","width":350,"height":200,"srcset":"https:\/\/i0.wp.com\/lasprimeras.com.do\/wp-content\/uploads\/2023\/11\/Noticias-de-energia-6-20.jpg?resize=350%2C200&ssl=1 1x, https:\/\/i0.wp.com\/lasprimeras.com.do\/wp-content\/uploads\/2023\/11\/Noticias-de-energia-6-20.jpg?resize=525%2C300&ssl=1 1.5x"},"classes":[]},{"id":73029,"url":"https:\/\/lasprimeras.com.do\/index.php\/2024\/01\/05\/pld-lamenta-muerte-de-ontiveros-y-resalta-vinculos-con-juan-bosch\/","url_meta":{"origin":72899,"position":2},"title":"PLD lamenta muerte de Ontiveros y resalta v\u00ednculos con Juan Bosch","author":"Nelson Feliz","date":"5 de enero de 2024","format":false,"excerpt":"El Partido de la Liberaci\u00f3n Dominicana (PLD) mostr\u00f3 su pesar por el fallecimiento de la maestra de la televisi\u00f3n, Anita Ontiveros, de quien el pa\u00eds se siente m\u00e1s que agradecido por sus aportes a la cultura nacional. Sus familiares informaron que su velatorio se realizar\u00e1 el viernes a partir de\u2026","rel":"","context":"En \u00abNACIONALES\u00bb","block_context":{"text":"NACIONALES","link":"https:\/\/lasprimeras.com.do\/index.php\/category\/nacionales\/"},"img":{"alt_text":"","src":"https:\/\/i0.wp.com\/lasprimeras.com.do\/wp-content\/uploads\/2023\/10\/WhatsApp-Image-2023-10-05-at-9.55.14-AM-2.jpeg?resize=350%2C200&ssl=1","width":350,"height":200,"srcset":"https:\/\/i0.wp.com\/lasprimeras.com.do\/wp-content\/uploads\/2023\/10\/WhatsApp-Image-2023-10-05-at-9.55.14-AM-2.jpeg?resize=350%2C200&ssl=1 1x, https:\/\/i0.wp.com\/lasprimeras.com.do\/wp-content\/uploads\/2023\/10\/WhatsApp-Image-2023-10-05-at-9.55.14-AM-2.jpeg?resize=525%2C300&ssl=1 1.5x, https:\/\/i0.wp.com\/lasprimeras.com.do\/wp-content\/uploads\/2023\/10\/WhatsApp-Image-2023-10-05-at-9.55.14-AM-2.jpeg?resize=700%2C400&ssl=1 2x"},"classes":[]},{"id":73040,"url":"https:\/\/lasprimeras.com.do\/index.php\/2024\/01\/05\/pld-lamenta-muerte-de-ontiveros-y-resalta-vinculos-con-juan-bosch-2\/","url_meta":{"origin":72899,"position":3},"title":"PLD lamenta muerte de Ontiveros y resalta v\u00ednculos con Juan Bosch","author":"BIMARY DE JES\u00daS Matos","date":"5 de enero de 2024","format":false,"excerpt":"SANTO DOMINGO.- El Partido de la Liberaci\u00f3n Dominicana (PLD) mostr\u00f3 su pesar por el fallecimiento de la maestra de la televisi\u00f3n, Anita Ontiveros, de quien el pa\u00eds se siente m\u00e1s que agradecido por sus aportes a la cultura nacional. Sus familiares informaron que su velatorio se realizar\u00e1 el viernes a\u2026","rel":"","context":"En \u00abSin categor\u00eda\u00bb","block_context":{"text":"Sin categor\u00eda","link":"https:\/\/lasprimeras.com.do\/index.php\/category\/sin-categoria\/"},"img":{"alt_text":"","src":"https:\/\/i0.wp.com\/lasprimeras.com.do\/wp-content\/uploads\/2024\/01\/Noticias-de-energia-2024-01-03T235756.173-1.jpg?resize=350%2C200&ssl=1","width":350,"height":200},"classes":[]},{"id":89189,"url":"https:\/\/lasprimeras.com.do\/index.php\/2024\/09\/19\/fallece-pionero-de-la-television-a-color-en-rd-horacio-lamadrid\/","url_meta":{"origin":72899,"position":4},"title":"Fallece pionero de la televisi\u00f3n a color en RD Horacio Lamadrid","author":"Paola Castillo","date":"19 de septiembre de 2024","format":false,"excerpt":"El productor argentino\u00a0Horacio Lamadrid, de 85 a\u00f1os,\u00a0muri\u00f3 a las 7:30 de la ma\u00f1ana de este jueves a causa de insuficiencia cardiaca en la Hospital General de la Plaza de la Salud, seg\u00fan revel\u00f3 su hijo Horacito Lamadrid Ontiveros. Horacio Lamadrid, junto a su esposa Anita Ontiveros (fallecida en enero), se\u2026","rel":"","context":"En \u00abNACIONALES\u00bb","block_context":{"text":"NACIONALES","link":"https:\/\/lasprimeras.com.do\/index.php\/category\/nacionales\/"},"img":{"alt_text":"","src":"https:\/\/i0.wp.com\/lasprimeras.com.do\/wp-content\/uploads\/2024\/09\/horacio.jpg?resize=350%2C200&ssl=1","width":350,"height":200,"srcset":"https:\/\/i0.wp.com\/lasprimeras.com.do\/wp-content\/uploads\/2024\/09\/horacio.jpg?resize=350%2C200&ssl=1 1x, https:\/\/i0.wp.com\/lasprimeras.com.do\/wp-content\/uploads\/2024\/09\/horacio.jpg?resize=525%2C300&ssl=1 1.5x, https:\/\/i0.wp.com\/lasprimeras.com.do\/wp-content\/uploads\/2024\/09\/horacio.jpg?resize=700%2C400&ssl=1 2x"},"classes":[]},{"id":127534,"url":"https:\/\/lasprimeras.com.do\/index.php\/2026\/04\/13\/fard-despliega-unidades-en-apoyo-a-comunidades-afectadas-por-lluvias-en-puerto-plata\/","url_meta":{"origin":72899,"position":5},"title":"FARD despliega unidades en apoyo a comunidades afectadas por lluvias en Puerto Plata","author":"Nelson Feliz","date":"13 de abril de 2026","format":false,"excerpt":"Unidades de la Fuerza A\u00e9rea de Rep\u00fablica Dominicana (FARD) se mantienen desplegadas en la provincia de Puerto Plata, en apoyo a la poblaci\u00f3n afectada por las lluvias, realizando labores de evacuaci\u00f3n, asistencia y respuesta en comunidades impactadas por inundaciones y crecidas de r\u00edos. El comandante general de la Fuerza A\u00e9rea\u2026","rel":"","context":"En \u00abMILITARES\u00bb","block_context":{"text":"MILITARES","link":"https:\/\/lasprimeras.com.do\/index.php\/category\/militares\/"},"img":{"alt_text":"","src":"https:\/\/i0.wp.com\/lasprimeras.com.do\/wp-content\/uploads\/2026\/04\/IMG-20260412-WA1152.jpg?resize=350%2C200&ssl=1","width":350,"height":200,"srcset":"https:\/\/i0.wp.com\/lasprimeras.com.do\/wp-content\/uploads\/2026\/04\/IMG-20260412-WA1152.jpg?resize=350%2C200&ssl=1 1x, https:\/\/i0.wp.com\/lasprimeras.com.do\/wp-content\/uploads\/2026\/04\/IMG-20260412-WA1152.jpg?resize=525%2C300&ssl=1 1.5x, https:\/\/i0.wp.com\/lasprimeras.com.do\/wp-content\/uploads\/2026\/04\/IMG-20260412-WA1152.jpg?resize=700%2C400&ssl=1 2x, https:\/\/i0.wp.com\/lasprimeras.com.do\/wp-content\/uploads\/2026\/04\/IMG-20260412-WA1152.jpg?resize=1050%2C600&ssl=1 3x"},"classes":[]}],"jetpack_sharing_enabled":true,"_links":{"self":[{"href":"https:\/\/lasprimeras.com.do\/index.php\/wp-json\/wp\/v2\/posts\/72899","targetHints":{"allow":["GET"]}}],"collection":[{"href":"https:\/\/lasprimeras.com.do\/index.php\/wp-json\/wp\/v2\/posts"}],"about":[{"href":"https:\/\/lasprimeras.com.do\/index.php\/wp-json\/wp\/v2\/types\/post"}],"author":[{"embeddable":true,"href":"https:\/\/lasprimeras.com.do\/index.php\/wp-json\/wp\/v2\/users\/3"}],"replies":[{"embeddable":true,"href":"https:\/\/lasprimeras.com.do\/index.php\/wp-json\/wp\/v2\/comments?post=72899"}],"version-history":[{"count":1,"href":"https:\/\/lasprimeras.com.do\/index.php\/wp-json\/wp\/v2\/posts\/72899\/revisions"}],"predecessor-version":[{"id":72901,"href":"https:\/\/lasprimeras.com.do\/index.php\/wp-json\/wp\/v2\/posts\/72899\/revisions\/72901"}],"wp:featuredmedia":[{"embeddable":true,"href":"https:\/\/lasprimeras.com.do\/index.php\/wp-json\/wp\/v2\/media\/72900"}],"wp:attachment":[{"href":"https:\/\/lasprimeras.com.do\/index.php\/wp-json\/wp\/v2\/media?parent=72899"}],"wp:term":[{"taxonomy":"category","embeddable":true,"href":"https:\/\/lasprimeras.com.do\/index.php\/wp-json\/wp\/v2\/categories?post=72899"},{"taxonomy":"post_tag","embeddable":true,"href":"https:\/\/lasprimeras.com.do\/index.php\/wp-json\/wp\/v2\/tags?post=72899"}],"curies":[{"name":"wp","href":"https:\/\/api.w.org\/{rel}","templated":true}]}}