{"id":72923,"date":"2024-01-04T08:21:36","date_gmt":"2024-01-04T12:21:36","guid":{"rendered":"https:\/\/lasprimeras.com.do\/?p=72923"},"modified":"2024-01-04T08:21:38","modified_gmt":"2024-01-04T12:21:38","slug":"biden-y-trump-hacen-del-motin-del-6-de-enero-un-grito-de-guerra-politico","status":"publish","type":"post","link":"https:\/\/lasprimeras.com.do\/index.php\/2024\/01\/04\/biden-y-trump-hacen-del-motin-del-6-de-enero-un-grito-de-guerra-politico\/","title":{"rendered":"Biden y Trump hacen del mot\u00edn del 6 de enero un grito de guerra pol\u00edtico"},"content":{"rendered":"\n<p>POR WILL WEISSERT<\/p>\n\n\n\n<p>WASHINGTON (AP) \u2014 El expresidente Donald Trump pasar\u00e1 el s\u00e1bado el tercer aniversario de la insurrecci\u00f3n del 6 de enero en la campa\u00f1a electoral en Iowa, realizando dos m\u00edtines en su intento por recuperar la Casa Blanca.<\/p>\n\n\n\n<p>Esto se producir\u00e1 un d\u00eda despu\u00e9s de que el presidente Joe Biden visite un sitio cerca de Valley Forge, Pensilvania, donde George Washington y el Ej\u00e9rcito Continental en dificultades soportaron un duro invierno durante la Revoluci\u00f3n Americana.<\/p>\n\n\n\n<p>Sus asesores dicen que la parada en un estado indeciso cr\u00edtico resaltar\u00e1 el papel de Trump en los disturbios en el Capitolio y ser\u00e1 una oportunidad para que exponga lo que est\u00e1 en juego en las elecciones de este a\u00f1o .<\/p>\n\n\n\n<p>Ahora que Biden y Trump se dirigen hacia una posible revancha en 2020 , ambos hablan del mismo evento de maneras muy diferentes y ofrecen un encuadre que creen que les da una ventaja.<\/p>\n\n\n\n<p>Las narrativas en duelo reflejan c\u00f3mo un ataque que interrumpi\u00f3 la certificaci\u00f3n de las elecciones se ve cada vez m\u00e1s de manera diferente seg\u00fan l\u00edneas partidistas, y c\u00f3mo Trump ha apostado a que los disturbios no da\u00f1ar\u00e1n su candidatura.<\/p>\n\n\n\n<p>Alborotadores leales a Trump irrumpieron en el edificio del Capitolio en un intento de impedir que el Congreso certificara la victoria de Biden, lo que oblig\u00f3 a los legisladores y al entonces vicepresidente Mike Pence a huir para salvar sus vidas .<\/p>\n\n\n\n<p>Muchos caminaron hasta el Capitolio despu\u00e9s de una manifestaci\u00f3n frente a la Casa Blanca en la que Trump exhort\u00f3 a la multitud a \u201cluchar como el infierno\u201d o \u201cya no tendr\u00e9is un pa\u00eds\u201d.<\/p>\n\n\n\n<p>Nueve muertes estuvieron relacionadas con el ataque y m\u00e1s de 700 personas han acudido a los tribunales por su participaci\u00f3n en el mismo, y m\u00e1s de 450 han sido condenadas a prisi\u00f3n.<\/p>\n\n\n\n<p>Los fiscales federales en Washington han acusado a Trump en relaci\u00f3n con los disturbios , citando su promoci\u00f3n de teor\u00edas falsas y desacreditadas de fraude electoral y sus esfuerzos por anular los resultados. Trump se declar\u00f3 inocente y sigui\u00f3 mintiendo sobre las elecciones de 2020.<\/p>\n\n\n\n<p>El expresidente todav\u00eda ha construido una ventaja considerable en las primarias republicanas, y sus rivales en gran medida se abstienen de criticarlo sobre el 6 de enero.<\/p>\n\n\n\n<p>Lo calific\u00f3 como un hermoso d\u00eda y describi\u00f3 a los encarcelados por la insurrecci\u00f3n como \u201cgrandes, grandes patriotas\u201d y \u201crehenes\u201d.<\/p>\n\n\n\n<p>\u201d En algunos de sus m\u00edtines ha tocado una grabaci\u00f3n de \u201cThe Star-Spangled Banner\u201d cantada por alborotadores encarcelados intercalados con \u00e9l recitando el juramento a la bandera.<\/p>\n\n\n\n<p>La estratega republicana Alice Stewart dijo que \u201ca muchos votantes republicanos no les encanta el 6 de enero, pero tampoco est\u00e1n obsesionados con \u00e9l\u201d y pueden apoyar a Trump porque se oponen a las pol\u00edticas econ\u00f3micas de Biden.<\/p>\n\n\n\n<p>\u201cLos votantes republicanos pueden tener dos pensamientos consecutivos y decir: &#8216;Jan. 6, eso no fue genial, pero eso no afecta mis resultados&#8217;\u201d, dijo.<\/p>\n\n\n\n<p>El gobernador de Florida, Ron DeSantis, calific\u00f3 el 6 de enero como una \u201cprotesta\u201d que \u201ctermin\u00f3 descentraliz\u00e1ndose\u201d y, m\u00e1s recientemente, dijo que Trump \u201cdeber\u00eda haber salido con m\u00e1s fuerza\u201d contra los alborotadores.<\/p>\n\n\n\n<p>La ex embajadora de las Naciones Unidas, Nikki Haley, suele decir a las multitudes que el 6 de enero \u201cno fue un d\u00eda hermoso, fue un d\u00eda terrible\u201d.<\/p>\n\n\n\n<p>Pero las opiniones generales sobre el ataque se han endurecido en l\u00edneas partidistas.<\/p>\n\n\n\n<p>En los d\u00edas posteriores al ataque, el 52% de los adultos estadounidenses dijeron que Trump ten\u00eda gran responsabilidad en lo ocurrido el 6 de enero, seg\u00fan el Pew Research Center . A principios de 2022, esa cifra hab\u00eda disminuido al 43%.<\/p>\n\n\n\n<p>El n\u00famero de estadounidenses que dijeron que Trump no ten\u00eda ninguna responsabilidad tambi\u00e9n aument\u00f3 al 32% en 2022, en comparaci\u00f3n con el 24% en 2021.<\/p>\n","protected":false},"excerpt":{"rendered":"<p>POR WILL WEISSERT WASHINGTON (AP) \u2014 El expresidente Donald Trump pasar\u00e1 el s\u00e1bado el tercer aniversario de la insurrecci\u00f3n del 6 de enero en la campa\u00f1a electoral en Iowa, realizando&hellip;<\/p>\n","protected":false},"author":2,"featured_media":72924,"comment_status":"open","ping_status":"open","sticky":false,"template":"","format":"standard","meta":{"content-type":"","jetpack_post_was_ever_published":false,"_jetpack_newsletter_access":"","_jetpack_dont_email_post_to_subs":false,"_jetpack_newsletter_tier_id":0,"_jetpack_memberships_contains_paywalled_content":false,"_jetpack_memberships_contains_paid_content":false,"footnotes":""},"categories":[1],"tags":[1601,978,4850,2060,10899,1343,9032,1030],"class_list":["post-72923","post","type-post","status-publish","format-standard","has-post-thumbnail","hentry","category-sin-categoria","tag-ataque","tag-donald-trump","tag-grito","tag-guerra","tag-interpretaciones","tag-joe-biden","tag-motin","tag-politico"],"jetpack_featured_media_url":"https:\/\/lasprimeras.com.do\/wp-content\/uploads\/2024\/01\/Joe-Biden-y-Donald-Trump.jpg","jetpack-related-posts":[{"id":92902,"url":"https:\/\/lasprimeras.com.do\/index.php\/2025\/01\/19\/joe-biden-se-despide-con-amargura-y-un-legado-amenazado-por-trump\/","url_meta":{"origin":72923,"position":0},"title":"Joe Biden se despide con amargura y un legado amenazado por Trump","author":"Nelson Feliz","date":"19 de enero de 2025","format":false,"excerpt":"Por AGENCIAS WASHINGTON.- El presidente de EE.UU. Joe Biden, cerr\u00f3 la semana con emotivos discursos de despedida ante el cuerpo diplom\u00e1tico, los l\u00edderes militares e, incluso, un mensaje televisado a la naci\u00f3n. Sin embargo, sus palabras, cargadas de amargura, reflejaron una realidad ineludible: gran parte de su legado ser\u00e1 desmantelado\u2026","rel":"","context":"En \u00abINTERNACIONALES\u00bb","block_context":{"text":"INTERNACIONALES","link":"https:\/\/lasprimeras.com.do\/index.php\/category\/sin-categoria\/internacionales\/"},"img":{"alt_text":"","src":"https:\/\/i0.wp.com\/lasprimeras.com.do\/wp-content\/uploads\/2025\/01\/biden.jpg?resize=350%2C200&ssl=1","width":350,"height":200,"srcset":"https:\/\/i0.wp.com\/lasprimeras.com.do\/wp-content\/uploads\/2025\/01\/biden.jpg?resize=350%2C200&ssl=1 1x, https:\/\/i0.wp.com\/lasprimeras.com.do\/wp-content\/uploads\/2025\/01\/biden.jpg?resize=525%2C300&ssl=1 1.5x, https:\/\/i0.wp.com\/lasprimeras.com.do\/wp-content\/uploads\/2025\/01\/biden.jpg?resize=700%2C400&ssl=1 2x"},"classes":[]},{"id":85956,"url":"https:\/\/lasprimeras.com.do\/index.php\/2024\/07\/13\/facebook-retira-restricciones-a-trump-dandole-igualdad-de-condiciones-que-a-biden-en-la-red-social\/","url_meta":{"origin":72923,"position":1},"title":"Facebook retira restricciones a Trump, d\u00e1ndole igualdad de condiciones que a Biden en la red social","author":"Nelson Feliz","date":"13 de julio de 2024","format":false,"excerpt":"WASHINGTON (AP) \u2014 Facebook retir\u00f3 las restricciones impuestas a Donald Trump tras el asalto al Capitolio del 6 de enero, poniendo al expresidente en igualdad de condiciones con el presidente Joe Biden, a pocos d\u00edas de la Convenci\u00f3n Nacional Republicana. En 2021, el gigante de las redes sociales le prohibi\u00f3\u2026","rel":"","context":"En \u00abSin categor\u00eda\u00bb","block_context":{"text":"Sin categor\u00eda","link":"https:\/\/lasprimeras.com.do\/index.php\/category\/sin-categoria\/"},"img":{"alt_text":"","src":"https:\/\/i0.wp.com\/lasprimeras.com.do\/wp-content\/uploads\/2024\/07\/Donald-Trump-2.jpg?resize=350%2C200&ssl=1","width":350,"height":200,"srcset":"https:\/\/i0.wp.com\/lasprimeras.com.do\/wp-content\/uploads\/2024\/07\/Donald-Trump-2.jpg?resize=350%2C200&ssl=1 1x, https:\/\/i0.wp.com\/lasprimeras.com.do\/wp-content\/uploads\/2024\/07\/Donald-Trump-2.jpg?resize=525%2C300&ssl=1 1.5x, https:\/\/i0.wp.com\/lasprimeras.com.do\/wp-content\/uploads\/2024\/07\/Donald-Trump-2.jpg?resize=700%2C400&ssl=1 2x"},"classes":[]},{"id":93170,"url":"https:\/\/lasprimeras.com.do\/index.php\/2025\/01\/26\/el-golpe-a-la-justicia-que-dieron-el-mismo-dia-biden-y-trump-con-sus-perdones-presidenciales\/","url_meta":{"origin":72923,"position":2},"title":"El Golpe a la justicia que dieron el mismo dia Biden y Trump con sus perdones presidenciales","author":"Nelson Feliz","date":"26 de enero de 2025","format":false,"excerpt":"El d\u00eda del cambio de manos del poder, Biden y Trump tomaron decisiones que minan la confianza p\u00fablica en las instituciones y abren las puertas a un futuro de posibles venganzas pol\u00edticas y acciones \"preventivas\" para evitar que sucedanEn el proceso, el sistema de Justicia queda gravemente debilitado. Washington, DC\u2026","rel":"","context":"En \u00abINTERNACIONALES\u00bb","block_context":{"text":"INTERNACIONALES","link":"https:\/\/lasprimeras.com.do\/index.php\/category\/sin-categoria\/internacionales\/"},"img":{"alt_text":"","src":"","width":0,"height":0},"classes":[]},{"id":83474,"url":"https:\/\/lasprimeras.com.do\/index.php\/2024\/05\/16\/biden-y-trump-intercambiando-criticas-acuerdan-2-debates-presidenciales-en-junio-y-septiembre\/","url_meta":{"origin":72923,"position":3},"title":"Biden y Trump, intercambiando cr\u00edticas, acuerdan 2 debates presidenciales, en junio y septiembre","author":"Nelson Feliz","date":"16 de mayo de 2024","format":false,"excerpt":"POR JOSH BOAK,ZEKE MILLER Y JILL COLVIN WASHINGTON (AP) \u2014 El presidente Joe Biden y el expresidente Donald Trump acordaron el mi\u00e9rcoles celebrar dos debates de campa\u00f1a, el primero el 27 de junio presentado por CNN y el segundo el 10 de septiembre presentado por ABC, preparando el escenario para\u2026","rel":"","context":"En \u00abSin categor\u00eda\u00bb","block_context":{"text":"Sin categor\u00eda","link":"https:\/\/lasprimeras.com.do\/index.php\/category\/sin-categoria\/"},"img":{"alt_text":"El presidente Joe Biden y Donald Trump acordaron participar en dos debates electorales generales, uno en junio y otro en septiembre.","src":"https:\/\/i0.wp.com\/lasprimeras.com.do\/wp-content\/uploads\/2024\/05\/El-presidente-Joe-Biden-y-Donald-Trump-acordaron-participar-en-dos-debates-electorales-generales-uno-en-junio-y-otro-en-septiembre.jpg?resize=350%2C200&ssl=1","width":350,"height":200,"srcset":"https:\/\/i0.wp.com\/lasprimeras.com.do\/wp-content\/uploads\/2024\/05\/El-presidente-Joe-Biden-y-Donald-Trump-acordaron-participar-en-dos-debates-electorales-generales-uno-en-junio-y-otro-en-septiembre.jpg?resize=350%2C200&ssl=1 1x, https:\/\/i0.wp.com\/lasprimeras.com.do\/wp-content\/uploads\/2024\/05\/El-presidente-Joe-Biden-y-Donald-Trump-acordaron-participar-en-dos-debates-electorales-generales-uno-en-junio-y-otro-en-septiembre.jpg?resize=525%2C300&ssl=1 1.5x, https:\/\/i0.wp.com\/lasprimeras.com.do\/wp-content\/uploads\/2024\/05\/El-presidente-Joe-Biden-y-Donald-Trump-acordaron-participar-en-dos-debates-electorales-generales-uno-en-junio-y-otro-en-septiembre.jpg?resize=700%2C400&ssl=1 2x"},"classes":[]},{"id":81894,"url":"https:\/\/lasprimeras.com.do\/index.php\/2024\/04\/26\/trump-resta-importancia-a-la-letal-manifestacion-de-charlottesville\/","url_meta":{"origin":72923,"position":4},"title":"Trump resta importancia a la letal manifestaci\u00f3n de Charlottesville","author":"Nelson Feliz","date":"26 de abril de 2024","format":false,"excerpt":"Trump la compararla con las protestas universitarias por la guerra de Gaza POR COLLEEN LARGO WASHINGTON (AP) \u2014 Donald Trump afirm\u00f3 el jueves que la manifestaci\u00f3n nacionalista blanca de 2017 en Charlottesville, Virginia, no fue \u201cnada\u201d comparada con las protestas en curso en campus universitarios pro palestinos, el \u00faltimo caso\u2026","rel":"","context":"En \u00abSin categor\u00eda\u00bb","block_context":{"text":"Sin categor\u00eda","link":"https:\/\/lasprimeras.com.do\/index.php\/category\/sin-categoria\/"},"img":{"alt_text":"Donald Trump","src":"https:\/\/i0.wp.com\/lasprimeras.com.do\/wp-content\/uploads\/2024\/04\/Donald-Trump.jpg?resize=350%2C200&ssl=1","width":350,"height":200,"srcset":"https:\/\/i0.wp.com\/lasprimeras.com.do\/wp-content\/uploads\/2024\/04\/Donald-Trump.jpg?resize=350%2C200&ssl=1 1x, https:\/\/i0.wp.com\/lasprimeras.com.do\/wp-content\/uploads\/2024\/04\/Donald-Trump.jpg?resize=525%2C300&ssl=1 1.5x, https:\/\/i0.wp.com\/lasprimeras.com.do\/wp-content\/uploads\/2024\/04\/Donald-Trump.jpg?resize=700%2C400&ssl=1 2x"},"classes":[]},{"id":70483,"url":"https:\/\/lasprimeras.com.do\/index.php\/2023\/12\/11\/el-tribunal-supremo-estudiara-la-peticion-para-decidir-sobre-la-inmunidad-de-donald-trump\/","url_meta":{"origin":72923,"position":5},"title":"El Tribunal Supremo estudiar\u00e1 la petici\u00f3n para decidir sobre la inmunidad de Donald Trump","author":"Nelson Feliz","date":"11 de diciembre de 2023","format":false,"excerpt":"Washington D.C., Estados Unidos - El Tribunal Supremo de Estados Unidos acept\u00f3 este lunes estudiar la petici\u00f3n del fiscal especial Jack Smith para decidir sobre la inmunidad presidencial de Trump con relaci\u00f3n a los sucesos ocurridos el 6 de enero de 2021, cuando el Capitolio fue asaltado para tratar de\u2026","rel":"","context":"En \u00abSin categor\u00eda\u00bb","block_context":{"text":"Sin categor\u00eda","link":"https:\/\/lasprimeras.com.do\/index.php\/category\/sin-categoria\/"},"img":{"alt_text":"Donald Trump","src":"https:\/\/i0.wp.com\/lasprimeras.com.do\/wp-content\/uploads\/2023\/12\/Donald-Trump-1.jpg?resize=350%2C200&ssl=1","width":350,"height":200,"srcset":"https:\/\/i0.wp.com\/lasprimeras.com.do\/wp-content\/uploads\/2023\/12\/Donald-Trump-1.jpg?resize=350%2C200&ssl=1 1x, https:\/\/i0.wp.com\/lasprimeras.com.do\/wp-content\/uploads\/2023\/12\/Donald-Trump-1.jpg?resize=525%2C300&ssl=1 1.5x, https:\/\/i0.wp.com\/lasprimeras.com.do\/wp-content\/uploads\/2023\/12\/Donald-Trump-1.jpg?resize=700%2C400&ssl=1 2x"},"classes":[]}],"jetpack_sharing_enabled":true,"_links":{"self":[{"href":"https:\/\/lasprimeras.com.do\/index.php\/wp-json\/wp\/v2\/posts\/72923","targetHints":{"allow":["GET"]}}],"collection":[{"href":"https:\/\/lasprimeras.com.do\/index.php\/wp-json\/wp\/v2\/posts"}],"about":[{"href":"https:\/\/lasprimeras.com.do\/index.php\/wp-json\/wp\/v2\/types\/post"}],"author":[{"embeddable":true,"href":"https:\/\/lasprimeras.com.do\/index.php\/wp-json\/wp\/v2\/users\/2"}],"replies":[{"embeddable":true,"href":"https:\/\/lasprimeras.com.do\/index.php\/wp-json\/wp\/v2\/comments?post=72923"}],"version-history":[{"count":1,"href":"https:\/\/lasprimeras.com.do\/index.php\/wp-json\/wp\/v2\/posts\/72923\/revisions"}],"predecessor-version":[{"id":72925,"href":"https:\/\/lasprimeras.com.do\/index.php\/wp-json\/wp\/v2\/posts\/72923\/revisions\/72925"}],"wp:featuredmedia":[{"embeddable":true,"href":"https:\/\/lasprimeras.com.do\/index.php\/wp-json\/wp\/v2\/media\/72924"}],"wp:attachment":[{"href":"https:\/\/lasprimeras.com.do\/index.php\/wp-json\/wp\/v2\/media?parent=72923"}],"wp:term":[{"taxonomy":"category","embeddable":true,"href":"https:\/\/lasprimeras.com.do\/index.php\/wp-json\/wp\/v2\/categories?post=72923"},{"taxonomy":"post_tag","embeddable":true,"href":"https:\/\/lasprimeras.com.do\/index.php\/wp-json\/wp\/v2\/tags?post=72923"}],"curies":[{"name":"wp","href":"https:\/\/api.w.org\/{rel}","templated":true}]}}